{"id":4767,"date":"2015-12-10T16:48:04","date_gmt":"2015-12-10T15:48:04","guid":{"rendered":"https:\/\/www.greenpeace.org\/hungary\/?p=4767"},"modified":"2021-12-01T13:27:13","modified_gmt":"2021-12-01T12:27:13","slug":"alternativ-klimacsucs-parizsban","status":"publish","type":"post","link":"https:\/\/www.greenpeace.org\/hungary\/blog\/4767\/alternativ-klimacsucs-parizsban\/","title":{"rendered":"Alternat\u00edv kl\u00edmacs\u00facs P\u00e1rizsban"},"content":{"rendered":"<p><strong>Mik\u00f6zben a vil\u00e1g vezet\u0151i k\u00e9t h\u00e9ten \u00e1t z\u00e1rt ajt\u00f3k m\u00f6g\u00f6tt tan\u00e1cskoznak a P\u00e1rizst\u00f3l \u00e9szakra fekv\u0151 Le Bourget k\u00f6zpontban, a v\u00e1ros m\u00e1s r\u00e9szein civil esem\u00e9nyek sz\u00e1zai zajlanak napok \u00f3ta. Sokan nagy mobiliz\u00e1ci\u00f3val \u00e9s tiltakoz\u00f3\u00a0akci\u00f3kkal k\u00e9sz\u00fclnek most szombatra, melyek c\u00e9lja megmutatni, hogy m\u00e9gha a hivatalos kl\u00edmat\u00e1rgyal\u00e1s csal\u00f3d\u00e1st is okoz, az utols\u00f3 sz\u00f3 akkor is az emberek\u00e9. Az emberek pedig egy igazs\u00e1gosabb, mindenki sz\u00e1m\u00e1ra \u00e9lhet\u0151bb vil\u00e1got akarnak.\u00a0<\/strong><\/p>\n<p><b><i>A Greenpeace Magyarorsz\u00e1g aktivist\u00e1j\u00e1nak besz\u00e1mol\u00f3ja a helysz\u00ednr\u0151l<\/i><\/b><\/p>\n<div class=\"popup_icon_container popup_icon_container_notext imgnotext\"><img loading=\"lazy\" decoding=\"async\" class=\"aligncenter size-full wp-image-4768\" src=\"https:\/\/www.greenpeace.org\/static\/planet4-hungary-stateless\/2019\/06\/6ba1c4ce-juli_1.jpg\" alt=\"\" width=\"826\" height=\"547\" srcset=\"https:\/\/www.greenpeace.org\/static\/planet4-hungary-stateless\/2019\/06\/6ba1c4ce-juli_1.jpg 826w, https:\/\/www.greenpeace.org\/static\/planet4-hungary-stateless\/2019\/06\/6ba1c4ce-juli_1-300x199.jpg 300w, https:\/\/www.greenpeace.org\/static\/planet4-hungary-stateless\/2019\/06\/6ba1c4ce-juli_1-768x509.jpg 768w, https:\/\/www.greenpeace.org\/static\/planet4-hungary-stateless\/2019\/06\/6ba1c4ce-juli_1-510x338.jpg 510w\" sizes=\"auto, (max-width: 826px) 100vw, 826px\" \/><\/div>\n<p><a id=\"more8154694\" name=\"more8154694\"><\/a><\/p>\n<p><b><i><\/i><\/b>A hivatalos t\u00e1rgyal\u00e1sok el\u0151rehaladt\u00e1val mindannyiunk sz\u00e1m\u00e1ra egyre ink\u00e1bb egy\u00e9rtelm\u0171v\u00e9 v\u00e1lik, hogy maga a COP21 nem fogja bev\u00e1ltani a hozz\u00e1 f\u0171z\u00f6tt rem\u00e9nyeket, azaz k\u00e9ptelen lesz a glob\u00e1lis felmeleged\u00e9st a legt\u00f6bb kl\u00edmaszak\u00e9rt\u0151 \u00e1ltal elfogadott, m\u00e9g kezelhet\u0151 kl\u00edmav\u00e1ltoz\u00e1st el\u0151id\u00e9z\u0151 2\u00b0C (radik\u00e1lisabb becsl\u00e9sek szerint ink\u00e1bb 1.5\u00b0C) alatt tartani.<\/p>\n<p><b><i><\/i><\/b>A t\u00e1rgyal\u00e1s m\u00e1sik legfontosabb feladata az lenne, hogy a COP keret\u00e9ben ratifik\u00e1lt szerz\u0151d\u00e9s, az eddigi kl\u00edmameg\u00e1llapod\u00e1sokkal (\u00edgy t\u00f6bbek k\u00f6z\u00f6tt a kiot\u00f3i egyezm\u00e9nnyel) ellent\u00e9tben, v\u00e9gre t\u00f6rv\u00e9nyileg is \u00e9rv\u00e9nyes\u00edthet\u0151 legyen, azaz az azt be nem tart\u00f3 \u00e1llamokat a nemzetk\u00f6zi jog eszk\u00f6zeivel is felel\u0151ss\u00e9gre lehessen vonni. Sajnos \u2013 r\u00e9szben az Egyes\u00fclt \u00c1llamok szen\u00e1tus\u00e1nak hajthatatlans\u00e1ga miatt\u00a0\u2013, erre szint\u00e9n kev\u00e9s es\u00e9ly van.<\/p>\n<p><b><i><\/i><\/b>Nem szabad elfelejteni azt sem, hogy a magasszint\u0171 \u00e9s rendk\u00edv\u00fcl k\u00f6lts\u00e9ges kl\u00edmat\u00e1rgyal\u00e1sokat<a href=\"https:\/\/www.tni.org\/en\/publication\/lobby-planet-paris\">\u00a0r\u00e9szben az \u00fcvegh\u00e1zhat\u00e1s\u00fa g\u00e1zok kibocs\u00e1t\u00e1s\u00e1ban \u00e9len j\u00e1r\u00f3 hatalmas c\u00e9gek szponzor\u00e1lj\u00e1k<\/a>, \u00e9s a fosszilis energiahordoz\u00f3kat kitermel\u0151 c\u00e9gek lobbist\u00e1i komoly befoly\u00e1ssal b\u00edrnak a kl\u00edmacs\u00facs kimenetel\u00e9re.<\/p>\n<p>Fontos megeml\u00edteni azt is, hogy a t\u00e1rgyal\u00e1sok jelenlegi \u00e1ll\u00e1sa szerint<a href=\"http:\/\/indigenousrising.org\/indigenous-rights-on-chopping-block-of-un-cop21-paris-climate-accord\/\">\u00a0az \u0151shonos n\u00e9pek jogait kivett\u00e9k a hivatalos szerz\u0151d\u00e9s-sz\u00f6vegb\u0151l<\/a>, pedig nekik elk\u00e9peszt\u0151en fontos szerep\u00fck van abban, hogy a m\u00e9g ki nem b\u00e1ny\u00e1szott fosszilis energiahordoz\u00f3k a f\u00f6ldben maradjanak.<\/p>\n<div class=\"popup_icon_container popup_icon_container_notext imgnotext\"><img loading=\"lazy\" decoding=\"async\" class=\"aligncenter size-full wp-image-4769\" src=\"https:\/\/www.greenpeace.org\/static\/planet4-hungary-stateless\/2019\/06\/7671a539-juli_2.jpg\" alt=\"\" width=\"826\" height=\"547\" srcset=\"https:\/\/www.greenpeace.org\/static\/planet4-hungary-stateless\/2019\/06\/7671a539-juli_2.jpg 826w, https:\/\/www.greenpeace.org\/static\/planet4-hungary-stateless\/2019\/06\/7671a539-juli_2-300x199.jpg 300w, https:\/\/www.greenpeace.org\/static\/planet4-hungary-stateless\/2019\/06\/7671a539-juli_2-768x509.jpg 768w, https:\/\/www.greenpeace.org\/static\/planet4-hungary-stateless\/2019\/06\/7671a539-juli_2-510x338.jpg 510w\" sizes=\"auto, (max-width: 826px) 100vw, 826px\" \/><\/div>\n<div class=\"frame\"><strong>Mindezek f\u00e9ny\u00e9ben a People&#8217;s Climate Summit jelent\u0151s\u00e9ge m\u00e9g ink\u00e1bb fel\u00e9rt\u00e9kel\u0151dik.\u00a0A civil kezdem\u00e9nyez\u00e9s keret\u00e9ben \u00f6sszegy\u0171lt t\u00f6bb ezer aktivista egy b\u00e1tor, megalkuv\u00e1st nem t\u0171r\u0151 kl\u00edmaegyezm\u00e9nyt k\u00f6vetel, amely sz\u00fcks\u00e9gszer\u0171en egyben m\u00e9lyrehat\u00f3 t\u00e1rsadalmi \u00e9s gazdas\u00e1gi \u00e1talakul\u00e1st is jelent.\u00a0<\/strong><\/div>\n<p><b>A kl\u00edmat\u00e1rgyal\u00e1sokkal p\u00e1rhuzamos civil esem\u00e9nyek a megsz\u00fcletend\u0151 kl\u00edmameg\u00e1llapod\u00e1st sem fogj\u00e1k v\u00e1lasz n\u00e9lk\u00fcl hagyni. Sokan\u00a0december 12-\u00e9re nagy mobiliz\u00e1ci\u00f3val \u00e9s polg\u00e1ri engedetlens\u00e9gi akci\u00f3kkal k\u00e9sz\u00fclnek, melyek c\u00e9lja megmutatni, hogy hi\u00e1ba okoz csal\u00f3d\u00e1st a hivatalos kl\u00edmat\u00e1rgyal\u00e1s, az utols\u00f3 sz\u00f3 az emberek\u00e9. Az emberek pedig egy igazs\u00e1gosabb, mindenki sz\u00e1m\u00e1ra \u00e9lhet\u0151bb vil\u00e1got \u00e1lmodnak, \u00e9s \u00e9vek \u00f3ta dolgoznak az\u00e9rt, hogy val\u00f3di megold\u00e1sokat tal\u00e1ljanak a kl\u00edmav\u00e1ls\u00e1gra.<\/b><\/p>\n<p><b>Mivel a francia hat\u00f3s\u00e1gok \u00e1ltal a november 13-i terrort\u00e1mad\u00e1sokra adott v\u00e1laszk\u00e9nt kihirdetett v\u00e9szhelyzet \u00e9rtelm\u00e9ben kett\u0151n\u00e9l t\u00f6bb ember nem gy\u00fclekezhet az utc\u00e1n politikai c\u00e9llal, a megmozdul\u00e1s szervez\u0151i most azon dolgoznak, hogy a december 12-re szervezett<a href=\"https:\/\/www.facebook.com\/ajplusenglish\/videos\/652412381566939\/?pnref=story\">\u00a0eredeti t\u00f6megmegozdul\u00e1st<\/a>\u00a0\u00fagy dolgozz\u00e1k \u00e1t, hogy az biztons\u00e1gos, b\u00e9k\u00e9s, de tov\u00e1bbra is l\u00e1tv\u00e1nyos, provokat\u00edv \u00e9s hat\u00e1sos legyen.<\/b><\/p>\n<p><b><\/b><em><strong>Laki Juli, Greenpeace Magyarorsz\u00e1g<\/strong><\/em><\/p>\n\t\t\t<section\n\t\t\tclass=\"boxout post-660 \"\n\t\t\t\n\t\t>\n\t\t\t<a\n\t\t\t\tdata-ga-category=\"Take Action Boxout\"\n\t\t\t\tdata-ga-action=\"Image\"\n\t\t\t\tdata-ga-label=\"n\/a\"\n\t\t\t\tclass=\"cover-card-overlay\"\n\t\t\t\thref=\"https:\/\/www.greenpeace.org\/hungary\/cselekedj\/tamogass-minket-hogy-kuzdhessunk-a-bolygonkert\/\" \n\t\t\t><\/a>\n\t\t\t\t\t\t\t<img\n\t\t\t\t\t\tsrc=\"https:\/\/www.greenpeace.org\/static\/planet4-hungary-stateless\/2025\/09\/3646a59a-gp1sxhhr-1600x1064-1-1024x681.jpg\"\n\t\t\t\t\t\tsrcset=\"https:\/\/www.greenpeace.org\/static\/planet4-hungary-stateless\/2025\/09\/3646a59a-gp1sxhhr-1600x1064-1-300x200.jpg 300w, https:\/\/www.greenpeace.org\/static\/planet4-hungary-stateless\/2025\/09\/3646a59a-gp1sxhhr-1600x1064-1-1024x681.jpg 1024w, https:\/\/www.greenpeace.org\/static\/planet4-hungary-stateless\/2025\/09\/3646a59a-gp1sxhhr-1600x1064-1-768x511.jpg 768w, https:\/\/www.greenpeace.org\/static\/planet4-hungary-stateless\/2025\/09\/3646a59a-gp1sxhhr-1600x1064-1-1536x1021.jpg 1536w, https:\/\/www.greenpeace.org\/static\/planet4-hungary-stateless\/2025\/09\/3646a59a-gp1sxhhr-1600x1064-1-510x340.jpg 510w, https:\/\/www.greenpeace.org\/static\/planet4-hungary-stateless\/2025\/09\/3646a59a-gp1sxhhr-1600x1064-1.jpg 1600w\"\n\t\t\t\t\t\tsizes=\"(min-width: 1000px) 358px, (min-width: 780px) 313px, 88px\"\n\t\t\t\t\t\talt=\"P\u00faposh\u00e1t\u00fa b\u00e1ln\u00e1k a nyugat-ausztr\u00e1liai Ningaloo-partvid\u00e9ken\" title=\"P\u00faposh\u00e1t\u00fa b\u00e1ln\u00e1k a nyugat-ausztr\u00e1liai Ningaloo-partvid\u00e9ken\"\n\t\t\t\t\/>\n            \t\t\t<div class=\"boxout-content\">\n\t\t\t\t\t\t\t\t\t<a\n\t\t\t\t\t\tclass=\"boxout-heading medium\"\n\t\t\t\t\t\tdata-ga-category=\"Take Action Boxout\"\n\t\t\t\t\t\tdata-ga-action=\"Title\"\n\t\t\t\t\t\tdata-ga-label=\"n\/a\"\n\t\t\t\t\t\thref=\"https:\/\/www.greenpeace.org\/hungary\/cselekedj\/tamogass-minket-hogy-kuzdhessunk-a-bolygonkert\/\"\n\t\t\t\t\t\t\n\t\t\t\t\t>\n\t\t\t\t\t\tT\u00e1mogass minket, hogy k\u00fczdhess\u00fcnk a bolyg\u00f3nk\u00e9rt\n\t\t\t\t\t<\/a>\n\t\t\t\t\t\t\t\t\t\t\t\t\t<p class=\"boxout-excerpt\">M\u0171k\u00f6d\u00e9s\u00fcnk kiz\u00e1r\u00f3lag olyan mag\u00e1nszem\u00e9lyek adom\u00e1nyainak k\u00f6sz\u00f6nhet\u0151, mint te! T\u00e1mogass minket, hogy tov\u00e1bb dolgozhassunk a F\u00f6ld v\u00e9delm\u00e9\u00e9rt.<\/p>\n\t\t\t\t                                    <a\n                        class=\"btn btn-primary\"\n                        data-ga-category=\"Take Action Boxout\"\n                        data-ga-action=\"Call to Action\"\n                        data-ga-label=\"n\/a\"\n                        href=\"https:\/\/www.greenpeace.org\/hungary\/cselekedj\/tamogass-minket-hogy-kuzdhessunk-a-bolygonkert\/\"\n                        \n                    >\n                        Cselekszem\n                    <\/a>\n                \t\t\t<\/div>\n\t\t\t\t\t<\/section>\n\t","protected":false},"excerpt":{"rendered":"<p>Mik\u00f6zben a vil\u00e1g vezet\u0151i k\u00e9t h\u00e9ten \u00e1t z\u00e1rt ajt\u00f3k m\u00f6g\u00f6tt tan\u00e1cskoznak a P\u00e1rizst\u00f3l \u00e9szakra fekv\u0151 Le Bourget k\u00f6zpontban, a v\u00e1ros m\u00e1s r\u00e9szein civil esem\u00e9nyek sz\u00e1zai zajlanak napok \u00f3ta.<\/p>\n","protected":false},"author":27,"featured_media":4768,"comment_status":"closed","ping_status":"closed","sticky":false,"template":"","format":"standard","meta":{"ep_exclude_from_search":false,"p4_og_title":"","p4_og_description":"","p4_og_image":"","p4_og_image_id":"","p4_seo_canonical_url":"","p4_campaign_name":"","p4_local_project":"","p4_basket_name":"","p4_department":"","footnotes":""},"categories":[4,2],"tags":[6,17,22,26],"p4-page-type":[40],"class_list":["post-4767","post","type-post","status-publish","format-standard","has-post-thumbnail","hentry","category-ember-tarsadalom","category-klima-energia","tag-klimavedelem","tag-atomenergia","tag-megujulok","tag-fosszilis","p4-page-type-blog"],"_links":{"self":[{"href":"https:\/\/www.greenpeace.org\/hungary\/wp-json\/wp\/v2\/posts\/4767","targetHints":{"allow":["GET"]}}],"collection":[{"href":"https:\/\/www.greenpeace.org\/hungary\/wp-json\/wp\/v2\/posts"}],"about":[{"href":"https:\/\/www.greenpeace.org\/hungary\/wp-json\/wp\/v2\/types\/post"}],"author":[{"embeddable":true,"href":"https:\/\/www.greenpeace.org\/hungary\/wp-json\/wp\/v2\/users\/27"}],"replies":[{"embeddable":true,"href":"https:\/\/www.greenpeace.org\/hungary\/wp-json\/wp\/v2\/comments?post=4767"}],"version-history":[{"count":3,"href":"https:\/\/www.greenpeace.org\/hungary\/wp-json\/wp\/v2\/posts\/4767\/revisions"}],"predecessor-version":[{"id":8956,"href":"https:\/\/www.greenpeace.org\/hungary\/wp-json\/wp\/v2\/posts\/4767\/revisions\/8956"}],"wp:featuredmedia":[{"embeddable":true,"href":"https:\/\/www.greenpeace.org\/hungary\/wp-json\/wp\/v2\/media\/4768"}],"wp:attachment":[{"href":"https:\/\/www.greenpeace.org\/hungary\/wp-json\/wp\/v2\/media?parent=4767"}],"wp:term":[{"taxonomy":"category","embeddable":true,"href":"https:\/\/www.greenpeace.org\/hungary\/wp-json\/wp\/v2\/categories?post=4767"},{"taxonomy":"post_tag","embeddable":true,"href":"https:\/\/www.greenpeace.org\/hungary\/wp-json\/wp\/v2\/tags?post=4767"},{"taxonomy":"p4-page-type","embeddable":true,"href":"https:\/\/www.greenpeace.org\/hungary\/wp-json\/wp\/v2\/p4-page-type?post=4767"}],"curies":[{"name":"wp","href":"https:\/\/api.w.org\/{rel}","templated":true}]}}