{"id":4879,"date":"2015-07-10T22:32:55","date_gmt":"2015-07-10T20:32:55","guid":{"rendered":"https:\/\/www.greenpeace.org\/hungary\/?p=4879"},"modified":"2021-12-01T13:27:30","modified_gmt":"2021-12-01T12:27:30","slug":"ne-feledd-a-batorsag-ha-ragados-megallithatatlan-ereju","status":"publish","type":"post","link":"https:\/\/www.greenpeace.org\/hungary\/blog\/4879\/ne-feledd-a-batorsag-ha-ragados-megallithatatlan-ereju\/","title":{"rendered":"Ne feledd: a b\u00e1tors\u00e1g, ha ragad\u00f3s, meg\u00e1ll\u00edthatatlan erej\u0171"},"content":{"rendered":"<p><img loading=\"lazy\" decoding=\"async\" class=\"aligncenter size-full wp-image-4880\" src=\"https:\/\/www.greenpeace.org\/static\/planet4-hungary-stateless\/2019\/06\/7a588d23-114914_190761.jpg\" alt=\"\" width=\"600\" height=\"400\" srcset=\"https:\/\/www.greenpeace.org\/static\/planet4-hungary-stateless\/2019\/06\/7a588d23-114914_190761.jpg 600w, https:\/\/www.greenpeace.org\/static\/planet4-hungary-stateless\/2019\/06\/7a588d23-114914_190761-300x200.jpg 300w, https:\/\/www.greenpeace.org\/static\/planet4-hungary-stateless\/2019\/06\/7a588d23-114914_190761-510x340.jpg 510w\" sizes=\"auto, (max-width: 600px) 100vw, 600px\" \/><\/p>\n<p><strong>Harminc \u00e9vvel ezel\u0151tt\u00a0<a href=\"http:\/\/www.greenpeace.org\/international\/en\/news\/Blogs\/makingwaves\/remembering-the-warrior\/blog\/41307\/\">\u00daj-Z\u00e9landon t\u00f6bb csapatnyi ember arra k\u00e9sz\u00fclt<\/a>, hogy csal\u00e1djukat, munk\u00e1jukat \u00e9s otthonukat h\u00e1trahagyva kis cs\u00f3nakokban \u00e1tevick\u00e9ljenek a Csendes-\u00f3ce\u00e1non egy atomfegyver-k\u00eds\u00e9rleti ter\u00fcletre. Abban b\u00edztak, hogy jelenl\u00e9t\u00fck elegend\u0151 lesz az atombomba-k\u00eds\u00e9rletek meg\u00e1ll\u00edt\u00e1s\u00e1ra.<\/strong><\/p>\n<p><a id=\"more7614482\" name=\"more7614482\"><\/a><\/p>\n<p>A k\u00eds\u00e9rleteket elrendel\u0151 francia korm\u00e1ny bizony\u00e1ra tudta, hogy nem nyerhet a t\u00f6megek ekkora erej\u00e9vel szemben. Ez\u00e9rt 1985. j\u00falius 10-\u00e9n, alig p\u00e1r perccel \u00e9jf\u00e9l el\u0151tt a francia titkosszolg\u00e1lat \u00fcgyn\u00f6kei lecsaptak az \u00faj-z\u00e9landi Auckland kik\u00f6t\u0151j\u00e9ben.\u00a0<a href=\"http:\/\/www.greenpeace.org\/hungary\/hu\/rolunk\/A-Rainbow-Warrior-felrobbantasa\/\"><b>Felrobbantott\u00e1k \u00e9s els\u00fcllyesztett\u00e9k a Greenpeace Rainbow Warrior haj\u00f3j\u00e1t<\/b><\/a>\u00a0\u2013 az egyik haj\u00f3t, amely a haj\u00f3rajt az atomk\u00eds\u00e9rleti ter\u00fcletre vezette volna. A francia \u00fcgyn\u00f6k\u00f6k az akci\u00f3 sor\u00e1n meg\u00f6lt\u00e9k\u00a0<a href=\"https:\/\/en.wikipedia.org\/wiki\/Fernando_Pereira\">Fernando Pereira<\/a>\u00a0fot\u00f3st, a Rainbow Warrior leg\u00e9nys\u00e9g\u00e9nek tagj\u00e1t.<\/p>\n<p>A francia korm\u00e1ny t\u00e9vedett, ha abban b\u00edzott, ez elrettenti a t\u00f6bb milli\u00f3 f\u0151s mozgalmat. Egyik t\u00e1mogat\u00f3nk tal\u00e1l\u00f3 megfogalmaz\u00e1sa szerint ugyanis\u00a0<b>\u201eegy sziv\u00e1rv\u00e1nyt nem lehet els\u00fcllyeszteni\u201d.<\/b><\/p>\n<p><b>A t\u00f6megt\u00fcntet\u00e9seknek k\u00f6sz\u00f6nhet\u0151en a csendes-\u00f3ce\u00e1ni nukle\u00e1ris k\u00eds\u00e9rletek befejez\u0151dtek.<\/b>\u00a0A t\u00f6megek ereje t\u00f6rt\u00e9nelmet \u00edrt. Nem m\u00e1sztak mindannyian cs\u00f3nakokba \u2013 de mindannyian cselekedtek. Ki \u00edrt, ki felvonult, ki pet\u00edci\u00f3t \u00edrt al\u00e1. Volt, aki \u00f6nk\u00e9nteskedett, vagy adom\u00e1nyozott, vagy a bar\u00e1tait \u00e9s a csal\u00e1dj\u00e1t gy\u0151zk\u00f6dte. M\u00e1sok egyszer\u0171en a saj\u00e1t p\u00e9ld\u00e1juk bemutat\u00e1s\u00e1val gyakoroltak hat\u00e1st. Minden egyes ilyen apr\u00f3 tett \u2013 olyan h\u00e9tk\u00f6znapi emberek tettei, mint te vagy \u00e9n \u2013 eljutott az emberek sz\u00edv\u00e9be \u00e9s tudat\u00e1ba, \u00e9s v\u00e9g\u00fcl el\u00e9rt\u00e9k az atomfegyver-k\u00eds\u00e9rletek befejez\u00e9s\u00e9t.<\/p>\n<p><img loading=\"lazy\" decoding=\"async\" class=\"aligncenter size-full wp-image-4881\" src=\"https:\/\/www.greenpeace.org\/static\/planet4-hungary-stateless\/2019\/06\/0f5b8192-114921_190792.jpg\" alt=\"\" width=\"600\" height=\"402\" srcset=\"https:\/\/www.greenpeace.org\/static\/planet4-hungary-stateless\/2019\/06\/0f5b8192-114921_190792.jpg 600w, https:\/\/www.greenpeace.org\/static\/planet4-hungary-stateless\/2019\/06\/0f5b8192-114921_190792-300x201.jpg 300w, https:\/\/www.greenpeace.org\/static\/planet4-hungary-stateless\/2019\/06\/0f5b8192-114921_190792-507x340.jpg 507w\" sizes=\"auto, (max-width: 600px) 100vw, 600px\" \/><\/p>\n<p><b>Ma m\u00e1s fenyeget\u00e9ssel kell szemben\u00e9zn\u00fcnk: az \u00e9ghajlati v\u00e1ls\u00e1ggal<\/b>. Ahogyan harminc \u00e9vvel ezel\u0151tt az atomfegyverek glob\u00e1lis katasztr\u00f3f\u00e1val fenyegettek,\u00a0<a href=\"http:\/\/time.com\/43118\/climate-change-global-warming-united-nations\/\">\u00fagy fenyeget az \u00e9ghajlatv\u00e1ltoz\u00e1s most mindannyiunkat<\/a>. A glob\u00e1lis felmeleged\u00e9s t\u00f6bb \u00e1rad\u00e1st \u00e9s s\u00falyosabb viharokat hoz. Egyre s\u0171r\u0171bben l\u00e1tunk h\u00edreket rendk\u00edv\u00fcli id\u0151j\u00e1r\u00e1si esem\u00e9nyekr\u0151l. Emberek milli\u00f3i testk\u00f6zelb\u0151l szenvedik meg mindezeket \u2013 sokan elvesz\u00edtik otthonaikat, meg\u00e9lhet\u00e9s\u00fcket, vagy ak\u00e1r az \u00e9let\u00fcket is.<\/p>\n<p>Az \u00e9ghajlatv\u00e1ltoz\u00e1s m\u00e1r ma is al\u00e1\u00e1ssa a biztons\u00e1got, \u00e9s a j\u00f6v\u0151ben tov\u00e1bb fokozza az \u00edns\u00e9geket \u00e9s a fesz\u00fclts\u00e9geket, egyre nagyobb konfliktusokhoz vezetve.<\/p>\n<p>\u00c1m noha a vil\u00e1g tengerei emelkednek, \u00faj szelek f\u00fajnak.\u00a0<b>A tiszta energia forradalma egyre magasabb szintekre l\u00e9p.<\/b>\u00a0Id\u00e9n janu\u00e1r \u00e9s m\u00e1jus k\u00f6z\u00f6tt\u00a0<a href=\"http:\/\/www.renewableenergyworld.com\/articles\/2015\/04\/renewables-account-for-75-percent-of-new-us-generating-capacity-in-first-quarter-of-2015.html\">az Egyes\u00fclt \u00c1llamok \u00fajonnan telep\u00edtett \u00e1ramkapacit\u00e1s\u00e1nak h\u00e1romnegyed\u00e9t a nap- \u00e9s sz\u00e9lenergia adja<\/a>. Norv\u00e9gi\u00e1ban a k\u00e9pvisel\u0151k egyhang\u00faan megszavazt\u00e1k, hogy a mintegy 250 ezer milli\u00e1rd forintos norv\u00e9g \u00e1llami nyugd\u00edjalap \u2013 a vil\u00e1g legnagyobb szuver\u00e9n p\u00e9nz\u00fcgyi alapja \u2013\u00a0<a href=\"https:\/\/www.facebook.com\/Greenpeace.HU\/posts\/10153322639293349\">szabaduljon meg a sz\u00e9nipari befektet\u00e9seit\u0151l<\/a>. M\u00falt h\u00f3napban\u00a0<a href=\"https:\/\/www.greenpeace.org\/hungary\/blog\/4889\/mar-a-papa-is-arrol-beszel-hogy-itt-az-ideje-kozosen-cselekednunk-a-klimavaltozas-ellen\/\">a p\u00e1pa sz\u00f3l\u00edtotta fel a vil\u00e1g gazdag orsz\u00e1gait az \u00e9ghajlatv\u00e1ltoz\u00e1s megf\u00e9kez\u00e9s\u00e9re<\/a>\u00a0egy 180 oldalas\u00a0<a href=\"http:\/\/www.theguardian.com\/world\/2015\/jun\/18\/popes-climate-change-encyclical-calls-on-rich-nations-to-pay-social-debt\">felh\u00edv\u00e1sban<\/a>. Hollandi\u00e1ban pedig\u00a0<a href=\"https:\/\/www.facebook.com\/Greenpeace.HU\/posts\/10153388990473349\">900 holland \u00e1llampolg\u00e1r elk\u00e9peszt\u0151 jogi gy\u0151zelmet aratott<\/a>, amelyben a b\u00edr\u00f3s\u00e1g arra utas\u00edtotta a holland \u00e1llamot, hogy nagyobb m\u00e9rt\u00e9kben cs\u00f6kkentse a sz\u00e9n-dioxid-kibocs\u00e1t\u00e1sait a k\u00f6vetkez\u0151 \u00f6t \u00e9vben.<\/p>\n<p>Az emberek egyre ink\u00e1bb szembesz\u00e1llnak a sz\u00e9n-, olaj- \u00e9s g\u00e1zv\u00e1llalatokkal, amelyek szennyez\u0151 term\u00e9kei t\u00f6nkreteszik a leveg\u0151t, amelyet bel\u00e9legz\u00fcnk; a tengereket, amelyekben \u00faszunk \u00e9s hal\u00e1szunk; \u00e9s az \u00e9l\u0151helyeket, amelyekt\u0151l \u00e9let\u00fcnk f\u00fcgg. R\u00e9szben a 30 \u00e9vvel ezel\u0151tt t\u00f6rt\u00e9nteknek is k\u00f6sz\u00f6nhet\u0151en \u2013 amikor emberek sz\u00e9les \u00e9s soksz\u00edn\u0171 csoportja b\u00e1tors\u00e1got mutatva fell\u00e9pett a csendes-\u00f3ce\u00e1ni nukle\u00e1ris fenyeget\u00e9ssel szemben \u2013\u00a0<b>tudjuk ma, hogy a t\u00f6megek ereje gy\u0151zelemre k\u00e9pes.<\/b><\/p>\n<p><img loading=\"lazy\" decoding=\"async\" class=\"aligncenter size-full wp-image-4882\" src=\"https:\/\/www.greenpeace.org\/static\/planet4-hungary-stateless\/2019\/06\/d46c2323-114922_190811.jpg\" alt=\"\" width=\"600\" height=\"400\" srcset=\"https:\/\/www.greenpeace.org\/static\/planet4-hungary-stateless\/2019\/06\/d46c2323-114922_190811.jpg 600w, https:\/\/www.greenpeace.org\/static\/planet4-hungary-stateless\/2019\/06\/d46c2323-114922_190811-300x200.jpg 300w, https:\/\/www.greenpeace.org\/static\/planet4-hungary-stateless\/2019\/06\/d46c2323-114922_190811-510x340.jpg 510w\" sizes=\"auto, (max-width: 600px) 100vw, 600px\" \/><\/p>\n<p>A Shell napokon bel\u00fcl\u00a0<a href=\"http:\/\/www.greenpeace.org\/international\/en\/news\/Blogs\/makingwaves\/people-arctic-drilling-protest-shell-audrey-siegl\/blog\/53260\/\">megkezdheti az olajf\u00far\u00e1st az \u00c9szaki-sarkvid\u00e9ken<\/a>. Vil\u00e1gszerte emberek milli\u00f3i \u00e1llnak ki e gy\u00f6ny\u00f6r\u0171 t\u00e1j meg\u00f3v\u00e1sa mellett, \u00e9s mondanak nemet a m\u00e9g t\u00f6bb fosszilis \u00fczemanyagra \u00e9s a m\u00e9g fokozottabb \u00e9ghajlati v\u00e1ls\u00e1gra. N\u00e9h\u00e1nyan b\u00e1tors\u00e1gukr\u00f3l tan\u00fabizonys\u00e1got t\u00e9ve megm\u00e1szt\u00e1k az \u00c9szaki-sarkvid\u00e9k fel\u00e9 tart\u00f3 olajf\u00far\u00f3 tornyokat, vagy\u00a0<a href=\"http:\/\/www.greenpeace.org\/international\/en\/news\/Blogs\/makingwaves\/Shell-Arctic-Rig-Kayaktivist-blockade\/blog\/53232\/\">kajakokba pattantak, \u00e9s az \u00f3ri\u00e1si sz\u00e1ll\u00edt\u00f3haj\u00f3k \u00fatj\u00e1ba eveztek<\/a>. M\u00e1sok felvonul\u00e1sokon vettek r\u00e9szt, leveleket \u00edrtak vagy pet\u00edci\u00f3kat \u00edrtak al\u00e1. \u00c9pp mint ahogy az emberek harminc \u00e9ve tett\u00e9k a csendes-\u00f3ce\u00e1ni atomk\u00eds\u00e9rletek meg\u00e1ll\u00edt\u00e1s\u00e1\u00e9rt.<\/p>\n<p>A csendes-\u00f3ce\u00e1ni t\u00e9rs\u00e9gben \u00e9l\u0151 emberek az \u00e9ghajlatv\u00e1ltoz\u00e1ssal \u00e9s a szennyez\u0151kkel is szembesz\u00e1llnak. A f\u00fcl\u00f6p-szigetekiek\u00a0<a href=\"http:\/\/act.greenpeace.org\/ea-action\/action?ea.client.id=1827&amp;ea.campaign.id=39284\">felsz\u00f3l\u00edtj\u00e1k orsz\u00e1guk emberi jogi bizotts\u00e1g\u00e1t<\/a>, hogy az ind\u00edtson vizsg\u00e1latot a nagy sz\u00e9n-dioxid-kibocs\u00e1t\u00f3k ellen az emberi jogoknak az \u00e9ghajlatv\u00e1ltoz\u00e1s hat\u00e1saihoz k\u00f6thet\u0151 megs\u00e9rt\u00e9se miatt. Ausztr\u00e1li\u00e1ban az emberek\u00a0<a href=\"http:\/\/www.takeanotherlook.gp\/\">a Nagy-korallz\u00e1tony v\u00e9delme mellett \u00e1llnak ki<\/a>. A Rainbow Warrior I felrobbant\u00e1s\u00e1nak 30. \u00e9vfordul\u00f3j\u00e1n a Rainbow Warrior III az\u00e9rt fog kamp\u00e1nyolni, hogy a korallz\u00e1tonyt \u2013 a vil\u00e1g legnagyobb \u00e9l\u0151 szervez\u0151d\u00e9s\u00e9t \u2013 meg\u00f3vj\u00e1k a sz\u00e9nipart\u00f3l.<\/p>\n<p>A francia korm\u00e1ny nem ismerte fel a t\u00f6megek mozgalm\u00e1nak erej\u00e9t. Azt hitt\u00e9k, k\u00e9t bomba elf\u00fajhatja a mozgalmat. T\u00e9vedtek.<\/p>\n<p><b>Kisebb vagy nagyobb tettekkel mindannyian hozz\u00e1j\u00e1rulhatunk egy biztons\u00e1gosabb, tiszt\u00e1bb, eg\u00e9szs\u00e9gesebb, jobb vil\u00e1ghoz.\u00a0<\/b>Hogy a piszkos fosszilis \u00fczemanyagokt\u00f3l val\u00f3 f\u00fcgg\u0151s\u00e9g kora lez\u00e1ruljon, \u00e9s elkezd\u0151dj\u00f6n\u00a0<a href=\"http:\/\/reneweconomy.com.au\/2014\/citigroup-says-the-age-of-renewables-has-begun-69852\">a meg\u00fajul\u00f3k kora<\/a>, ahol az eg\u00e9sz vil\u00e1g hozz\u00e1f\u00e9rhet a tiszta energi\u00e1hoz.\u00a0<b>\u00c1llj ki az\u00e9rt, amiben hiszel, amilyen m\u00f3don csak tudsz; \u00e9s \u00fcnnepeld meg azokat, akik ugyan\u00edgy tesznek.<\/b>\u00a0\u00cdgy v\u00e1lunk mindannyian er\u0151sebb\u00e9.<\/p>\n<p><img loading=\"lazy\" decoding=\"async\" class=\"aligncenter size-full wp-image-4883\" src=\"https:\/\/www.greenpeace.org\/static\/planet4-hungary-stateless\/2019\/06\/53c91665-114923_190809.jpg\" alt=\"\" width=\"600\" height=\"400\" srcset=\"https:\/\/www.greenpeace.org\/static\/planet4-hungary-stateless\/2019\/06\/53c91665-114923_190809.jpg 600w, https:\/\/www.greenpeace.org\/static\/planet4-hungary-stateless\/2019\/06\/53c91665-114923_190809-300x200.jpg 300w, https:\/\/www.greenpeace.org\/static\/planet4-hungary-stateless\/2019\/06\/53c91665-114923_190809-510x340.jpg 510w\" sizes=\"auto, (max-width: 600px) 100vw, 600px\" \/><\/p>\n<p>Mik\u00f6zben Fernando Pereir\u00e1ra eml\u00e9kez\u00fcnk, ezt az \u00e9vfordul\u00f3t a Rainbow Warrior I leg\u00e9nys\u00e9g\u00e9nek b\u00e1tors\u00e1g\u00e1ra aj\u00e1nljuk. Ez\u00e9rt\u00a0<b>arra k\u00e9r\u00fcnk mindenkit, hogy ossza meg a saj\u00e1t b\u00e1tors\u00e1g\u00e1nak t\u00f6rt\u00e9net\u00e9t<\/b>\u00a0a <a href=\"http:\/\/grnpc.org\/CourageWorks\">http:\/\/grnpc.org\/CourageWorks<\/a>\u00a0oldalon.<\/p>\n<p>Olvass olyan h\u00e9tk\u00f6znapi emberekr\u0151l, mint te vagy \u00e9n, akik szembesz\u00e1llnak az igazs\u00e1gtalans\u00e1ggal \u00e9s a k\u00f6rnyezet puszt\u00edt\u00e1s\u00e1val, \u00e9s akiket \u00e1that a ragad\u00f3s optimizmus a v\u00e1ltoz\u00e1s, egy jobb j\u00f6v\u0151 ir\u00e1nt.<\/p>\n<p>B\u00e1tornak lenni nem mindig k\u00f6nny\u0171. De a b\u00e1tors\u00e1g ragad\u00f3s. A b\u00e1tors\u00e1g c\u00e9lt \u00e9r, \u00e9s\u00a0<b>a vil\u00e1gnak soha nem volt akkora sz\u00fcks\u00e9ge arra, hogy mindannyian megtal\u00e1ljuk a b\u00e1tors\u00e1got a cselekv\u00e9sre, mint most.<\/b><\/p>\n<p><img loading=\"lazy\" decoding=\"async\" class=\"aligncenter size-full wp-image-4884\" src=\"https:\/\/www.greenpeace.org\/static\/planet4-hungary-stateless\/2019\/06\/c3704690-114928_190801.jpg\" alt=\"\" width=\"600\" height=\"399\" srcset=\"https:\/\/www.greenpeace.org\/static\/planet4-hungary-stateless\/2019\/06\/c3704690-114928_190801.jpg 600w, https:\/\/www.greenpeace.org\/static\/planet4-hungary-stateless\/2019\/06\/c3704690-114928_190801-300x200.jpg 300w, https:\/\/www.greenpeace.org\/static\/planet4-hungary-stateless\/2019\/06\/c3704690-114928_190801-510x340.jpg 510w\" sizes=\"auto, (max-width: 600px) 100vw, 600px\" \/><\/p>\n<p><i><a href=\"http:\/\/www.greenpeace.org\/international\/en\/news\/Blogs\/makingwaves\/rainbow-warrior-courage\/blog\/53478\/\" target=\"_blank\" rel=\"noopener noreferrer\">Eredeti sz\u00f6veg<\/a>: Kumi Naidoo, a Greenpeace International \u00fcgyvezet\u0151 igazgat\u00f3ja.<\/i><\/p>\n\t\t\t<section\n\t\t\tclass=\"boxout post-831 \"\n\t\t\t\n\t\t>\n\t\t\t<a\n\t\t\t\tdata-ga-category=\"Take Action Boxout\"\n\t\t\t\tdata-ga-action=\"Image\"\n\t\t\t\tdata-ga-label=\"n\/a\"\n\t\t\t\tclass=\"cover-card-overlay\"\n\t\t\t\thref=\"https:\/\/www.greenpeace.org\/hungary\/cselekedj\/lepj-fel-a-helyben-tapasztalt-kornyezetkarositas-ellen\/\" \n\t\t\t><\/a>\n\t\t\t\t\t\t\t<img\n\t\t\t\t\t\tsrc=\"https:\/\/www.greenpeace.org\/static\/planet4-hungary-stateless\/2018\/10\/8a96859d-kisokos-1024x716.png\"\n\t\t\t\t\t\tsrcset=\"https:\/\/www.greenpeace.org\/static\/planet4-hungary-stateless\/2018\/10\/8a96859d-kisokos-300x210.png 300w, https:\/\/www.greenpeace.org\/static\/planet4-hungary-stateless\/2018\/10\/8a96859d-kisokos-768x537.png 768w, https:\/\/www.greenpeace.org\/static\/planet4-hungary-stateless\/2018\/10\/8a96859d-kisokos-1024x716.png 1024w, https:\/\/www.greenpeace.org\/static\/planet4-hungary-stateless\/2018\/10\/8a96859d-kisokos-1954x1366.png 1954w, https:\/\/www.greenpeace.org\/static\/planet4-hungary-stateless\/2018\/10\/8a96859d-kisokos-486x340.png 486w, https:\/\/www.greenpeace.org\/static\/planet4-hungary-stateless\/2018\/10\/8a96859d-kisokos.png 2000w\"\n\t\t\t\t\t\tsizes=\"(min-width: 1000px) 358px, (min-width: 780px) 313px, 88px\"\n\t\t\t\t\t\talt=\"\" title=\"\"\n\t\t\t\t\/>\n            \t\t\t<div class=\"boxout-content\">\n\t\t\t\t\t\t\t\t\t<a\n\t\t\t\t\t\tclass=\"boxout-heading medium\"\n\t\t\t\t\t\tdata-ga-category=\"Take Action Boxout\"\n\t\t\t\t\t\tdata-ga-action=\"Title\"\n\t\t\t\t\t\tdata-ga-label=\"n\/a\"\n\t\t\t\t\t\thref=\"https:\/\/www.greenpeace.org\/hungary\/cselekedj\/lepj-fel-a-helyben-tapasztalt-kornyezetkarositas-ellen\/\"\n\t\t\t\t\t\t\n\t\t\t\t\t>\n\t\t\t\t\t\tL\u00e9pj fel a helyben tapasztalt k\u00f6rnyezetk\u00e1ros\u00edt\u00e1s ellen\n\t\t\t\t\t<\/a>\n\t\t\t\t\t\t\t\t\t\t\t\t\t<p class=\"boxout-excerpt\">Mit tehetsz, ha k\u00f6rnyezetk\u00e1ros\u00edt\u00e1st \u00e9szlelsz?<\/p>\n\t\t\t\t                                    <a\n                        class=\"btn btn-primary\"\n                        data-ga-category=\"Take Action Boxout\"\n                        data-ga-action=\"Call to Action\"\n                        data-ga-label=\"n\/a\"\n                        href=\"https:\/\/www.greenpeace.org\/hungary\/cselekedj\/lepj-fel-a-helyben-tapasztalt-kornyezetkarositas-ellen\/\"\n                        \n                    >\n                        Cselekszem\n                    <\/a>\n                \t\t\t<\/div>\n\t\t\t\t\t<\/section>\n\t","protected":false},"excerpt":{"rendered":"<p>Harminc \u00e9vvel ezel\u0151tt \u00daj-Z\u00e9landon t\u00f6bb csapatnyi ember arra k\u00e9sz\u00fclt, hogy csal\u00e1djukat, munk\u00e1jukat \u00e9s otthonukat h\u00e1trahagyva kis cs\u00f3nakokban \u00e1tevick\u00e9ljenek a Csendes-\u00f3ce\u00e1non egy atomfegyver-k\u00eds\u00e9rleti ter\u00fcletre, hogy meg\u00e1ll\u00edts\u00e1k az atombomba-k\u00eds\u00e9rleteket.<\/p>\n","protected":false},"author":27,"featured_media":4880,"comment_status":"closed","ping_status":"closed","sticky":false,"template":"","format":"standard","meta":{"ep_exclude_from_search":false,"p4_og_title":"","p4_og_description":"","p4_og_image":"","p4_og_image_id":"","p4_seo_canonical_url":"","p4_campaign_name":"","p4_local_project":"","p4_basket_name":"","p4_department":"","footnotes":""},"categories":[4,2],"tags":[6,17,18,22,24,26],"p4-page-type":[40],"class_list":["post-4879","post","type-post","status-publish","format-standard","has-post-thumbnail","hentry","category-ember-tarsadalom","category-klima-energia","tag-klimavedelem","tag-atomenergia","tag-beke","tag-megujulok","tag-szennyezes","tag-fosszilis","p4-page-type-blog"],"_links":{"self":[{"href":"https:\/\/www.greenpeace.org\/hungary\/wp-json\/wp\/v2\/posts\/4879","targetHints":{"allow":["GET"]}}],"collection":[{"href":"https:\/\/www.greenpeace.org\/hungary\/wp-json\/wp\/v2\/posts"}],"about":[{"href":"https:\/\/www.greenpeace.org\/hungary\/wp-json\/wp\/v2\/types\/post"}],"author":[{"embeddable":true,"href":"https:\/\/www.greenpeace.org\/hungary\/wp-json\/wp\/v2\/users\/27"}],"replies":[{"embeddable":true,"href":"https:\/\/www.greenpeace.org\/hungary\/wp-json\/wp\/v2\/comments?post=4879"}],"version-history":[{"count":6,"href":"https:\/\/www.greenpeace.org\/hungary\/wp-json\/wp\/v2\/posts\/4879\/revisions"}],"predecessor-version":[{"id":8968,"href":"https:\/\/www.greenpeace.org\/hungary\/wp-json\/wp\/v2\/posts\/4879\/revisions\/8968"}],"wp:featuredmedia":[{"embeddable":true,"href":"https:\/\/www.greenpeace.org\/hungary\/wp-json\/wp\/v2\/media\/4880"}],"wp:attachment":[{"href":"https:\/\/www.greenpeace.org\/hungary\/wp-json\/wp\/v2\/media?parent=4879"}],"wp:term":[{"taxonomy":"category","embeddable":true,"href":"https:\/\/www.greenpeace.org\/hungary\/wp-json\/wp\/v2\/categories?post=4879"},{"taxonomy":"post_tag","embeddable":true,"href":"https:\/\/www.greenpeace.org\/hungary\/wp-json\/wp\/v2\/tags?post=4879"},{"taxonomy":"p4-page-type","embeddable":true,"href":"https:\/\/www.greenpeace.org\/hungary\/wp-json\/wp\/v2\/p4-page-type?post=4879"}],"curies":[{"name":"wp","href":"https:\/\/api.w.org\/{rel}","templated":true}]}}