{"id":4889,"date":"2015-06-19T22:43:32","date_gmt":"2015-06-19T20:43:32","guid":{"rendered":"https:\/\/www.greenpeace.org\/hungary\/?p=4889"},"modified":"2021-12-01T13:27:31","modified_gmt":"2021-12-01T12:27:31","slug":"mar-a-papa-is-arrol-beszel-hogy-itt-az-ideje-kozosen-cselekednunk-a-klimavaltozas-ellen","status":"publish","type":"post","link":"https:\/\/www.greenpeace.org\/hungary\/blog\/4889\/mar-a-papa-is-arrol-beszel-hogy-itt-az-ideje-kozosen-cselekednunk-a-klimavaltozas-ellen\/","title":{"rendered":"M\u00e1r a p\u00e1pa is arr\u00f3l besz\u00e9l, hogy itt az ideje k\u00f6z\u00f6sen cselekedn\u00fcnk a kl\u00edmav\u00e1ltoz\u00e1s ellen"},"content":{"rendered":"<p><b>J\u00fanius 18-\u00e1n napvil\u00e1got l\u00e1tott az els\u0151 olyan p\u00e1pai enciklika, mely a kl\u00edmav\u00e1ltoz\u00e1ssal foglalkozik. A katolikus egyh\u00e1z feje arra h\u00edvja fel a figyelmet, hogy az \u00e9ghajlatv\u00e1ltoz\u00e1s megakad\u00e1lyoz\u00e1sa \u00e9rdek\u00e9ben v\u00e9get kell vetn\u00fcnk a fosszilis t\u00fczel\u0151anyagok korszak\u00e1nak, valamint az erd\u0151irt\u00e1snak, \u00e9s \u00e1t kell \u00e1llnunk a meg\u00fajul\u00f3 energiahordoz\u00f3k haszn\u00e1lat\u00e1ra. Mor\u00e1lis felel\u0151ss\u00e9g\u00fcnk ez, mert\u00a0<\/b><b><i>\u201ea k\u00f6rnyezet k\u00f6zj\u00f3, \u00f6r\u00f6ks\u00e9g \u00e9s felel\u0151ss\u00e9g egyben\u201d<\/i><\/b><b>\u00a0\u2013 jelentette ki a p\u00e1pa.<\/b><\/p>\n<p><img loading=\"lazy\" decoding=\"async\" class=\"aligncenter size-full wp-image-4890\" src=\"https:\/\/www.greenpeace.org\/static\/planet4-hungary-stateless\/2019\/06\/90bdb069-150619_papa2_600.jpg\" alt=\"\" width=\"600\" height=\"437\" srcset=\"https:\/\/www.greenpeace.org\/static\/planet4-hungary-stateless\/2019\/06\/90bdb069-150619_papa2_600.jpg 600w, https:\/\/www.greenpeace.org\/static\/planet4-hungary-stateless\/2019\/06\/90bdb069-150619_papa2_600-300x219.jpg 300w, https:\/\/www.greenpeace.org\/static\/planet4-hungary-stateless\/2019\/06\/90bdb069-150619_papa2_600-467x340.jpg 467w\" sizes=\"auto, (max-width: 600px) 100vw, 600px\" \/><\/p>\n<p><a id=\"more7557130\" name=\"more7557130\"><\/a><\/p>\n<p>Ferenc p\u00e1pa j\u00fanius 18-i enciklik\u00e1j\u00e1val nagyot lend\u00edtett azon, hogy a kl\u00edmav\u00e1ltoz\u00e1s t\u00e9ny\u00e9t elismerj\u00e9k imm\u00e1ron azok is, akik eddig szkeptikusak voltak az ember okozta glob\u00e1lis felmeleged\u00e9ssel kapcsolatban. A k\u00f6rlev\u00e9llel az egyh\u00e1zf\u0151 azt \u00fczeni, hogy mindenki tehet \u2013 \u00e9s kell is tennie \u2013 az\u00e9rt, hogy az \u00e9ghajlatv\u00e1ltoz\u00e1s katasztrof\u00e1lis forgat\u00f3k\u00f6nyvei elker\u00fclhet\u0151ek legyenek.\u00a0<strong>A p\u00e1pa az emberis\u00e9g k\u00f6z\u00f6s harc\u00e1ra buzd\u00edt, \u00e9s egy\u00e9rtelm\u0171en kimondja, hogy a nemzetk\u00f6zi politik\u00e1nak s\u00fcrg\u0151sen \u00e9s hat\u00e1rozottan kell cselekednie.<\/strong><\/p>\n<p>Az enciklika sz\u00f3kimond\u00f3an besz\u00e9l az er\u0151forr\u00e1sok, valamint a gazdas\u00e1gi \u00e9s politikai hatalom birtokosainak felel\u0151ss\u00e9g\u00e9r\u0151l. Eddigi l\u00e1tszatint\u00e9zked\u00e9seik helyett val\u00f3di elk\u00f6telez\u0151d\u00e9st v\u00e1r t\u0151l\u00fck annak \u00e9rdek\u00e9ben, hogy lecser\u00e9lhet\u0151ek legyenek az er\u0151sen szennyez\u0151 fosszilis energiahordoz\u00f3kon \u2013 k\u00fcl\u00f6n\u00f6sen a sz\u00e9nen, olajon, \u00e9s kisebb m\u00e9rt\u00e9kben a g\u00e1zon \u2013 alapul\u00f3 technol\u00f3gi\u00e1k, \u00e9s \u00edgy a sz\u00e1zad k\u00f6zep\u00e9re 100%-ban \u00e1t tudjunk \u00e1llni a meg\u00fajul\u00f3 energiahordoz\u00f3k haszn\u00e1lat\u00e1ra.<\/p>\n<p>Ahogy Kumi Naidoo, a Greenpeace International \u00fcgyvezet\u0151 igazgat\u00f3ja is kiemelte:\u00a0<em>\u201eFerenc p\u00e1pa els\u0151sorban arra eml\u00e9keztet mindannyiunkat, mag\u00e1nszem\u00e9lyekt\u0151l a vil\u00e1g vezet\u0151iig, hogy erk\u00f6lcsi k\u00f6teless\u00e9g\u00fcnk tenni a k\u00f6rnyezeti \u00e9s t\u00e1rsadalmi igazs\u00e1gtalans\u00e1g ellen.&#8221;<\/em>\u00a0<strong>A kl\u00edmav\u00e1ltoz\u00e1s katasztrof\u00e1lis hat\u00e1sai ugyanis legel\u0151sz\u00f6r \u00e9s legjobban azokat a szeg\u00e9ny t\u00e1rsadalmi csoportokat fogj\u00e1k \u00e9rinteni, illetve m\u00e1r \u00e9rintik is, akik a legkev\u00e9sb\u00e9 j\u00e1rultak hozz\u00e1 a glob\u00e1lis felmeleged\u00e9shez.<\/strong><\/p>\n<p>Itt az id\u0151 teh\u00e1t, hogy a befektet\u0151k, c\u00e9gvezet\u0151k \u00e9s a politikai vezet\u0151k mindent megtegyenek az\u00e9rt, hogy a lehet\u0151 leggyorsabban megval\u00f3suljon egy glob\u00e1lis m\u00e9ret\u0171, tiszta energiaforradalom. Ehhez min\u00e9l el\u0151bb v\u00e9get kell vetn\u00fcnk a sz\u00e9n-dioxid megk\u00f6t\u00e9s\u00e9ben \u00f3ri\u00e1si szerepet j\u00e1tsz\u00f3 erd\u0151k puszt\u00edt\u00e1s\u00e1nak, a term\u00e9szeti katasztr\u00f3f\u00e1kat okoz\u00f3 olajkitermel\u00e9snek, \u00e9s a vesz\u00e9lyes \u00e9s dr\u00e1ga atomer\u0151m\u0171vek \u00e9p\u00edt\u00e9s\u00e9nek, melyek elveszik az er\u0151forr\u00e1sokat a meg\u00fajul\u00f3energia-rendszerek fejleszt\u00e9s\u00e9t\u0151l.<\/p>\n<p>A p\u00e1pa ambici\u00f3zus \u00e9s s\u00fcrg\u0151s int\u00e9zked\u00e9seket v\u00e1r el a korm\u00e1nyokt\u00f3l, valamint a p\u00e1rizsi \u00e9ghajlat-v\u00e1ltoz\u00e1si konferenci\u00e1n r\u00e9szt vev\u0151 vezet\u0151 politikusokt\u00f3l annak \u00e9rdek\u00e9ben, hogy az 1997-ben sz\u00fcletett, 2020-ban lej\u00e1r\u00f3 kiot\u00f3i meg\u00e1llapod\u00e1s hely\u00e9be l\u00e9p\u0151 egyezm\u00e9ny hat\u00e9konyan tudja kezelni \u00e9s m\u00e9rs\u00e9kelni az \u00e9ghajlati v\u00e1ls\u00e1got. Ezt nyomat\u00e9kos\u00edtand\u00f3, a p\u00e1rizsi kl\u00edmacs\u00facs el\u0151tt\u00a0<a href=\"http:\/\/catholicclimatemovement.global\/pope-francis-endorsed-catholic-climate-petition\/\" target=\"_blank\" rel=\"noopener noreferrer\">k\u00f6rnyezetv\u00e9d\u0151 katolikusok egy csoportja al\u00e1\u00edr\u00e1sgy\u0171jt\u0151 kezdem\u00e9nyez\u00e9st is ind\u00edtott<\/a>, melynek c\u00e9lja a vil\u00e1g vezet\u0151inek r\u00e1b\u00edr\u00e1sa: int\u00e9zked\u00e9seikkel tarts\u00e1k a glob\u00e1lis felmeleged\u00e9st 1,5\u00b0C alatt. Enn\u00e9l nagyobb felmeleged\u00e9s a tengerszint olyan m\u00e9rt\u00e9k\u0171 emelked\u00e9s\u00e9vel j\u00e1rna, mely a kl\u00edmav\u00e1ltoz\u00e1s hat\u00e1sainak legjobban kiszolg\u00e1ltatott szeg\u00e9ny n\u00e9pr\u00e9tegek milli\u00f3inak hal\u00e1l\u00e1t okozn\u00e1.<\/p>\n<p>Rem\u00e9lj\u00fck, a p\u00e1pa szavai hamarosan tettekben is megmutatkoznak. Nagy sz\u00fcks\u00e9g lenne arra, hogy nemzeti \u00e9s helyi szinteken \u00a0az egyh\u00e1z az energiahat\u00e9konys\u00e1g \u00e9s a meg\u00fajul\u00f3 energi\u00e1k elterjed\u00e9s\u00e9n alapul\u00f3 energiaforradalom egyik motorj\u00e1v\u00e1 v\u00e1ljon; a Vatik\u00e1ni Bank pedig j\u00f3 p\u00e9ld\u00e1val j\u00e1rhatna el\u00f6l azzal, ha felhagyna a sz\u00e9n, az olaj \u00e9s a nukle\u00e1ris energia t\u00e1mogat\u00e1s\u00e1val, \u00e9s helyett\u00fck \u00e1tt\u00e9rne a meg\u00fajul\u00f3 energiaforr\u00e1sokba val\u00f3 befektet\u00e9sekre.<\/p>\n<div class=\"EmptyMessage\">Block content is empty. Check the block&#8217;s settings or remove it.<\/div>","protected":false},"excerpt":{"rendered":"<p>J\u00fanius 18-\u00e1n napvil\u00e1got l\u00e1tott az els\u0151 olyan p\u00e1pai enciklika, mely a kl\u00edmav\u00e1ltoz\u00e1ssal foglalkozik. A katolikus egyh\u00e1z feje arra h\u00edvja fel a figyelmet, hogy v\u00e9get kell vetn\u00fcnk a fosszilis t\u00fczel\u0151anyagok korszak\u00e1nak&#8230;<\/p>\n","protected":false},"author":27,"featured_media":4890,"comment_status":"closed","ping_status":"closed","sticky":false,"template":"","format":"standard","meta":{"ep_exclude_from_search":false,"p4_og_title":"","p4_og_description":"","p4_og_image":"","p4_og_image_id":"","p4_seo_canonical_url":"","p4_campaign_name":"","p4_local_project":"","p4_basket_name":"","p4_department":"","footnotes":""},"categories":[4,2],"tags":[6,17,18,22,26,29],"p4-page-type":[40],"class_list":["post-4889","post","type-post","status-publish","format-standard","has-post-thumbnail","hentry","category-ember-tarsadalom","category-klima-energia","tag-klimavedelem","tag-atomenergia","tag-beke","tag-megujulok","tag-fosszilis","tag-erdo","p4-page-type-blog"],"_links":{"self":[{"href":"https:\/\/www.greenpeace.org\/hungary\/wp-json\/wp\/v2\/posts\/4889","targetHints":{"allow":["GET"]}}],"collection":[{"href":"https:\/\/www.greenpeace.org\/hungary\/wp-json\/wp\/v2\/posts"}],"about":[{"href":"https:\/\/www.greenpeace.org\/hungary\/wp-json\/wp\/v2\/types\/post"}],"author":[{"embeddable":true,"href":"https:\/\/www.greenpeace.org\/hungary\/wp-json\/wp\/v2\/users\/27"}],"replies":[{"embeddable":true,"href":"https:\/\/www.greenpeace.org\/hungary\/wp-json\/wp\/v2\/comments?post=4889"}],"version-history":[{"count":3,"href":"https:\/\/www.greenpeace.org\/hungary\/wp-json\/wp\/v2\/posts\/4889\/revisions"}],"predecessor-version":[{"id":8969,"href":"https:\/\/www.greenpeace.org\/hungary\/wp-json\/wp\/v2\/posts\/4889\/revisions\/8969"}],"wp:featuredmedia":[{"embeddable":true,"href":"https:\/\/www.greenpeace.org\/hungary\/wp-json\/wp\/v2\/media\/4890"}],"wp:attachment":[{"href":"https:\/\/www.greenpeace.org\/hungary\/wp-json\/wp\/v2\/media?parent=4889"}],"wp:term":[{"taxonomy":"category","embeddable":true,"href":"https:\/\/www.greenpeace.org\/hungary\/wp-json\/wp\/v2\/categories?post=4889"},{"taxonomy":"post_tag","embeddable":true,"href":"https:\/\/www.greenpeace.org\/hungary\/wp-json\/wp\/v2\/tags?post=4889"},{"taxonomy":"p4-page-type","embeddable":true,"href":"https:\/\/www.greenpeace.org\/hungary\/wp-json\/wp\/v2\/p4-page-type?post=4889"}],"curies":[{"name":"wp","href":"https:\/\/api.w.org\/{rel}","templated":true}]}}