{"id":5198,"date":"2013-12-12T15:07:35","date_gmt":"2013-12-12T14:07:35","guid":{"rendered":"https:\/\/www.greenpeace.org\/hungary\/?p=5198"},"modified":"2021-12-01T13:28:23","modified_gmt":"2021-12-01T12:28:23","slug":"kiparolgo-veszelyes-vegyszerek-a-markas-dzsekikben","status":"publish","type":"post","link":"https:\/\/www.greenpeace.org\/hungary\/blog\/5198\/kiparolgo-veszelyes-vegyszerek-a-markas-dzsekikben\/","title":{"rendered":"Kip\u00e1rolg\u00f3 vesz\u00e9lyes vegyszerek a m\u00e1rk\u00e1s dzsekikben"},"content":{"rendered":"<p><strong>Avagy perfluorozott kemik\u00e1li\u00e1k outdoor ruh\u00e1kban.<\/strong><\/p>\n<p><strong>A Greenpeace v\u00edz\u00e1ll\u00f3 outdoor ruh\u00e1zati term\u00e9kek vegyianyag-szennyezetts\u00e9g\u00e9t vizsg\u00e1lta. 17 term\u00e9ket elemezt\u00fcnk: 15 v\u00edz\u00e1ll\u00f3 dzsekit \u00e9s k\u00e9t p\u00e1r keszty\u0171t. Az \u00f6sszes term\u00e9k tartalmazott k\u00e1ros perfluorozott anyagokat (PFC-ket), m\u00e9g a PFC-mentesk\u00e9nt hirdetett dzseki is perfluorozott vegy\u00fclettel szennyezett volt.<\/strong><\/p>\n<p><img loading=\"lazy\" decoding=\"async\" class=\"aligncenter size-full wp-image-5199\" src=\"https:\/\/www.greenpeace.org\/static\/planet4-hungary-stateless\/2019\/06\/e1ff7060-7e13dc715b.jpg\" alt=\"\" width=\"320\" height=\"222\" srcset=\"https:\/\/www.greenpeace.org\/static\/planet4-hungary-stateless\/2019\/06\/e1ff7060-7e13dc715b.jpg 320w, https:\/\/www.greenpeace.org\/static\/planet4-hungary-stateless\/2019\/06\/e1ff7060-7e13dc715b-300x208.jpg 300w\" sizes=\"auto, (max-width: 320px) 100vw, 320px\" \/><\/p>\n<p><a id=\"more5687378\" name=\"more5687378\"><\/a><\/p>\n<p>A m\u00e1rk\u00e1s term\u00e9keket [1] (pl.\u00a0<em>Columbia, Adidas, Mammut, The North Face<\/em>) N\u00e9metorsz\u00e1gban, Ausztri\u00e1ban, Sv\u00e1jcban, K\u00edn\u00e1ban \u00e9s az USA-ban szerezt\u00fck be. F\u00fcggetlen laborat\u00f3riumok vizsg\u00e1lt\u00e1k ezen term\u00e9kek PFC-tartalm\u00e1t (azaz a perflurozott \u00e9s polifluorozott sz\u00e9nhidrog\u00e9nek jelenl\u00e9t\u00e9t).<\/p>\n<p>Az ipari termel\u00e9sb\u0151l, term\u00e9kekb\u0151l sz\u00e1rmaz\u00f3 szintetikus PFC-k m\u00e1r mindenhol megtal\u00e1lhat\u00f3ak a k\u00f6rnyezet\u00fcnkben: a\u00a0<a href=\"http:\/\/www.ncbi.nlm.nih.gov\/pubmed\/16382925\">jegesmedv\u00e9kben<\/a>, az iv\u00f3viz\u00fcnkben, az emberi v\u00e9rben \u00e9s az anyatejben is. A PFC-k r\u00e1ad\u00e1sul feld\u00fasulnak az \u00e9l\u0151l\u00e9nyek szervezet\u00e9ben, \u00e9s k\u00e1ros\u00edtj\u00e1k az immunrendszert, a nemz\u0151k\u00e9pess\u00e9get \u00e9s a pajzsmirigy m\u0171k\u00f6d\u00e9s\u00e9t. A PFOA-t, egy k\u00fcl\u00f6n\u00f6sen vesz\u00e9lyes PFC-t a fentiek mellett m\u00e9g a hormonm\u0171k\u00f6d\u00e9s k\u00e1ros\u00edt\u00e1s\u00e1val is gyan\u00fas\u00edtj\u00e1k.<\/p>\n<p>A Greenpeace mostani kutat\u00e1sa arra is r\u00e1vil\u00e1g\u00edtott, hogy egyes PFC-k az outdoor ruh\u00e1kb\u00f3l a leveg\u0151be jutnak. A ruh\u00e1kat PFC-ket tartalmaz\u00f3 anyagokkal kezelik, hogy v\u00edz\u00e1ll\u00f3ak legyenek, ilyen term\u00e9k p\u00e9ld\u00e1ul a\u00a0<em>Gore-Tex<\/em>.<\/p>\n<p>Nagy koncentr\u00e1ci\u00f3ban tal\u00e1ltunk PFC-t gyakorlatilag az \u00f6sszes outdoor m\u00e1rka ruh\u00e1iban. A legmagasabb koncentr\u00e1ci\u00f3kat az\u00a0<em>Adidas<\/em>, a\u00a0<em>Jack Wolfskin<\/em>, a\u00a0<em>The North Face<\/em>\u00a0\u00e9s a\u00a0<em>Salewa<\/em>\u00a0ruh\u00e1iban mutattuk ki. Egy\u00a0<em>Mammut<\/em>m\u00e1rk\u00e1j\u00fa term\u00e9k betiltott PFOS-t is tartalmazott; t\u00f6bb term\u00e9kben PFOA-t is tal\u00e1ltak. K\u00ad\u00fcl\u00f6n aggaszt\u00f3, hogy a PFC-k mellett m\u00e1s k\u00e1ros anyagok, p\u00e9ld\u00e1ul a hormonrendszerk\u00e1ros\u00edt\u00f3 ftal\u00e1tok \u00e9s nonilfenolok is fellelhet\u0151ek a ruh\u00e1kban.<\/p>\n<p>Annak ellen\u00e9re tal\u00e1lunk rendre m\u00e9g ezekben a dr\u00e1g\u00e1bb term\u00e9kekben is k\u00e1ros anyagokat, hogy a PFC-ket m\u00e1r ki lehet v\u00e1ltani nem k\u00e1ros alternat\u00edv anyagokkal. A\u00a0 Greenpeace m\u00e1r t\u00f6bbsz\u00f6r felsz\u00f3l\u00edtotta a vil\u00e1g vezet\u0151 ruhac\u00e9geit, k\u00f6zt\u00fck az outdoor gy\u00e1rt\u00f3kat is, hogy vonj\u00e1k ki a k\u00e1ros vegyi anyagokat a termel\u00e9s\u00fckb\u0151l. A 2011-ben kezd\u0151d\u00f6tt\u00a0<a href=\"http:\/\/greenpeace.org\/detox\" target=\"_self\" rel=\"noopener noreferrer\"><em>Detox<\/em><\/a>\u00a0kamp\u00e1nyhoz m\u00e1r 18 vil\u00e1gc\u00e9g csatlakozott, akik v\u00e1llalt\u00e1k, hogy 2020-ra kiv\u00e1lltj\u00e1k a vesz\u00e9lyes kemik\u00e1li\u00e1kat.<\/p>\n<p><em>Simon Gergely a Greenpeace region\u00e1lis vegyianyag-szak\u00e9rt\u0151je.<\/em><\/p>\n<div>\n<div>\n<p>[1] Adidas (GER), Columbia (USA), Jack Wolfskin (GER), Kaikkialla (GER, CH), Mammut (CH), Northland (AT), Patagonia (USA), Salewa (IT), Sch\u00f6ffel (GER), Seven Summits (AT), The North Face (USA), Vaude (GER)<\/p>\n<\/div>\n<\/div>\n\t\t\t<section\n\t\t\tclass=\"boxout post-826 \"\n\t\t\t\n\t\t>\n\t\t\t<a\n\t\t\t\tdata-ga-category=\"Take Action Boxout\"\n\t\t\t\tdata-ga-action=\"Image\"\n\t\t\t\tdata-ga-label=\"n\/a\"\n\t\t\t\tclass=\"cover-card-overlay\"\n\t\t\t\thref=\"https:\/\/www.greenpeace.org\/hungary\/cselekedj\/valaszd-a-mergezo-anyagoktol-mentes-ruhakat\/\" \n\t\t\t><\/a>\n\t\t\t\t\t\t\t<img\n\t\t\t\t\t\tsrc=\"https:\/\/www.greenpeace.org\/static\/planet4-hungary-stateless\/2018\/10\/3210c77a-gp04cpy-1024x682.jpg\"\n\t\t\t\t\t\tsrcset=\"https:\/\/www.greenpeace.org\/static\/planet4-hungary-stateless\/2018\/10\/3210c77a-gp04cpy-300x200.jpg 300w, https:\/\/www.greenpeace.org\/static\/planet4-hungary-stateless\/2018\/10\/3210c77a-gp04cpy-768x511.jpg 768w, https:\/\/www.greenpeace.org\/static\/planet4-hungary-stateless\/2018\/10\/3210c77a-gp04cpy-1024x682.jpg 1024w, https:\/\/www.greenpeace.org\/static\/planet4-hungary-stateless\/2018\/10\/3210c77a-gp04cpy-510x340.jpg 510w, https:\/\/www.greenpeace.org\/static\/planet4-hungary-stateless\/2018\/10\/3210c77a-gp04cpy.jpg 1200w\"\n\t\t\t\t\t\tsizes=\"(min-width: 1000px) 358px, (min-width: 780px) 313px, 88px\"\n\t\t\t\t\t\talt=\"Zara &#039;Detox&#039; Day of Action in Taipei. \u00a9 Steven Vigar\" title=\"Zara &#039;Detox&#039; Day of Action in Taipei. \u00a9 Steven Vigar\"\n\t\t\t\t\/>\n            \t\t\t<div class=\"boxout-content\">\n\t\t\t\t\t\t\t\t\t<a\n\t\t\t\t\t\tclass=\"boxout-heading medium\"\n\t\t\t\t\t\tdata-ga-category=\"Take Action Boxout\"\n\t\t\t\t\t\tdata-ga-action=\"Title\"\n\t\t\t\t\t\tdata-ga-label=\"n\/a\"\n\t\t\t\t\t\thref=\"https:\/\/www.greenpeace.org\/hungary\/cselekedj\/valaszd-a-mergezo-anyagoktol-mentes-ruhakat\/\"\n\t\t\t\t\t\t\n\t\t\t\t\t>\n\t\t\t\t\t\tV\u00e1laszd a m\u00e9rgez\u0151 anyagokt\u00f3l mentes ruh\u00e1kat\n\t\t\t\t\t<\/a>\n\t\t\t\t\t\t\t\t\t\t\t\t\t<p class=\"boxout-excerpt\">A sokmilli\u00e1rd doll\u00e1rt termel\u0151 ruhaipari v\u00e1llalatok a vil\u00e1g legnagyobb k\u00f6rnyezetszennyez\u0151i k\u00f6z\u00e9 tartoznak. <\/p>\n\t\t\t\t                                    <a\n                        class=\"btn btn-primary\"\n                        data-ga-category=\"Take Action Boxout\"\n                        data-ga-action=\"Call to Action\"\n                        data-ga-label=\"n\/a\"\n                        href=\"https:\/\/www.greenpeace.org\/hungary\/cselekedj\/valaszd-a-mergezo-anyagoktol-mentes-ruhakat\/\"\n                        \n                    >\n                        Cselekszem\n                    <\/a>\n                \t\t\t<\/div>\n\t\t\t\t\t<\/section>\n\t","protected":false},"excerpt":{"rendered":"<p>A Greenpeace v\u00edz\u00e1ll\u00f3 outdoor ruh\u00e1zati term\u00e9kek vegyianyag-szennyezetts\u00e9g\u00e9t vizsg\u00e1lta. 17 term\u00e9ket elemezt\u00fcnk: 15 v\u00edz\u00e1ll\u00f3 dzsekit \u00e9s k\u00e9t p\u00e1r keszty\u0171t. Az \u00f6sszes term\u00e9k tartalmazott k\u00e1ros perfluorozott anyagokat (PFC-ket)&#8230;<\/p>\n","protected":false},"author":27,"featured_media":5199,"comment_status":"closed","ping_status":"closed","sticky":false,"template":"","format":"standard","meta":{"ep_exclude_from_search":false,"p4_og_title":"","p4_og_description":"","p4_og_image":"","p4_og_image_id":"","p4_seo_canonical_url":"","p4_campaign_name":"","p4_local_project":"","p4_basket_name":"","p4_department":"","footnotes":""},"categories":[4],"tags":[8,19,23,24],"p4-page-type":[40],"class_list":["post-5198","post","type-post","status-publish","format-standard","has-post-thumbnail","hentry","category-ember-tarsadalom","tag-fogyasztas","tag-egeszseg","tag-muanyag","tag-szennyezes","p4-page-type-blog"],"_links":{"self":[{"href":"https:\/\/www.greenpeace.org\/hungary\/wp-json\/wp\/v2\/posts\/5198","targetHints":{"allow":["GET"]}}],"collection":[{"href":"https:\/\/www.greenpeace.org\/hungary\/wp-json\/wp\/v2\/posts"}],"about":[{"href":"https:\/\/www.greenpeace.org\/hungary\/wp-json\/wp\/v2\/types\/post"}],"author":[{"embeddable":true,"href":"https:\/\/www.greenpeace.org\/hungary\/wp-json\/wp\/v2\/users\/27"}],"replies":[{"embeddable":true,"href":"https:\/\/www.greenpeace.org\/hungary\/wp-json\/wp\/v2\/comments?post=5198"}],"version-history":[{"count":3,"href":"https:\/\/www.greenpeace.org\/hungary\/wp-json\/wp\/v2\/posts\/5198\/revisions"}],"predecessor-version":[{"id":9012,"href":"https:\/\/www.greenpeace.org\/hungary\/wp-json\/wp\/v2\/posts\/5198\/revisions\/9012"}],"wp:featuredmedia":[{"embeddable":true,"href":"https:\/\/www.greenpeace.org\/hungary\/wp-json\/wp\/v2\/media\/5199"}],"wp:attachment":[{"href":"https:\/\/www.greenpeace.org\/hungary\/wp-json\/wp\/v2\/media?parent=5198"}],"wp:term":[{"taxonomy":"category","embeddable":true,"href":"https:\/\/www.greenpeace.org\/hungary\/wp-json\/wp\/v2\/categories?post=5198"},{"taxonomy":"post_tag","embeddable":true,"href":"https:\/\/www.greenpeace.org\/hungary\/wp-json\/wp\/v2\/tags?post=5198"},{"taxonomy":"p4-page-type","embeddable":true,"href":"https:\/\/www.greenpeace.org\/hungary\/wp-json\/wp\/v2\/p4-page-type?post=5198"}],"curies":[{"name":"wp","href":"https:\/\/api.w.org\/{rel}","templated":true}]}}