{"id":5210,"date":"2013-11-19T10:10:46","date_gmt":"2013-11-19T09:10:46","guid":{"rendered":"https:\/\/www.greenpeace.org\/hungary\/?p=5210"},"modified":"2021-12-01T13:28:26","modified_gmt":"2021-12-01T12:28:26","slug":"a-kgb-modszereivel-a-greenpeace-ellen-2-resz","status":"publish","type":"post","link":"https:\/\/www.greenpeace.org\/hungary\/blog\/5210\/a-kgb-modszereivel-a-greenpeace-ellen-2-resz\/","title":{"rendered":"A KGB m\u00f3dszereivel a Greenpeace ellen  (2. r\u00e9sz)"},"content":{"rendered":"<p>B\u00e9k\u00e9s t\u00fcntet\u00e9st\u0151l a dr\u00e1mai megsz\u00e1ll\u00e1sig: avagy mik t\u00f6rt\u00e9ntek az\u00f3ta, hogy az Arctic Sunrise haj\u00f3nk szeptember 18-\u00e1n demonstr\u00e1ci\u00f3ba kezdett.\u00a0<a href=\"http:\/\/greenpeace.org\/hungary\/szabadsagot-az-aktivistaknak\/\" target=\"_blank\" rel=\"noopener noreferrer\">K\u00e9rj\u00fck, \u00edrd al\u00e1 a pet\u00edci\u00f3nkat: engedj\u00e9k szabadon a haj\u00f3t \u00e9s a rajta tart\u00f3zkod\u00f3 30 aktivist\u00e1nkat!<\/a><\/p>\n<p><strong>Blogbejegyz\u00e9s\u00fcnket folyamatosan friss\u00edtj\u00fck.<\/strong><\/p>\n<h2><b>10. h\u00e9t<\/b><\/h2>\n<h3><strong>2013. november 25.<\/strong><\/h3>\n<p><strong>11:15<\/strong>\u00a0\u2013 Az egyes\u00fclt kir\u00e1lys\u00e1gbeli Phil Ballt szabadon bocs\u00e1tott\u00e1k a szentp\u00e9terv\u00e1ri b\u00fcntet\u00e9s-v\u00e9grehajt\u00e1si int\u00e9zetb\u0151l.<\/p>\n<h3><strong>2013. november 22.<\/strong><\/h3>\n<p><strong>16:15<\/strong>\u00a0\u2013 A Nemzetk\u00f6zi Tengerjogi B\u00edr\u00f3s\u00e1g a mai napon k\u00f6telez\u0151 \u00e9rv\u00e9ny\u0171 hat\u00e1rozat\u00e1ban elrendelte, hogy az Orosz F\u00f6der\u00e1ci\u00f3 engedje szabadon a Greenpeace Arctic Sunrise haj\u00f3j\u00e1t, a 28 aktivist\u00e1t, valamint a k\u00e9t szabad\u00fasz\u00f3 \u00fajs\u00e1g\u00edr\u00f3t. Hollandia cser\u00e9be 3,6 milli\u00f3 eur\u00f3s k\u00f6telezetts\u00e9gv\u00e1llal\u00e1st fizet Oroszorsz\u00e1gnak.<\/p>\n<p>Oroszorsz\u00e1got most b\u00edr\u00f3i d\u00f6nt\u00e9s k\u00f6telezi: az orosz alkotm\u00e1ny kimondja, hogy a nemzetk\u00f6zi jog az orosz jogrendszer elv\u00e1laszthatatlan r\u00e9sze, \u00e9s az orosz b\u00edr\u00f3s\u00e1gok k\u00f6telesek \u00e9rv\u00e9nyes\u00edteni a d\u00f6nt\u00e9st. A Greenpeace \u00edgy azt v\u00e1rja, hogy Oroszorsz\u00e1g tiszteletben fogja tartani az ENSZ tengerjogi egyezm\u00e9ny\u00e9t (UNCLOS) \u00e9s a tengerjogi b\u00edr\u00f3s\u00e1g d\u00f6nt\u00e9s\u00e9t, ahogy azt a m\u00faltban is tette.<\/p>\n<p>A hat\u00e1rozat teljes sz\u00f6vege\u00a0<a href=\"http:\/\/www.itlos.org\/fileadmin\/itlos\/documents\/cases\/case_no.22\/Order\/C22_Ord_22_11_2013_orig_Eng.pdf\">itt<\/a>\u00a0olvashat\u00f3.<\/p>\n<p><strong>15:45<\/strong>\u00a0\u2013 Az orosz Roman Dolgovot \u00e9s a sv\u00e9d Dimitrij Litvinovot szabadon bocs\u00e1tott\u00e1k a szentp\u00e9terv\u00e1ri b\u00fcntet\u00e9s-v\u00e9grehajt\u00e1si int\u00e9zetb\u0151l.<\/p>\n<p><strong>14:25<\/strong>\u00a0\u2013 A t\u00f6r\u00f6k Gizem Akhant \u00e9s a kanadai Alexandre Pault szabadon bocs\u00e1tott\u00e1k a szentp\u00e9terv\u00e1ri b\u00fcntet\u00e9s-v\u00e9grehajt\u00e1si int\u00e9zetb\u0151l.<\/p>\n<p><a id=\"more5644213\" name=\"more5644213\"><\/a><\/p>\n<p><strong>14:10<\/strong>\u00a0\u2013 Az ukr\u00e1n Ruszl\u00e1n Jakusevet szabadon bocs\u00e1tott\u00e1k a szentp\u00e9terv\u00e1ri b\u00fcntet\u00e9s-v\u00e9grehajt\u00e1si int\u00e9zetb\u0151l.<\/p>\n<p><strong>13:30<\/strong>\u00a0\u2013\u00a0A Kalinyinszki Ker\u00fcleti B\u00edr\u00f3s\u00e1g d\u00f6nt\u00e9se szerint Philip Ballt \u00f3vad\u00e9k ellen\u00e9ben szabadon engedik.<\/p>\n<p><strong>13:25<\/strong>\u00a0\u2013 Az egyes\u00fclt kir\u00e1lys\u00e1gbeli Iain Rogerst \u00e9s Frank Hewetsont, illetve az \u00faj-z\u00e9landi Jonathan Beauchampot szabadon bocs\u00e1tott\u00e1k a szentp\u00e9terv\u00e1ri b\u00fcntet\u00e9s-v\u00e9grehajt\u00e1si int\u00e9zetb\u0151l.<strong><br \/>\n<\/strong><\/p>\n<p><strong>13:00<\/strong>\u00a0\u2013 Az egyes\u00fclt kir\u00e1lys\u00e1gbeli Alexandra Harrist szabadon bocs\u00e1tott\u00e1k a szentp\u00e9terv\u00e1ri b\u00fcntet\u00e9s-v\u00e9grehajt\u00e1si int\u00e9zetb\u0151l.<\/p>\n<p><strong>12:10<\/strong>\u00a0\u2013 Az argentin Miguel Hern\u00e1n Perez Orsit szabadon bocs\u00e1tott\u00e1k a szentp\u00e9terv\u00e1ri b\u00fcntet\u00e9s-v\u00e9grehajt\u00e1si int\u00e9zetb\u0151l.<\/p>\n<p><strong>11:35\u00a0<\/strong>\u2013 A Kalinyinszki Ker\u00fcleti B\u00edr\u00f3s\u00e1g d\u00f6nt\u00e9se szerint az orosz Dima Litvinovot \u00f3vad\u00e9k ellen\u00e9ben szabadon engedik.<\/p>\n<p><strong>11:00\u00a0<\/strong>\u2013<strong>\u00a0<\/strong>Az egyes\u00fclt kir\u00e1lys\u00e1gbeli Kieron Bryant, a kanadai Paul Ruzyckit, valamint a holland Mannes Ubelst szabadon bocs\u00e1tott\u00e1k a szentp\u00e9terv\u00e1ri b\u00fcntet\u00e9s-v\u00e9grehajt\u00e1si int\u00e9zetb\u0151l.<\/p>\n<p><strong>09:50<\/strong>\u00a0\u2013 Az amerikai Peter Willcox kapit\u00e1nyt \u00e9s a holland Faiza Oulahsent szabadon bocs\u00e1tott\u00e1k a szentp\u00e9terv\u00e1ri b\u00fcntet\u00e9s-v\u00e9grehajt\u00e1si int\u00e9zetb\u0151l.<\/p>\n<p><strong>09:30<\/strong>\u00a0\u2013 A Kalinyinszki Ker\u00fcleti B\u00edr\u00f3s\u00e1g d\u00f6nt\u00e9se szerint az orosz Roman Dolgovot \u00f3vad\u00e9k ellen\u00e9ben szabadon engedik.<\/p>\n<p><strong>09:15<\/strong>\u00a0\u2013 Az egyes\u00fclt kir\u00e1lys\u00e1gbeli Anthony Perrettet \u00e9s a sv\u00e1jci Marco Webert szabadon bocs\u00e1tott\u00e1k a szentp\u00e9terv\u00e1ri b\u00fcntet\u00e9s-v\u00e9grehajt\u00e1si int\u00e9zetb\u0151l.<\/p>\n<h3>2013. november 21.<\/h3>\n<p><b>15:30<\/b>\u00a0\u2013 A lengyel Tomasz Dziemianczukot \u00e9s az argentin Camila Spezial\u00e9t \u00f3vad\u00e9k ellen\u00e9ben szabadon bocs\u00e1tott\u00e1k a szentp\u00e9terv\u00e1ri b\u00fcntet\u00e9s-v\u00e9grehajt\u00e1si int\u00e9zetb\u0151l.<\/p>\n<p><b>15:15<\/b>\u00a0\u2013 A finn Sini Saarel\u00e1t \u00e9s a d\u00e1n Anne Mie Roer Jensent \u00f3vad\u00e9k ellen\u00e9ben szabadon bocs\u00e1tott\u00e1k a szentp\u00e9terv\u00e1ri b\u00fcntet\u00e9s-v\u00e9grehajt\u00e1si int\u00e9zetb\u0151l.<\/p>\n<p><b>15:00<\/b>\u00a0\u2013 Az olasz Cristian D&#8217;Alessandr\u00f3t \u00f3vad\u00e9k ellen\u00e9ben szabadon bocs\u00e1tott\u00e1k a szentp\u00e9terv\u00e1ri b\u00fcntet\u00e9s-v\u00e9grehajt\u00e1si int\u00e9zetb\u0151l.<\/p>\n<p><b>14:45<\/b>\u00a0\u2013 A francia Francesco Pisanut \u00f3vad\u00e9k ellen\u00e9ben szabadon bocs\u00e1tott\u00e1k a szentp\u00e9terv\u00e1ri b\u00fcntet\u00e9s-v\u00e9grehajt\u00e1si int\u00e9zetb\u0151l.<\/p>\n<p><b>14:00<\/b>\u00a0\u2013 A Murmanszki J\u00e1r\u00e1si B\u00edr\u00f3s\u00e1g\u00a0ma\u00a0<a href=\"http:\/\/www.greenpeace.org\/international\/en\/press\/releases\/Murmansk-court-rejects-appeal-over-arrest-of-ship-Arctic-Sunrise\/\" target=\"_self\" rel=\"noopener noreferrer\">elutas\u00edtotta az\u00a0<i>Arctic Sunrise\u00a0<\/i>haj\u00f3 elenged\u00e9s\u00e9re vonatkoz\u00f3 k\u00e9relmet<\/a>.<\/p>\n<p>\u201eEz az \u00edt\u00e9let nagyon elkeser\u00edt\u0151, \u00e9s v\u00e9lem\u00e9ny\u00fcnk szerint megs\u00e9rti mind az orosz b\u00fcntet\u0151t\u00f6rv\u00e9nyk\u00f6nyv b\u00fcntet\u0151elj\u00e1r\u00e1sra vonatkoz\u00f3 szab\u00e1lyait, mind pedig a nemzetk\u00f6zi jogot. Az orosz t\u00f6rv\u00e9nyek szerint lehet\u0151s\u00e9g van fellebbviteli elj\u00e1r\u00e1sra\u201d \u2013 nyilatkozott Gerrit-Jan Bolderman, a haj\u00f3 tulajdonos\u00e1nak, a Stichting Phoenix egyes\u00fcletnek az igazgat\u00f3ja.<\/p>\n<p>Amellett, hogy tov\u00e1bbi fellebbez\u00e9st ny\u00fajtanak be a fellebbviteli b\u00edr\u00f3s\u00e1ghoz, az\u00a0<i>Arctic Sunrise<\/i>\u00a0kapit\u00e1ny\u00e1t, a szentp\u00e9terv\u00e1ri b\u00edr\u00f3s\u00e1g \u00e1ltal szerd\u00e1n \u00f3vad\u00e9k ellen\u00e9ben szabadon bocs\u00e1tott Peter Willcoxot k\u00e9pvisel\u0151 \u00fcgyv\u00e9d a napokban k\u00e9relmet ny\u00fajt be a haj\u00f3 szabadon enged\u00e9se \u00e9rdek\u00e9ben.<\/p>\n<p><b>13:00<\/b>\u00a0\u2013 A b\u00edr\u00f3s\u00e1gi meghallgat\u00e1sok Szentp\u00e9terv\u00e1ron a mai napra v\u00e9get \u00e9rtek. A harmincak k\u00f6z\u00fcl 26-an \u00f3vad\u00e9k ellen\u00e9ben szabadl\u00e1bon v\u00e9dekezhetnek majd, k\u00f6z\u00fcl\u00fck \u00f6ten m\u00e1r kint is vannak a b\u00f6rt\u00f6nb\u0151l.<\/p>\n<p><b>12:55<\/b>\u00a0\u2013 A Primorszki Ker\u00fcleti B\u00edr\u00f3s\u00e1g d\u00f6nt\u00e9se szerint a t\u00f6r\u00f6k Gizen Akhant \u00f3vad\u00e9k ellen\u00e9ben szabadl\u00e1bra helyezik.<\/p>\n<p><b>12:45<\/b>\u00a0\u2013 Az \u00faj-z\u00e9landi David John Haussmannt \u00f3vad\u00e9k ellen\u00e9ben szabadon bocs\u00e1tott\u00e1k a szentp\u00e9terv\u00e1ri b\u00fcntet\u00e9s-v\u00e9grehajt\u00e1si int\u00e9zetb\u0151l.<\/p>\n<p><b>11:45<\/b>\u00a0\u2013 A Kalinyinszki Ker\u00fcleti B\u00edr\u00f3s\u00e1g d\u00f6nt\u00e9se szerint az egyes\u00fclt kir\u00e1lys\u00e1gbeli Iain Rogerst \u00e9s Frank Hewetsont \u00f3vad\u00e9k ellen\u00e9ben szabadl\u00e1bra helyezik.<\/p>\n<p><b>11:20<\/b>\u00a0\u2013 A Primorszki Ker\u00fcleti B\u00edr\u00f3s\u00e1g d\u00f6nt\u00e9se szerint a kanadai Alexandre Pault \u00f3vad\u00e9k ellen\u00e9ben szabadl\u00e1bra helyezik.<\/p>\n<p><b>10:15<\/b>\u00a0\u2013 A Primorszki Ker\u00fcleti B\u00edr\u00f3s\u00e1g d\u00f6nt\u00e9se szerint az ukr\u00e1n Ruszl\u00e1n Jakusevet \u00f3vad\u00e9k ellen\u00e9ben szabadl\u00e1bra helyezik.<\/p>\n<p><b>09:45<\/b>\u00a0\u2013 Az orosz Jekatyerina Zaszp\u00e1t \u00f3vad\u00e9k ellen\u00e9ben szabadon bocs\u00e1tott\u00e1k a szentp\u00e9terv\u00e1ri b\u00fcntet\u00e9s-v\u00e9grehajt\u00e1si int\u00e9zetb\u0151l.<\/p>\n<p><b>09:15<\/b>\u00a0\u2013 A Kalinyinszki Ker\u00fcleti B\u00edr\u00f3s\u00e1g d\u00f6nt\u00e9se szerint az \u00faj-z\u00e9landi Jonathan Beauchampot \u00f3vad\u00e9k ellen\u00e9ben szabadl\u00e1bra helyezik.<\/p>\n<p><b>08:40<\/b>\u00a0\u2013 Az orosz Andrej Allakverdovot \u00e9s Gyenyisz Szinyakovot \u00f3vad\u00e9k ellen\u00e9ben szabadon bocs\u00e1tott\u00e1k a szentp\u00e9terv\u00e1ri b\u00fcntet\u00e9s-v\u00e9grehajt\u00e1si int\u00e9zetb\u0151l.<\/p>\n<p>A foglyok kiszabadul\u00e1sa ut\u00e1n csal\u00e1djukkal val\u00f3 els\u0151 tal\u00e1lkoz\u00e1suk videofelv\u00e9tele\u00a0<a href=\"https:\/\/youtu.be\/P4zefB6udh4\" target=\"_blank\" rel=\"noopener noreferrer\">itt<\/a>\u00a0l\u00e1that\u00f3.<\/p>\n<lite-youtube style=\"background-image: url('https:\/\/i.ytimg.com\/vi\/P4zefB6udh4\/hqdefault.jpg');\" videoid=\"P4zefB6udh4\" params=\"rel=0\"><\/lite-youtube>\n<h3>2013. november 20.<\/h3>\n<p><strong>18:40<\/strong>\u00a0\u2013 A sv\u00e1jci Marco Webert a Kalinyinszki Ker\u00fcleti B\u00edr\u00f3s\u00e1g \u00f3vad\u00e9k ellen\u00e9ben szabadl\u00e1bra helyezi.<\/p>\n<p><strong>17:20<\/strong>\u00a0\u2013 A brazil\u00a0<a href=\"http:\/\/www.greenpeace.org\/international\/en\/press\/releases\/Ana-Paula-from-Brazil-released---first-of-the-Arctic-30-to-leave-prison\/\" target=\"_blank\" rel=\"noopener noreferrer\">Ana Paula Alminhana Maciel<\/a>\u00a0Greenpeace International-aktivista ma a sarkvid\u00e9ki harmincak k\u00f6z\u00fcl els\u0151k\u00e9nt elhagyhatta a b\u00f6rt\u00f6nt, miut\u00e1n a szentp\u00e9terv\u00e1ri b\u00edr\u00f3s\u00e1g \u00f3vad\u00e9k ellen\u00e9ben szabadl\u00e1bra helyezte \u0151t.<\/p>\n<p>A szakm\u00e1j\u00e1t tekintve biol\u00f3gus Ana Paul\u00e1t a szentp\u00e9terv\u00e1ri Primoszki ker\u00fcleti b\u00edr\u00f3s\u00e1g 2 milli\u00f3 rubeles (mintegy 13 milli\u00f3 forintos) \u00f3vad\u00e9k ellen\u00e9ben helyezte szabadl\u00e1bra. Ana Paula elhagyhatta a b\u00f6rt\u00f6n \u00e9p\u00fclet\u00e9t, de a szabadl\u00e1bra helyez\u00e9s\u00e9nek pontos r\u00e9szletei egyel\u0151re nem ismertek.<\/p>\n<lite-youtube style=\"background-image: url('https:\/\/i.ytimg.com\/vi\/ZH2R4z7ZZjs\/hqdefault.jpg');\" videoid=\"ZH2R4z7ZZjs\" params=\"rel=0\"><\/lite-youtube>\n<p><b>16:40<\/b>\u00a0\u2013 A Kalinyinszki Ker\u00fcleti B\u00edr\u00f3s\u00e1g d\u00f6nt\u00e9se szerint az egyes\u00fclt kir\u00e1lys\u00e1gbeli Anthony Perrettet \u00f3vad\u00e9k ellen\u00e9ben szabadl\u00e1bra helyezik.<\/p>\n<p><b>15:40<\/b>\u00a0\u2013 A Primorszki Ker\u00fcleti B\u00edr\u00f3s\u00e1g d\u00f6nt\u00e9se szerint a d\u00e1n Anne Mie Roer Jensent \u00f3vad\u00e9k ellen\u00e9ben szabadl\u00e1bra helyezik.<\/p>\n<p><b>13:45<\/b>\u00a0\u2013 A Primorszki Ker\u00fcleti B\u00edr\u00f3s\u00e1g d\u00f6nt\u00e9se szerint a holland Mannes Ubelst \u00e9s az egyes\u00fclt kir\u00e1lys\u00e1gbeli Kieron Bryant \u00f3vad\u00e9k ellen\u00e9ben szabadl\u00e1bra helyezik.<\/p>\n<p><b>12:32<\/b>\u00a0\u2013 A Kalinyinszki Ker\u00fcleti B\u00edr\u00f3s\u00e1g d\u00f6nt\u00e9se szerint az amerikai Peter Willcox kapit\u00e1nyt \u00f3vad\u00e9k ellen\u00e9ben szabadl\u00e1bra helyezik.<\/p>\n<p><b>12:30<\/b>\u00a0\u2013\u00a0A Greenpeace International ma \u00fagy nyilatkozott, hogy m\u00e1r elk\u00fcldte a sarkvid\u00e9ki harmincak kilenc tagj\u00e1nak \u00f3vad\u00e9k\u00e1t, de nem rem\u00e9li, hogy a h\u00e9t v\u00e9ge el\u0151tt kiengedik \u0151ket. Az \u00fcgyv\u00e9dek kijelentett\u00e9k, hogy elkezdik az \u00f3vad\u00e9kok kifizet\u00e9s\u00e9t (amelynek \u00f6sszege fejenk\u00e9nt 2 milli\u00f3 rubel, azaz k\u00f6r\u00fclbel\u00fcl 13 milli\u00f3 forint), amilyen gyorsan csak lehet.<\/p>\n<p>A Greenpeace \u00fcgyv\u00e9dei szerint egy sor b\u00fcrokratikus akad\u00e1lyt kell megoldani, miel\u0151tt a sarkvid\u00e9ki harmincak b\u00e1rmelyike szabadl\u00e1bra ker\u00fcl, \u00e9s nem rem\u00e9lik, hogy b\u00e1rmelyik\u00fck kiker\u00fcl a b\u00f6rt\u00f6nb\u0151l a h\u00e9t v\u00e9ge el\u0151tt, ez ink\u00e1bb k\u00e9s\u0151bb val\u00f3sz\u00edn\u0171. M\u00e9g nem vil\u00e1gos, hogy kienged\u00e9s\u00fck ut\u00e1n mozg\u00e1suk korl\u00e1tozva lesz-e. Egyik\u00fck sem rendelkezik \u00fatlev\u00e9llel, miut\u00e1n az orosz biztons\u00e1gi er\u0151k elkobozt\u00e1k azokat az Arctic Sunrise haj\u00f3 lefoglal\u00e1sakor.<\/p>\n<p>A Greenpeace figyelmeztetett, hogy a foglyok nem lesznek addig szabadok, am\u00edg haza nem t\u00e9rhetnek a csal\u00e1djukhoz. Az aktivist\u00e1kat m\u00e9g mindig legal\u00e1bb egy s\u00falyos b\u0171ncselekm\u00e9nnyel v\u00e1dolj\u00e1k, \u00e9s amennyiben el\u00edt\u00e9lik \u0151ket, \u00e9veket t\u00f6lthetnek b\u00f6rt\u00f6nben.<\/p>\n<p>Az oroszorsz\u00e1gi ausztr\u00e1l nagyk\u00f6vet ma bejelentette, hogy megl\u00e1togatja a moszkvai K\u00fcl\u00fcgyminiszt\u00e9riumot, \u00e9s megk\u00eds\u00e9rel f\u00e9nyt der\u00edteni arra, hogy a h\u00e9ten a Greenpeace International ausztr\u00e1l aktivist\u00e1ja, Colin Russell eset\u00e9ben mi\u00e9rt utas\u00edtott\u00e1k el az \u00f3vad\u00e9k ir\u00e1nti k\u00e9relmet, \u00e9s hosszabb\u00edtott\u00e1k meg tov\u00e1bbi h\u00e1rom h\u00f3nappal az el\u0151zetes fogva tart\u00e1st.<\/p>\n<p><b>12:00<\/b>\u00a0\u2013 A Primorszki Ker\u00fcleti B\u00edr\u00f3s\u00e1g d\u00f6nt\u00e9se szerint az egyes\u00fclt kir\u00e1lys\u00e1gbeli Alexandra Harrist \u00f3vad\u00e9k ellen\u00e9ben szabadon engedik.<\/p>\n<p><b>11:30<\/b>\u00a0\u2013 A Primorszki Ker\u00fcleti B\u00edr\u00f3s\u00e1g d\u00f6nt\u00e9se szerint a holland Faiza Oulahsent \u00f3vad\u00e9k ellen\u00e9ben szabadon engedik.<\/p>\n<p>A b\u00edr\u00f3s\u00e1gi meghallgat\u00e1sok \u00e9l\u0151 k\u00f6zvet\u00edt\u00e9se Szentp\u00e9terv\u00e1rr\u00f3l\u00a0<a href=\"https:\/\/ruptly.tv\/embed\/25\" target=\"_blank\" rel=\"noopener noreferrer\">itt<\/a>\u00a0k\u00f6vethet\u0151.<\/p>\n<h2>9.h\u00e9t<\/h2>\n<h3>2013. november 19.<\/h3>\n<p><strong>16:30<\/strong>\u00a0\u2013 A szentp\u00e9terv\u00e1ri b\u00edr\u00f3s\u00e1g d\u00f6nt\u00e9se szerint a finn Sini Saarel\u00e1t \u00e9s a francia Francesco Pisanut \u00f3vad\u00e9k ellen\u00e9ben szabadon engedik.<\/p>\n<p><strong>14:45<\/strong>\u00a0\u2013 A szentp\u00e9terv\u00e1ri b\u00edr\u00f3s\u00e1g d\u00f6nt\u00e9se szerint az olasz Cristian D&#8217;Alessand\u00f3t \u00f3vad\u00e9k ellen\u00e9ben szabadon engedik.<\/p>\n<p><strong>14:30<\/strong>\u00a0\u2013\u00a0<a href=\"http:\/\/www.itlos.org\/fileadmin\/itlos\/documents\/press_releases_english\/PR_204_E.pdf\" target=\"_blank\" rel=\"noopener noreferrer\">A Nemzetk\u00f6zi Tengerjogi B\u00edr\u00f3s\u00e1g (ITLOS) az Arctic Sunrise \u00fcgy\u00e9ben<\/a>\u00a0(Holland Kir\u00e1lys\u00e1g kontra Orosz F\u00f6der\u00e1ci\u00f3) 2013. november 22-\u00e9n, p\u00e9nteken hat\u00e1rozatot hoz. Janai Sundzsi b\u00edr\u00f3, a b\u00edr\u00f3s\u00e1g eln\u00f6ke nyilv\u00e1nos \u00fcl\u00e9sen olvassa fel a hat\u00e1rozatot, k\u00f6z\u00e9p-eur\u00f3pai id\u0151 szerint 15 \u00f3rakor.<\/p>\n<p><strong>14:15<\/strong>\u00a0\u2013 A szentp\u00e9terv\u00e1ri b\u00edr\u00f3s\u00e1g d\u00f6nt\u00e9se szerint a kanadai Canadian Paul Ruzyckit \u00f3vad\u00e9k ellen\u00e9ben szabadon engedik.<\/p>\n<p><strong>13:45<\/strong>\u00a0\u2013 A szentp\u00e9terv\u00e1ri b\u00edr\u00f3s\u00e1g d\u00f6nt\u00e9se szerint az argentin Camila Spezial\u00e9t \u00f3vad\u00e9k ellen\u00e9ben szabadl\u00e1bra helyezik.<\/p>\n<p><strong>12:45<\/strong>\u00a0\u2013 A szentp\u00e9terv\u00e1ri b\u00edr\u00f3s\u00e1g d\u00f6nt\u00e9se szerint a lengyel Tomasz Dziemianczukot \u00f3vad\u00e9k ellen\u00e9ben szabadl\u00e1bra helyezik.<\/p>\n<p><strong>11:50<\/strong>\u00a0\u2013 A szentp\u00e9terv\u00e1ri b\u00edr\u00f3s\u00e1g d\u00f6nt\u00e9se szerint az argentin Miguel Hern\u00e1n Perez Orsit \u00f3vad\u00e9k ellen\u00e9ben szabadl\u00e1bra helyezik.<\/p>\n<p><strong>11:30<\/strong>\u00a0\u2013 A szentp\u00e9terv\u00e1ri b\u00edr\u00f3s\u00e1g d\u00f6nt\u00e9se szerint az \u00faj-z\u00e9landi David John Haussmannt \u00f3vad\u00e9k ellen\u00e9ben szabadl\u00e1bra helyezik.<\/p>\n<p><a href=\"http:\/\/www.greenpeace.org\/international\/en\/press\/releases\/Brazilian-and-New-Zealand-activists-granted-bail-in-Arctic-30-case\/\" target=\"_blank\" rel=\"noopener noreferrer\">A Primorszkiji Ker\u00fcleti B\u00edr\u00f3s\u00e1gon t\u00f6rt\u00e9nt fejlem\u00e9nyekre reag\u00e1lva a Greenpeace igazgat\u00f3ja, Kumi Naidoo \u00edgy nyilatkozott<\/a>:<\/p>\n<p>\u201eK\u00e9t d\u00e9lel\u0151tt alatt \u00e9rkeztek j\u00f3 \u00e9s rossz h\u00edrek, \u00e9s a j\u00f3 h\u00edreket is be\u00e1rny\u00e9kolja a fenyeget\u00e9s. M\u00e9g mindig nem tudjuk, vajon mi lesz a bar\u00e1tainkkal, ha kiengedik \u0151ket a b\u00f6rt\u00f6nb\u0151l: vajon h\u00e1zi \u0151rizetbe ker\u00fclnek, vagy egy\u00e1ltal\u00e1n kimehetnek-e. Amit biztosan tudunk, hogy m\u00e9g mindig v\u00e1d alatt \u00e1llnak, \u00e9s \u00e9veket t\u00f6lthetnek b\u00f6rt\u00f6nben, ha el\u00edt\u00e9lik \u0151ket egy olyan b\u0171nt\u00e9ny\u00e9rt, amelyet el sem k\u00f6vettek. Megd\u00f6bbent \u00e9s elkeser\u00edt benn\u00fcnket a t\u00e9ny, hogy Colin koll\u00e9g\u00e1nk \u00f3vad\u00e9kra vonatkoz\u00f3 k\u00e9relm\u00e9t elutas\u00edtott\u00e1k, \u00e9s visszak\u00fcldt\u00e9k a b\u00f6rt\u00f6nbe h\u00e1rom h\u00f3napra. A sarkvid\u00e9ki harmincak nem lesznek szabadok, am\u00edg minden egyes tagjuk haza nem ker\u00fcl a csal\u00e1dj\u00e1hoz.\u201d<strong><br \/>\n<\/strong><\/p>\n<p><strong>10:30<\/strong>\u00a0\u2013 A szentp\u00e9terv\u00e1ri b\u00edr\u00f3s\u00e1g d\u00f6nt\u00e9se szerint a brazil Ana Paula Alminhana Macielt \u00f3vad\u00e9k ellen\u00e9ben szabadon engedik. \u0150 az els\u0151 nem orosz \u00e1llampolg\u00e1rs\u00e1g\u00fa fogoly az aktivist\u00e1k k\u00f6z\u00fcl, akit \u00f3vad\u00e9k ellen\u00e9ben szabadon bocs\u00e1tanak.<\/p>\n<h3>2013. november 18.<\/h3>\n<p><b>21:00<\/b>\u00a0\u2013 A szentp\u00e9terv\u00e1ri b\u00edr\u00f3s\u00e1g d\u00f6nt\u00e9se szerint az orosz Andrej Allakverdovot \u00f3vad\u00e9k ellen\u00e9ben szabadon engedik. \u0150 a sarkvid\u00e9ki harmincak k\u00f6z\u00fcl a harmadik, akit \u00f3vad\u00e9k ellen\u00e9ben szabadl\u00e1bra helyeztek.<\/p>\n<p><strong>19:00<\/strong>\u00a0\u2013 A szentp\u00e9terv\u00e1ri b\u00edr\u00f3s\u00e1g d\u00f6nt\u00e9se szerint az orosz szabad\u00fasz\u00f3 fot\u00f3st, Gyenyisz Szinyakovot \u00f3vad\u00e9k ellen\u00e9ben szabadon engedik. \u0150 a sarkvid\u00e9ki harmincak k\u00f6z\u00fcl a m\u00e1sodik, akit \u00f3vad\u00e9k ellen\u00e9ben szabadl\u00e1bra helyeztek.<\/p>\n<p><strong>15:50<\/strong>\u00a0\u2013\u00a0<a href=\"http:\/\/www.greenpeace.org\/international\/en\/press\/releases\/Arctic-30-doctor-given-bail-in-St-Petersburg\/\" target=\"_blank\" rel=\"noopener noreferrer\">Jekatyerina Zaszpa meghallgat\u00e1s\u00e1n az \u00fcgy\u00e9sz nem emelt kifog\u00e1st az \u00f3vad\u00e9k ellen, \u00e9s a b\u00edr\u00f3 beleegyezett.<\/a>Ugyanabban a v\u00e1rosban, ugyanazon a napon, az ugyanarra a b\u00e9k\u00e9s tiltakoz\u00e1sra vonatkoz\u00f3 b\u00edr\u00f3s\u00e1gi meghallgat\u00e1s sor\u00e1n egy m\u00e1sik \u00fcgy\u00e9sz \u00e9s egy m\u00e1sik b\u00edr\u00f3 \u00fagy hat\u00e1rozott, hogy az ausztr\u00e1l Colin Russellnek tov\u00e1bbi h\u00e1rom h\u00f3napot b\u00f6rt\u00f6nben kell t\u00f6ltenie.<\/p>\n<p>A fogvatartottak \u00fcgyv\u00e9dei most fellebbez\u00e9st ny\u00fajtanak be az el\u0151zetes letart\u00f3ztat\u00e1s meghosszabb\u00edt\u00e1s\u00e1ra vonatkoz\u00f3 b\u00edr\u00f3i d\u00f6nt\u00e9sek ellen, \u00e9s minden fogvatartott eset\u00e9ben, akiknek az el\u0151zetes letart\u00f3ztat\u00e1s\u00e1t meghosszabb\u00edtott\u00e1k, \u00f3vad\u00e9k ir\u00e1nti k\u00e9relmet ny\u00fajtanak be.<\/p>\n<p>A b\u00edr\u00f3s\u00e1g el\u0151tt az \u00fcgy\u00e9szek az el\u0151zetes letart\u00f3ztat\u00e1s meghosszabb\u00edt\u00e1s\u00e1t nem kal\u00f3zkod\u00e1s v\u00e1dj\u00e1val k\u00e9rik. Eredetileg ez volt a v\u00e1d a harmincak ellen. Azonban a kal\u00f3zkod\u00e1s v\u00e1dj\u00e1nak visszavon\u00e1sa csup\u00e1n \u00edr\u00e1sos nyilatkozatban lehets\u00e9ges. A fogvatartottak \u00fcgyv\u00e9dei k\u00e9rv\u00e9nyt ny\u00fajtottak be a nyilatkozat kiad\u00e1s\u00e1\u00e9rt, de ez nem t\u00f6rt\u00e9nt meg. Ez azt jelzi, hogy politikai d\u00f6nt\u00e9sr\u0151l, \u00e9s nem a hat\u00f3s\u00e1gok figyelmetlens\u00e9g\u00e9r\u0151l van sz\u00f3.<\/p>\n<p>A b\u00edr\u00f3s\u00e1g el\u0151tt a mai napon az al\u00e1bbi aktivist\u00e1k jelennek meg: Ana Paula Maciel (Braz\u00edlia); Colin Russell (Ausztr\u00e1lia); David John Haussmann (\u00daj-Z\u00e9land); Jekatyerina Zaszpa (Oroszorsz\u00e1g); and Andrej Allakverdov (Oroszorsz\u00e1g). A szabad\u00fasz\u00f3 \u00fajs\u00e1g\u00edr\u00f3k, Kieron Bryan (Egyes\u00fclt Kir\u00e1lys\u00e1g) \u00e9s Gyenyisz Szinyakov (Oroszorsz\u00e1g) meghallgat\u00e1s\u00e1ra is ma ker\u00fcl sor.<\/p>\n<p><b>14:45<\/b>\u00a0\u2013 A szentp\u00e9terv\u00e1ri b\u00edr\u00f3s\u00e1g d\u00f6nt\u00e9se szerint az orosz Jekatyerina Zaszp\u00e1t \u00f3vad\u00e9k ellen\u00e9ben szabadon engedik.<\/p>\n<p><b>11:30<\/b>\u00a0\u2013\u00a0<a href=\"http:\/\/www.greenpeace.org\/international\/en\/press\/releases\/Arctic-30-activist-detained-until-February-by-Russian-court\/\" target=\"_blank\" rel=\"noopener noreferrer\">A szentp\u00e9terv\u00e1ri b\u00edr\u00f3s\u00e1g d\u00f6nt\u00e9se szerint<\/a>\u00a0az ausztr\u00e1l Colin Russell b\u00f6rt\u00f6nben marad febru\u00e1r 24-ig, am\u00edg a vizsg\u00e1lat tart. Az \u00f3vad\u00e9k vagy h\u00e1zi \u0151rizet ir\u00e1nti k\u00e9relmet elutas\u00edtott\u00e1k.<\/p>\n<div id=\"attachment_5211\" style=\"width: 610px\" class=\"wp-caption aligncenter\"><img loading=\"lazy\" decoding=\"async\" aria-describedby=\"caption-attachment-5211\" class=\"wp-image-5211 size-full\" src=\"https:\/\/www.greenpeace.org\/static\/planet4-hungary-stateless\/2019\/06\/3c7ccb7c-gp04ypg.jpg\" alt=\"\" width=\"600\" height=\"399\" srcset=\"https:\/\/www.greenpeace.org\/static\/planet4-hungary-stateless\/2019\/06\/3c7ccb7c-gp04ypg.jpg 600w, https:\/\/www.greenpeace.org\/static\/planet4-hungary-stateless\/2019\/06\/3c7ccb7c-gp04ypg-300x200.jpg 300w, https:\/\/www.greenpeace.org\/static\/planet4-hungary-stateless\/2019\/06\/3c7ccb7c-gp04ypg-510x340.jpg 510w\" sizes=\"auto, (max-width: 600px) 100vw, 600px\" \/><p id=\"caption-attachment-5211\" class=\"wp-caption-text\">Az ausztr\u00e1l Colin Russell<\/p><\/div>\n<p><b>09:00<\/b>\u00a0\u2013 Elkezd\u0151d\u00f6tt Jekatyerina Zaszpa, Colin Russell \u00e9s Ana Paula Alminhana Maciel el\u0151zetes fogva tart\u00e1s\u00e1nak meghosszabb\u00edt\u00e1s\u00e1ra vonatkoz\u00f3 meghallgat\u00e1sa a Kalinyinszki Ker\u00fcleti B\u00edr\u00f3s\u00e1gon.<\/p>\n<p>A szentp\u00e9terv\u00e1ri b\u00edr\u00f3s\u00e1gi meghallgat\u00e1s \u00e9l\u0151 k\u00f6zvet\u00edt\u00e9se\u00a0<a href=\"https:\/\/ruptly.tv\/embed\/23\" target=\"_blank\" rel=\"noopener noreferrer\">itt<\/a>\u00a0k\u00f6vethet\u0151.<\/p>\n<h3>2013. november 16.<\/h3>\n<p><a href=\"http:\/\/www.greenpeace.org\/international\/en\/press\/releases\/Worldwide-day-of-protests-mark-two-months-in-Russian-detention-for-Arctic-30\/\" target=\"_blank\" rel=\"noopener noreferrer\">Ma emberek ezrei vesznek r\u00e9szt b\u00e9k\u00e9s t\u00fcntet\u00e9sen a vil\u00e1g 43 orsz\u00e1g\u00e1nak 263 v\u00e1ros\u00e1ban,<\/a>\u00a0hogy kifejezz\u00e9k szolidarit\u00e1sukat azzal a harminc emberrel, akiket a Greenpeace International haj\u00f3j\u00e1r\u00f3l hurcoltak el a felfegyverzett orosz biztons\u00e1gi er\u0151k, \u00e9s b\u00f6rt\u00f6nbe vetett\u00e9k \u0151ket.<\/p>\n<p>J\u00f6v\u0151 h\u00e9ten lesz k\u00e9t h\u00f3napja, hogy a harmincakat letart\u00f3ztatt\u00e1k a sarkvid\u00e9ki olajf\u00far\u00e1sok ellen a Gazprom f\u00far\u00f3torny\u00e1n\u00e1l tartott b\u00e9k\u00e9s tiltakoz\u00e1sukat k\u00f6vet\u0151en a Pecsora-\u00f6b\u00f6lben.<\/p>\n<p>A glob\u00e1lis akci\u00f3nap t\u00e9rk\u00e9pe\u00a0<a href=\"http:\/\/www.greenpeace.org\/international\/en\/campaigns\/climate-change\/arctic-impacts\/November-16-Global-Day-of-Action\/\" target=\"_blank\" rel=\"noopener noreferrer\">itt<\/a>\u00a0l\u00e1that\u00f3.<br \/>\nA k\u00e9t h\u00f3napja tart\u00f3 igazs\u00e1gtalans\u00e1g ellen szervezett glob\u00e1lis szolidarit\u00e1si napon k\u00e9sz\u00fclt k\u00e9pek\u00a0<a href=\"http:\/\/photo.greenpeace.org\/C.aspx?VP3=ViewBox_VPage&amp;ALID=27MZIF3NEQ2A&amp;CT=Album\" target=\"_blank\" rel=\"noopener noreferrer\">itt<\/a>\u00a0l\u00e1that\u00f3k.<\/p>\n<h3>2013. november 13.<\/h3>\n<p><strong>17:00<\/strong>\u00a0\u2013 Roman Dolgovot \u00e9s Gyenyisz Szinyakovot a szentp\u00e9terv\u00e1ri SIZO 1 b\u00f6rt\u00f6nbe sz\u00e1ll\u00edtott\u00e1k.<\/p>\n<p>Alexandre Pault a szentp\u00e9terv\u00e1ri SIZO 4 b\u00f6rt\u00f6nbe sz\u00e1ll\u00edtott\u00e1k.<\/p>\n<p>Jekatyerina Zaszp\u00e1t a szentp\u00e9terv\u00e1ri SIZO 5 b\u00f6rt\u00f6nbe sz\u00e1ll\u00edtott\u00e1k.<\/p>\n<p><strong>15:00<\/strong>\u00a0\u2013 Anthony Perrettet a szentp\u00e9terv\u00e1ri SIZO 1 b\u00f6rt\u00f6nbe sz\u00e1ll\u00edtott\u00e1k.<br \/>\nRuszl\u00e1n Jakusevet a szentp\u00e9terv\u00e1ri SIZO 4 b\u00f6rt\u00f6nbe sz\u00e1ll\u00edtott\u00e1k.<\/p>\n<p><strong>13:30<\/strong>\u00a0\u2013 Mannes Ubelst a szentp\u00e9terv\u00e1ri SIZO 4 b\u00f6rt\u00f6nbe sz\u00e1ll\u00edtott\u00e1k.<br \/>\nFaiza Oulahsent a szentp\u00e9terv\u00e1ri SIZO 5 b\u00f6rt\u00f6nbe sz\u00e1ll\u00edtott\u00e1k.<\/p>\n<p><strong>12:30<\/strong>\u00a0\u2013 Tomasz Dziemianczukot a szentp\u00e9terv\u00e1ri SIZO 1 b\u00f6rt\u00f6nbe sz\u00e1ll\u00edtott\u00e1k.<\/p>\n<p>Miguel Hern\u00e1n Perez Orsit a szentp\u00e9terv\u00e1ri SIZO 4 b\u00f6rt\u00f6nbe sz\u00e1ll\u00edtott\u00e1k.<\/p>\n<p>Camila Spezial\u00e9t a szentp\u00e9terv\u00e1ri SIZO 5 b\u00f6rt\u00f6nbe sz\u00e1ll\u00edtott\u00e1k.<\/p>\n<p><strong>10:00<\/strong>\u00a0\u2013 Iain Rogerst, Francesco Pisanut \u00e9s Marco Webert a szentp\u00e9terv\u00e1ri SIZO 1, Gizem Akhant a SIZO 5 b\u00f6rt\u00f6nbe sz\u00e1ll\u00edtott\u00e1k.<\/p>\n<h2><strong>8. h\u00e9t<\/strong><\/h2>\n<h3>2013. november 12.<\/h3>\n<p><strong>18:30<\/strong>\u00a0\u2013 A szentp\u00e9terv\u00e1ri b\u00f6rt\u00f6nszolg\u00e1lat meger\u0151s\u00edtette a sarkvid\u00e9ki harmincak meg\u00e9rkez\u00e9s\u00e9nek h\u00edr\u00e9t.<\/p>\n<p>Peter Willcox, Dima Litvinov, Andrej Allakverdov, Frank Hewetson, Jonathan D. Beauchamp, Cristian D&#8217;Alessandro \u00e9s Philip Edward Ball a szentp\u00e9terv\u00e1ri SIZO 1 b\u00f6rt\u00f6nbe ker\u00fclt.<\/p>\n<p>Kieron Bryan, Paul D. Ruzycki, Colin Keith Russell \u00e9s David John Haussmann a szentp\u00e9terv\u00e1ri SIZO 4 b\u00f6rt\u00f6nbe ker\u00fclt.<\/p>\n<p>Alexandra Hazel Harris, Anne Mie Roer Jensen, Ana Paula Alminhana Maciel \u00e9s Sini Saarela a szentp\u00e9terv\u00e1ri SIZO 5 b\u00f6rt\u00f6nbe ker\u00fclt.<\/p>\n<p><strong>11:30<\/strong>\u00a0\u2013\u00a0<a href=\"http:\/\/www.greenpeace.org\/international\/en\/press\/releases\/Arctic-30-arrive-in-St-Petersburg\/\" target=\"_self\" rel=\"noopener noreferrer\">A sarkvid\u00e9ki harmincakat sz\u00e1ll\u00edt\u00f3 vonat helyi id\u0151 szerint kicsivel d\u00e9l ut\u00e1n \u00e9rkezett meg a szentp\u00e9terv\u00e1ri Ladozsszkij p\u00e1lyaudvarra.<\/a>\u00a0A sarkvid\u00e9ki harmincakat h\u00e9tf\u0151n kora reggel sz\u00e1ll\u00edtott\u00e1k \u00e1t a murmanszki b\u00f6rt\u00f6nb\u0151l b\u00f6rt\u00f6nvonattal; \u00e9rkez\u00e9skor a kocsit lekapcsolt\u00e1k, \u00e9s a p\u00e1lyaudvart\u00f3l egy kilom\u00e9terre \u00e1ll\u00edtott\u00e1k le. A hat\u00f3s\u00e1gok a foglyokat buszokra rakt\u00e1k, nagy rend\u0151ri jelenl\u00e9t mellett.<\/p>\n<p>M\u00e9g nem biztos, hogy melyik szentp\u00e9terv\u00e1ri b\u00f6rt\u00f6nbe ker\u00fclnek, \u00e9s hogy az \u00faj helyen a murmanszki b\u00f6rt\u00f6nh\u00f6z k\u00e9pest jobbak lesznek-e a k\u00f6r\u00fclm\u00e9nyek. A 28 Greenpeace International-aktivist\u00e1t \u00e9s a k\u00e9t szabad\u00fasz\u00f3 \u00fajs\u00e1g\u00edr\u00f3t val\u00f3sz\u00edn\u0171leg t\u00f6bb szentp\u00e9terv\u00e1ri b\u00f6rt\u00f6nben helyezik el.<\/p>\n<p>A sarkvid\u00e9ki harmincakat k\u00e9pvisel\u0151 \u00fcgyv\u00e9dek \u00e9s a t\u00e1mogat\u00f3 csapat m\u00e1r meg\u00e9rkezett Szentp\u00e9terv\u00e1rra.<\/p>\n<div id=\"attachment_5233\" style=\"width: 610px\" class=\"wp-caption aligncenter\"><img loading=\"lazy\" decoding=\"async\" aria-describedby=\"caption-attachment-5233\" class=\"wp-image-5233 size-full\" src=\"https:\/\/www.greenpeace.org\/static\/planet4-hungary-stateless\/2013\/11\/82d80cb2-gp04xxo-1.jpg\" alt=\"\" width=\"600\" height=\"448\" srcset=\"https:\/\/www.greenpeace.org\/static\/planet4-hungary-stateless\/2013\/11\/82d80cb2-gp04xxo-1.jpg 600w, https:\/\/www.greenpeace.org\/static\/planet4-hungary-stateless\/2013\/11\/82d80cb2-gp04xxo-1-300x224.jpg 300w, https:\/\/www.greenpeace.org\/static\/planet4-hungary-stateless\/2013\/11\/82d80cb2-gp04xxo-1-455x340.jpg 455w\" sizes=\"auto, (max-width: 600px) 100vw, 600px\" \/><p id=\"caption-attachment-5233\" class=\"wp-caption-text\">A sajt\u00f3 v\u00e1rja a sarkvid\u00e9ki harmincak \u00e9rkez\u00e9s\u00e9t a szentp\u00e9terv\u00e1ri Ladozsszkij vas\u00fat\u00e1llom\u00e1sra. \u00a9 Greenpeace<\/p><\/div>\n<p><strong><a href=\"http:\/\/greenpeace.blog.hu\/2013\/09\/24\/az_ex-kgb-vel_a_greenpeace_ellen\" target=\"_self\" rel=\"noopener noreferrer\">A kor\u00e1bbi esem\u00e9nyeket l\u00e1sd itt.<\/a><\/strong><\/p>\n\t\t\t<section\n\t\t\tclass=\"boxout post-4565 \"\n\t\t\t\n\t\t>\n\t\t\t<a\n\t\t\t\tdata-ga-category=\"Take Action Boxout\"\n\t\t\t\tdata-ga-action=\"Image\"\n\t\t\t\tdata-ga-label=\"n\/a\"\n\t\t\t\tclass=\"cover-card-overlay\"\n\t\t\t\thref=\"https:\/\/www.greenpeace.org\/hungary\/cselekedj\/vedjuk-meg-az-oceanokat\/\" \n\t\t\t><\/a>\n\t\t\t\t\t\t\t<img\n\t\t\t\t\t\tsrc=\"https:\/\/www.greenpeace.org\/static\/planet4-hungary-stateless\/2019\/06\/52a52a09-gp0stoe38-1024x683.jpg\"\n\t\t\t\t\t\tsrcset=\"https:\/\/www.greenpeace.org\/static\/planet4-hungary-stateless\/2019\/06\/52a52a09-gp0stoe38-300x200.jpg 300w, https:\/\/www.greenpeace.org\/static\/planet4-hungary-stateless\/2019\/06\/52a52a09-gp0stoe38-768x512.jpg 768w, https:\/\/www.greenpeace.org\/static\/planet4-hungary-stateless\/2019\/06\/52a52a09-gp0stoe38-1024x683.jpg 1024w, https:\/\/www.greenpeace.org\/static\/planet4-hungary-stateless\/2019\/06\/52a52a09-gp0stoe38-510x340.jpg 510w, https:\/\/www.greenpeace.org\/static\/planet4-hungary-stateless\/2019\/06\/52a52a09-gp0stoe38.jpg 1200w\"\n\t\t\t\t\t\tsizes=\"(min-width: 1000px) 358px, (min-width: 780px) 313px, 88px\"\n\t\t\t\t\t\talt=\"Hawksbill Turtle in Komodo National Park. \u00a9 Paul Hilton \/ Greenpeace\" title=\"Hawksbill Turtle in Komodo National Park. \u00a9 Paul Hilton \/ Greenpeace\"\n\t\t\t\t\/>\n            \t\t\t<div class=\"boxout-content\">\n\t\t\t\t\t\t\t\t\t<a\n\t\t\t\t\t\tclass=\"boxout-heading medium\"\n\t\t\t\t\t\tdata-ga-category=\"Take Action Boxout\"\n\t\t\t\t\t\tdata-ga-action=\"Title\"\n\t\t\t\t\t\tdata-ga-label=\"n\/a\"\n\t\t\t\t\t\thref=\"https:\/\/www.greenpeace.org\/hungary\/cselekedj\/vedjuk-meg-az-oceanokat\/\"\n\t\t\t\t\t\t\n\t\t\t\t\t>\n\t\t\t\t\t\tV\u00e9dj\u00fck meg az \u00f3ce\u00e1nokat!\n\t\t\t\t\t<\/a>\n\t\t\t\t\t\t\t\t\t\t\t\t\t<p class=\"boxout-excerpt\">Kl\u00edmav\u00e1ltoz\u00e1s, m\u0171anyagszennyez\u00e9s, m\u00e9lytengeri b\u00e1ny\u00e1szat, t\u00falhal\u00e1szat: az \u00f3ce\u00e1nokat fenyeget\u0151 vesz\u00e9lyek napr\u00f3l napra s\u00falyosabbak. MOST KELL CSELEKEDN\u00dcNK!<\/p>\n\t\t\t\t                                    <a\n                        class=\"btn btn-primary\"\n                        data-ga-category=\"Take Action Boxout\"\n                        data-ga-action=\"Call to Action\"\n                        data-ga-label=\"n\/a\"\n                        href=\"https:\/\/www.greenpeace.org\/hungary\/cselekedj\/vedjuk-meg-az-oceanokat\/\"\n                        \n                    >\n                        Cselekszem\n                    <\/a>\n                \t\t\t<\/div>\n\t\t\t\t\t<\/section>\n\t","protected":false},"excerpt":{"rendered":"<p>B\u00e9k\u00e9s t\u00fcntet\u00e9st\u0151l a dr\u00e1mai megsz\u00e1ll\u00e1sig: avagy mik t\u00f6rt\u00e9ntek az\u00f3ta, hogy az Arctic Sunrise haj\u00f3nk szeptember 18-\u00e1n demonstr\u00e1ci\u00f3ba kezdett. K\u00e9rj\u00fck, \u00edrd al\u00e1 a pet\u00edci\u00f3nkat: engedj\u00e9k szabadon&#8230;<\/p>\n","protected":false},"author":27,"featured_media":5211,"comment_status":"closed","ping_status":"closed","sticky":false,"template":"","format":"standard","meta":{"ep_exclude_from_search":false,"p4_og_title":"","p4_og_description":"","p4_og_image":"","p4_og_image_id":"","p4_seo_canonical_url":"","p4_campaign_name":"","p4_local_project":"","p4_basket_name":"","p4_department":"","footnotes":""},"categories":[4,2],"tags":[26,28,31],"p4-page-type":[40],"class_list":["post-5210","post","type-post","status-publish","format-standard","has-post-thumbnail","hentry","category-ember-tarsadalom","category-klima-energia","tag-fosszilis","tag-sarkvidek","tag-viz","p4-page-type-blog"],"_links":{"self":[{"href":"https:\/\/www.greenpeace.org\/hungary\/wp-json\/wp\/v2\/posts\/5210","targetHints":{"allow":["GET"]}}],"collection":[{"href":"https:\/\/www.greenpeace.org\/hungary\/wp-json\/wp\/v2\/posts"}],"about":[{"href":"https:\/\/www.greenpeace.org\/hungary\/wp-json\/wp\/v2\/types\/post"}],"author":[{"embeddable":true,"href":"https:\/\/www.greenpeace.org\/hungary\/wp-json\/wp\/v2\/users\/27"}],"replies":[{"embeddable":true,"href":"https:\/\/www.greenpeace.org\/hungary\/wp-json\/wp\/v2\/comments?post=5210"}],"version-history":[{"count":5,"href":"https:\/\/www.greenpeace.org\/hungary\/wp-json\/wp\/v2\/posts\/5210\/revisions"}],"predecessor-version":[{"id":9015,"href":"https:\/\/www.greenpeace.org\/hungary\/wp-json\/wp\/v2\/posts\/5210\/revisions\/9015"}],"wp:featuredmedia":[{"embeddable":true,"href":"https:\/\/www.greenpeace.org\/hungary\/wp-json\/wp\/v2\/media\/5211"}],"wp:attachment":[{"href":"https:\/\/www.greenpeace.org\/hungary\/wp-json\/wp\/v2\/media?parent=5210"}],"wp:term":[{"taxonomy":"category","embeddable":true,"href":"https:\/\/www.greenpeace.org\/hungary\/wp-json\/wp\/v2\/categories?post=5210"},{"taxonomy":"post_tag","embeddable":true,"href":"https:\/\/www.greenpeace.org\/hungary\/wp-json\/wp\/v2\/tags?post=5210"},{"taxonomy":"p4-page-type","embeddable":true,"href":"https:\/\/www.greenpeace.org\/hungary\/wp-json\/wp\/v2\/p4-page-type?post=5210"}],"curies":[{"name":"wp","href":"https:\/\/api.w.org\/{rel}","templated":true}]}}