{"id":5301,"date":"2013-10-13T22:48:32","date_gmt":"2013-10-13T20:48:32","guid":{"rendered":"https:\/\/www.greenpeace.org\/hungary\/?p=5301"},"modified":"2025-07-02T09:17:44","modified_gmt":"2025-07-02T07:17:44","slug":"bolgar-rendorok-es-bekes-demonstracio-balkani-elmenybeszamolo","status":"publish","type":"post","link":"https:\/\/www.greenpeace.org\/hungary\/blog\/5301\/bolgar-rendorok-es-bekes-demonstracio-balkani-elmenybeszamolo\/","title":{"rendered":"Bolg\u00e1r rend\u0151r\u00f6k \u00e9s b\u00e9k\u00e9s demonstr\u00e1ci\u00f3 \u2013 balk\u00e1ni \u00e9lm\u00e9nybesz\u00e1mol\u00f3"},"content":{"rendered":"<p><strong>Egyik aktivist\u00e1nk, Bence szeptember v\u00e9g\u00e9n Bulg\u00e1ri\u00e1ban vett r\u00e9szt egy er\u0151szakmentes demonstr\u00e1ci\u00f3ban az \u00c9szaki-sarkvid\u00e9k meg\u00f3v\u00e1s\u00e1\u00e9rt. Az \u0151 besz\u00e1mol\u00f3ja k\u00f6vetkezik.<\/strong><\/p>\n<p>Amint m\u00e1szok fel a tet\u0151re, h\u00e1tamon egy cirill bet\u0171s \u201eGAZPROM \u2013 \u0412\u042a\u041d \u041e\u0422 \u0410\u0420\u041a\u0422\u0418\u041a\u0410!\u201d (Gazprom \u2013 vonulj ki az \u00c9szaki-sarkr\u00f3l) felirat\u00fa transzparenssel, egy t\u00e9v\u00e9st\u00e1b interj\u00fat akar k\u00e9sz\u00edteni vel\u00fcnk. El\u00e9gg\u00e9 groteszk helyzet. Ek\u00f6zben a t\u00f6bbi, k\u00fcl\u00f6nb\u00f6z\u0151 nemzetis\u00e9g\u0171 aktivista l\u00e1ncolja mag\u00e1t a benzink\u00fat t\u00f6lt\u0151standjaihoz \u201eEngedj\u00e9k szabadon a Greenpeace-aktivist\u00e1kat\u201d felirat\u00fa bannereket tartva, ellehetetlen\u00edtve ezzel a tankol\u00e1st. Bolg\u00e1r term\u00e9szetv\u00e9d\u0151 t\u00e1rsam gyorsan megv\u00e1laszolja a k\u00e9rd\u00e9seket, s p\u00e1r perc m\u00falva bontjuk is a transzparenst Bulg\u00e1ria egyetlen Gazprom benzink\u00fatja f\u0151\u00e9p\u00fclet\u00e9nek tetej\u00e9r\u0151l.<\/p>\n<p><img loading=\"lazy\" decoding=\"async\" class=\"aligncenter size-full wp-image-5302\" src=\"https:\/\/www.greenpeace.org\/static\/planet4-hungary-stateless\/2019\/06\/967fc54e-nhimjop.jpg\" alt=\"\" width=\"960\" height=\"627\" srcset=\"https:\/\/www.greenpeace.org\/static\/planet4-hungary-stateless\/2019\/06\/967fc54e-nhimjop.jpg 960w, https:\/\/www.greenpeace.org\/static\/planet4-hungary-stateless\/2019\/06\/967fc54e-nhimjop-300x196.jpg 300w, https:\/\/www.greenpeace.org\/static\/planet4-hungary-stateless\/2019\/06\/967fc54e-nhimjop-768x502.jpg 768w, https:\/\/www.greenpeace.org\/static\/planet4-hungary-stateless\/2019\/06\/967fc54e-nhimjop-510x333.jpg 510w\" sizes=\"auto, (max-width: 960px) 100vw, 960px\" \/><\/p>\n<p><a id=\"more5564841\" name=\"more5564841\"><\/a><\/p>\n<p>Az olajv\u00e1llalat a tervek szerint 2014-ben m\u00e1r kereskedelmi c\u00e9llal v\u00e9gez olajf\u00far\u00e1sokat a sarkvid\u00e9ken. Ez, valamint a 30 b\u00e9k\u00e9s k\u00f6rnyezetv\u00e9d\u0151 m\u00e9lt\u00e1nytalan oroszorsz\u00e1gi letart\u00f3ztat\u00e1sa sarkallta tettre a Magyarorsz\u00e1gr\u00f3l, Ausztri\u00e1b\u00f3l, Bulg\u00e1ri\u00e1b\u00f3l, Szlov\u00e1ki\u00e1b\u00f3l \u00e9s Szlov\u00e9ni\u00e1b\u00f3l \u00e9rkez\u0151 z\u00f6ldeket.<\/p>\n<p>\u201eAz \u00e9szaki-sarkvid\u00e9ki olajf\u00far\u00e1s s\u00falyos k\u00f6rnyezetv\u00e9delmi kock\u00e1zatot jelent, amelyet azonnal meg kell sz\u00fcntetni. Ezt az egyedi, \u00e9rintetlen t\u00e9rs\u00e9get glob\u00e1lisan v\u00e9dett ter\u00fclett\u00e9 kellene nyilv\u00e1n\u00edtani \u2013 kiz\u00e1rva onnan az azt t\u00f6nkretenni sz\u00e1nd\u00e9koz\u00f3 piszkos olajv\u00e1llalatokat. Az \u00c9szaki-sarkvid\u00e9k mindannyiunk sz\u00e1m\u00e1ra fontos: h\u0171v\u00f6sen tartja az eg\u00e9sz bolyg\u00f3nkat, \u00e9s mindent meg kell tenn\u00fcnk annak \u00e9rdek\u00e9ben, hogy meg\u0151rizz\u00fck\u201d \u2013 magyar\u00e1zza az \u00fajs\u00e1g\u00edr\u00f3k had\u00e1nak Denitza Petrova, a Greenpeace bulg\u00e1riai kamp\u00e1nyosa.<\/p>\n<p>A gyorsan ki\u00e9rkez\u0151 biztons\u00e1gi \u0151r\u00f6k ut\u00e1n, lassan, egyes\u00e9vel sz\u00e1lling\u00f3zva j\u00f6nnek a helysz\u00ednre a rend\u0151r\u00f6k, akik l\u00e1that\u00f3an nem nagyon tudj\u00e1k, mit kezdjenek a helyzettel, l\u00e9v\u00e9n a jelenlegi a m\u00e1sodik ilyen jelleg\u0171 demonstr\u00e1ci\u00f3 Bulg\u00e1ria t\u00f6rt\u00e9net\u00e9ben. Nagyj\u00e1b\u00f3l kett\u0151\u2013k\u00e9t \u00e9s f\u00e9l \u00f3ra eltelt\u00e9vel felsz\u00f3l\u00edtanak minket a helysz\u00edn elhagy\u00e1s\u00e1ra, aminek sajnos az id\u0151k\u00f6zben meghib\u00e1sodott l\u00e9tra miatt nem tudunk eleget tenni. Id\u0151vel meg\u00e9rkezik a t\u0171zolt\u00f3s\u00e1g is, akik hozz\u00e1l\u00e1tnak a lentiek l\u00e1nc\u00e1nak sz\u00e9tv\u00e1g\u00e1s\u00e1hoz. M\u00e9g a hidraulikus er\u0151v\u00e1g\u00f3val is izzadnak. Ezt k\u00f6vet\u0151en felj\u00f6nnek \u00e9rt\u00fcnk a tet\u0151re, ahonnan az indokoltn\u00e1l nagyobb m\u00e9rt\u00e9kben t\u00falbiztos\u00edtva seg\u00edtenek a f\u00f6ldre, majd a rabsz\u00e1ll\u00edt\u00f3ba k\u00eds\u00e9rnek minket.<\/p>\n<p>Az \u0151rs\u00f6n nagyj\u00e1b\u00f3l h\u00fasz perc alatt elint\u00e9zik a k\u00f6telez\u0151 pap\u00edrmunk\u00e1t, majd k\u00f6zlik, hogy innent\u0151l nem akarnak az \u00fcggyel tov\u00e1bb foglalkozni, \u00edgy h\u00e1t megbesz\u00e9lj\u00fck t\u00f6rt\u00e9nelm\u00fcnk k\u00f6z\u00f6s pontjait, a k\u00f6rnyezetszennyez\u00e9s vesz\u00e9lyeit, \u00e9s az \u00e9let egy\u00e9b nagy k\u00e9rd\u00e9seit. A rend\u0151r\u00f6k rendk\u00edv\u00fcl sz\u00edv\u00e9lyesek, a j\u00f3 besz\u00e9lget\u00e9s elmaradhatatlan k\u00eds\u00e9r\u0151jek\u00e9nt el\u0151ker\u00fcl p\u00e1r \u00fcveg bor is, amit igen komoly er\u0151fesz\u00edt\u00e9ssel siker\u00fcl csak visszautas\u00edtani. H\u00e1t ez lenne a Balk\u00e1n\u2026 V\u00e9geredm\u00e9nyben a rend\u0151r\u00f6k egyet\u00e9rtettek c\u00e9ljainkkal, s a m\u00e1snapi t\u00e1rgyal\u00e1son a b\u00edr\u00f3n\u0151 is meger\u0151s\u00edtette, hogy nem tett\u00fcnk semmi rosszat.<\/p>\n<p>A t\u00f6rt\u00e9net itt v\u00e9gz\u0151dne, de m\u00e9gsem; m\u00edg a c\u00e9lt el nem \u00e9rj\u00fck, v\u00e9gr\u0151l nem besz\u00e9lhet\u00fcnk.\u00a0<a href=\"http:\/\/www.greenpeace.hu\/szabadsagot-az-aktivistaknak?utm_source=bloghu1013\">K\u00e9rlek, \u00edrd al\u00e1 pet\u00edci\u00f3nkat<\/a> a sarkvid\u00e9k megv\u00e9d\u00e9s\u00e9\u00e9rt, \u00e9s az Oroszorsz\u00e1gban letart\u00f3ztatott 30 aktivista szabadon enged\u00e9s\u00e9\u00e9rt!<\/p>\n\t\t\t<section\n\t\t\tclass=\"boxout post-4565 \"\n\t\t\t\n\t\t>\n\t\t\t<a\n\t\t\t\tdata-ga-category=\"Take Action Boxout\"\n\t\t\t\tdata-ga-action=\"Image\"\n\t\t\t\tdata-ga-label=\"n\/a\"\n\t\t\t\tclass=\"cover-card-overlay\"\n\t\t\t\thref=\"https:\/\/www.greenpeace.org\/hungary\/cselekedj\/vedjuk-meg-az-oceanokat\/\" \n\t\t\t><\/a>\n\t\t\t\t\t\t\t<img\n\t\t\t\t\t\tsrc=\"https:\/\/www.greenpeace.org\/static\/planet4-hungary-stateless\/2019\/06\/52a52a09-gp0stoe38-1024x683.jpg\"\n\t\t\t\t\t\tsrcset=\"https:\/\/www.greenpeace.org\/static\/planet4-hungary-stateless\/2019\/06\/52a52a09-gp0stoe38-300x200.jpg 300w, https:\/\/www.greenpeace.org\/static\/planet4-hungary-stateless\/2019\/06\/52a52a09-gp0stoe38-768x512.jpg 768w, https:\/\/www.greenpeace.org\/static\/planet4-hungary-stateless\/2019\/06\/52a52a09-gp0stoe38-1024x683.jpg 1024w, https:\/\/www.greenpeace.org\/static\/planet4-hungary-stateless\/2019\/06\/52a52a09-gp0stoe38-510x340.jpg 510w, https:\/\/www.greenpeace.org\/static\/planet4-hungary-stateless\/2019\/06\/52a52a09-gp0stoe38.jpg 1200w\"\n\t\t\t\t\t\tsizes=\"(min-width: 1000px) 358px, (min-width: 780px) 313px, 88px\"\n\t\t\t\t\t\talt=\"Hawksbill Turtle in Komodo National Park. \u00a9 Paul Hilton \/ Greenpeace\" title=\"Hawksbill Turtle in Komodo National Park. \u00a9 Paul Hilton \/ Greenpeace\"\n\t\t\t\t\/>\n            \t\t\t<div class=\"boxout-content\">\n\t\t\t\t\t\t\t\t\t<a\n\t\t\t\t\t\tclass=\"boxout-heading medium\"\n\t\t\t\t\t\tdata-ga-category=\"Take Action Boxout\"\n\t\t\t\t\t\tdata-ga-action=\"Title\"\n\t\t\t\t\t\tdata-ga-label=\"n\/a\"\n\t\t\t\t\t\thref=\"https:\/\/www.greenpeace.org\/hungary\/cselekedj\/vedjuk-meg-az-oceanokat\/\"\n\t\t\t\t\t\t\n\t\t\t\t\t>\n\t\t\t\t\t\tV\u00e9dj\u00fck meg az \u00f3ce\u00e1nokat!\n\t\t\t\t\t<\/a>\n\t\t\t\t\t\t\t\t\t\t\t\t\t<p class=\"boxout-excerpt\">Kl\u00edmav\u00e1ltoz\u00e1s, m\u0171anyagszennyez\u00e9s, m\u00e9lytengeri b\u00e1ny\u00e1szat, t\u00falhal\u00e1szat: az \u00f3ce\u00e1nokat fenyeget\u0151 vesz\u00e9lyek napr\u00f3l napra s\u00falyosabbak. MOST KELL CSELEKEDN\u00dcNK!<\/p>\n\t\t\t\t                                    <a\n                        class=\"btn btn-primary\"\n                        data-ga-category=\"Take Action Boxout\"\n                        data-ga-action=\"Call to Action\"\n                        data-ga-label=\"n\/a\"\n                        href=\"https:\/\/www.greenpeace.org\/hungary\/cselekedj\/vedjuk-meg-az-oceanokat\/\"\n                        \n                    >\n                        Cselekszem\n                    <\/a>\n                \t\t\t<\/div>\n\t\t\t\t\t<\/section>\n\t","protected":false},"excerpt":{"rendered":"<p>Egyik aktivist\u00e1nk, Bence szeptember v\u00e9g\u00e9n Bulg\u00e1ri\u00e1ban vett r\u00e9szt egy er\u0151szakmentes demonstr\u00e1ci\u00f3ban az \u00c9szaki-sarkvid\u00e9k meg\u00f3v\u00e1s\u00e1\u00e9rt. Az \u0151 besz\u00e1mol\u00f3ja k\u00f6vetkezik.<\/p>\n","protected":false},"author":27,"featured_media":5302,"comment_status":"closed","ping_status":"closed","sticky":false,"template":"","format":"standard","meta":{"ep_exclude_from_search":false,"p4_og_title":"","p4_og_description":"","p4_og_image":"","p4_og_image_id":"","p4_seo_canonical_url":"","p4_campaign_name":"","p4_local_project":"","p4_basket_name":"","p4_department":"","footnotes":""},"categories":[2],"tags":[6,24,26,28],"p4-page-type":[40],"class_list":["post-5301","post","type-post","status-publish","format-standard","has-post-thumbnail","hentry","category-klima-energia","tag-klimavedelem","tag-szennyezes","tag-fosszilis","tag-sarkvidek","p4-page-type-blog"],"_links":{"self":[{"href":"https:\/\/www.greenpeace.org\/hungary\/wp-json\/wp\/v2\/posts\/5301","targetHints":{"allow":["GET"]}}],"collection":[{"href":"https:\/\/www.greenpeace.org\/hungary\/wp-json\/wp\/v2\/posts"}],"about":[{"href":"https:\/\/www.greenpeace.org\/hungary\/wp-json\/wp\/v2\/types\/post"}],"author":[{"embeddable":true,"href":"https:\/\/www.greenpeace.org\/hungary\/wp-json\/wp\/v2\/users\/27"}],"replies":[{"embeddable":true,"href":"https:\/\/www.greenpeace.org\/hungary\/wp-json\/wp\/v2\/comments?post=5301"}],"version-history":[{"count":6,"href":"https:\/\/www.greenpeace.org\/hungary\/wp-json\/wp\/v2\/posts\/5301\/revisions"}],"predecessor-version":[{"id":12273,"href":"https:\/\/www.greenpeace.org\/hungary\/wp-json\/wp\/v2\/posts\/5301\/revisions\/12273"}],"wp:featuredmedia":[{"embeddable":true,"href":"https:\/\/www.greenpeace.org\/hungary\/wp-json\/wp\/v2\/media\/5302"}],"wp:attachment":[{"href":"https:\/\/www.greenpeace.org\/hungary\/wp-json\/wp\/v2\/media?parent=5301"}],"wp:term":[{"taxonomy":"category","embeddable":true,"href":"https:\/\/www.greenpeace.org\/hungary\/wp-json\/wp\/v2\/categories?post=5301"},{"taxonomy":"post_tag","embeddable":true,"href":"https:\/\/www.greenpeace.org\/hungary\/wp-json\/wp\/v2\/tags?post=5301"},{"taxonomy":"p4-page-type","embeddable":true,"href":"https:\/\/www.greenpeace.org\/hungary\/wp-json\/wp\/v2\/p4-page-type?post=5301"}],"curies":[{"name":"wp","href":"https:\/\/api.w.org\/{rel}","templated":true}]}}