{"id":5485,"date":"2019-09-17T13:21:17","date_gmt":"2019-09-17T11:21:17","guid":{"rendered":"https:\/\/www.greenpeace.org\/hungary\/?p=5485"},"modified":"2019-11-06T09:40:12","modified_gmt":"2019-11-06T08:40:12","slug":"6-dolog-amit-meg-szeptemberben-megtehetsz-a-klima-vedelmeben","status":"publish","type":"post","link":"https:\/\/www.greenpeace.org\/hungary\/blog\/5485\/6-dolog-amit-meg-szeptemberben-megtehetsz-a-klima-vedelmeben\/","title":{"rendered":"6 dolog, amit m\u00e9g szeptemberben megtehetsz a kl\u00edma v\u00e9delm\u00e9ben"},"content":{"rendered":"<p><strong>Nincs vesztegetni val\u00f3 id\u0151nk. L\u00e1ngolnak a vil\u00e1g erdei, hihetetlen \u00fctemben olvadnak a sarkvid\u00e9ki j\u00e9gsapk\u00e1k, \u00f3ce\u00e1njainkat ellepi a m\u0171anyaghullad\u00e9k. A F\u00f6ld\u00f6n \u00e9l\u0151 k\u00f6r\u00fclbel\u00fcl \u00f6tmilli\u00f3 faj k\u00f6z\u00fcl egymilli\u00f3 van a k\u00f6zvetlen kipusztul\u00e1s sz\u00e9l\u00e9n. Ha ez nem lenne el\u00e9g, egy friss ENSZ-jelent\u00e9s szerint a vil\u00e1g term\u0151f\u00f6ldjeinek harmada m\u00e1r most rendk\u00edv\u00fcl rossz \u00e1llapotban van, ami s\u00f9lyosan vesz\u00e9lyezteti az \u00e9lelmiszerbiztons\u00e1gunkat. Nem k\u00e9rd\u00e9s, azonnali cselekv\u00e9sre van sz\u00fcks\u00e9g, hogy meg tudjunk k\u00fczdeni a jelen\u00fcnket \u00e9s a j\u00f6v\u0151nket fenyeget\u0151 legnagyobb vesz\u00e9llyel, a <a href=\"https:\/\/act.greenpeace.org\/page\/46215\/petition\/1\" target=\"_blank\" rel=\"noopener noreferrer\">kl\u00edmav\u00e9szhelyzettel<\/a>. Ha te is tenni akarsz a v\u00e1ltoz\u00e1s\u00e9rt, szeptemberben erre sz\u00e1mos lehet\u0151s\u00e9ged lesz. Mutatjuk, melyek azok a l\u00e9p\u00e9sek, amiket m\u00e9g megtehetsz ebben a h\u00f3napban.<\/strong><\/p>\n<h2>K\u00f6vetelj Magyarorsz\u00e1gnak kl\u00edmav\u00e9delmet<\/h2>\n<div id=\"attachment_5486\" style=\"width: 5500px\" class=\"wp-caption alignnone\"><img loading=\"lazy\" decoding=\"async\" aria-describedby=\"caption-attachment-5486\" class=\"wp-image-5486 size-full\" src=\"https:\/\/www.greenpeace.org\/static\/planet4-hungary-stateless\/2019\/09\/3aa2a759-48679261117_a1abbf7818_o.jpg\" alt=\"\" width=\"5490\" height=\"3660\" srcset=\"https:\/\/www.greenpeace.org\/static\/planet4-hungary-stateless\/2019\/09\/3aa2a759-48679261117_a1abbf7818_o.jpg 5490w, https:\/\/www.greenpeace.org\/static\/planet4-hungary-stateless\/2019\/09\/3aa2a759-48679261117_a1abbf7818_o-300x200.jpg 300w, https:\/\/www.greenpeace.org\/static\/planet4-hungary-stateless\/2019\/09\/3aa2a759-48679261117_a1abbf7818_o-768x512.jpg 768w, https:\/\/www.greenpeace.org\/static\/planet4-hungary-stateless\/2019\/09\/3aa2a759-48679261117_a1abbf7818_o-1024x683.jpg 1024w, https:\/\/www.greenpeace.org\/static\/planet4-hungary-stateless\/2019\/09\/3aa2a759-48679261117_a1abbf7818_o-2048x1366.jpg 2048w, https:\/\/www.greenpeace.org\/static\/planet4-hungary-stateless\/2019\/09\/3aa2a759-48679261117_a1abbf7818_o-510x340.jpg 510w\" sizes=\"auto, (max-width: 5490px) 100vw, 5490px\" \/><p id=\"caption-attachment-5486\" class=\"wp-caption-text\">L\u00e1ngol\u00f3 F\u00f6ld a H\u0151s\u00f6k ter\u00e9n. Fot\u00f3: J\u00e1rd\u00e1ny Bence \/ Greenpeace<\/p><\/div>\n<p>Bizony\u00edtott t\u00e9ny: Magyarorsz\u00e1g sokkal jobban <a href=\"https:\/\/www.met.hu\/omsz\/OMSZ_hirek\/index.php?id=2384\" target=\"_blank\" rel=\"noopener noreferrer\">melegszik<\/a>, mint a vil\u00e1g\u00e1tlag. Az extr\u00e9m forr\u00f3 idei ny\u00e1r, a tavaszi s\u00falyos asz\u00e1ly, a rekordokat d\u00f6nt\u0151 2018-as alacsony dunai v\u00edzszint, \u00e9s a haz\u00e1nkban megjelen\u0151 tr\u00f3pusi betegs\u00e9gek mind azt mutatj\u00e1k, hogy a kl\u00edmav\u00e1ls\u00e1g Magyarorsz\u00e1got sem k\u00edm\u00e9li.<\/p>\n<p><a href=\"https:\/\/act.greenpeace.org\/page\/46215\/petition\/1\" target=\"_blank\" rel=\"noopener noreferrer\">A Greenpeace ki\u00e1ltv\u00e1nya<\/a> 9 pontban foglalja \u00f6ssze a legfontosabb cselekv\u00e9si ter\u00fcleteket, arra k\u00e9rve a magyar korm\u00e1nyt, hogy \u00e1lljon a kl\u00edmav\u00e1ls\u00e1g elleni harc \u00e9l\u00e9re \u00e9s t\u00e1mogassa az orsz\u00e1g lakoss\u00e1g\u00e1t az \u00e9ghajlatv\u00e1ltoz\u00e1sra val\u00f3 felk\u00e9sz\u00fcl\u00e9sben &#8211; hiszen a korm\u00e1ny tud a leggyorsabban \u00e9s leghat\u00e9konyabban fell\u00e9pni ebben az eg\u00e9sz magyarorsz\u00e1gi lakoss\u00e1got \u00e9rint\u0151 \u00fcgyben. Csatlakozz te is!<\/p>\n<h2>Legy\u00e9l te is ott a kl\u00edmahetet megnyit\u00f3 demonstr\u00e1ci\u00f3n szeptember 20-\u00e1n<\/h2>\n<p><img loading=\"lazy\" decoding=\"async\" class=\"alignnone size-full wp-image-5487\" src=\"https:\/\/www.greenpeace.org\/static\/planet4-hungary-stateless\/2019\/09\/44a358c0-img_7808.jpg\" alt=\"\" width=\"6240\" height=\"4160\" srcset=\"https:\/\/www.greenpeace.org\/static\/planet4-hungary-stateless\/2019\/09\/44a358c0-img_7808.jpg 6240w, https:\/\/www.greenpeace.org\/static\/planet4-hungary-stateless\/2019\/09\/44a358c0-img_7808-300x200.jpg 300w, https:\/\/www.greenpeace.org\/static\/planet4-hungary-stateless\/2019\/09\/44a358c0-img_7808-768x512.jpg 768w, https:\/\/www.greenpeace.org\/static\/planet4-hungary-stateless\/2019\/09\/44a358c0-img_7808-1024x683.jpg 1024w, https:\/\/www.greenpeace.org\/static\/planet4-hungary-stateless\/2019\/09\/44a358c0-img_7808-2048x1366.jpg 2048w, https:\/\/www.greenpeace.org\/static\/planet4-hungary-stateless\/2019\/09\/44a358c0-img_7808-510x340.jpg 510w\" sizes=\"auto, (max-width: 6240px) 100vw, 6240px\" \/><\/p>\n<p>A <a href=\"https:\/\/www.facebook.com\/FFFHungary\/\" target=\"_blank\" rel=\"noopener noreferrer\">Fridays For Future Magyarorsz\u00e1g<\/a> az <a href=\"https:\/\/www.facebook.com\/xrhungary\/\" target=\"_blank\" rel=\"noopener noreferrer\">Extinction Rebellion Magyarorsz\u00e1g<\/a> mozgalommal egy\u00fcttm\u0171k\u00f6dve <a href=\"https:\/\/www.facebook.com\/events\/2524464217784707\/\" target=\"_blank\" rel=\"noopener noreferrer\">figyelemfelh\u00edv\u00f3 \u201ebehal\u00e1st\u201d szervez szeptember 20-\u00e1n<\/a>, a glob\u00e1lis kl\u00edmah\u00e9t nyit\u00f3napj\u00e1n. Az <a href=\"https:\/\/www.un.org\/en\/climatechange\/\" target=\"_blank\" rel=\"noopener noreferrer\">ENSZ kl\u00edmacs\u00facsra<\/a> 3 nappal k\u00e9s\u0151bb, h\u00e9tf\u0151n ker\u00fcl sor New Yorkban. Legy\u00fcnk ott sokan, \u00edgy is adjuk tudt\u00e1ra a politikusoknak: rajtuk a vil\u00e1g szeme, v\u00e9gre \u00e9rdemi d\u00f6nt\u00e9sekre van sz\u00fcks\u00e9g a bolyg\u00f3 v\u00e9delm\u00e9ben \u00e9s az emberis\u00e9g fennmarad\u00e1sa \u00e9rdek\u00e9ben!<\/p>\n<p>Legy\u00e9l ott te is a Sz\u00e9ll K\u00e1lm\u00e1n t\u00e9ren, \u00e9s tiltakozz a kihal\u00e1s ellen egy k\u00f6z\u00f6s behal\u00e1ssal. Az \u00e9l\u0151vil\u00e1g, \u00e9s \u00edgy mindannyiunk j\u00f6v\u0151je a vezet\u0151ink kez\u00e9ben van. Figyelmeztess\u00fck \u0151ket felel\u0151ss\u00e9g\u00fckre!<\/p>\n<h2>Vegy\u00e9l r\u00e9szt a glob\u00e1lis kl\u00edmasztr\u00e1jkon szeptember 27-\u00e9n<\/h2>\n<p><img loading=\"lazy\" decoding=\"async\" class=\"alignnone size-full wp-image-5488\" src=\"https:\/\/www.greenpeace.org\/static\/planet4-hungary-stateless\/2019\/09\/MG_0562.jpg\" alt=\"\" width=\"5616\" height=\"3744\" srcset=\"https:\/\/www.greenpeace.org\/static\/planet4-hungary-stateless\/2019\/09\/MG_0562.jpg 5616w, https:\/\/www.greenpeace.org\/static\/planet4-hungary-stateless\/2019\/09\/MG_0562-300x200.jpg 300w, https:\/\/www.greenpeace.org\/static\/planet4-hungary-stateless\/2019\/09\/MG_0562-768x512.jpg 768w, https:\/\/www.greenpeace.org\/static\/planet4-hungary-stateless\/2019\/09\/MG_0562-1024x683.jpg 1024w, https:\/\/www.greenpeace.org\/static\/planet4-hungary-stateless\/2019\/09\/MG_0562-2048x1366.jpg 2048w, https:\/\/www.greenpeace.org\/static\/planet4-hungary-stateless\/2019\/09\/MG_0562-510x340.jpg 510w\" sizes=\"auto, (max-width: 5616px) 100vw, 5616px\" \/><\/p>\n<p><a href=\"https:\/\/www.facebook.com\/gretathunbergsweden\/\" target=\"_blank\" rel=\"noopener noreferrer\">Greta Thunberg<\/a> nev\u00e9t m\u00e1r szinte mindenki ismeri, akit csak egy kicsit is \u00e9rdekel, mit tesz a fiatal gener\u00e1ci\u00f3 a bolyg\u00f3nk megment\u00e9s\u00e9\u00e9rt. A 16 \u00e9ves sv\u00e9d di\u00e1kl\u00e1ny b\u00e1tor ki\u00e1ll\u00e1sa nyom\u00e1n egy \u00faj glob\u00e1lis kl\u00edmamozgalom sz\u00fcletett, \u00e9s h\u00e9tr\u0151l-h\u00e9tre j\u00f6v\u0151j\u00fcket f\u00e9lt\u0151 fiatalok t\u00f6mege \u00e1ll ki minden p\u00e9nteken, hogy a vil\u00e1g vezet\u0151it r\u00e1b\u00edrj\u00e1k az \u00e9rdemi cselekv\u00e9sre.<\/p>\n<p>A p\u00e9ntekenk\u00e9nti t\u00fcntet\u00e9sek azonban m\u00e9g nagyobbat sz\u00f3lnak ebben a h\u00f3napban \u2013 vil\u00e1gszerte ugyanis v\u00e1rhat\u00f3an hatalmas t\u00f6megek fognak megmozdulni a mostanra kihirdetett glob\u00e1lis kl\u00edmah\u00e9ten (szeptember 20-27.). <a href=\"https:\/\/www.facebook.com\/events\/2973226649385641\/\" target=\"_blank\" rel=\"noopener noreferrer\">Budapesten<\/a> k\u00edv\u00fcl t\u00f6bb m\u00e1s nagyv\u00e1rosban is lesznek t\u00fcntet\u00e9sek Magyarorsz\u00e1gon szeptember 27-\u00e9n. K\u00f6vess\u00e9tek a <a href=\"https:\/\/www.facebook.com\/FFFHungary\/\" target=\"_blank\" rel=\"noopener noreferrer\">Fridays For Future Magyarorsz\u00e1g<\/a> \u00e9s az <a href=\"https:\/\/www.facebook.com\/xrhungary\/\" target=\"_blank\" rel=\"noopener noreferrer\">Extinction Rebellion Magyarorsz\u00e1g<\/a> oldal\u00e1t is a programok\u00e9rt. Di\u00e1kok \u00e9s tan\u00e1rok, fiatalok \u00e9s id\u0151sek, csatlakozzatok!<\/p>\n<h2>Hallasd a hangod a tiszta leveg\u0151\u00e9rt<\/h2>\n<div id=\"attachment_5454\" style=\"width: 1210px\" class=\"wp-caption alignnone\"><img loading=\"lazy\" decoding=\"async\" aria-describedby=\"caption-attachment-5454\" class=\"size-full wp-image-5454\" src=\"https:\/\/www.greenpeace.org\/static\/planet4-hungary-stateless\/2019\/09\/4d399584-gp0sttupk.jpg\" alt=\"Aerials of Protest with Monster Truck at the IAA in Frankfurt. \u00a9 Greenpeace\" width=\"1200\" height=\"800\" srcset=\"https:\/\/www.greenpeace.org\/static\/planet4-hungary-stateless\/2019\/09\/4d399584-gp0sttupk.jpg 1200w, https:\/\/www.greenpeace.org\/static\/planet4-hungary-stateless\/2019\/09\/4d399584-gp0sttupk-300x200.jpg 300w, https:\/\/www.greenpeace.org\/static\/planet4-hungary-stateless\/2019\/09\/4d399584-gp0sttupk-768x512.jpg 768w, https:\/\/www.greenpeace.org\/static\/planet4-hungary-stateless\/2019\/09\/4d399584-gp0sttupk-1024x683.jpg 1024w, https:\/\/www.greenpeace.org\/static\/planet4-hungary-stateless\/2019\/09\/4d399584-gp0sttupk-510x340.jpg 510w\" sizes=\"auto, (max-width: 1200px) 100vw, 1200px\" \/><p id=\"caption-attachment-5454\" class=\"wp-caption-text\">Greenpeace-aktivist\u00e1k t\u00fcntetnek a szennyez\u0151 aut\u00f3ipar ellen a Frankfurt International Motor Show alkalm\u00e1val<\/p><\/div>\n<p>Tudtad, hogy a glob\u00e1lis \u00fcvegh\u00e1zg\u00e1z-kibocs\u00e1t\u00e1s k\u00f6zel tized\u00e9\u00e9rt az aut\u00f3ipar felel\u0151s? Ez der\u00fcl ki egy most szeptemberben publik\u00e1lt <a href=\"https:\/\/www.greenpeace.org\/hungary\/sajtokozlemeny\/5449\/a-globalis-uveghazgaz-kibocsatas-kozel-tizedeert-az-autoipar-felelos\/\" target=\"_blank\" rel=\"noopener noreferrer\">Greenpeace-jelent\u00e9sb\u0151l<\/a>, melyben a vil\u00e1g 12 vezet\u0151 aut\u00f3gy\u00e1rt\u00f3j\u00e1nak az \u00e9ghajlatunkra gyakorolt hat\u00e1s\u00e1t vizsg\u00e1ltuk. A \u201episzkos tizenkett\u0151b\u0151l\u201d a hazai Audi gy\u00e1rat is mag\u00e1\u00e9nak tud\u00f3 Volkswagen-csoport ker\u00fclt ki legf\u0151bb kl\u00edmagyilkosk\u00e9nt. \u0150ket k\u00f6veti a Renault Nissan, a Toyota, a General Motors, majd a Hyundai-Kia csoport.<\/p>\n<p>Azt v\u00e1rjuk az \u00fczleti \u00e9s a politikai \u00e9let szerepl\u0151it\u0151l, hogy viselkedjenek a kl\u00edmav\u00e9szhelyzetnek megfelel\u0151en: a szennyez\u0151 bels\u0151\u00e9g\u00e9s\u0171 motorok helyett fejlessz\u00e9k az elektromos k\u00f6zleked\u00e9st \u00e9s jav\u00edts\u00e1k a k\u00f6z\u00f6ss\u00e9gi k\u00f6zleked\u00e9s min\u0151s\u00e9g\u00e9t. A nagyv\u00e1rosok vezet\u0151it\u0151l tov\u00e1bb\u00e1 azt v\u00e1rjuk, hogy el\u0151sz\u00f6r a legszennyez\u0151bb, majd fokozatosan az \u00f6sszes bels\u0151\u00e9g\u00e9s\u0171 motoros j\u00e1rm\u0171vet szor\u00edts\u00e1k ki a magyar nagyv\u00e1rosokb\u00f3l, ezzel cs\u00f6kkentve a milli\u00f3k \u00e9let\u00e9t megkeser\u00edt\u0151 l\u00e9gszennyez\u00e9st. \u00cdrd al\u00e1 <a href=\"https:\/\/act.greenpeace.org\/page\/38111\/petition\/1\" target=\"_blank\" rel=\"noopener noreferrer\">a pet\u00edci\u00f3t<\/a>.<\/p>\n<h2>Mondj nemet az erd\u0151irt\u00e1sokra<\/h2>\n<div id=\"attachment_5491\" style=\"width: 1210px\" class=\"wp-caption alignnone\"><img loading=\"lazy\" decoding=\"async\" aria-describedby=\"caption-attachment-5491\" class=\"size-full wp-image-5491\" src=\"https:\/\/www.greenpeace.org\/static\/planet4-hungary-stateless\/2019\/09\/12b4b71c-gp0sttsct.jpg\" alt=\"\" width=\"1200\" height=\"800\" srcset=\"https:\/\/www.greenpeace.org\/static\/planet4-hungary-stateless\/2019\/09\/12b4b71c-gp0sttsct.jpg 1200w, https:\/\/www.greenpeace.org\/static\/planet4-hungary-stateless\/2019\/09\/12b4b71c-gp0sttsct-300x200.jpg 300w, https:\/\/www.greenpeace.org\/static\/planet4-hungary-stateless\/2019\/09\/12b4b71c-gp0sttsct-768x512.jpg 768w, https:\/\/www.greenpeace.org\/static\/planet4-hungary-stateless\/2019\/09\/12b4b71c-gp0sttsct-1024x683.jpg 1024w, https:\/\/www.greenpeace.org\/static\/planet4-hungary-stateless\/2019\/09\/12b4b71c-gp0sttsct-510x340.jpg 510w\" sizes=\"auto, (max-width: 1200px) 100vw, 1200px\" \/><p id=\"caption-attachment-5491\" class=\"wp-caption-text\">L\u00e9gifelv\u00e9telen az amazonasi es\u0151erd\u0151t puszt\u00edt\u00f3 t\u0171z.<\/p><\/div>\n<p><a href=\"https:\/\/act.greenpeace.org\/page\/39922\/petition\/1\" target=\"_blank\" rel=\"noopener noreferrer\">Az Amazonas-r\u00e9gi\u00f3ban puszt\u00edt\u00f3 t\u00fczek<\/a> az elm\u00falt hetekben r\u00e1ir\u00e1ny\u00edtott\u00e1k a vil\u00e1g figyelm\u00e9t arra, hogy az erd\u0151irt\u00e1sok, valamint a kl\u00edmav\u00e1ltoz\u00e1s mekkora fenyeget\u00e9st jelent ezekre az \u00e9rt\u00e9kes term\u00e9szeti kincsekre. Amaz\u00f3ni\u00e1t\u00f3l kezdve Oroszorsz\u00e1gon \u00e1t Indon\u00e9zi\u00e1ig, a f\u00e9l vil\u00e1g l\u00e1ngokban \u00e1ll, vesz\u00e9lyeztetve mind a biodiverzit\u00e1st, mind pedig az \u00e9ghajlatunkat.<\/p>\n<p>Az erd\u0151irt\u00e1sok \u00f3ri\u00e1si r\u00e9sz\u00e9\u00e9rt a nagy\u00fczemi mez\u0151gazdas\u00e1g felel\u0151s: a f\u00e1kat kiv\u00e1gj\u00e1k, az erd\u0151ket fel\u00e9getik, hogy az \u00edgy felszabadult ter\u00fcleteket t\u00f6bbek k\u00f6z\u00f6tt legeltet\u00e9sre \u00e9s takarm\u00e1nytermeszt\u00e9sre haszn\u00e1lj\u00e1k. Nem engedhetj\u00fck meg, hogy profit\u00e9rdekek miatt irts\u00e1k ki a leg\u00e9rt\u00e9kesebb term\u00e9szetes erd\u0151ket. Csatlakozz <a href=\"https:\/\/act.greenpeace.org\/page\/43811\/petition\/1\" target=\"_blank\" rel=\"noopener noreferrer\">nemzetk\u00f6zi pet\u00edci\u00f3nkhoz<\/a>.<\/p>\n<h2>\u00c1llj ki az \u00f3ce\u00e1nok v\u00e9delm\u00e9ben<\/h2>\n<div id=\"attachment_5492\" style=\"width: 1210px\" class=\"wp-caption alignnone\"><img loading=\"lazy\" decoding=\"async\" aria-describedby=\"caption-attachment-5492\" class=\"size-full wp-image-5492\" src=\"https:\/\/www.greenpeace.org\/static\/planet4-hungary-stateless\/2019\/09\/f39b10cd-gp0sttovg.jpg\" alt=\"\" width=\"1200\" height=\"800\" srcset=\"https:\/\/www.greenpeace.org\/static\/planet4-hungary-stateless\/2019\/09\/f39b10cd-gp0sttovg.jpg 1200w, https:\/\/www.greenpeace.org\/static\/planet4-hungary-stateless\/2019\/09\/f39b10cd-gp0sttovg-300x200.jpg 300w, https:\/\/www.greenpeace.org\/static\/planet4-hungary-stateless\/2019\/09\/f39b10cd-gp0sttovg-768x512.jpg 768w, https:\/\/www.greenpeace.org\/static\/planet4-hungary-stateless\/2019\/09\/f39b10cd-gp0sttovg-1024x683.jpg 1024w, https:\/\/www.greenpeace.org\/static\/planet4-hungary-stateless\/2019\/09\/f39b10cd-gp0sttovg-510x340.jpg 510w\" sizes=\"auto, (max-width: 1200px) 100vw, 1200px\" \/><p id=\"caption-attachment-5492\" class=\"wp-caption-text\">A Greenpeace az \u00f3ce\u00e1nok v\u00e9delm\u00e9ben kamp\u00e1nyol a Sargasso-tengeren.<\/p><\/div>\n<p>Az ENSZ \u00c9ghajlatv\u00e1ltoz\u00e1si Korm\u00e1nyk\u00f6zi Test\u00fclete (IPCC) szeptember 25-\u00e9n egy speci\u00e1lis jelent\u00e9sben h\u00edvja fel a figyelmet arra, hogy a kl\u00edmav\u00e1ltoz\u00e1s milyen fenyeget\u00e9st jelent az \u00f3ce\u00e1nokra \u00e9s a sarkvid\u00e9kekre. A Greenpeace m\u00e1r \u00e9vek \u00f3ta kamp\u00e1nyol az\u00e9rt, hogy az ENSZ \u00e9gisze alatt hozzanak l\u00e9tre egy <a href=\"https:\/\/www.greenpeace.org\/hungary\/blog\/4524\/miert-van-szukseg-egy-nemzetkozi-oceanvedelmi-megallapodasra-es-hogyan-fogjuk-kiharcolni-a-letrejottet\/\" target=\"_blank\" rel=\"noopener noreferrer\">Nemzetk\u00f6zi \u00d3ce\u00e1nv\u00e9delmi Meg\u00e1llapod\u00e1st<\/a>. Ezzel szerte a bolyg\u00f3n olyan tengeri ter\u00fcletek j\u00f6nn\u00e9nek l\u00e9tre, melyek v\u00e9dve lenn\u00e9nek a puszt\u00edt\u00f3 emberi, ipari tev\u00e9kenys\u00e9gekt\u0151l, mint amilyen p\u00e9ld\u00e1ul a m\u00e9lytengeri b\u00e1ny\u00e1szat vagy a t\u00falhal\u00e1szat. \u00cdgy a t\u00falhal\u00e1szat miatt eln\u00e9ptelenedett tengeri \u00e9l\u0151helyek visszan\u00e9pes\u00fclhetnek a megfelel\u0151 fajokkal.<\/p>\n<p>Az \u00f3ce\u00e1nok elengedhetetlenek a kl\u00edmav\u00e1ltoz\u00e1s elleni k\u00fczdelemben. <a href=\"https:\/\/act.greenpeace.org\/page\/43664\/petition\/1\" target=\"_blank\" rel=\"noopener noreferrer\">K\u00f6vetelj\u00fck egy\u00fctt<\/a>, hogy 2030-ig az \u00f3ce\u00e1njaink 30%-\u00e1t term\u00e9szetv\u00e9delmi \u00f6vezetek h\u00e1l\u00f3zz\u00e1k be.<\/p>\n<p>&nbsp;<\/p>\n<p>Ez minden, amit megtehetek? Neh\u00e9z lenne mindent felsorolni, de term\u00e9szetesen rengeteg m\u00e1st is tehetsz bolyg\u00f3nk v\u00e9delm\u00e9ben. A kl\u00edmaaktivizmus egy \u00faj korszak\u00e1ba l\u00e9pt\u00fcnk: nem \u00e9lhet\u00fcnk tov\u00e1bb \u00fagy, ahogy eddig. Minden egyes ember hangja \u00e9s cselekedete sz\u00e1m\u00edt, mert v\u00e1ltoz\u00e1st csak k\u00f6z\u00f6s \u00f6sszefog\u00e1ssal tudunk el\u00e9rni, az eddigin\u00e9l b\u00e1trabb, t\u00f6megesebb ki\u00e1ll\u00e1ssal.<\/p>\n<p><a href=\"https:\/\/act.greenpeace.org\/page\/46215\/petition\/1\" target=\"_blank\" rel=\"noopener noreferrer\">Csatlakozz te is a mozgalomhoz!<\/a><\/p>\n","protected":false},"excerpt":{"rendered":"<p>Nincs vesztegetni val\u00f3 id\u0151nk. L\u00e1ngolnak a vil\u00e1g erdei, hihetetlen \u00fctemben olvadnak a sarkvid\u00e9ki j\u00e9gsapk\u00e1k, \u00f3ce\u00e1njainkat ellepi a m\u0171anyaghullad\u00e9k. A F\u00f6ld\u00f6n \u00e9l\u0151 k\u00f6r\u00fclbel\u00fcl \u00f6tmilli\u00f3 faj k\u00f6z\u00fcl egymilli\u00f3 van a k\u00f6zvetlen kipusztul\u00e1s&hellip;<\/p>\n","protected":false},"author":32,"featured_media":5497,"comment_status":"closed","ping_status":"closed","sticky":false,"template":"","format":"standard","meta":{"ep_exclude_from_search":false,"p4_og_title":"","p4_og_description":"","p4_og_image":"https:\/\/www.greenpeace.org\/static\/planet4-hungary-stateless\/2019\/09\/702080e8-burning-earth_day.jpg","p4_og_image_id":"5498","p4_seo_canonical_url":"","p4_campaign_name":"","p4_local_project":"","p4_basket_name":"","p4_department":"","footnotes":""},"categories":[2],"tags":[6,20],"p4-page-type":[40],"class_list":["post-5485","post","type-post","status-publish","format-standard","has-post-thumbnail","hentry","category-klima-energia","tag-klimavedelem","tag-elovilag","p4-page-type-blog"],"_links":{"self":[{"href":"https:\/\/www.greenpeace.org\/hungary\/wp-json\/wp\/v2\/posts\/5485","targetHints":{"allow":["GET"]}}],"collection":[{"href":"https:\/\/www.greenpeace.org\/hungary\/wp-json\/wp\/v2\/posts"}],"about":[{"href":"https:\/\/www.greenpeace.org\/hungary\/wp-json\/wp\/v2\/types\/post"}],"author":[{"embeddable":true,"href":"https:\/\/www.greenpeace.org\/hungary\/wp-json\/wp\/v2\/users\/32"}],"replies":[{"embeddable":true,"href":"https:\/\/www.greenpeace.org\/hungary\/wp-json\/wp\/v2\/comments?post=5485"}],"version-history":[{"count":6,"href":"https:\/\/www.greenpeace.org\/hungary\/wp-json\/wp\/v2\/posts\/5485\/revisions"}],"predecessor-version":[{"id":5496,"href":"https:\/\/www.greenpeace.org\/hungary\/wp-json\/wp\/v2\/posts\/5485\/revisions\/5496"}],"wp:featuredmedia":[{"embeddable":true,"href":"https:\/\/www.greenpeace.org\/hungary\/wp-json\/wp\/v2\/media\/5497"}],"wp:attachment":[{"href":"https:\/\/www.greenpeace.org\/hungary\/wp-json\/wp\/v2\/media?parent=5485"}],"wp:term":[{"taxonomy":"category","embeddable":true,"href":"https:\/\/www.greenpeace.org\/hungary\/wp-json\/wp\/v2\/categories?post=5485"},{"taxonomy":"post_tag","embeddable":true,"href":"https:\/\/www.greenpeace.org\/hungary\/wp-json\/wp\/v2\/tags?post=5485"},{"taxonomy":"p4-page-type","embeddable":true,"href":"https:\/\/www.greenpeace.org\/hungary\/wp-json\/wp\/v2\/p4-page-type?post=5485"}],"curies":[{"name":"wp","href":"https:\/\/api.w.org\/{rel}","templated":true}]}}