{"id":5539,"date":"2019-09-25T09:52:04","date_gmt":"2019-09-25T07:52:04","guid":{"rendered":"https:\/\/www.greenpeace.org\/hungary\/?p=5539"},"modified":"2019-11-06T09:40:12","modified_gmt":"2019-11-06T08:40:12","slug":"tulterheljuk-a-foldjeinket-europaban-ami-erdoirtashoz-es-klimakatasztrofahoz-vezet","status":"publish","type":"post","link":"https:\/\/www.greenpeace.org\/hungary\/blog\/5539\/tulterheljuk-a-foldjeinket-europaban-ami-erdoirtashoz-es-klimakatasztrofahoz-vezet\/","title":{"rendered":"T\u00falterhelj\u00fck a f\u00f6ldjeinket Eur\u00f3p\u00e1ban, ami erd\u0151irt\u00e1shoz \u00e9s kl\u00edmakatasztr\u00f3f\u00e1hoz vezet"},"content":{"rendered":"<p><span style=\"font-weight: 400;\">M\u00e9g mindig sokkolj\u00e1k az embereket a l\u00e1ngba borult Amazonas-vid\u00e9k k\u00e9pei az eg\u00e9sz vil\u00e1gon. A tud\u00f3sok nem gy\u0151znek figyelmeztetni a puszt\u00edt\u00e1s s\u00falyos k\u00f6vetkezm\u00e9nyeire: a cs\u00f6kken\u0151 biodiverzit\u00e1sra, az el\u0171z\u00f6tt \u0151slakosokra \u00e9s a meleged\u0151 \u00e9ghajlatra.\u00a0<\/span><\/p>\n<p><img loading=\"lazy\" decoding=\"async\" class=\"wp-image-5540 size-full\" src=\"https:\/\/www.greenpeace.org\/static\/planet4-hungary-stateless\/2019\/09\/53ce62bd-gp0stsk0a.jpg\" alt=\"\" width=\"1200\" height=\"800\" srcset=\"https:\/\/www.greenpeace.org\/static\/planet4-hungary-stateless\/2019\/09\/53ce62bd-gp0stsk0a.jpg 1200w, https:\/\/www.greenpeace.org\/static\/planet4-hungary-stateless\/2019\/09\/53ce62bd-gp0stsk0a-300x200.jpg 300w, https:\/\/www.greenpeace.org\/static\/planet4-hungary-stateless\/2019\/09\/53ce62bd-gp0stsk0a-768x512.jpg 768w, https:\/\/www.greenpeace.org\/static\/planet4-hungary-stateless\/2019\/09\/53ce62bd-gp0stsk0a-1024x683.jpg 1024w, https:\/\/www.greenpeace.org\/static\/planet4-hungary-stateless\/2019\/09\/53ce62bd-gp0stsk0a-510x340.jpg 510w\" sizes=\"auto, (max-width: 1200px) 100vw, 1200px\" \/><\/p>\n<p>Ek\u00f6zben a fiatalok vil\u00e1gszerte az utc\u00e1ra vonulnak, hogy azonnali cselekv\u00e9st k\u00f6veteljenek a kl\u00edmakatasztr\u00f3fa elker\u00fcl\u00e9se \u00e9rdek\u00e9ben. Sokan azt szeretn\u00e9k, hogy a vil\u00e1g erdeit nyilv\u00e1n\u00edts\u00e1k v\u00e9dett\u00e9, hisz ezek els\u0151dleges v\u00e9dvonalat k\u00e9peznek a kl\u00edmav\u00e1ls\u00e1g ellen, a t\u00e1rsadalmat pedig arra k\u00e9rik, hogy ne engedj\u00fck, hogy felem\u00e9sszen minket a saj\u00e1t h\u00fas- \u00e9s tejterm\u00e9k-\u00e9hs\u00e9g\u00fcnk.<\/p>\n<p>Tudjuk, hogy az Amazonas-vid\u00e9k t\u00fczei nem term\u00e9szetes eredet\u0171ek, hanem ember okozta katasztr\u00f3f\u00e1k. D\u00e9l-Amerik\u00e1ban \u00edgy tiszt\u00edtj\u00e1k meg a f\u00f6ldeket a szarvasmarha-telepek \u00e9s a takarm\u00e1nytermeszt\u00e9s sz\u00e1m\u00e1ra. B\u00e1rmilyen sokkol\u00f3 is, m\u00e9g ha nem is mi locsoljuk sz\u00e9t a benzint, \u00e9s nem mi lobbantjuk l\u00e1ngra a gyuf\u00e1t, mi eur\u00f3paiak is felel\u0151sek vagyunk ezek\u00e9rt a t\u00fczek\u00e9rt.<\/p>\n<h2>Az eur\u00f3pai f\u00f6ldek t\u00falterheltek<\/h2>\n<p>Az EU sokkal t\u00f6bb h\u00fast \u00e9s tejterm\u00e9ket termel \u00e9s fogyaszt, mint amennyit a saj\u00e1t term\u0151f\u00f6ldjei biztons\u00e1gosan elb\u00edrn\u00e1nak. J\u00f3l l\u00e1that\u00f3 ennek az egyenes k\u00f6vetkezm\u00e9nye: Eur\u00f3pa kezd els\u00fcllyedni a h\u00edgtr\u00e1gy\u00e1ban.<\/p>\n<p><img loading=\"lazy\" decoding=\"async\" class=\"wp-image-5541 size-full\" src=\"https:\/\/www.greenpeace.org\/static\/planet4-hungary-stateless\/2019\/09\/0d0d5c2b-gp0strfrt.jpg\" alt=\"\" width=\"1200\" height=\"800\" srcset=\"https:\/\/www.greenpeace.org\/static\/planet4-hungary-stateless\/2019\/09\/0d0d5c2b-gp0strfrt.jpg 1200w, https:\/\/www.greenpeace.org\/static\/planet4-hungary-stateless\/2019\/09\/0d0d5c2b-gp0strfrt-300x200.jpg 300w, https:\/\/www.greenpeace.org\/static\/planet4-hungary-stateless\/2019\/09\/0d0d5c2b-gp0strfrt-768x512.jpg 768w, https:\/\/www.greenpeace.org\/static\/planet4-hungary-stateless\/2019\/09\/0d0d5c2b-gp0strfrt-1024x683.jpg 1024w, https:\/\/www.greenpeace.org\/static\/planet4-hungary-stateless\/2019\/09\/0d0d5c2b-gp0strfrt-510x340.jpg 510w\" sizes=\"auto, (max-width: 1200px) 100vw, 1200px\" \/><\/p>\n<p>Bretagne egykor leny\u0171g\u00f6z\u0151en sz\u00e9p partjait ma <a href=\"https:\/\/hirado.hu\/tudomany-high-tech\/zold\/cikk\/2019\/09\/09\/masodpercek-alatt-ol-az-alga-mergezo-kiparolgasa-franciaorszagban\" target=\"_blank\" rel=\"noopener noreferrer\">m\u00e9rgez\u0151 gyilkos alg\u00e1k<\/a> bor\u00edtj\u00e1k, amelyeket sert\u00e9s- baromfi- \u00e9s szarvasmarha-telepekr\u0151l kifoly\u00f3 tr\u00e1gyafolyamok t\u00e1pl\u00e1lnak. Tavaly az EU B\u00edr\u00f3s\u00e1ga kimondta, hogy <a href=\"https:\/\/www.greenpeace.org\/eu-unit\/issues\/nature-food\/1135\/eu-court-tells-germany-to-cut-the-crap\/\" target=\"_blank\" rel=\"noopener noreferrer\">N\u00e9metorsz\u00e1g megs\u00e9rtette az uni\u00f3s jogot<\/a> azzal, hogy megengedte, hogy <a href=\"https:\/\/www.agroinform.hu\/kornyezetvedelem\/terjedoben-nemetorszagban-a-higtragyaturizmus-36516-001\" target=\"_blank\" rel=\"noopener noreferrer\">a gazdas\u00e1gokb\u00f3l t\u00fal nagy mennyis\u00e9g\u0171 h\u00edgtr\u00e1gy\u00e1t<\/a> juttassanak ki a f\u00f6ldekre, elszennyezve ezzel vizeinket. \u00d6sszess\u00e9g\u00e9ben az ilyen nitrog\u00e9nszennyez\u00e9sek \u00e9vente <a href=\"http:\/\/www.nine-esf.org\/files\/ena_doc\/ENA_pdfs\/ENA_policy%20summary.pdf\">70\u2013320 milli\u00e1rd eur\u00f3s<\/a> k\u00f6lts\u00e9get jelentenek az EU sz\u00e1m\u00e1ra.<\/p>\n<p><img loading=\"lazy\" decoding=\"async\" class=\"alignnone wp-image-3629 size-full\" src=\"https:\/\/www.greenpeace.org\/static\/planet4-hungary-stateless\/2019\/02\/3ef4d245-gp0stq4hb_low_res_with_credit_line.jpg\" alt=\"\" width=\"600\" height=\"400\" srcset=\"https:\/\/www.greenpeace.org\/static\/planet4-hungary-stateless\/2019\/02\/3ef4d245-gp0stq4hb_low_res_with_credit_line.jpg 600w, https:\/\/www.greenpeace.org\/static\/planet4-hungary-stateless\/2019\/02\/3ef4d245-gp0stq4hb_low_res_with_credit_line-300x200.jpg 300w, https:\/\/www.greenpeace.org\/static\/planet4-hungary-stateless\/2019\/02\/3ef4d245-gp0stq4hb_low_res_with_credit_line-510x340.jpg 510w\" sizes=\"auto, (max-width: 600px) 100vw, 600px\" \/><\/p>\n<p>Azzal, hogy mi, eur\u00f3paiak, t\u00fal sok \u00e1llati eredet\u0171 term\u00e9ket gy\u00e1rtunk \u00e9s fogyasztunk, nem csak a saj\u00e1t f\u00f6ldjeinket terhelj\u00fck t\u00fal, hanem nyom\u00e1st gyakorolunk m\u00e1s ter\u00fcletekre is a vil\u00e1gon.<\/p>\n<p><img loading=\"lazy\" decoding=\"async\" class=\"wp-image-5543 size-full\" src=\"https:\/\/www.greenpeace.org\/static\/planet4-hungary-stateless\/2019\/09\/b3da2c64-gp0str5is.jpg\" alt=\"\" width=\"1200\" height=\"900\" srcset=\"https:\/\/www.greenpeace.org\/static\/planet4-hungary-stateless\/2019\/09\/b3da2c64-gp0str5is.jpg 1200w, https:\/\/www.greenpeace.org\/static\/planet4-hungary-stateless\/2019\/09\/b3da2c64-gp0str5is-300x225.jpg 300w, https:\/\/www.greenpeace.org\/static\/planet4-hungary-stateless\/2019\/09\/b3da2c64-gp0str5is-768x576.jpg 768w, https:\/\/www.greenpeace.org\/static\/planet4-hungary-stateless\/2019\/09\/b3da2c64-gp0str5is-1024x768.jpg 1024w, https:\/\/www.greenpeace.org\/static\/planet4-hungary-stateless\/2019\/09\/b3da2c64-gp0str5is-453x340.jpg 453w\" sizes=\"auto, (max-width: 1200px) 100vw, 1200px\" \/><\/p>\n<h2>Az Amazonas-vid\u00e9k t\u00fczeit Eur\u00f3pa kiel\u00e9g\u00edthetetlen f\u00f6ld\u00e9hs\u00e9ge is okozza<\/h2>\n<p>Az EU mez\u0151gazdas\u00e1gi ter\u00fcleteinek t\u00f6bb mint 71% -\u00e1t haszon\u00e1llatok t\u00e1pl\u00e1l\u00e1s\u00e1ra haszn\u00e1ljuk, de val\u00f3j\u00e1ban m\u00e9g ez sem el\u00e9g. Ahhoz, hogy az Eur\u00f3p\u00e1ban nevelt \u00e1llatok sz\u00f3jatakarm\u00e1ny-ig\u00e9ny\u00e9t kiel\u00e9g\u00edts\u00fck, a becsl\u00e9sek szerint 15 milli\u00f3 hekt\u00e1r f\u00f6ld kellene, ami kb. akkora, mint Ausztria, Belgium \u00e9s Szlov\u00e9nia egy\u00fcttv\u00e9ve.<\/p>\n<p>Mivel ennyi plusz f\u00f6ld nincs, a takarm\u00e1nynak sz\u00e1nt sz\u00f3ja nagy r\u00e9sz\u00e9t a tengerent\u00falr\u00f3l rendelj\u00fck, ami hatalmas sz\u00e9n-dioxid-kibocs\u00e1t\u00e1ssal \u00e9s erd\u0151irt\u00e1ssal j\u00e1r.<\/p>\n<p>Az \u00e9lelmiszerek (bele\u00e9rtve a h\u00fast \u00e9s a tejterm\u00e9keket is), valamint az \u00e1llati takarm\u00e1ny tengerent\u00falr\u00f3l val\u00f3 behozatala n\u00f6veli a f\u00f6ldekre nehezed\u0151 nyom\u00e1st, \u00e9s ez \u00f6szt\u00f6nzi az erd\u0151irt\u00e1st, p\u00e9ld\u00e1ul az Amazonas-vid\u00e9k l\u00e1ngba bor\u00edt\u00e1s\u00e1t, vagy a Cerrado \u00e9s a Gran Chaco elpuszt\u00edt\u00e1s\u00e1t, amelyek Braz\u00edlia, Argent\u00edna \u00e9s Bol\u00edvia szavann\u00e1val \u00e9s sz\u00e1raz erd\u0151kkel bor\u00edtott ter\u00fcletei.<\/p>\n<p><img loading=\"lazy\" decoding=\"async\" class=\"wp-image-5544 size-full\" src=\"https:\/\/www.greenpeace.org\/static\/planet4-hungary-stateless\/2019\/09\/902391ba-gp0str5jb.jpg\" alt=\"\" width=\"1200\" height=\"800\" srcset=\"https:\/\/www.greenpeace.org\/static\/planet4-hungary-stateless\/2019\/09\/902391ba-gp0str5jb.jpg 1200w, https:\/\/www.greenpeace.org\/static\/planet4-hungary-stateless\/2019\/09\/902391ba-gp0str5jb-300x200.jpg 300w, https:\/\/www.greenpeace.org\/static\/planet4-hungary-stateless\/2019\/09\/902391ba-gp0str5jb-768x512.jpg 768w, https:\/\/www.greenpeace.org\/static\/planet4-hungary-stateless\/2019\/09\/902391ba-gp0str5jb-1024x683.jpg 1024w, https:\/\/www.greenpeace.org\/static\/planet4-hungary-stateless\/2019\/09\/902391ba-gp0str5jb-510x340.jpg 510w\" sizes=\"auto, (max-width: 1200px) 100vw, 1200px\" \/><\/p>\n<p>Vannak olyan import h\u00fas- \u00e9s tejterm\u00e9kek, valamint takarm\u00e1nyn\u00f6v\u00e9nyek, amelyek egyenesen az erd\u0151irt\u00e1ssal s\u00fajtott ter\u00fcletekr\u0151l \u00e9rkeznek, de sok olyan indirekt erd\u0151irt\u00e1st \u00f6szt\u00f6nz\u0151 hat\u00e1s is megfigyelhet\u0151, amelyek a glob\u00e1lis kereslet-n\u00f6veked\u00e9sb\u0151l ad\u00f3dnak. M\u00e9g ha az EU mostant\u00f3l csak erd\u0151irt\u00e1sokt\u00f3l mentes ter\u00fcletekr\u0151l v\u00e1s\u00e1rolna marhah\u00fast \u00e9s sz\u00f3j\u00e1t, a t\u00falzott m\u00e9rt\u00e9k\u0171 fogyaszt\u00e1s akkor is n\u00f6veln\u00e9 a f\u00f6ldig\u00e9nyt, amit a vil\u00e1g m\u00e1s r\u00e9szein \u00e9rv\u00e9nyes\u00edten\u00e9nk.<\/p>\n<h2>Eur\u00f3pa finansz\u00edrozza a puszt\u00edt\u00e1st<\/h2>\n<p>Ideje, hogy az eur\u00f3pai d\u00f6nt\u00e9shoz\u00f3k meghallj\u00e1k az utc\u00e1n vonul\u00f3 fiatalokat, akik azt \u00fczenik, hogy cselekedjenek! Radik\u00e1lisan \u00e1t kell alak\u00edtaniuk Eur\u00f3pa mez\u0151gazdas\u00e1gi politik\u00e1j\u00e1t: az uni\u00f3s orsz\u00e1gok korm\u00e1nyainak le kell \u00e1ll\u00edtaniuk a nagy\u00fczemi h\u00fas- \u00e9s tejtermel\u00e9s k\u00f6zp\u00e9nzb\u0151l val\u00f3 t\u00e1mogat\u00e1s\u00e1t.<\/p>\n<p><img loading=\"lazy\" decoding=\"async\" class=\"wp-image-5545 size-full\" src=\"https:\/\/www.greenpeace.org\/static\/planet4-hungary-stateless\/2019\/09\/df63695f-gp0strvmj.jpg\" alt=\"\" width=\"1200\" height=\"801\" srcset=\"https:\/\/www.greenpeace.org\/static\/planet4-hungary-stateless\/2019\/09\/df63695f-gp0strvmj.jpg 1200w, https:\/\/www.greenpeace.org\/static\/planet4-hungary-stateless\/2019\/09\/df63695f-gp0strvmj-300x200.jpg 300w, https:\/\/www.greenpeace.org\/static\/planet4-hungary-stateless\/2019\/09\/df63695f-gp0strvmj-768x513.jpg 768w, https:\/\/www.greenpeace.org\/static\/planet4-hungary-stateless\/2019\/09\/df63695f-gp0strvmj-1024x684.jpg 1024w, https:\/\/www.greenpeace.org\/static\/planet4-hungary-stateless\/2019\/09\/df63695f-gp0strvmj-510x340.jpg 510w\" sizes=\"auto, (max-width: 1200px) 100vw, 1200px\" \/><\/p>\n<p>Ehelyett azokat a gazd\u00e1lkod\u00f3kat kell t\u00e1mogatniuk, akik hajland\u00f3k kevesebb \u00e1llatot tartani, \u00e9s az \u00f6kol\u00f3giai gazd\u00e1lkod\u00e1s ir\u00e1nyelvei szerint nevelni \u0151ket. A t\u00e1mogat\u00e1sokkal \u00f6szt\u00f6n\u00f6zni kell a n\u00f6v\u00e9nyi alap\u00fa \u00e9lelmiszerek \u00f6kogazdas\u00e1gokban val\u00f3 termeszt\u00e9s\u00e9t is \u2013 hisz ez az ami j\u00f3 az embereknek \u00e9s j\u00f3 a bolyg\u00f3nknak.<\/p>\n<p>Ugyanakkor ma az EU k\u00f6z\u00f6s agr\u00e1rpolitik\u00e1ja egy <a href=\"https:\/\/www.euractiv.com\/section\/climate-environment\/opinion\/eu-mustnt-double-down-on-broken-farming\/1275098\/\" target=\"_blank\" rel=\"noopener noreferrer\">\u00f6sszeoml\u00f3ban l\u00e9v\u0151 \u00e9lelmez\u00e9si rendszert t\u00e1mogat<\/a>, amelynek k\u00f6zpontj\u00e1ban a h\u00fas- \u00e9s tejipar \u00e1ll. Ez pedig nemcsak hogy nagym\u00e9rt\u00e9kben hozz\u00e1j\u00e1rul a kl\u00edmav\u00e1ltoz\u00e1shoz, hanem m\u00e9g rendk\u00edv\u00fcl s\u00e9r\u00fcl\u00e9keny is az elker\u00fclhetetlen klimatikus v\u00e1ltoz\u00e1sokkal szemben.<\/p>\n<p>Els\u0151 l\u00e9p\u00e9sk\u00e9nt a korm\u00e1nyoknak azonnal le kell \u00e1ll\u00edtaniuk a k\u00f6zp\u00e9nzek nagy\u00fczemi \u00e1llattart\u00f3knak val\u00f3 oda\u00edt\u00e9l\u00e9s\u00e9t. Ezek a haszon\u00e1llatokkal telezs\u00fafolt telepek val\u00f3j\u00e1ban \u201eh\u00fasgy\u00e1rak\u201d, amelyek hozz\u00e1j\u00e1rulnak a glob\u00e1lis felmeleged\u00e9shez, elszennyezik a foly\u00f3kat \u00e9s tengerpartokat, \u00e9s kiirtj\u00e1k a tengerent\u00fali erd\u0151ket. Az ad\u00f3fizet\u0151k p\u00e9nz\u00e9t nem szabad olyan gazdas\u00e1goknak adni, amelyek erd\u0151irt\u00e1ssal \u00f6sszef\u00fcgg\u00e9sbe hozhat\u00f3 takarm\u00e1nyt import\u00e1lnak, hisz ezek a gazdas\u00e1gok felel\u0151sek az eur\u00f3pai term\u0151f\u00f6ldek t\u00falterhel\u00e9s\u00e9\u00e9rt is, \u00e9s hozz\u00e1j\u00e1rulnak az \u00f6kosziszt\u00e9m\u00e1k elpuszt\u00edt\u00e1s\u00e1hoz a vil\u00e1g m\u00e1s t\u00e1jain.<\/p>\n<p>A kl\u00edmav\u00e1ls\u00e1g nem v\u00e1r tov\u00e1bb! Eur\u00f3p\u00e1nak olyan mez\u0151gazdas\u00e1gra van sz\u00fcks\u00e9ge, amely a term\u00e9szettel \u00f6sszhangban, nem pedig ellene dolgozik, \u00e9s k\u00e9pes megbirk\u00f3zni a m\u00e1r most is tapasztalhat\u00f3 klimatikus v\u00e1ltoz\u00e1sokkal.<\/p>\n","protected":false},"excerpt":{"rendered":"<p>M\u00e9g mindig sokkolj\u00e1k az embereket a l\u00e1ngba borult Amazonas-vid\u00e9k k\u00e9pei az eg\u00e9sz vil\u00e1gon. A tud\u00f3sok nem gy\u0151znek figyelmeztetni a puszt\u00edt\u00e1s s\u00falyos k\u00f6vetkezm\u00e9nyeire: a cs\u00f6kken\u0151 biodiverzit\u00e1sra, az el\u0171z\u00f6tt \u0151slakosokra \u00e9s a&hellip;<\/p>\n","protected":false},"author":32,"featured_media":5540,"comment_status":"closed","ping_status":"closed","sticky":false,"template":"","format":"standard","meta":{"ep_exclude_from_search":false,"p4_og_title":"","p4_og_description":"","p4_og_image":"","p4_og_image_id":"","p4_seo_canonical_url":"","p4_campaign_name":"not set","p4_local_project":"","p4_basket_name":"not set","p4_department":"","footnotes":""},"categories":[4],"tags":[8,21],"p4-page-type":[40],"class_list":["post-5539","post","type-post","status-publish","format-standard","has-post-thumbnail","hentry","category-ember-tarsadalom","tag-fogyasztas","tag-etkezes","p4-page-type-blog"],"_links":{"self":[{"href":"https:\/\/www.greenpeace.org\/hungary\/wp-json\/wp\/v2\/posts\/5539","targetHints":{"allow":["GET"]}}],"collection":[{"href":"https:\/\/www.greenpeace.org\/hungary\/wp-json\/wp\/v2\/posts"}],"about":[{"href":"https:\/\/www.greenpeace.org\/hungary\/wp-json\/wp\/v2\/types\/post"}],"author":[{"embeddable":true,"href":"https:\/\/www.greenpeace.org\/hungary\/wp-json\/wp\/v2\/users\/32"}],"replies":[{"embeddable":true,"href":"https:\/\/www.greenpeace.org\/hungary\/wp-json\/wp\/v2\/comments?post=5539"}],"version-history":[{"count":12,"href":"https:\/\/www.greenpeace.org\/hungary\/wp-json\/wp\/v2\/posts\/5539\/revisions"}],"predecessor-version":[{"id":5600,"href":"https:\/\/www.greenpeace.org\/hungary\/wp-json\/wp\/v2\/posts\/5539\/revisions\/5600"}],"wp:featuredmedia":[{"embeddable":true,"href":"https:\/\/www.greenpeace.org\/hungary\/wp-json\/wp\/v2\/media\/5540"}],"wp:attachment":[{"href":"https:\/\/www.greenpeace.org\/hungary\/wp-json\/wp\/v2\/media?parent=5539"}],"wp:term":[{"taxonomy":"category","embeddable":true,"href":"https:\/\/www.greenpeace.org\/hungary\/wp-json\/wp\/v2\/categories?post=5539"},{"taxonomy":"post_tag","embeddable":true,"href":"https:\/\/www.greenpeace.org\/hungary\/wp-json\/wp\/v2\/tags?post=5539"},{"taxonomy":"p4-page-type","embeddable":true,"href":"https:\/\/www.greenpeace.org\/hungary\/wp-json\/wp\/v2\/p4-page-type?post=5539"}],"curies":[{"name":"wp","href":"https:\/\/api.w.org\/{rel}","templated":true}]}}