{"id":5632,"date":"2019-10-07T09:37:30","date_gmt":"2019-10-07T07:37:30","guid":{"rendered":"https:\/\/www.greenpeace.org\/hungary\/?p=5632"},"modified":"2019-11-06T09:40:11","modified_gmt":"2019-11-06T08:40:11","slug":"mit-igernek-a-fopolgarmester-jeloltek-a-klimavedelem-es-a-levegotisztasag-ugyeben","status":"publish","type":"post","link":"https:\/\/www.greenpeace.org\/hungary\/sajtokozlemeny\/5632\/mit-igernek-a-fopolgarmester-jeloltek-a-klimavedelem-es-a-levegotisztasag-ugyeben\/","title":{"rendered":"Mit \u00edg\u00e9rnek a f\u0151polg\u00e1rmester-jel\u00f6ltek a kl\u00edmav\u00e9delem \u00e9s a leveg\u0151tisztas\u00e1g \u00fcgy\u00e9ben?"},"content":{"rendered":"<p><strong>Budapest, 2019. okt\u00f3ber 7. \u2013 Kar\u00e1csony, Puzs\u00e9r \u00e9s Tarl\u00f3s is tenne Budapest kl\u00edmav\u00e9delm\u00e9\u00e9rt \u00e9s tiszta leveg\u0151j\u00e9\u00e9rt, de a megval\u00f3s\u00edt\u00e1shoz sz\u00fcks\u00e9ges \u00fctemtervek \u00e9s a k\u00f6lts\u00e9gvet\u00e9sek m\u00e9g hom\u00e1lyosak. \u00d6sszefoglalva ez der\u00fcl ki az \u00f6nkorm\u00e1nyzati v\u00e1laszt\u00e1son indul\u00f3 f\u0151polg\u00e1rmester-jel\u00f6ltek v\u00e1laszaib\u00f3l, melyeket a Greenpeace Magyarorsz\u00e1g megkeres\u00e9s\u00e9re k\u00fcldtek. A Greenpeace Magyarorsz\u00e1g arra buzd\u00edtja a lakoss\u00e1got: t\u00e1j\u00e9koz\u00f3djon az \u00f6nkorm\u00e1nyzati v\u00e1laszt\u00e1son indul\u00f3 jel\u00f6ltek programj\u00e1r\u00f3l, vegyen r\u00e9szt a v\u00e1laszt\u00e1son, \u00e9s az \u00fajonnan fel\u00e1ll\u00f3 v\u00e1rosvezet\u00e9sen k\u00e9rje sz\u00e1mon az \u00e9rdemi kl\u00edmav\u00e9delmi \u00e9s leveg\u0151tisztas\u00e1gi int\u00e9zked\u00e9seket.<\/strong><\/p>\n<p><em>\u201eA kl\u00edmav\u00e1ls\u00e1g a h\u0151hull\u00e1mokkal, a zivatarok ut\u00e1n az utc\u00e1kon h\u00f6mp\u00f6lyg\u0151 csapad\u00e9kkal, vagy \u00e9ppen az asz\u00e1lyokkal m\u00e1r most \u00e9rinti a budapestieket. Ek\u00f6zben szinte minden harmadik-negyedik nap hat\u00e1r\u00e9rt\u00e9k felett van a f\u0151v\u00e1rosban a l\u00e9gszennyezetts\u00e9g is, a rendszeres szmog a budapestiek eg\u00e9szs\u00e9g\u00e9t m\u00e9rgezi. A F\u0151v\u00e1rosnak s\u00fcrg\u0151sen cselekednie kell, ez\u00e9rt k\u00edv\u00e1ncsiak voltunk: az \u00f6nkorm\u00e1nyzati v\u00e1laszt\u00e1son indul\u00f3 jel\u00f6lteknek milyen tervei vannak arra, hogy megv\u00e9dj\u00e9k a budapestiek eg\u00e9szs\u00e9g\u00e9t, biztons\u00e1g\u00e1t, j\u00f6v\u0151j\u00e9t\u201d<\/em> \u2013 nyilatkozta Perger Andr\u00e1s, a Greenpeace Magyarorsz\u00e1g kl\u00edma- \u00e9s energiakamp\u00e1ny-felel\u0151se.<\/p>\n<p>A Greenpeace Magyarorsz\u00e1g ny\u00edlt lev\u00e9lben kereste meg az okt\u00f3beri \u00f6nkorm\u00e1nyzati v\u00e1laszt\u00e1son indul\u00f3 f\u0151polg\u00e1rmester-jel\u00f6lteket, \u00e9s n\u00e9gy kl\u00edmav\u00e9delmi, n\u00e9gy leveg\u0151tisztas\u00e1gi ter\u00fcleten k\u00e9rte az \u00e9rdemi elk\u00f6telez\u0151d\u00e9s\u00fcket. [1]<\/p>\n<p>A k\u00f6rnyezetv\u00e9d\u0151 szervezet megkeres\u00e9s\u00e9re Kar\u00e1csony Gergely, [2] Puzs\u00e9r R\u00f3bert r\u00e9sz\u00e9r\u0151l a S\u00e9t\u00e1l\u00f3 Budapest szakmai st\u00e1bja, [3] Tarl\u00f3s Istv\u00e1n nev\u00e9ben a F\u0151v\u00e1rosi Polg\u00e1rmesteri Hivatal V\u00e1rosigazgat\u00f3s\u00e1g F\u0151oszt\u00e1lya [4] v\u00e1laszolt. Berki Kriszti\u00e1n nem k\u00fcld\u00f6tt v\u00e1laszt.<\/p>\n<p>A Greenpeace mind az alkalmazkod\u00e1s, mind a kibocs\u00e1t\u00e1scs\u00f6kkent\u00e9s ter\u00e9n \u00e9rdemi kl\u00edmav\u00e9delmi int\u00e9zked\u00e9seket v\u00e1r el a v\u00e1rosvezet\u00e9st\u0151l. Ahhoz, hogy ezek megval\u00f3sulhassanak, a v\u00e1rosvezet\u00e9s szervezeti hierarchi\u00e1j\u00e1ban megfelel\u0151 szinten kell kezelni a kl\u00edma\u00fcgyeket \u2013 a k\u00f6rnyezetv\u00e9d\u0151 szervezet ez\u00e9rt el\u0151sz\u00f6r erre k\u00e9rdezett r\u00e1 a jel\u00f6ltekn\u00e9l. Ennek egy m\u00f3dja lehet a Kl\u00edma\u00fcgyi Titk\u00e1rs\u00e1g fel\u00e1ll\u00edt\u00e1sa, melyet Budapest Kl\u00edmastrat\u00e9gi\u00e1ja is eml\u00edt, tov\u00e1bbi r\u00e9szletek ismertet\u00e9se n\u00e9lk\u00fcl. Kar\u00e1csony is megteremten\u00e9 a sz\u00fcks\u00e9ges szervezeti \u00e9s szem\u00e9lyi felt\u00e9teleket, de a r\u00e9szletek n\u00e1la is hi\u00e1nyoznak. Puzs\u00e9r pedig meg\u00edg\u00e9ri, hogy a kl\u00edmapolitika minden budapesti szakpolitik\u00e1t \u00e1tsz\u0151 majd. Ennek egyik ter\u00fclete a z\u00f6ldter\u00fcletek meg\u00f3v\u00e1sa \u00e9s n\u00f6vel\u00e9se \u2013 ami nem utols\u00f3sorban az\u00e9rt is fontos, hogy a kl\u00edmav\u00e1ltoz\u00e1ssal fokoz\u00f3d\u00f3 v\u00e1rosi h\u0151szigethat\u00e1st cs\u00f6kkents\u00fck. A z\u00f6ldter\u00fcletek \u00fcgy\u00e9vel a jel\u00f6ltek kiterjedten foglalkoznak. M\u00edg Kar\u00e1csony budapesti f\u0151kert\u00e9szt jel\u00f6lne ki a z\u00f6ldter\u00fcleti fejleszt\u00e9sek felel\u0151s\u00e9nek, Puzs\u00e9r cselekv\u00e9si terv megalkot\u00e1s\u00e1t \u00edg\u00e9ri. A F\u0151v\u00e1rosi Polg\u00e1rmesteri Hivatal V\u00e1rosigazgat\u00f3s\u00e1g F\u0151oszt\u00e1lya a m\u00e1r l\u00e9tez\u0151 sz\u00e1mos dokumentumra hivatkozik.<\/p>\n<p>Dac\u00e1ra annak, hogy tudvalev\u0151, a kl\u00edmav\u00e1ltoz\u00e1st legink\u00e1bb a fosszilis energiahordoz\u00f3k el\u00e9get\u00e9s\u00e9b\u0151l sz\u00e1rmaz\u00f3 sz\u00e9n-dioxid-kibocs\u00e1t\u00e1s v\u00e1ltja ki, kibocs\u00e1t\u00e1saink folyamatosan n\u00f6vekednek. A f\u0151v\u00e1ros tulajdon\u00e1ban \u00e1ll\u00f3 \u00e9p\u00fcletek \u00e9s gazdas\u00e1gi t\u00e1rsas\u00e1gok energetikai korszer\u0171s\u00edt\u00e9se lenne az a ter\u00fclet, ahol \u2013 ellent\u00e9tben a jobb\u00e1ra ker\u00fcleti hat\u00e1sk\u00f6rbe tartoz\u00f3 lak\u00f3ingatlanokkal \u2013 a f\u0151v\u00e1ros a lehet\u0151 leggyorsabban, egyeztet\u00e9si k\u00e9nyszer n\u00e9lk\u00fcl tudn\u00e1 \u00e9rdemben cs\u00f6kkenteni a kibocs\u00e1t\u00e1sokat. Ehhez k\u00e9pest a jel\u00f6ltek ezen a ter\u00fcleten mutatj\u00e1k a legkisebb elk\u00f6telez\u0151d\u00e9st.<\/p>\n<p>Budapest l\u00e9gszennyezetts\u00e9ge a Greenpeace szerint akkor javulna \u00e9rdemben, ha fokozatosan kitiltan\u00e1k a szennyez\u0151 j\u00e1rm\u0171veket a f\u0151v\u00e1rosb\u00f3l, ez\u00e9rt a szervezet a kitilt\u00e1sra vonatkoz\u00f3 \u00fctemtervek ismertet\u00e9s\u00e9t k\u00e9rte a jel\u00f6ltekt\u0151l. Kar\u00e1csony Gergely ezt r\u00e9szben v\u00e1llaln\u00e1: alacsony kibocs\u00e1t\u00e1s\u00fa z\u00f3n\u00e1kat vezetne be, mely a gyakorlatban azt jelenten\u00e9, hogy a szennyez\u0151 j\u00e1rm\u0171veket kitiltja a v\u00e1ros bizonyos r\u00e9szeir\u0151l \u2013 \u00e1m az nem der\u00fcl ki, hogy mikort\u00f3l \u00e9s mekkora ter\u00fcleten. Puzs\u00e9r R\u00f3bert a szennyez\u0151 j\u00e1rm\u0171veket nem tiltan\u00e1 ki, viszont bevezetne egy szennyez\u00e9s alap\u00fa f\u0151v\u00e1rosi \u00fatd\u00edjrendszert, ami k\u00fcl\u00f6n\u00f6sen a d\u00edzeleket, r\u00e9gi d\u00edzeleket igyekezne kiszor\u00edtani a v\u00e1rosb\u00f3l. Puzs\u00e9r emellett aut\u00f3mentess\u00e9 tenn\u00e9 a belv\u00e1rost, valamint a ker\u00fclet k\u00f6zpontjait. A Tarl\u00f3s Istv\u00e1n nev\u00e9ben nyilatkoz\u00f3 f\u0151oszt\u00e1lyvezet\u0151 nem \u00edg\u00e9ri a szennyez\u0151 j\u00e1rm\u0171vek \u00e1ltal\u00e1nos tilalm\u00e1t, csak hivatkozik arra, hogy m\u00e1r jelent\u0151sen korl\u00e1tozt\u00e1k a szennyez\u0151 j\u00e1rm\u0171vek behajt\u00e1s\u00e1t szmogriad\u00f3 eset\u00e9n. Kar\u00e1csony \u00e9s Puzs\u00e9r \u00edg\u00e9ri a haj\u00f3forgalom cs\u00f6kkent\u00e9s\u00e9t, a szennyez\u0151 haj\u00f3k korl\u00e1toz\u00e1s\u00e1t, a jelenlegi v\u00e1rosvezet\u00e9s \u00e1ll\u00e1spontja ellenben az, hogy nem a f\u0151polg\u00e1rmester hat\u00e1sk\u00f6re a szennyez\u0151 haj\u00f3k korl\u00e1toz\u00e1sa.<\/p>\n<p><em>\u201eA f\u0151polg\u00e1rmester-jel\u00f6ltekt\u0151l az\u00e9rt k\u00e9rt\u00fcnk k\u00f6telezetts\u00e9gv\u00e1llal\u00e1sokat, hogy a budapestiek pontosabb k\u00e9pet kaphassanak a jel\u00f6ltek kl\u00edmav\u00e9delmi \u00e9s leveg\u0151tisztas\u00e1gi int\u00e9zked\u00e9seire vonatkoz\u00f3 terveir\u0151l, \u00e9s ezzel megk\u00f6nny\u00edts\u00fck a jel\u00f6ltek programjai k\u00f6z\u00f6tti t\u00e1j\u00e9koz\u00f3d\u00e1st a 2019-es \u00f6nkorm\u00e1nyzati v\u00e1laszt\u00e1s el\u0151tt. A v\u00e1laszok \u00e9rt\u00e9kel\u00e9se sor\u00e1n arra jutottunk, hogy a jel\u00f6ltek mindegyik\u00e9n\u00e9l l\u00e1thatunk valamilyen fajta elk\u00f6telez\u0151d\u00e9st, de a d\u00f6nt\u0151 k\u00e9rd\u00e9s, hogy a v\u00e1llal\u00e1sok hogyan \u00e9s mikor val\u00f3sulnak meg\u201d<\/em> \u2013 fogalmazott Simon Gergely, a Greenpeace l\u00e9gszennyezetts\u00e9gi szak\u00e9rt\u0151je.<\/p>\n<p>A Greenpeace Magyarorsz\u00e1g \u00e1ll\u00e1spontja szerint, ha tiszta, biztons\u00e1gos \u00e9s eg\u00e9szs\u00e9ges v\u00e1rosokat akarunk, mindannyiunkra sz\u00fcks\u00e9g van: t\u00e1j\u00e9koz\u00f3djunk a politikusok programj\u00e1r\u00f3l, menj\u00fcnk el szavazni \u00e9s a v\u00e1laszt\u00e1sok ut\u00e1n k\u00e9rj\u00fck sz\u00e1mon megv\u00e1lasztott k\u00e9pvisel\u0151ink \u00edg\u00e9reteit. Csak \u00edgy tudjuk el\u00e9rni, hogy \u00e9rdemi kl\u00edmav\u00e9delmi \u00e9s leveg\u0151tisztas\u00e1gi programok val\u00f3suljanak meg, \u00e9s ez\u00e1ltal eg\u00e9szs\u00e9gesebb, biztons\u00e1gosabb, fenntarthat\u00f3bb telep\u00fcl\u00e9seken \u00e9lhess\u00fcnk.<\/p>\n<p>A Greenpeace Magyarorsz\u00e1g r\u00e9szletes \u00e9rt\u00e9kel\u00e9se az alkalmazott m\u00f3dszertan ismertet\u00e9s\u00e9vel <a href=\"https:\/\/hu.greenpeace.org\/tiszta-levegot\/a-fopolgarmester-jeloltek-vallalasainak-ertekelese\/\">itt \u00e9rhet\u0151 el<\/a>.<\/p>\n<p>&nbsp;<\/p>\n<p><strong>Jegyzetek:<\/strong><br \/>\n[1] Kl\u00edmav\u00e9delmi \u00e9s leveg\u0151tisztas\u00e1gi v\u00e1llal\u00e1sokat k\u00f6vetel a Greenpeace a f\u0151polg\u00e1rmester-jel\u00f6ltekt\u0151l<br \/>\n<a href=\"https:\/\/www.greenpeace.org\/hungary\/sajtokozlemeny\/5511\/klimavedelmi-es-levegotisztasagi-vallalasokat-kovetel-a-greenpeace-a-fopolgarmester-jeloltektol\/\">https:\/\/www.greenpeace.org\/hungary\/sajtokozlemeny\/5511\/klimavedelmi-es-levegotisztasagi-vallalasokat-kovetel-a-greenpeace-a-fopolgarmester-jeloltektol\/<\/a><br \/>\n[2] Kar\u00e1csony Gergely v\u00e1lasza<br \/>\n<a href=\"https:\/\/www.greenpeace.org\/static\/planet4-hungary-stateless\/2019\/10\/65717b65-gphu_fpjelolt_201909_valasz_kg.pdf\">https:\/\/www.greenpeace.org\/static\/planet4-hungary-stateless\/2019\/10\/65717b65-gphu_fpjelolt_201909_valasz_kg.pdf<\/a><br \/>\n[3] Puzs\u00e9r R\u00f3bert nev\u00e9ben a S\u00e9t\u00e1l\u00f3 Budapest st\u00e1bj\u00e1nak v\u00e1lasza<br \/>\n<a href=\"https:\/\/www.greenpeace.org\/static\/planet4-hungary-stateless\/2019\/10\/776cd5aa-gphu_fpjelolt_201909_valasz_pr.pdf\">https:\/\/www.greenpeace.org\/static\/planet4-hungary-stateless\/2019\/10\/776cd5aa-gphu_fpjelolt_201909_valasz_pr.pdf<\/a><br \/>\n[4] Tarl\u00f3s Istv\u00e1n nev\u00e9ben a F\u0151v\u00e1rosi Polg\u00e1rmesteri Hivatal V\u00e1rosigazgat\u00f3s\u00e1g F\u0151oszt\u00e1ly\u00e1nak v\u00e1lasza<br \/>\n<a href=\"https:\/\/www.greenpeace.org\/static\/planet4-hungary-stateless\/2019\/10\/2989b8c3-gphu_fpjelolt_201909_valasz_ti_redacted.pdf\">https:\/\/www.greenpeace.org\/static\/planet4-hungary-stateless\/2019\/10\/2989b8c3-gphu_fpjelolt_201909_valasz_ti_redacted.pdf<\/a><\/p>\n","protected":false},"excerpt":{"rendered":"<p>Budapest, 2019. okt\u00f3ber 7. \u2013 Kar\u00e1csony, Puzs\u00e9r \u00e9s Tarl\u00f3s is tenne Budapest kl\u00edmav\u00e9delm\u00e9\u00e9rt \u00e9s tiszta leveg\u0151j\u00e9\u00e9rt, de a megval\u00f3s\u00edt\u00e1shoz sz\u00fcks\u00e9ges \u00fctemtervek \u00e9s a k\u00f6lts\u00e9gvet\u00e9sek m\u00e9g hom\u00e1lyosak. \u00d6sszefoglalva ez der\u00fcl ki&hellip;<\/p>\n","protected":false},"author":32,"featured_media":5637,"comment_status":"closed","ping_status":"closed","sticky":false,"template":"","format":"standard","meta":{"ep_exclude_from_search":false,"p4_og_title":"","p4_og_description":"","p4_og_image":"","p4_og_image_id":"","p4_seo_canonical_url":"","p4_campaign_name":"not set","p4_local_project":"","p4_basket_name":"not set","p4_department":"","footnotes":""},"categories":[4],"tags":[6,19,34],"p4-page-type":[37],"class_list":["post-5632","post","type-post","status-publish","format-standard","has-post-thumbnail","hentry","category-ember-tarsadalom","tag-klimavedelem","tag-egeszseg","tag-levego","p4-page-type-sajtokozlemeny"],"_links":{"self":[{"href":"https:\/\/www.greenpeace.org\/hungary\/wp-json\/wp\/v2\/posts\/5632","targetHints":{"allow":["GET"]}}],"collection":[{"href":"https:\/\/www.greenpeace.org\/hungary\/wp-json\/wp\/v2\/posts"}],"about":[{"href":"https:\/\/www.greenpeace.org\/hungary\/wp-json\/wp\/v2\/types\/post"}],"author":[{"embeddable":true,"href":"https:\/\/www.greenpeace.org\/hungary\/wp-json\/wp\/v2\/users\/32"}],"replies":[{"embeddable":true,"href":"https:\/\/www.greenpeace.org\/hungary\/wp-json\/wp\/v2\/comments?post=5632"}],"version-history":[{"count":4,"href":"https:\/\/www.greenpeace.org\/hungary\/wp-json\/wp\/v2\/posts\/5632\/revisions"}],"predecessor-version":[{"id":5638,"href":"https:\/\/www.greenpeace.org\/hungary\/wp-json\/wp\/v2\/posts\/5632\/revisions\/5638"}],"wp:featuredmedia":[{"embeddable":true,"href":"https:\/\/www.greenpeace.org\/hungary\/wp-json\/wp\/v2\/media\/5637"}],"wp:attachment":[{"href":"https:\/\/www.greenpeace.org\/hungary\/wp-json\/wp\/v2\/media?parent=5632"}],"wp:term":[{"taxonomy":"category","embeddable":true,"href":"https:\/\/www.greenpeace.org\/hungary\/wp-json\/wp\/v2\/categories?post=5632"},{"taxonomy":"post_tag","embeddable":true,"href":"https:\/\/www.greenpeace.org\/hungary\/wp-json\/wp\/v2\/tags?post=5632"},{"taxonomy":"p4-page-type","embeddable":true,"href":"https:\/\/www.greenpeace.org\/hungary\/wp-json\/wp\/v2\/p4-page-type?post=5632"}],"curies":[{"name":"wp","href":"https:\/\/api.w.org\/{rel}","templated":true}]}}