{"id":5665,"date":"2019-10-09T10:39:15","date_gmt":"2019-10-09T08:39:15","guid":{"rendered":"https:\/\/www.greenpeace.org\/hungary\/?p=5665"},"modified":"2019-11-06T09:40:10","modified_gmt":"2019-11-06T08:40:10","slug":"kockazatos-a-legszennyezettseg-a-korhazaknal","status":"publish","type":"post","link":"https:\/\/www.greenpeace.org\/hungary\/sajtokozlemeny\/5665\/kockazatos-a-legszennyezettseg-a-korhazaknal\/","title":{"rendered":"Kock\u00e1zatos a l\u00e9gszennyezetts\u00e9g a k\u00f3rh\u00e1zakn\u00e1l"},"content":{"rendered":"<p><strong>Budapest, 2019. okt\u00f3ber 9. \u2013 Kritikus lehet a l\u00e9gszennyezetts\u00e9g t\u00f6bb, gyermekeket, kismam\u00e1kat \u00e9s t\u00fcd\u0151betegeket ell\u00e1t\u00f3 eg\u00e9szs\u00e9g\u00fcgyi int\u00e9zm\u00e9ny bej\u00e1rat\u00e1nak k\u00f6rny\u00e9k\u00e9n \u2013 der\u00fcl ki a Greenpeace friss m\u00e9r\u00e9si eredm\u00e9nyeib\u0151l. A k\u00f6rnyezetv\u00e9d\u0151 szervezet jellemz\u0151en a d\u00edzel j\u00e1rm\u0171vekb\u0151l sz\u00e1rmaz\u00f3 nitrog\u00e9n-dioxid-szennyezetts\u00e9get m\u00e9rte t\u00edz budapesti k\u00f3rh\u00e1z k\u00f6rny\u00e9k\u00e9n. Az eredm\u00e9nyek azt mutatj\u00e1k: t\u00f6bb helyen s\u00falyosabb a l\u00e9gszennyezetts\u00e9g a hivatalos m\u00e9r\u0151\u00e1llom\u00e1sok \u00e9rt\u00e9kein\u00e9l. A SOTE N\u0151gy\u00f3gy\u00e1szati Klinik\u00e1j\u00e1nak \u00dcll\u0151i \u00fati r\u00e9szleg\u00e9n\u00e9l a l\u00e9gszennyezetts\u00e9g m\u00e9g a 24 \u00f3r\u00e1s hat\u00e1r\u00e9rt\u00e9ket is t\u00fall\u00e9pte a vizsg\u00e1lt id\u0151szakban. A Greenpeace azonnali cselekv\u00e9st v\u00e1r a budapesti v\u00e1rosvezet\u00e9st\u0151l: a tiszt\u00e1bb leveg\u0151 \u00e9rdek\u00e9ben miel\u0151bb tilts\u00e1k ki a r\u00e9gi, szennyez\u0151 j\u00e1rm\u0171veket Budapestr\u0151l.<\/strong><\/p>\n<div id=\"attachment_5670\" style=\"width: 1690px\" class=\"wp-caption alignnone\"><img loading=\"lazy\" decoding=\"async\" aria-describedby=\"caption-attachment-5670\" class=\"size-full wp-image-5670\" src=\"https:\/\/www.greenpeace.org\/static\/planet4-hungary-stateless\/2019\/10\/Korhazi-legszennyezettseg.jpg\" alt=\"\" width=\"1680\" height=\"1120\" srcset=\"https:\/\/www.greenpeace.org\/static\/planet4-hungary-stateless\/2019\/10\/Korhazi-legszennyezettseg.jpg 1680w, https:\/\/www.greenpeace.org\/static\/planet4-hungary-stateless\/2019\/10\/Korhazi-legszennyezettseg-300x200.jpg 300w, https:\/\/www.greenpeace.org\/static\/planet4-hungary-stateless\/2019\/10\/Korhazi-legszennyezettseg-768x512.jpg 768w, https:\/\/www.greenpeace.org\/static\/planet4-hungary-stateless\/2019\/10\/Korhazi-legszennyezettseg-1024x683.jpg 1024w, https:\/\/www.greenpeace.org\/static\/planet4-hungary-stateless\/2019\/10\/Korhazi-legszennyezettseg-510x340.jpg 510w\" sizes=\"auto, (max-width: 1680px) 100vw, 1680px\" \/><p id=\"caption-attachment-5670\" class=\"wp-caption-text\">Kock\u00e1zatos a l\u00e9gszennyezetts\u00e9g a k\u00f3rh\u00e1zakn\u00e1l \u00a9 J\u00e1rd\u00e1ny Bence \/ Greenpeace<\/p><\/div>\n<p>A Greenpeace Magyarorsz\u00e1g t\u00edz f\u0151v\u00e1rosi eg\u00e9szs\u00e9g\u00fcgyi int\u00e9zm\u00e9nyn\u00e9l [1] vizsg\u00e1lta a l\u00e9gszennyezetts\u00e9get 2019. augusztus 29. \u00e9s szeptember 19. k\u00f6z\u00f6tt. A nitrog\u00e9n-dioxidot m\u00e9r\u0151 \u00fagynevezett diff\u00fazi\u00f3s cs\u00f6vek [2] a gyermekeket, kismam\u00e1kat \u00e9s t\u00fcd\u0151betegeket ell\u00e1t\u00f3 eg\u00e9szs\u00e9g\u00fcgyi int\u00e9zm\u00e9nyek bej\u00e1rat\u00e1nak k\u00f6zel\u00e9ben m\u00e9rt\u00e9k a leveg\u0151 szennyezetts\u00e9g\u00e9t, ugyanis a lakoss\u00e1g ezen r\u00e9sze k\u00fcl\u00f6n\u00f6sen \u00e9rz\u00e9keny a l\u00e9gszennyez\u00e9sre.<\/p>\n<p>A Greenpeace m\u00e9r\u00e9sei azt mutatj\u00e1k: a vizsg\u00e1lt id\u0151szakban j\u00f3val kritikusabb volt a nitrog\u00e9n-dioxid-szennyezetts\u00e9g a vizsg\u00e1lt eg\u00e9szs\u00e9g\u00fcgyi int\u00e9zm\u00e9nyekn\u00e9l, mint a k\u00f6rnyez\u0151 hivatalos m\u00e9r\u0151\u00e1llom\u00e1sokn\u00e1l. Hasonl\u00f3an szennyezett leveg\u0151t kiz\u00e1r\u00f3lag az \u00f3r\u00e1s \u00e9s \u00e9ves hat\u00e1r\u00e9rt\u00e9ket egyar\u00e1nt rendszeresen meghalad\u00f3, forgalmas k\u00f6zleked\u00e9si csom\u00f3pontn\u00e1l m\u0171k\u00f6d\u0151 Erzs\u00e9bet t\u00e9ri m\u00e9r\u0151\u00e1llom\u00e1s mutatott.<\/p>\n<p>A legs\u00falyosabb \u00e9rt\u00e9keket a Semmelweis Egyetem (SOTE) Sz\u00fcl\u00e9szeti \u00e9s N\u0151gy\u00f3gy\u00e1szati Klinik\u00e1j\u00e1nak \u00dcll\u0151i \u00fati r\u00e9szleg\u00e9n\u00e9l (89,4 \u00b5g\/m3), a Heim P\u00e1l Gyermekk\u00f3rh\u00e1zn\u00e1l (79,0 \u00b5g\/m3), az MH EK Honv\u00e9d K\u00f3rh\u00e1zn\u00e1l (74,0 \u00b5g\/m3), valamint a T\u00f6lgyfa utcai Gyermek-T\u00fcd\u0151gy\u00f3gy\u00e1szati J\u00e1r\u00f3beteg-szakell\u00e1t\u00e1s \u00e9p\u00fclet\u00e9n\u00e9l (73,4 \u00b5g\/m3) elhelyezett m\u00e9r\u0151eszk\u00f6z\u00f6k m\u00e9rt\u00e9k. A h\u00e1rom hetes m\u00e9r\u00e9s alatt t\u00edz m\u00e9r\u00e9si pontb\u00f3l kilenc helysz\u00ednen magasabb volt a szennyezetts\u00e9g m\u00e9rt\u00e9ke, mint az \u00e9ves nitrog\u00e9n-dioxid hat\u00e1r\u00e9rt\u00e9k (40 \u00b5g\/m3). Az egyetlen, \u00e9ves hat\u00e1r\u00e9rt\u00e9k alatti szintet az Aur\u00f3ra utcai J\u00f3zsefv\u00e1rosi Szent Kozma Eg\u00e9szs\u00e9g\u00fcgyi K\u00f6zpont bej\u00e1rat\u00e1n\u00e1l kitett m\u00e9r\u0151eszk\u00f6z mutatta (39,3 \u00b5g\/m3). A SOTE Sz\u00fcl\u00e9szeti \u00e9s N\u0151gy\u00f3gy\u00e1szati Klinik\u00e1j\u00e1nak \u00dcll\u0151i \u00fati r\u00e9szleg\u00e9n\u00e9l m\u00e9rt szennyezetts\u00e9g h\u00e1rom hetes \u00e1tlaga m\u00e9g a 24 \u00f3r\u00e1s hat\u00e1r\u00e9rt\u00e9ket (85 \u00b5g\/m3) is meghaladta (89,4 \u00b5g\/m3), \u00e9s t\u00f6bb mint dupl\u00e1ja volt az egy \u00e9vre megadott hat\u00e1r\u00e9rt\u00e9knek.<\/p>\n<p>A nitrog\u00e9n-dioxid-szennyez\u00e9s sz\u00e1mottev\u0151 r\u00e9sze a d\u00edzel j\u00e1rm\u0171vekb\u0151l sz\u00e1rmazik, melyek sz\u00e1ma \u00e9s \u00e1tlag\u00e9letkora is n\u0151tt Magyarorsz\u00e1gon az elm\u00falt m\u00e1sf\u00e9l \u00e9vtizedben [3] Az EU-ban Magyarorsz\u00e1gon fut ar\u00e1nyaiban az egyik legt\u00f6bb, az eur\u00f3pai kibocs\u00e1t\u00e1si norm\u00e1knak nem megfelel\u0151 d\u00edzel szem\u00e9lyaut\u00f3 [4], melyek jelent\u0151s r\u00e9sze a nyugat-eur\u00f3pai nagyv\u00e1rosokb\u00f3l kitiltott szennyez\u0151 d\u00edzel [5].<\/p>\n<p><em>\u201eS\u00fcrg\u0151sen szab\u00e1lyoz\u00e1sra van sz\u00fcks\u00e9g, hogy ne ker\u00fclhessenek n\u00e1lunk forgalomba a t\u00f6bbi eur\u00f3pai orsz\u00e1gb\u00f3l kitiltott, szennyez\u0151 g\u00e9pj\u00e1rm\u0171vek. \u00c9vente m\u00e1r most t\u00f6bb mint 14 ezren halnak meg a rossz leveg\u0151 miatt. A v\u00e1rosvezet\u00e9s mindezek ellen\u00e9re \u00e9vek \u00f3ta nem hajland\u00f3 hat\u00e9konyan fell\u00e9pni a s\u00falyos l\u00e9gszennyezetts\u00e9g cs\u00f6kkent\u00e9s\u00e9\u00e9rt. Pedig k\u00f6zv\u00e9lem\u00e9ny-kutat\u00e1s is bizony\u00edtja: a budapestiek t\u00falnyom\u00f3 t\u00f6bbs\u00e9ge szerint a l\u00e9gszennyezetts\u00e9g a legnagyobb k\u00f6rnyezetv\u00e9delmi probl\u00e9ma Budapesten\u201d [6]<\/em> \u2013 nyilatkozta Simon Gergely, a Greenpeace l\u00e9gszennyez\u00e9si szak\u00e9rt\u0151je.<\/p>\n<p>A Greenpeace m\u00e9r\u00e9sei azt mutatj\u00e1k, hogy a budapesti iskol\u00e1k [7] \u00e9s a buszmeg\u00e1ll\u00f3k mellett [8] a k\u00f3rh\u00e1zakn\u00e1l is kritikus a l\u00e9gszennyezetts\u00e9g. A k\u00f6rnyezetv\u00e9d\u0151 szervezet <a href=\"https:\/\/act.greenpeace.org\/page\/38111\/petition\/1\">k\u00f6zel harmincezer emberrel egy\u00fctt<\/a> [9] azt v\u00e1rja a f\u0151v\u00e1ros vezet\u00e9s\u00e9t\u0151l: hasonl\u00f3k\u00e9ppen a nyugat-eur\u00f3pai v\u00e1rosok gyakorlat\u00e1hoz, \u00e1llap\u00edtson meg c\u00e9ld\u00e1tumot a szennyez\u0151, r\u00e9gi d\u00edzel j\u00e1rm\u0171vek kivezet\u00e9s\u00e9re, mind a szem\u00e9lyaut\u00f3k, mind a t\u00f6megk\u00f6zleked\u00e9sben haszn\u00e1lt buszok, haj\u00f3k, \u00e9s egy\u00e9b d\u00edzel j\u00e1rm\u0171vek eset\u00e9ben. Ezzel lehet ugyanis a legt\u00f6bbet \u00e9s a leggyorsabban tenni t\u00f6bb milli\u00f3 \u00e1llampolg\u00e1r eg\u00e9szs\u00e9g\u00e9nek v\u00e9delm\u00e9ben.<\/p>\n<p>A s\u00falyos l\u00e9gszennyezetts\u00e9g miatt \u00e9vente t\u00f6bb ezren halnak meg id\u0151 el\u0151tt a f\u0151v\u00e1rosban. A leveg\u0151min\u0151s\u00e9g eur\u00f3pai viszonylatban is eg\u00e9szs\u00e9gk\u00e1ros\u00edt\u00f3: a sz\u00e1ll\u00f3por-szennyezetts\u00e9g miatt az Eur\u00f3pai Bizotts\u00e1g m\u00e1r pert is ind\u00edtott Magyarorsz\u00e1g ellen \u00e9s k\u00f6telezetts\u00e9gszeg\u00e9si elj\u00e1r\u00e1st a nitrog\u00e9n-dioxid-szennyezetts\u00e9g ok\u00e1n.<\/p>\n<p><strong>Fot\u00f3k a sajt\u00f3j\u00e9koztat\u00f3r\u00f3l \u00e9s a vizsg\u00e1lt eg\u00e9szs\u00e9g\u00fcgyi int\u00e9zm\u00e9nyekr\u0151l (a link folyamatosan friss\u00fcl):<\/strong> <a href=\"https:\/\/www.flickr.com\/photos\/greenpeacehu\/albums\/72157711246040136\">https:\/\/www.flickr.com\/photos\/greenpeacehu\/albums\/72157711246040136<\/a><\/p>\n<p>&nbsp;<\/p>\n<p><strong>Jegyzetek:<\/strong><\/p>\n<p>[1] M\u00e9r\u00e9si helyek \u00e9s eredm\u00e9nyek: <a href=\"https:\/\/hu.greenpeace.org\/tiszta-levegot\/korhazi-levegoszennyezes-meresek\/\">https:\/\/hu.greenpeace.org\/tiszta-levegot\/korhazi-levegoszennyezes-meresek\/<\/a><\/p>\n<p>[2] A Greenpeace m\u00e9r\u00e9sei sor\u00e1n olyan diff\u00fazi\u00f3s cs\u00f6veket haszn\u00e1lt, amelyeket a brit hat\u00f3s\u00e1g is haszn\u00e1l nitrog\u00e9n-dioxidot m\u00e9r\u0151 l\u00e9gszennyez\u00e9si vizsg\u00e1lataihoz. A m\u00e9r\u00e9shez haszn\u00e1lt cs\u00f6vek eredm\u00e9nyeit a diff\u00fazi\u00f3s cs\u00f6veket gy\u00e1rt\u00f3 c\u00e9g (Gradko) \u00e9s a Greenpeace Exeteri Egyetemen tal\u00e1lhat\u00f3 kutat\u00f3laborat\u00f3riuma \u00e9rt\u00e9kelte ki. <a href=\"https:\/\/www.gradko.com\/environmental\/products\/no2-and-diffusion-tubes.shtml\">https:\/\/www.gradko.com\/environmental\/products\/no2-and-diffusion-tubes.shtml<\/a><\/p>\n<p>[3] M\u00edg 2005-ben 2 888 735 aut\u00f3, ebb\u0151l 447 854 d\u00edzel volt a magyar utakon, addig 2017-re 3 471 997 aut\u00f3 lett haz\u00e1nkban \u00e9s ebb\u0151l 1 055 268 d\u00edzel. Ek\u00f6zben jelent\u0151sen n\u0151tt az aut\u00f3k \u00e1tlag\u00e9letkora Magyarorsz\u00e1gon \u2013 2006-ban 10,3 \u00e9v volt a hazai kocsik \u00e1tlag\u00e9letkora, 2017-re 14,1-re n\u0151tt. T\u00e1j\u00e9koztat\u00e1si adatb\u00e1zis, Szakstatisztik\u00e1k t\u00e9m\u00e1k szerint \u2013 <a href=\"http:\/\/statinfo.ksh.hu\">http:\/\/statinfo.ksh.hu<\/a><\/p>\n<p>[4] <a href=\"http:\/\/nrgreport.com\/cikk\/2019\/01\/21\/elkepesztoen-sokba-kerulnek-a-dizelek-magyarorszagnak-horribilis-szamok-lattak-napvilagot\">http:\/\/nrgreport.com\/cikk\/2019\/01\/21\/elkepesztoen-sokba-kerulnek-a-dizelek-magyarorszagnak-horribilis-szamok-lattak-napvilagot<\/a><\/p>\n<p>[5] A Greenpeace felm\u00e9r\u00e9se a szennyez\u0151 g\u00e9pj\u00e1rm\u0171veket kitilt\u00f3 v\u00e1rosokr\u00f3l: <a href=\"https:\/\/greenpeacemaps.carto.com\/builder\/82736ea3-d8cc-4607-93c7-ee38fc438831\/embed\">https:\/\/greenpeacemaps.carto.com\/builder\/82736ea3-d8cc-4607-93c7-ee38fc438831\/embed<\/a><\/p>\n<p>[6] A Greenpeace Magyarorsz\u00e1g megb\u00edz\u00e1s\u00e1b\u00f3l a Z\u00e1vecz Research 2018. november 24. \u2013 december 10. k\u00f6z\u00f6tt k\u00e9sz\u00edtett k\u00f6zv\u00e9lem\u00e9ny-kutat\u00e1sa, szem\u00e9lyes adatfelv\u00e9tellel, a budapesti lakoss\u00e1gra reprezentat\u00edv 800 f\u0151s mint\u00e1n: <a href=\"https:\/\/www.flickr.com\/photos\/greenpeacehu\/albums\/72157707132387024\">https:\/\/www.flickr.com\/photos\/greenpeacehu\/albums\/72157707132387024<\/a><\/p>\n<p>[7] A Greenpeace Magyarorsz\u00e1g iskol\u00e1k k\u00f6rny\u00e9k\u00e9n t\u00f6rt\u00e9nt l\u00e9gszennyezetts\u00e9gi m\u00e9r\u00e9seinek eredm\u00e9nyei, 2019 m\u00e1rcius m\u00e1sodik fel\u00e9ben t\u00f6rt\u00e9nt mintav\u00e9tellel, 16 nitrog\u00e9n-dioxid-szennyezetts\u00e9get m\u00e9r\u0151 eszk\u00f6zzel: <a href=\"https:\/\/hu.greenpeace.org\/tiszta-levegot\/iskolai-levegoszennyezes-meresek\/\">https:\/\/hu.greenpeace.org\/tiszta-levegot\/iskolai-levegoszennyezes-meresek\/<\/a><\/p>\n<p>[8] A Greenpeace Magyarorsz\u00e1g 2019 \u00e1prilis\u00e1ban, buszmeg\u00e1ll\u00f3kban t\u00f6rt\u00e9nt l\u00e9gszennyezetts\u00e9gi m\u00e9r\u00e9seinek eredm\u00e9nye: <a href=\"http:\/\/www.greenpeace.org\/hungary\/sajtokozlemeny\/4332\/jelentos-nitrogen-dioxid-szennyezettseg-a-buszmegallokban\/\">www.greenpeace.org\/hungary\/sajtokozlemeny\/4332\/jelentos-nitrogen-dioxid-szennyezettseg-a-buszmegallokban\/<\/a><\/p>\n<p>[9] <a href=\"https:\/\/act.greenpeace.org\/page\/38111\/petition\/1\">greenpeace.hu\/levego<\/a><\/p>\n","protected":false},"excerpt":{"rendered":"<p>Budapest, 2019. okt\u00f3ber 9. \u2013 Kritikus lehet a l\u00e9gszennyezetts\u00e9g t\u00f6bb, gyermekeket, kismam\u00e1kat \u00e9s t\u00fcd\u0151betegeket ell\u00e1t\u00f3 eg\u00e9szs\u00e9g\u00fcgyi int\u00e9zm\u00e9ny bej\u00e1rat\u00e1nak k\u00f6rny\u00e9k\u00e9n \u2013 der\u00fcl ki a Greenpeace friss m\u00e9r\u00e9si eredm\u00e9nyeib\u0151l. A k\u00f6rnyezetv\u00e9d\u0151 szervezet&hellip;<\/p>\n","protected":false},"author":32,"featured_media":5670,"comment_status":"closed","ping_status":"closed","sticky":false,"template":"","format":"standard","meta":{"ep_exclude_from_search":false,"p4_og_title":"","p4_og_description":"","p4_og_image":"","p4_og_image_id":"","p4_seo_canonical_url":"","p4_campaign_name":"not set","p4_local_project":"","p4_basket_name":"not set","p4_department":"","footnotes":""},"categories":[4],"tags":[19,34],"p4-page-type":[37],"class_list":["post-5665","post","type-post","status-publish","format-standard","has-post-thumbnail","hentry","category-ember-tarsadalom","tag-egeszseg","tag-levego","p4-page-type-sajtokozlemeny"],"_links":{"self":[{"href":"https:\/\/www.greenpeace.org\/hungary\/wp-json\/wp\/v2\/posts\/5665","targetHints":{"allow":["GET"]}}],"collection":[{"href":"https:\/\/www.greenpeace.org\/hungary\/wp-json\/wp\/v2\/posts"}],"about":[{"href":"https:\/\/www.greenpeace.org\/hungary\/wp-json\/wp\/v2\/types\/post"}],"author":[{"embeddable":true,"href":"https:\/\/www.greenpeace.org\/hungary\/wp-json\/wp\/v2\/users\/32"}],"replies":[{"embeddable":true,"href":"https:\/\/www.greenpeace.org\/hungary\/wp-json\/wp\/v2\/comments?post=5665"}],"version-history":[{"count":6,"href":"https:\/\/www.greenpeace.org\/hungary\/wp-json\/wp\/v2\/posts\/5665\/revisions"}],"predecessor-version":[{"id":5672,"href":"https:\/\/www.greenpeace.org\/hungary\/wp-json\/wp\/v2\/posts\/5665\/revisions\/5672"}],"wp:featuredmedia":[{"embeddable":true,"href":"https:\/\/www.greenpeace.org\/hungary\/wp-json\/wp\/v2\/media\/5670"}],"wp:attachment":[{"href":"https:\/\/www.greenpeace.org\/hungary\/wp-json\/wp\/v2\/media?parent=5665"}],"wp:term":[{"taxonomy":"category","embeddable":true,"href":"https:\/\/www.greenpeace.org\/hungary\/wp-json\/wp\/v2\/categories?post=5665"},{"taxonomy":"post_tag","embeddable":true,"href":"https:\/\/www.greenpeace.org\/hungary\/wp-json\/wp\/v2\/tags?post=5665"},{"taxonomy":"p4-page-type","embeddable":true,"href":"https:\/\/www.greenpeace.org\/hungary\/wp-json\/wp\/v2\/p4-page-type?post=5665"}],"curies":[{"name":"wp","href":"https:\/\/api.w.org\/{rel}","templated":true}]}}