{"id":5856,"date":"2019-11-27T15:27:38","date_gmt":"2019-11-27T14:27:38","guid":{"rendered":"https:\/\/www.greenpeace.org\/hungary\/?p=5856"},"modified":"2019-12-10T17:07:46","modified_gmt":"2019-12-10T16:07:46","slug":"szennyviz-folyt-a-bene-patakban","status":"publish","type":"post","link":"https:\/\/www.greenpeace.org\/hungary\/sajtokozlemeny\/5856\/szennyviz-folyt-a-bene-patakban\/","title":{"rendered":"Szennyv\u00edz folyt a Bene-patakban?"},"content":{"rendered":"\n<p><strong>Budapest, 2019. november 27. \u2013 A Greenpeace Magyarorsz\u00e1g sz\u00e1mos lakoss\u00e1gi bejelent\u00e9st k\u00f6vet\u0151en november 20-\u00e1n d\u00e9lut\u00e1n mint\u00e1kat vett a M\u00e1trai Er\u0151m\u0171 k\u00f6rny\u00e9ki vizekb\u0151l. Az akkredit\u00e1lt laborat\u00f3riumban bevizsg\u00e1ltatott eredm\u00e9nyek azt mutatj\u00e1k: az er\u0151m\u0171 telephely\u00e9r\u0151l kifoly\u00f3 patakban gyakorlatilag szennyv\u00edz folyt: a v\u00edzminta szervesanyag-tartalma (KOI-ja) t\u00f6bbsz\u00f6r\u00f6sen meghaladta a v\u00edzfoly\u00e1sokra megengedett hat\u00e1rt\u00e9keket [1] \u00e9s jelent\u0151sebb szulf\u00e1t \u00e9s molibd\u00e9n koncentr\u00e1ci\u00f3t is mutatott. Az \u00e9rt\u00e9kek szinte teljesen megegyeznek a Detken a lakoss\u00e1g \u00e1ltal 20-\u00e1n d\u00e9lel\u0151tt a Bene-patakb\u00f3l vett mint\u00e1k \u00e9rt\u00e9keivel, melyeket a Greenpeace ugyancsak bevizsg\u00e1ltatott. [2] A kimutatott magas szervesanyag-tartalom \u00f6sszef\u00fcgg\u00e9sben \u00e1llhat a m\u00e9rges g\u00e1zok fejl\u0151d\u00e9s\u00e9vel, amik a k\u00f6rny\u00e9ken tapasztalt b\u0171zt, \u00e9s az er\u0151m\u0171 dolgoz\u00f3in\u00e1l jelentkezett eg\u00e9szs\u00e9g\u00fcgyi panaszokat okozhatt\u00e1k. A Greenpeace azt v\u00e1rja a hat\u00f3s\u00e1gokt\u00f3l: s\u00fcrg\u0151sen vizsg\u00e1lj\u00e1k ki az esetet, \u00e9s hozz\u00e1k nyilv\u00e1noss\u00e1gra a szennyez\u00e9s [3] ok\u00e1t \u00e9s a szennyez\u00e9s kezel\u00e9s\u00e9nek m\u00f3dj\u00e1t, hogy a magyar lakoss\u00e1g megnyugtat\u00f3 magyar\u00e1zatot kaphasson a M\u00e1trai Er\u0151m\u0171 k\u00f6rny\u00e9k\u00e9n tapasztalt szennyez\u00e9s k\u00f6r\u00fcli k\u00e9rd\u0151jelekre.<\/strong><\/p>\n\n<figure class=\"wp-block-image size-large  caption-style-blue-overlay caption-alignment-left\"><img loading=\"lazy\" decoding=\"async\" width=\"1024\" height=\"684\" src=\"https:\/\/www.greenpeace.org\/static\/planet4-hungary-stateless\/2019\/11\/07231662-49128754517_82d64ea58a_k-1024x684.jpg\" alt=\"\" class=\"wp-image-5857\" srcset=\"https:\/\/www.greenpeace.org\/static\/planet4-hungary-stateless\/2019\/11\/07231662-49128754517_82d64ea58a_k-1024x684.jpg 1024w, https:\/\/www.greenpeace.org\/static\/planet4-hungary-stateless\/2019\/11\/07231662-49128754517_82d64ea58a_k-300x200.jpg 300w, https:\/\/www.greenpeace.org\/static\/planet4-hungary-stateless\/2019\/11\/07231662-49128754517_82d64ea58a_k-768x513.jpg 768w, https:\/\/www.greenpeace.org\/static\/planet4-hungary-stateless\/2019\/11\/07231662-49128754517_82d64ea58a_k-510x340.jpg 510w, https:\/\/www.greenpeace.org\/static\/planet4-hungary-stateless\/2019\/11\/07231662-49128754517_82d64ea58a_k.jpg 1200w\" sizes=\"auto, (max-width: 1024px) 100vw, 1024px\" \/><figcaption>Fot\u00f3: D\u00f6rg\u0151 Zsuzsi \/ Greenpeace<\/figcaption><\/figure>\n\n<p>A Greenpeace Magyarorsz\u00e1g t\u00f6bb lakoss\u00e1gi bejelent\u00e9st kapott arr\u00f3l november 20-\u00e1n, hogy Detkn\u00e9l a Bene-patak elsz\u00ednez\u0151d\u00f6tt \u00e9s kellemetlen szagot \u00e1rasztott. A M\u00e1trai Er\u0151m\u0171ben t\u00f6rt\u00e9nt rosszull\u00e9tekkel \u00e9s potenci\u00e1lis szenyez\u00e9sekkel kapcsolatban m\u00e1r ezt megel\u0151z\u0151en, napok \u00f3ta is kerest\u00e9k a szervezetet. Mivel a k\u00f6rnyezetv\u00e9d\u0151 szervezet \u00e1ltal a Katasztr\u00f3fav\u00e9delemnek megk\u00fcld\u00f6tt adatig\u00e9nyl\u00e9sre nem \u00e9rkezett v\u00e1lasz, a Greenpeace november 20-\u00e1n d\u00e9lut\u00e1n saj\u00e1t mint\u00e1kat vett a ter\u00fcleten. <\/p>\n\n<h3 class=\"wp-block-heading\">Mit \u00e9s hol m\u00e9rt a Greenpeace?<\/h3>\n\n<p>A Greenpeace Magyarorsz\u00e1g n\u00e9gy v\u00edz-, \u00e9s k\u00e9t \u00fcled\u00e9kmint\u00e1t vizsg\u00e1ltatott be. A k\u00e9t \u00fcled\u00e9kminta \u00e9s h\u00e1rom v\u00edzminta november 20-i d\u00e9lut\u00e1ni saj\u00e1t mintav\u00e9telb\u0151l, egy v\u00edzminta a helyi lakosok \u00e1ltal vett november 20-i d\u00e9lel\u0151tti v\u00edzmint\u00e1kb\u00f3l sz\u00e1rmazik. [4] <\/p>\n\n<figure class=\"wp-block-image size-large  caption-style-blue-overlay caption-alignment-center\"><img loading=\"lazy\" decoding=\"async\" width=\"1024\" height=\"591\" src=\"https:\/\/www.greenpeace.org\/static\/planet4-hungary-stateless\/2019\/11\/fe0549b7-matra_mintaveteli_pontok_20191120_sat-1024x591.jpg\" alt=\"\" class=\"wp-image-5858\" srcset=\"https:\/\/www.greenpeace.org\/static\/planet4-hungary-stateless\/2019\/11\/fe0549b7-matra_mintaveteli_pontok_20191120_sat-1024x591.jpg 1024w, https:\/\/www.greenpeace.org\/static\/planet4-hungary-stateless\/2019\/11\/fe0549b7-matra_mintaveteli_pontok_20191120_sat-300x173.jpg 300w, https:\/\/www.greenpeace.org\/static\/planet4-hungary-stateless\/2019\/11\/fe0549b7-matra_mintaveteli_pontok_20191120_sat-768x443.jpg 768w, https:\/\/www.greenpeace.org\/static\/planet4-hungary-stateless\/2019\/11\/fe0549b7-matra_mintaveteli_pontok_20191120_sat-510x294.jpg 510w, https:\/\/www.greenpeace.org\/static\/planet4-hungary-stateless\/2019\/11\/fe0549b7-matra_mintaveteli_pontok_20191120_sat.jpg 1501w\" sizes=\"auto, (max-width: 1024px) 100vw, 1024px\" \/><\/figure>\n\n<p>Az els\u0151 v\u00edz- \u00e9s \u00fcled\u00e9kminta az \u0150zse-v\u00f6lgyi t\u00e1roz\u00f3b\u00f3l kil\u00e9p\u0151 patakb\u00f3l sz\u00e1rmazik, melyet a helyiek \u0150zse-v\u00f6lgyi-patakk\u00e9nt emlegetnek. Ez torkollik bele k\u00e9s\u0151bb a Nyiget-patakba, ami pedig tov\u00e1bb folyik a Detken is \u00e1tfoly\u00f3 Bene-patakba. Az \u0150zse-v\u00f6lgyi-patak a mintav\u00e9tel idej\u00e9n er\u0151sen habzott, \u00e9s kellemetlen, k\u00e9nes szag\u00fa volt. <\/p>\n\n<p>A m\u00e1sodik v\u00edz- \u00e9s \u00fcled\u00e9kminta Detkr\u0151l, a Bene-patakb\u00f3l sz\u00e1rmazott. A mintav\u00e9telkor a Bene-patak vize Detkn\u00e9l csak enyh\u00e9n volt zavaros, \u00e9s csak gyeng\u00e9n \u00e9rz\u0151d\u00f6tt az \u0150zse-v\u00f6lgyi-patakn\u00e1l tapasztalt szag. A helyi lakosok besz\u00e1moltak r\u00f3la, hogy a d\u00e9lel\u0151tti \u00f3r\u00e1kban a Bene-patak ugyanolyan habz\u00f3 \u00e9s kellemetlen szag\u00fa volt, mint amit a Greenpeace munkat\u00e1rsai az els\u0151 mintav\u00e9telez\u00e9si ponton tapasztaltak november 20-\u00e1n d\u00e9lut\u00e1n. A v\u00e1ltoz\u00e1s oka a Bene-patak viz\u00e9nek h\u00edg\u00edt\u00e1sa lehetett. [5]<\/p>\n\n<p>A harmadik v\u00edzminta a Markazi-v\u00edzt\u00e1roz\u00f3b\u00f3l ered\u0151 Nyiget-patakb\u00f3l sz\u00e1rmazik, arr\u00f3l a szakaszr\u00f3l, ahol m\u00e9g a patak nem \u00e9ri el az er\u0151m\u0171 telephely\u00e9r\u0151l sz\u00e1rmaz\u00f3 \u0150zse-v\u00f6lgyi-patakot. <\/p>\n\n<p>A negyedik m\u00e9r\u00e9si eredm\u00e9ny a detki helyi lakosok \u00e1ltal a Bene-patakb\u00f3l november 20-\u00e1n d\u00e9lel\u0151tt vett v\u00edzmint\u00e1k vizsg\u00e1lat\u00e1b\u00f3l sz\u00e1rmazik. Ezeknek a mintav\u00e9telez\u00e9seknek a helysz\u00edne megegyezik a Greenpeace 2. sz\u00e1m\u00fa mintav\u00e9teli pontj\u00e1val.<\/p>\n\n<h3 class=\"wp-block-heading\">Mit mutatnak a m\u00e9r\u00e9si eredm\u00e9nyek?<\/h3>\n\n<p>A Wessling Hungary akkredit\u00e1lt laborat\u00f3rium\u00e1ban a Greenpeace alapvet\u0151 v\u00edzk\u00e9miai jellemz\u0151ket, szerves anyag tartalmat (KOI); f\u00e9meket, szulf\u00e1t, szulfid \u00e9s foszforvegy\u00fcleteket vizsg\u00e1ltattott. [2] A vizsg\u00e1latok eredm\u00e9nyeib\u0151l kider\u00fcl: a Greenpeace \u00e1ltal vett d\u00e9lut\u00e1ni 1. sz\u00e1m\u00fa mint\u00e1ban, illetve a helyi lakosok \u00e1ltal a Bene-patakb\u00f3l vett d\u00e9lel\u0151tti mint\u00e1kban a vizek szerves anyaggal val\u00f3 szennyezetts\u00e9ge hasonl\u00f3an magas volt. M\u00edg a jelenlegi hat\u00e1lyos hat\u00e1r\u00e9rt\u00e9k 15 mgO\u2082\/dm\u00b3 \u00e9s 40 mgO\u2082\/dm\u00b3 k\u00f6z\u00e9 esik k\u00fcl\u00f6nb\u00f6z\u0151 t\u00edpus\u00fa v\u00edzfoly\u00e1sokra, [6] a krom\u00e1tos KOI az \u0150zse-v\u00f6lgyi patakban 162 mgO\u2082\/dm\u00b3, a lakosok \u00e1ltal vett Bene-patak mint\u00e1ban 133 mgO\u2082\/dm\u00b3 volt. A kor\u00e1bbi hazai szabv\u00e1ny (MSZ 12749) szerint ez t\u00f6bb mint a dupl\u00e1ja az \u201cer\u0151sen szennyezett\u201d v\u00edzre megadott \u00e9rt\u00e9knek. [7] <\/p>\n\n<p>Az \u0150zse-v\u00f6lgyi-patak az \u0150zse-v\u00f6lgyi t\u00e1roz\u00f3 t\u00falfoly\u00f3 vize. A t\u00e1roz\u00f3 a M\u00e1trai Er\u0151m\u0171 telephely\u00e9r\u0151l fogad be hullad\u00e9kvizeket. Az \u0150zse-v\u00f6lgyi-patak viz\u00e9ben kimutatott magas szervesanyag-tartalom felel\u0151s lehet a leboml\u00f3 folyamatok\u00e9rt, amely a m\u00e9rges g\u00e1zok k\u00e9pz\u0151d\u00e9s\u00e9vel j\u00e1rt az er\u0151m\u0171ben. Ami tov\u00e1bbra sem vil\u00e1gos: a szerves szennyez\u00e9s a Viresol Kft. telephely\u00e9r\u0151l vagy m\u00e1shonnan sz\u00e1rmazik-e, ugyanis a sz\u00e9ner\u0151m\u0171vekre \u00e1ltal\u00e1ban nem jellemz\u0151 ilyen jelleg\u0171 kibocs\u00e1t\u00e1s.<\/p>\n\n<p>A magas szervesanyag-tartalom mellett a szulf\u00e1t, b\u00f3r \u00e9s molibd\u00e9n koncentr\u00e1ci\u00f3 is jelent\u0151sen magasabb \u00e9rt\u00e9keket mutatott az er\u0151m\u0171 telephely\u00e9r\u0151l sz\u00e1rmaz\u00f3 \u0150zse-v\u00f6lgyi patakban, a lakosok \u00e1ltal vett mint\u00e1kban, valamint kisebb m\u00e9rt\u00e9kben a d\u00e9lut\u00e1ni, h\u00edg\u00edt\u00e1s ut\u00e1ni Bene-patakb\u00f3l sz\u00e1rmaz\u00f3 v\u00edzmint\u00e1ban, mint ami a norm\u00e1l v\u00edzfoly\u00e1sokra jellemz\u0151 (ezekre az anyagokra nincs jogszab\u00e1lyban meghat\u00e1rozott hat\u00e1r\u00e9rt\u00e9k). Ezek a szennyez\u0151k jelleg\u00fckb\u0151l fakad\u00f3an sz\u00e1rmazhatnak a M\u00e1trai Er\u0151m\u0171b\u0151l is.<\/p>\n\n<p>A Markazi-v\u00edzt\u00e1roz\u00f3n\u00e1l vett v\u00edzminta nem tartalmazott jelent\u0151s koncentr\u00e1ci\u00f3ban szennyez\u0151 anyagokat. Tov\u00e1bb\u00e1 az \u00fcled\u00e9kmint\u00e1kban sem volt tal\u00e1lhat\u00f3 kiemelked\u0151 szennyez\u00e9s.<\/p>\n\n<h3 class=\"wp-block-heading\">Mi t\u00f6rt\u00e9nik a szennyez\u00e9s \u00f3ta a ter\u00fcleten?<\/h3>\n\n<p>A katasztr\u00f3fav\u00e9delem szerint a M\u00e1trai Er\u0151m\u0171 telephely\u00e9r\u0151l felszabadul\u00f3 er\u0151teljes szag\u00fa g\u00e1z a lakoss\u00e1gra nem volt vesz\u00e9lyes. A katasztr\u00f3fav\u00e9delem t\u00e1j\u00e9koztat\u00e1sa alapj\u00e1n a technol\u00f3giaiv\u00edz-t\u00e1roz\u00f3 leereszt\u00e9s\u00e9t \u00e9s viz\u00e9nek h\u00edg\u00edt\u00e1s\u00e1t megkezdt\u00e9k, melynek a szaghat\u00e1son t\u00fal egy\u00e9b k\u00e1ros hat\u00e1sa nem jelentkezik. [4] Mindazon\u00e1ltal m\u00e1ig nem ker\u00fclt nyilv\u00e1noss\u00e1gra, hogy mi okozhatta a szennyez\u00e9st, \u00e9s hogy pontosan milyen t\u00edpus\u00fa szennyez\u00e9sr\u0151l van sz\u00f3, \u00edgy k\u00e9rd\u00e9ses, min alapszanak a katasztr\u00f3fav\u00e9delem meg\u00e1llap\u00edt\u00e1sai.<\/p>\n\n<p>A Greenpeace m\u00e9r\u00e9sei azt mutatj\u00e1k: a t\u00e1roz\u00f3 leereszt\u00e9s\u00e9vel a term\u00e9szetbe olyan anyagok ker\u00fcltek, amelyek gyakorlatilag szennyv\u00edz min\u0151s\u00e9g\u0171v\u00e9 tett\u00e9k a v\u00edzfoly\u00e1st. A k\u00f6rnyezetv\u00e9d\u0151 szervezet szerint er\u0151sen agg\u00e1lyos tov\u00e1bb\u00e1 a szennyez\u00e9st\u0151l val\u00f3 megszabadul\u00e1s m\u00f3dja is. B\u00e1r a szennyezett v\u00edz term\u00e9szetes k\u00f6zegben val\u00f3 h\u00edg\u00edt\u00e1s\u00e1val a hat\u00e1r\u00e9rt\u00e9keknek meg lehet felelni, a szennyez\u0151 anyagok mennyis\u00e9ge val\u00f3j\u00e1ban nem cs\u00f6kken, csak a koncentr\u00e1ci\u00f3juk.<\/p>\n\n<p>A Greenpeace Magyarorsz\u00e1g hivatalos adatig\u00e9nyl\u00e9seit [8] [9] [10] k\u00f6vet\u0151en tov\u00e1bbra is v\u00e1rja a k\u00f6vetkez\u0151 inform\u00e1ci\u00f3kat a korm\u00e1nyhivatalt\u00f3l \u00e9s a hat\u00f3s\u00e1gokt\u00f3l:<\/p>\n\n<ul class=\"wp-block-list\"><li>Milyen szennyez\u0151 anyagok ker\u00fcltek az \u0150zse-v\u00f6lgyi t\u00e1roz\u00f3ba az elm\u00falt hetekben? A katasztr\u00f3fav\u00e9delem hozza nyilv\u00e1noss\u00e1gra, pontosan milyen szennyez\u0151anyagokat, milyen id\u0151intervallumban vizsg\u00e1lt 2019 november\u00e9ben, milyen kimutathat\u00f3s\u00e1gi hat\u00e1rral \u00e9s mely ter\u00fcleteken (az er\u0151m\u0171 ter\u00fclet\u00e9n, az ipari park \u00e9s az abban l\u00e9v\u0151 c\u00e9gek ter\u00fclet\u00e9n, \u00e9s ezek k\u00f6zvetlen k\u00f6rny\u00e9k\u00e9n, a k\u00f6rnyez\u0151 telep\u00fcl\u00e9seken)?<\/li><li>A 2019 j\u00faliusi szennyez\u00e9s mely v\u00e1llalatok, milyen tev\u00e9kenys\u00e9geihez volt k\u00f6thet\u0151 \u00e9s az\u00f3ta mit tettek a hat\u00f3s\u00e1gok a szennyez\u00e9s cs\u00f6kkent\u00e9s\u00e9\u00e9rt, valamint az \u00e9rintett v\u00e1llalatok megsz\u00fcntett\u00e9k-e a szennyez\u0151 anyagok kibocs\u00e1t\u00e1s\u00e1t az \u0150zse-v\u00f6lgyi v\u00edzt\u00e1roz\u00f3ba? <\/li><li>Az \u0150zse-v\u00f6lgyi v\u00edzt\u00e1roz\u00f3 mostani szennyez\u00e9se \u00f6sszef\u00fcgg\u00e9sben van-e 2019 j\u00faliusi szennyez\u00e9ssel?<\/li><li>A novemberi szennyez\u00e9s \u00f3ta milyen elj\u00e1r\u00e1ssal cs\u00f6kkentik az \u0150zse-v\u00f6lgyi t\u00e1roz\u00f3  szennyez\u00e9s\u00e9t?<\/li><li>A hat\u00f3s\u00e1gok vizsg\u00e1latai alapj\u00e1n mely c\u00e9gek milyen tev\u00e9kenys\u00e9ge(i) okozt\u00e1k a szennyez\u00e9st?<\/li><li>A katasztr\u00f3fav\u00e9delem mit tett eddig a szennyez\u00e9s elh\u00e1r\u00edt\u00e1sa, az \u00e9rintett c\u00e9gek munkav\u00e1llal\u00f3i \u00e9s a lakoss\u00e1g v\u00e9delme \u00e9rdek\u00e9ben?<\/li><li> Mit tettek eddig az \u00e9rintett c\u00e9gek a munkav\u00e1llal\u00f3k \u00e9s a lakoss\u00e1g v\u00e9delme \u00e9rdek\u00e9ben?<\/li><\/ul>\n\n<p> A Greenpeace Magyarorsz\u00e1g m\u00e9r\u00e9si eredm\u00e9nyeit eljuttatja a helyi \u00f6nkorm\u00e1nyzatnak, a Heves Megyei Katasztr\u00f3fav\u00e9delmi Igazgat\u00f3s\u00e1gnak, a Korm\u00e1nyhivatalnak, \u00e9s azt v\u00e1rja a hat\u00f3s\u00e1gokt\u00f3l, hogy s\u00fcrg\u0151sen hozz\u00e1k nyilv\u00e1noss\u00e1gra a szennyez\u00e9s ok\u00e1t, k\u00f6r\u00fclm\u00e9nyeit. A k\u00f6rnyezetv\u00e9d\u0151 szervezet tov\u00e1bb\u00e1 elv\u00e1rja a hat\u00f3s\u00e1gokt\u00f3l \u00e9s minden \u00e9rintett c\u00e9gt\u0151l, hogy a j\u00f6v\u0151ben ne ism\u00e9tl\u0151dhessen meg, hogy a lakoss\u00e1got \u00e9s az \u00f6nkorm\u00e1nyzatokat nem  t\u00e1j\u00e9koztatj\u00e1k id\u0151ben \u00e9s megfelel\u0151 m\u00f3don egy hasonl\u00f3 szennyez\u00e9sr\u0151l. <\/p>\n\n<hr class=\"wp-block-separator\"\/>\n\n<p><em>Kieg\u00e9sz\u00edt\u00e9s 2019. december 10:<\/em><\/p>\n\n<p><strong>Jelent\u0151s tiocian\u00e1t koncentr\u00e1ci\u00f3 is kimutathat\u00f3 a novemberben vett mint\u00e1kban, mik\u00f6zben a Katasztr\u00f3fav\u00e9delemt\u0151l tov\u00e1bbra sem \u00e9rkezik inform\u00e1ci\u00f3 <\/strong><\/p>\n\n<p>A Greenpeace az akkredit\u00e1lt laborat\u00f3riumban h\u0171tve t\u00e1rolt november 20-\u00e1n vett mint\u00e1ib\u00f3l tov\u00e1bbi cianid \u00e9s tiocian\u00e1t (rodanid) vizsg\u00e1latokat rendelt meg. A vizsg\u00e1lat sor\u00e1n cianid nem volt kimutathat\u00f3, viszont jelent\u0151sebb tiocian\u00e1t m\u00e9rhet\u0151 volt a mint\u00e1kban. Az \u0150zse-v\u00f6lgyi-patakban 5 mg\/l-t, a lakosok \u00e1ltal vett Bene-patak mint\u00e1ban 4 mg\/l, m\u00edg a Bene patakban vett mint\u00e1ban 1,7 mg\/l volt a tiocian\u00e1t koncentr\u00e1ci\u00f3. A tiocian\u00e1tok az eg\u00e9szs\u00e9g\u00fcnkre nem jelentenek k\u00fcl\u00f6n\u00f6sebb kock\u00e1zatot, eset\u00fckben nincs is megadva hat\u00e1r\u00e9rt\u00e9k a felsz\u00edni vizekre, \u00e1m a <a href=\"https:\/\/net.jogtar.hu\/jogszabaly?docid=a0900006.kvv\">6\/2009<\/a>-es rendelet felsz\u00edn alatti vizekre 0,05 mg\/l-es hat\u00e1r\u00e9rt\u00e9ket ad meg. Az \u0150zse-v\u00f6lgyi-patkaban m\u00e9rt koncentr\u00e1ci\u00f3 ennek a sz\u00e1zszorosa. A fenti kieg\u00e9sz\u00edt\u0151 eredm\u00e9nyekr\u0151l \u00e9rtes\u00edtett\u00fck a hat\u00f3s\u00e1gokat is.<\/p>\n\n<p>A 2019. november 19-\u00e9n a Heves Megyei Katasztr\u00f3fav\u00e9delmi Igazgat\u00f3s\u00e1gnak a M\u00e1trai Er\u0151m\u0171 Zrt. ter\u00fclet\u00e9n t\u00f6rt\u00e9nt szennyez\u00e9ssel kapcsolatosan beny\u00fajtott k\u00f6z\u00e9rdek\u0171 adatig\u00e9nyl\u00e9s\u00fcnkre v\u00e1laszul az Igazgat\u00f3s\u00e1g december 4-\u00e9n t\u00e1j\u00e9koztatott minket arr\u00f3l, hogy \u00e9lnek a t\u00f6rv\u00e9nyi adta lehet\u0151s\u00e9ggel, mely szerint a rendelkez\u00e9s\u00fckre \u00e1ll\u00f3 15 napos v\u00e1laszad\u00e1si hat\u00e1rid\u0151t meghosszab\u00edthatj\u00e1k tov\u00e1bbi 15 nappal. \u00cdgy a szennyez\u00e9s ut\u00e1n t\u00f6bb mint egy h\u00f3nap fog eltelni, m\u00edg kider\u00fcl:  hol, mikor \u00e9s mit m\u00e9rt a hat\u00f3s\u00e1g pontosan, ami alapj\u00e1n kijelentett\u00e9k: a Katasztr\u00f3fav\u00e9delem szerint nincs szennyez\u00e9s. A hat\u00f3s\u00e1gok t\u00e1j\u00e9koztat\u00e1sa tov\u00e1bb\u00e1 arra sem adott v\u00e1laszt m\u00e9g, hogy mely c\u00e9gt\u0151l sz\u00e1rmazhatott a zavaros b\u0171z\u00f6s folyad\u00e9k, mely a Nyiget- \u00e9s a Bene-patakba jutott; illetve hogy milyen int\u00e9zked\u00e9sek t\u00f6rt\u00e9ntek a probl\u00e9ma kezel\u00e9se \u00e9rdek\u00e9ben.<\/p>\n\n<p>Vizsg\u00e1lati jegyz\u0151k\u00f6nyv: <a href=\"https:\/\/www.greenpeace.org\/static\/planet4-hungary-stateless\/2019\/12\/8b1698fc-570994_greenpeace___2019_k_09577___felszini_viz_es_uledekenek_vizsgalata_1.pdf\">https:\/\/www.greenpeace.org\/static\/planet4-hungary-stateless\/2019\/12\/8b1698fc-570994_greenpeace___2019_k_09577___felszini_viz_es_uledekenek_vizsgalata_1.pdf<\/a><\/p>\n\n<p>Katasztr\u00f3fav\u00e9delmi hat\u00f3s\u00e1g v\u00e1laszlevele: <a href=\"https:\/\/www.greenpeace.org\/static\/planet4-hungary-stateless\/2019\/12\/fe491bde-kozerdekuadatigeny_valasz_simong_signed.pdf\">https:\/\/www.greenpeace.org\/static\/planet4-hungary-stateless\/2019\/12\/fe491bde-kozerdekuadatigeny_valasz_simong_signed.pdf<\/a><\/p>\n\n<hr class=\"wp-block-separator\"\/>\n\n<p><strong>A mintav\u00e9telr\u0151l k\u00e9sz\u00fclt f\u00e9nyk\u00e9pek:<\/strong> <a href=\"https:\/\/www.flickr.com\/photos\/greenpeacehu\/albums\/72157711950352146\">https:\/\/www.flickr.com\/photos\/greenpeacehu\/albums\/72157711950352146<\/a><\/p>\n\n<p><strong>Jegyzetek:<\/strong><\/p>\n\n<p>[1] A M\u00e1trai Er\u0151m\u0171 Zrt. 19829-4\/2011. \u00e9s 35500\/10662-7\/2016. \u00e1lt. sz\u00e1mon j\u00f3v\u00e1hagyott \u00f6nellen\u0151rz\u00e9si tervek szerint a \u201c10\/2010. (VIII. 18.) VM rendeletben meg\u00e1llap\u00edtott v\u00edzszennyezetts\u00e9gi hat\u00e1r\u00e9rt\u00e9keknek val\u00f3 megfelel\u0151s\u00e9g ellen\u0151rz\u00e9se v\u00e9gett a tev\u00e9kenys\u00e9ggel \u00e9rintett Markazi v\u00edzt\u00e1roz\u00f3, \u0150zse-v\u00f6lgyi v\u00edzt\u00e1roz\u00f3 \u00e9s a Nyiget-patak v\u00edzmin\u0151s\u00e9g\u00e9t rendszeresen &#8211; legal\u00e1bb \u00e9vi 2 alkalommal &#8211; vizsg\u00e1lni kell.\u201d Azaz elvben az onnan kifoly\u00f3 v\u00edznek is a 10\/2010 VM rendelet szerinti hat\u00e1r\u00e9rt\u00e9knek kell megfelelnie. A hat\u00f3s\u00e1gok feladata meg\u00edt\u00e9lni, hogy t\u00f6rt\u00e9nt-e jogszab\u00e1lys\u00e9rt\u00e9s azzal, hogy a \u0150zse-v\u00f6lgyi patakban m\u00e9rt krom\u00e1tos KOI \u00e9rt\u00e9kek a 10\/2010 VM rendeletben meghat\u00e1rozottn\u00e1l l\u00e9nyegesen magasabb \u00e9rt\u00e9keket mutattak.  <\/p>\n\n<p>[2] WESSLING Hungary Kft. K\u00f6rnyezetanalitikai Laborat\u00f3rium\u00e1nak vizsg\u00e1lati jegyz\u0151k\u00f6nyve 2019.11.26: <a href=\"https:\/\/hu.greenpeace.org\/wp-content\/uploads\/2019\/11\/570540_Greenpeace___2019_K_09577___Felszini_viz_es_uledekenek_vizsgalata_2.pdf\">https:\/\/hu.greenpeace.org\/wp-content\/uploads\/2019\/11\/570540_Greenpeace___2019_K_09577___Felszini_viz_es_uledekenek_vizsgalata_2.pdf<\/a> <br>A mint\u00e1k jel\u00f6l\u00e9se:<br>1 \u0150zse-v\u00f6lgyi: az 1. sz\u00e1m\u00fa minta, melyet a Greenpeace az \u0150zse-v\u00f6lgyi t\u00e1roz\u00f3b\u00f3l kifoly\u00f3 v\u00edzb\u0151l vett november 20-\u00e1n d\u00e9lut\u00e1n;<br>DETK 1: a 2. sz\u00e1m\u00fa v\u00edzminta, melyet a Greenpeace vett a Bene-patakb\u00f3l Detken november 20-\u00e1n d\u00e9lut\u00e1n;<br>Fels\u0151 1: a 3. sz\u00e1m\u00fa v\u00edzminta, melyet a Greenpeace a Nyiget-patakb\u00f3l vett, a Markazi-t\u00e1roz\u00f3 k\u00f6rny\u00e9k\u00e9r\u0151l, a potenci\u00e1lis szennyez\u00e9s befoly\u00e1sa el\u0151tti szakaszr\u00f3l;<br>BENE (Detk): a 4. sz\u00e1m\u00fa minta, mely a lakosokt\u00f3l kapott mint\u00e1kat jel\u00f6li, melyet a lakosok Detken szerda d\u00e9lel\u0151tt vettek a Bene-patakb\u00f3l. A Greenpeace a megfelel\u0151 t\u00e1rol\u00f3ed\u00e9nyekben kapott k\u00fcl\u00f6nb\u00f6z\u0151 mint\u00e1kat \u00f6ssze\u00f6nt\u00f6tte \u00e9s egyben bevizsg\u00e1ltatta.<\/p>\n\n<p>[3] A szennyez\u00e9s sz\u00f3t a sajt\u00f3k\u00f6zlem\u00e9nyben nem jogi, hanem k\u00f6znyelvi \u00e9rtelemben haszn\u00e1ljuk.<\/p>\n\n<p>[4] Interakt\u00edv t\u00e9rk\u00e9p a h\u00e1rom m\u00e9r\u00e9si ponttal, ahonnan a Greenpeace vett mint\u00e1kat: <a href=\"https:\/\/drive.google.com\/open?id=1KFh-uLdHY3t-5-lwYoeFf9Smx6TTlt48&amp;usp=sharing\">https:\/\/drive.google.com\/open?id=1KFh-uLdHY3t-5-lwYoeFf9Smx6TTlt48&amp;usp=sharing<\/a>; statikus m\u0171holdas t\u00e9rk\u00e9p: <a href=\"https:\/\/hu.greenpeace.org\/wp-content\/uploads\/2019\/11\/matra_mintaveteli_pontok_20191120_sat-scaled.jpg\">https:\/\/hu.greenpeace.org\/wp-content\/uploads\/2019\/11\/matra_mintaveteli_pontok_20191120_sat-scaled.jpg<\/a>; statikus t\u00e9rk\u00e9p: <a href=\"https:\/\/hu.greenpeace.org\/wp-content\/uploads\/2019\/11\/matra_mintaveteli_pontok_20191120_topo-scaled.jpg\">https:\/\/hu.greenpeace.org\/wp-content\/uploads\/2019\/11\/matra_mintaveteli_pontok_20191120_topo-scaled.jpg<\/a><\/p>\n\n<p>[5] A katasztr\u00f3fav\u00e9delem t\u00e1j\u00e9koztat\u00e1sa a hig\u00edt\u00e1sr\u00f3l: <a href=\"http:\/\/egriugyek.hu\/a-kornyek-ugye\/a-katasztrofavedelem-szerint-nem-szabadultak-fel-mergezo-gazok-a-matrai-eromuben\">http:\/\/egriugyek.hu\/a-kornyek-ugye\/a-katasztrofavedelem-szerint-nem-szabadultak-fel-mergezo-gazok-a-matrai-eromuben<\/a><\/p>\n\n<p>[6] <a href=\"https:\/\/net.jogtar.hu\/jogszabaly?docid=a1000010.vm\">https:\/\/net.jogtar.hu\/jogszabaly?docid=a1000010.vm<\/a> <\/p>\n\n<p>[7] A kor\u00e1bbi hazai szabv\u00e1ny (MSZ 12749) szerint 60 mgO2\/dm3 feletti KOI eset\u00e9ben min\u0151s\u00fcl \u201cer\u0151sen szennyezett\u201d-nek a v\u00edz. <a href=\"http:\/\/www.agr.unideb.hu\/ebook\/vizminoseg\/az_msz_12749_szm_magyar_szabvny.html\">http:\/\/www.agr.unideb.hu\/ebook\/vizminoseg\/az_msz_12749_szm_magyar_szabvny.html<\/a> <\/p>\n\n<p>[8] K\u00f6z\u00e9rdek\u0171 adatig\u00e9nyl\u00e9s a Heves Megyei Katasztr\u00f3fav\u00e9delmi Igazgat\u00f3s\u00e1gt\u00f3l 2019.11.19: <a href=\"https:\/\/hu.greenpeace.org\/wp-content\/uploads\/2019\/11\/gphu_adatigenyles_heves_katved_20191119.pdf\">https:\/\/hu.greenpeace.org\/wp-content\/uploads\/2019\/11\/gphu_adatigenyles_heves_katved_20191119.pdf<\/a> <\/p>\n\n<p>[9] K\u00f6z\u00e9rdek\u0171 adatig\u00e9nyl\u00e9s a Heves Megyei Korm\u00e1nyhivatal Egri J\u00e1r\u00e1si Hivatal K\u00f6rnyezetv\u00e9delmi \u00e9s Term\u00e9szetv\u00e9delmi Oszt\u00e1ly\u00e1t\u00f3l 2019.11.20: <a href=\"https:\/\/hu.greenpeace.org\/wp-content\/uploads\/2019\/11\/gphu_adatigenyles_heves_kormhiv_20191120.pdf\">https:\/\/hu.greenpeace.org\/wp-content\/uploads\/2019\/11\/gphu_adatigenyles_heves_kormhiv_20191120.pdf<\/a> <\/p>\n\n<p>[10] K\u00f6z\u00e9rdek\u0171 adatig\u00e9nyl\u00e9s a Heves Megyei Korm\u00e1nyhivatal Egri J\u00e1r\u00e1si Hivatal K\u00f6rnyezetv\u00e9delmi \u00e9s Term\u00e9szetv\u00e9delmi Oszt\u00e1ly\u00e1t\u00f3l &#8211; kieg\u00e9sz\u00edt\u00e9s 2019.11.26: <a href=\"https:\/\/hu.greenpeace.org\/wp-content\/uploads\/2019\/11\/gphu_adatigenyles_heves_kormhiv_20191126.pdf\">https:\/\/hu.greenpeace.org\/wp-content\/uploads\/2019\/11\/gphu_adatigenyles_heves_kormhiv_20191126.pdf<\/a> <\/p>\n","protected":false},"excerpt":{"rendered":"<p>A Greenpeace Magyarorsz\u00e1g sz\u00e1mos lakoss\u00e1gi bejelent\u00e9st k\u00f6vet\u0151en november 20-\u00e1n d\u00e9lut\u00e1n mint\u00e1kat vett a M\u00e1trai Er\u0151m\u0171 k\u00f6rny\u00e9ki vizekb\u0151l. Az akkredit\u00e1lt laborat\u00f3riumban bevizsg\u00e1ltatott eredm\u00e9nyek azt mutatj\u00e1k: az er\u0151m\u0171 telephely\u00e9r\u0151l kifoly\u00f3 patakban gyakorlatilag szennyv\u00edz folyt.<\/p>\n","protected":false},"author":25,"featured_media":5857,"comment_status":"closed","ping_status":"closed","sticky":false,"template":"","format":"standard","meta":{"ep_exclude_from_search":false,"p4_og_title":"","p4_og_description":"","p4_og_image":"","p4_og_image_id":"","p4_seo_canonical_url":"","p4_campaign_name":"not set","p4_local_project":"","p4_basket_name":"not set","p4_department":"","footnotes":""},"categories":[3],"tags":[19,20,24],"p4-page-type":[37],"class_list":["post-5856","post","type-post","status-publish","format-standard","has-post-thumbnail","hentry","category-termeszet-kornyezet","tag-egeszseg","tag-elovilag","tag-szennyezes","p4-page-type-sajtokozlemeny"],"_links":{"self":[{"href":"https:\/\/www.greenpeace.org\/hungary\/wp-json\/wp\/v2\/posts\/5856","targetHints":{"allow":["GET"]}}],"collection":[{"href":"https:\/\/www.greenpeace.org\/hungary\/wp-json\/wp\/v2\/posts"}],"about":[{"href":"https:\/\/www.greenpeace.org\/hungary\/wp-json\/wp\/v2\/types\/post"}],"author":[{"embeddable":true,"href":"https:\/\/www.greenpeace.org\/hungary\/wp-json\/wp\/v2\/users\/25"}],"replies":[{"embeddable":true,"href":"https:\/\/www.greenpeace.org\/hungary\/wp-json\/wp\/v2\/comments?post=5856"}],"version-history":[{"count":3,"href":"https:\/\/www.greenpeace.org\/hungary\/wp-json\/wp\/v2\/posts\/5856\/revisions"}],"predecessor-version":[{"id":5898,"href":"https:\/\/www.greenpeace.org\/hungary\/wp-json\/wp\/v2\/posts\/5856\/revisions\/5898"}],"wp:featuredmedia":[{"embeddable":true,"href":"https:\/\/www.greenpeace.org\/hungary\/wp-json\/wp\/v2\/media\/5857"}],"wp:attachment":[{"href":"https:\/\/www.greenpeace.org\/hungary\/wp-json\/wp\/v2\/media?parent=5856"}],"wp:term":[{"taxonomy":"category","embeddable":true,"href":"https:\/\/www.greenpeace.org\/hungary\/wp-json\/wp\/v2\/categories?post=5856"},{"taxonomy":"post_tag","embeddable":true,"href":"https:\/\/www.greenpeace.org\/hungary\/wp-json\/wp\/v2\/tags?post=5856"},{"taxonomy":"p4-page-type","embeddable":true,"href":"https:\/\/www.greenpeace.org\/hungary\/wp-json\/wp\/v2\/p4-page-type?post=5856"}],"curies":[{"name":"wp","href":"https:\/\/api.w.org\/{rel}","templated":true}]}}