{"id":7040,"date":"2020-05-13T17:55:14","date_gmt":"2020-05-13T15:55:14","guid":{"rendered":"https:\/\/www.greenpeace.org\/hungary\/?p=7040"},"modified":"2021-12-01T13:24:56","modified_gmt":"2021-12-01T12:24:56","slug":"a-greenpeace-elerte-betiltanak-magyarorszagon-is-az-egyszer-hasznalatos-zacskokat","status":"publish","type":"post","link":"https:\/\/www.greenpeace.org\/hungary\/sajtokozlemeny\/7040\/a-greenpeace-elerte-betiltanak-magyarorszagon-is-az-egyszer-hasznalatos-zacskokat\/","title":{"rendered":"A Greenpeace el\u00e9rte: betiltan\u00e1k Magyarorsz\u00e1gon is az egyszer haszn\u00e1latos zacsk\u00f3kat!"},"content":{"rendered":"\n<h2 class=\"wp-block-heading\">A d\u00f6nt\u00e9s az els\u0151 l\u00e9p\u00e9s lehet a pazarl\u00f3 \u00e9s k\u00f6rnyezetrombol\u00f3 gazdas\u00e1g \u00e1talak\u00edt\u00e1s\u00e1ra<\/h2>\n\n<p><strong>Budapest, 2020. m\u00e1jus 13. \u2013 Sok \u00e9ves huzavona ut\u00e1n v\u00e9gre d\u00f6nt\u00f6tt a korm\u00e1ny: kivezetn\u00e9&nbsp; az egyszer haszn\u00e1latos m\u0171anyag term\u00e9keket \u00e9s csomagol\u00f3anyagokat. [1] [2] A&nbsp; Greenpeace saj\u00e1t siker\u00e9nek \u00e9rzi, hogy a jogszab\u00e1ly az uni\u00f3s k\u00f6telezetts\u00e9gen is t\u00falmegy \u00e9s a m\u0171anyag zacsk\u00f3kat is betiltja. Ezt k\u00f6zel negyedmilli\u00f3 emberrel egy\u00fctt k\u00f6vetelte a k\u00f6rnyezetv\u00e9delmi szervezet a t\u00e9m\u00e1ban ind\u00edtott&nbsp;<a href=\"https:\/\/greenpeace.hu\/stopmuanyag\">pet\u00edci\u00f3j\u00e1ban<\/a>. A z\u00f6ld szervezet rem\u00e9li, hogy a korm\u00e1ny r\u00e9sz\u00e9r\u0151l ez csak az els\u0151 l\u00e9p\u00e9s a teljes gazdas\u00e1g \u00e1talak\u00edt\u00e1s\u00e1ra, amellyel az er\u0151forr\u00e1s-pazarl\u00f3 \u00e9s a hullad\u00e9khegyeket termel\u0151 gazdas\u00e1gr\u00f3l Magyarorsz\u00e1g \u00e1t tud \u00e1llni a z\u00f6ld munkahelyeket teremt\u0151 tiszta, takar\u00e9kos \u00e9s fenntarthat\u00f3 gazdas\u00e1gra.&nbsp; A Greenpeace azt v\u00e1rja az Orsz\u00e1ggy\u0171l\u00e9st\u0151l: szavazza meg mihamarabb a beterjesztett t\u00f6rv\u00e9nyjavaslatot.<\/strong><\/p>\n\n<figure class=\"wp-block-image size-large  caption-style-blue-overlay caption-alignment-right\"><img loading=\"lazy\" decoding=\"async\" width=\"1024\" height=\"683\" src=\"https:\/\/www.greenpeace.org\/static\/planet4-hungary-stateless\/2020\/05\/b5fb1738-img_20200506_092916-1024x683.jpg\" alt=\"\" class=\"wp-image-7041\" srcset=\"https:\/\/www.greenpeace.org\/static\/planet4-hungary-stateless\/2020\/05\/b5fb1738-img_20200506_092916-1024x683.jpg 1024w, https:\/\/www.greenpeace.org\/static\/planet4-hungary-stateless\/2020\/05\/b5fb1738-img_20200506_092916-300x200.jpg 300w, https:\/\/www.greenpeace.org\/static\/planet4-hungary-stateless\/2020\/05\/b5fb1738-img_20200506_092916-768x512.jpg 768w, https:\/\/www.greenpeace.org\/static\/planet4-hungary-stateless\/2020\/05\/b5fb1738-img_20200506_092916-1536x1024.jpg 1536w, https:\/\/www.greenpeace.org\/static\/planet4-hungary-stateless\/2020\/05\/b5fb1738-img_20200506_092916-510x340.jpg 510w, https:\/\/www.greenpeace.org\/static\/planet4-hungary-stateless\/2020\/05\/b5fb1738-img_20200506_092916.jpg 1920w\" sizes=\"auto, (max-width: 1024px) 100vw, 1024px\" \/><figcaption>Fot\u00f3: J\u00e1rd\u00e1ny Bence \/ Greenpeace<\/figcaption><\/figure>\n\n<p>A Greenpeace&nbsp;<a href=\"https:\/\/hu.greenpeace.org\/mondjunk-nemet-az-egyszer-hasznalatos-muanyagokra\">m\u0171anyag zacsk\u00f3k betilt\u00e1s\u00e1\u00e9rt ind\u00edtott pet\u00edci\u00f3ja<\/a>&nbsp;Magyarorsz\u00e1g eddigi legn\u00e9pszer\u0171bb k\u00f6rnyezetv\u00e9delmi al\u00e1\u00edr\u00e1sgy\u0171jt\u0151 kezdem\u00e9nyez\u00e9se, t\u00f6bb mint 200 ezren csatlakoztak hozz\u00e1. Egy 2019 novemberi&nbsp;<a href=\"https:\/\/hu.greenpeace.org\/mondjunk-nemet-az-egyszer-hasznalatos-muanyagokra\">k\u00f6zv\u00e9lem\u00e9ny-kutat\u00e1sb\u00f3l<\/a>&nbsp;kider\u00fcl, [3] a tilalom mellett gyakorlatilag egys\u00e9gesen ki\u00e1ll az orsz\u00e1g: a magyar lakoss\u00e1g 83 sz\u00e1zal\u00e9ka t\u00e1mogatja, hogy Magyarorsz\u00e1gon is betilts\u00e1k az egyszer haszn\u00e1latos m\u0171anyag szatyrokat, ahogy ez m\u00e1r t\u00f6bb orsz\u00e1gban is megt\u00f6rt\u00e9nt, a szomsz\u00e9dos Rom\u00e1nia \u00e9s Ausztria csak k\u00e9t p\u00e9lda erre a sok k\u00f6z\u00fcl.<\/p>\n\n<p>A Greenpeace \u00e9veken kereszt\u00fcl dolgozott azon, hogy egy olyan t\u00f6rv\u00e9nyjavaslat sz\u00fclessen, amely val\u00f3di megold\u00e1st jelent a m\u0171anyagszennyez\u00e9s felsz\u00e1mol\u00e1s\u00e1ra \u00e9s betiltja az egyszer haszn\u00e1latos m\u0171anyag zacsk\u00f3kat. A m\u00e1jus 6-\u00e1n elfogadott korm\u00e1nyrendelet [1] \u00e9s a Parlament el\u00e9 kedden beterjesztett t\u00f6rv\u00e9nyjavaslat [2] a Greenpeace \u00e1ltal javasolt m\u00f3don biztos\u00edtja, hogy 2021. janu\u00e1r 1-t\u0151l haz\u00e1nkban is be legyenek tiltva az egyszer haszn\u00e1latos v\u00e9kony&nbsp; m\u0171anyag zacsk\u00f3k, [4] az EU-s ir\u00e1nyelvben meghat\u00e1rozott m\u0171anyag eszk\u00f6z\u00f6k \u00e9s csomagol\u00f3anyagok betilt\u00e1sa mellett.&nbsp;<\/p>\n\n<p><em>\u201eNagyon \u00f6r\u00fcl\u00fcnk, hogy sok \u00e9ves munk\u00e1nk \u00fagy t\u0171nik, r\u00e9vbe \u00e9r: az elfogadott korm\u00e1nyrendeletet m\u00e1r csak a Parlamentnek kell elfogadnia ahhoz, hogy v\u00e9gre b\u00facs\u00fat ints\u00fcnk itthon a pazarl\u00f3 \u00e9s k\u00f6rnyezetpuszt\u00edt\u00f3 egyszer haszn\u00e1latos m\u0171anyagok korszak\u00e1nak. Az utols\u00f3 ut\u00e1ni pillanatban vagyunk: a palackozott \u00e1sv\u00e1nyvizeink, a tengeri s\u00f3, de m\u00e9g a belt\u00e9ri leveg\u0151 is tele van mikrom\u0171anyagokkal. Egy&nbsp;<a href=\"https:\/\/www.greenpeace.org\/hungary\/sajtokozlemeny\/6549\/friss-kutatas-bizonyitja-a-vizeink-mikromuanyaggal-szennyezettek\">friss kutat\u00e1sunk<\/a>&nbsp;nemr\u00e9giben h\u00e1romszor nagyobb szennyezetts\u00e9get mutatott ki a Dun\u00e1ban, mint a kor\u00e1bbi vizsg\u00e1latok. [5] A koronav\u00edrus okozta v\u00e1ls\u00e1g ut\u00e1n nem t\u00e9rhet\u00fcnk vissza ugyanabba a zs\u00e1kutc\u00e1ba, ahol eddig voltunk. El\u00e9rkezt\u00fcnk a falhoz. A j\u00e1rv\u00e1ny megmutatta nek\u00fcnk: a bolyg\u00f3nk \u00e9s saj\u00e1t eg\u00e9szs\u00e9g\u00fcnk v\u00e9delme kell legyen az els\u0151\u201d<\/em>&nbsp;\u2013 nyilatkozta Simon Gergely, a Greenpeace vegyianyag-szak\u00e9rt\u0151je.<\/p>\n\n<p>A Greenpeace Magyarorsz\u00e1g azt v\u00e1rja a Parlamentt\u0151l: v\u00e1ltoztat\u00e1s n\u00e9lk\u00fcl fogadja el a beny\u00fajtott t\u00f6rv\u00e9nyjavaslatot. A jogszab\u00e1ly az els\u0151 l\u00e9p\u00e9s lehet a hullad\u00e9kmentes Magyarorsz\u00e1g fel\u00e9. A z\u00f6ld szervezet arra \u00f6szt\u00f6nzi a korm\u00e1nyt: ne \u00e1lljon meg itt. A koronav\u00edrus-j\u00e1rv\u00e1ny ut\u00e1ni gazdas\u00e1gi talpra\u00e1ll\u00e1s egy\u00fattal az \u00f6kol\u00f3giai- \u00e9s a kl\u00edmav\u00e1ls\u00e1gra is megold\u00e1st kell ny\u00fajtson \u2013 k\u00fcl\u00f6nben a lakoss\u00e1g a mostanin\u00e1l j\u00f3val s\u00falyosabb v\u00e1ls\u00e1ghelyzetekkel kell szembes\u00fclj\u00f6n. A mostani er\u0151forr\u00e1s-pazarl\u00f3 gazdas\u00e1g helyett a b\u00f6lcs\u0151t\u0151l-b\u00f6lcs\u0151ig gazdas\u00e1gi rendszert kell kialak\u00edtani, amely szak\u00edt az egyszer haszn\u00e1latos kult\u00far\u00e1val, maximaliz\u00e1lja a nyersanyag- \u00e9s energiatakar\u00e9koss\u00e1got, \u00e9s t\u00f6rekszik a hullad\u00e9kmentess\u00e9gre.&nbsp;<\/p>\n\n<hr class=\"wp-block-separator\"\/>\n\n<p><strong>Hivatkoz\u00e1sok:<\/strong><br>[1] Korm\u00e1nyrendelet az egyes egyszer haszn\u00e1latos, valamint egyes egy\u00e9b m\u0171anyag term\u00e9kek forgalomba hozatal\u00e1nak korl\u00e1toz\u00e1s\u00e1r\u00f3l: <a href=\"https:\/\/www.greenpeace.org\/static\/planet4-hungary-stateless\/2020\/05\/f103e571-notification_draft_2020_284_hu_hu.pdf\">https:\/\/www.greenpeace.org\/static\/planet4-hungary-stateless\/2020\/05\/f103e571-notification_draft_2020_284_hu_hu.pdf<\/a><\/p>\n\n<p>[2] T\u00f6rv\u00e9nyjavaslat egyes egyszer haszn\u00e1latos m\u0171anyagok forgalomba hozatal\u00e1nak betilt\u00e1s\u00e1r\u00f3l: <a href=\"https:\/\/www.greenpeace.org\/static\/planet4-hungary-stateless\/2020\/05\/0531c9e9-10526.pdf\">https:\/\/www.greenpeace.org\/static\/planet4-hungary-stateless\/2020\/05\/0531c9e9-10526.pdf<\/a><\/p>\n\n<p>[3] <a href=\"https:\/\/www.flickr.com\/photos\/greenpeacehu\/49350069091\/in\/album-72157712570897681\/\">https:\/\/www.flickr.com\/photos\/greenpeacehu\/49350069091\/in\/album-72157712570897681\/<\/a><\/p>\n\n<p>[4] A t\u00f6rv\u00e9nyjavaslat betiltan\u00e1 az 50 mikronn\u00e1l kisebb falvastags\u00e1g\u00fa m\u0171anyag zacsk\u00f3kat, m\u00edg a t\u00f6bbsz\u00f6r haszn\u00e1lhat\u00f3 vastagabb zacsk\u00f3kra magas term\u00e9kd\u00edjat alkalmazna.<\/p>\n\n<p>[5] <a href=\"https:\/\/www.greenpeace.org\/hungary\/sajtokozlemeny\/6549\/friss-kutatas-bizonyitja-a-vizeink-mikromuanyaggal-szennyezettek\/\">https:\/\/www.greenpeace.org\/hungary\/sajtokozlemeny\/6549\/friss-kutatas-bizonyitja-a-vizeink-mikromuanyaggal-szennyezettek\/<\/a><\/p>\n\n<p><strong>Kor\u00e1bbi megjelen\u00e9sek a t\u00e9m\u00e1ban:<\/strong><\/p>\n\n<ul class=\"wp-block-list\"><li><a href=\"https:\/\/www.greenpeace.org\/hungary\/sajtokozlemeny\/6549\/friss-kutatas-bizonyitja-a-vizeink-mikromuanyaggal-szennyezettek\/\">https:\/\/www.greenpeace.org\/hungary\/sajtokozlemeny\/6549\/friss-kutatas-bizonyitja-a-vizeink-mikromuanyaggal-szennyezettek\/<\/a><\/li><li><a href=\"https:\/\/www.greenpeace.org\/hungary\/blog\/7017\/nincs-szukseg-az-eldobhato-muanyagra-jarvany-idejen-sem\/\">https:\/\/www.greenpeace.org\/hungary\/blog\/7017\/nincs-szukseg-az-eldobhato-muanyagra-jarvany-idejen-sem\/<\/a><\/li><\/ul>\n\n<p><\/p>\n<div class=\"EmptyMessage\">Block content is empty. Check the block&#8217;s settings or remove it.<\/div>","protected":false},"excerpt":{"rendered":"<p>Sok \u00e9ves huzavona ut\u00e1n v\u00e9gre d\u00f6nt\u00f6tt a korm\u00e1ny: kivezetn\u00e9\u00a0 az egyszer haszn\u00e1latos m\u0171anyag term\u00e9keket \u00e9s csomagol\u00f3anyagokat.<\/p>\n","protected":false},"author":25,"featured_media":7041,"comment_status":"open","ping_status":"closed","sticky":false,"template":"","format":"standard","meta":{"ep_exclude_from_search":false,"p4_og_title":"","p4_og_description":"","p4_og_image":"","p4_og_image_id":"","p4_seo_canonical_url":"","p4_campaign_name":"not set","p4_local_project":"not set","p4_basket_name":"not set","p4_department":"","footnotes":""},"categories":[4,3],"tags":[8,23],"p4-page-type":[37],"class_list":["post-7040","post","type-post","status-publish","format-standard","has-post-thumbnail","hentry","category-ember-tarsadalom","category-termeszet-kornyezet","tag-fogyasztas","tag-muanyag","p4-page-type-sajtokozlemeny"],"_links":{"self":[{"href":"https:\/\/www.greenpeace.org\/hungary\/wp-json\/wp\/v2\/posts\/7040","targetHints":{"allow":["GET"]}}],"collection":[{"href":"https:\/\/www.greenpeace.org\/hungary\/wp-json\/wp\/v2\/posts"}],"about":[{"href":"https:\/\/www.greenpeace.org\/hungary\/wp-json\/wp\/v2\/types\/post"}],"author":[{"embeddable":true,"href":"https:\/\/www.greenpeace.org\/hungary\/wp-json\/wp\/v2\/users\/25"}],"replies":[{"embeddable":true,"href":"https:\/\/www.greenpeace.org\/hungary\/wp-json\/wp\/v2\/comments?post=7040"}],"version-history":[{"count":5,"href":"https:\/\/www.greenpeace.org\/hungary\/wp-json\/wp\/v2\/posts\/7040\/revisions"}],"predecessor-version":[{"id":8842,"href":"https:\/\/www.greenpeace.org\/hungary\/wp-json\/wp\/v2\/posts\/7040\/revisions\/8842"}],"wp:featuredmedia":[{"embeddable":true,"href":"https:\/\/www.greenpeace.org\/hungary\/wp-json\/wp\/v2\/media\/7041"}],"wp:attachment":[{"href":"https:\/\/www.greenpeace.org\/hungary\/wp-json\/wp\/v2\/media?parent=7040"}],"wp:term":[{"taxonomy":"category","embeddable":true,"href":"https:\/\/www.greenpeace.org\/hungary\/wp-json\/wp\/v2\/categories?post=7040"},{"taxonomy":"post_tag","embeddable":true,"href":"https:\/\/www.greenpeace.org\/hungary\/wp-json\/wp\/v2\/tags?post=7040"},{"taxonomy":"p4-page-type","embeddable":true,"href":"https:\/\/www.greenpeace.org\/hungary\/wp-json\/wp\/v2\/p4-page-type?post=7040"}],"curies":[{"name":"wp","href":"https:\/\/api.w.org\/{rel}","templated":true}]}}