{"id":7107,"date":"2020-06-04T09:54:44","date_gmt":"2020-06-04T07:54:44","guid":{"rendered":"https:\/\/www.greenpeace.org\/hungary\/?p=7107"},"modified":"2023-05-11T10:27:28","modified_gmt":"2023-05-11T08:27:28","slug":"hova-lett-a-muanyagmentes-magyarorszag-terve","status":"publish","type":"post","link":"https:\/\/www.greenpeace.org\/hungary\/blog\/7107\/hova-lett-a-muanyagmentes-magyarorszag-terve\/","title":{"rendered":"Hova lett a m\u0171anyagmentes Magyarorsz\u00e1g terve?"},"content":{"rendered":"\n<h2 class=\"wp-block-heading\">A leg\u00fajabb t\u00f6rv\u00e9nyjavaslattal a korm\u00e1ny val\u00f3ban visszal\u00e9p az er\u0151s zacsk\u00f3tilalomt\u00f3l<\/h2>\n\n<p><strong>Jelent\u0151s visszal\u00e9p\u00e9s az eredeti szab\u00e1lyoz\u00e1shoz k\u00e9pest a parlament oldal\u00e1n nyilv\u00e1noss\u00e1 v\u00e1lt m\u00f3dos\u00edtott t\u00f6rv\u00e9nyjavaslat az egyszer haszn\u00e1latos m\u0171anyagok tilalm\u00e1r\u00f3l (<a href=\"https:\/\/www.parlament.hu\/irom41\/10862\/10862.pdf\">https:\/\/www.parlament.hu\/irom41\/10862\/10862.pdf<\/a>). Eszerint a korm\u00e1ny az ipar nyom\u00e1s\u00e1ra val\u00f3ban megfutamodott a k\u00f6rnyezet sz\u00e1m\u00e1ra legszennyez\u0151bb zacsk\u00f3k tilalma el\u0151l \u00e9s r\u00e9szben tov\u00e1bbra is enged\u00e9lyezni akarja azok forgalmaz\u00e1s\u00e1t. Ez nemcsak jelent\u0151s visszal\u00e9p\u00e9s a korm\u00e1nyzat kor\u00e1bban be\u00edg\u00e9rt zacsk\u00f3tilalm\u00e1hoz k\u00e9pest, de szembemegy annak a mintegy negyedmilli\u00f3 embernek az akarat\u00e1val, akik egy er\u0151s m\u0171anyagtilalmat v\u00e1rtak, mely val\u00f3ban v\u00e9get vet Magyarorsz\u00e1gon az eldobhat\u00f3 kult\u00far\u00e1nak.<\/strong><\/p>\n\n<figure class=\"wp-block-image size-large  caption-style-blue-overlay caption-alignment-center\"><img loading=\"lazy\" decoding=\"async\" width=\"1024\" height=\"683\" src=\"https:\/\/www.greenpeace.org\/static\/planet4-hungary-stateless\/2020\/06\/0df5f682-48239071841_1d3b72908f_k-1024x683.jpg\" alt=\"\" class=\"wp-image-7110\" srcset=\"https:\/\/www.greenpeace.org\/static\/planet4-hungary-stateless\/2020\/06\/0df5f682-48239071841_1d3b72908f_k-1024x683.jpg 1024w, https:\/\/www.greenpeace.org\/static\/planet4-hungary-stateless\/2020\/06\/0df5f682-48239071841_1d3b72908f_k-300x200.jpg 300w, https:\/\/www.greenpeace.org\/static\/planet4-hungary-stateless\/2020\/06\/0df5f682-48239071841_1d3b72908f_k-768x512.jpg 768w, https:\/\/www.greenpeace.org\/static\/planet4-hungary-stateless\/2020\/06\/0df5f682-48239071841_1d3b72908f_k-1536x1024.jpg 1536w, https:\/\/www.greenpeace.org\/static\/planet4-hungary-stateless\/2020\/06\/0df5f682-48239071841_1d3b72908f_k-510x340.jpg 510w, https:\/\/www.greenpeace.org\/static\/planet4-hungary-stateless\/2020\/06\/0df5f682-48239071841_1d3b72908f_k.jpg 2047w\" sizes=\"auto, (max-width: 1024px) 100vw, 1024px\" \/><figcaption class=\"wp-element-caption\">J\u00e1rd\u00e1ny Bence \/ Greenpeace<\/figcaption><\/figure>\n\n<p>K\u00f6zel negyedmilli\u00f3 ember t\u00e1mogatta <a rel=\"noreferrer noopener\" href=\"https:\/\/hu.greenpeace.org\/mondjunk-nemet-az-egyszer-hasznalatos-muanyagokra\/\" target=\"_blank\">a Greenpeace pet\u00edci\u00f3j\u00e1t<\/a>, melyben az egyszer haszn\u00e1latos m\u0171anyag zacsk\u00f3k teljes tilalm\u00e1t k\u00f6vetelj\u00fck. Emellett az elm\u00falt 2 h\u00e9tben k\u00f6zel 8000(!) ember <a rel=\"noreferrer noopener\" href=\"https:\/\/act.greenpeace.org\/page\/61181\/action\/1\" target=\"_blank\">k\u00fcld\u00f6tt levelet az illet\u00e9kes korm\u00e1nytagoknak<\/a>, arra k\u00e9rve \u0151ket, hogy terjessz\u00e9k be az Orsz\u00e1ggy\u0171l\u00e9s el\u00e9 az egyszer haszn\u00e1latos m\u0171anyagok tilalm\u00e1t kimond\u00f3 eredeti, er\u0151s szab\u00e1lyoz\u00e1si javaslatot. Az eredeti javaslat ugyanis az \u00f6sszes, 50 mikronn\u00e1l v\u00e9konyabb zacsk\u00f3t kivezette volna Magyarorsz\u00e1gr\u00f3l, bele\u00e9rtve azokat a v\u00e9kony fal\u00fa m\u0171anyag zacsk\u00f3kat is, melyeket az \u00fczletekben teljesen ingyen bocs\u00e1tanak a fogyaszt\u00f3k rendelkez\u00e9s\u00e9re, jellemz\u0151en a z\u00f6lds\u00e9g-, gy\u00fcm\u00f6lcs- vagy a p\u00e9k\u00e1ru-r\u00e9szlegn\u00e9l. A mostani t\u00f6rv\u00e9nyjavaslat szerint viszont ezek a v\u00e9kony, \u00fan. \u201ekifliszacsk\u00f3k\u201d m\u00e9gis maradhatn\u00e1nak.<\/p>\n\n<p>Pedig pont ezekb\u0151l a zacsk\u00f3kb\u00f3l fogy a legt\u00f6bb, r\u00e1ad\u00e1sul egyetlen haszn\u00e1lat ut\u00e1n \u00e1ltal\u00e1ban szem\u00e9t lesz bel\u0151l\u00fck, az \u00fajrahasznos\u00edt\u00e1sukra pedig gyakorlatilag nem ker\u00fcl sor. Ezek a zacsk\u00f3k ker\u00fclnek ki leggyakrabban a k\u00f6rnyezetbe, mivel k\u00f6nnyen felkapja \u0151ket a sz\u00e9l a szemetesb\u0151l vagy szem\u00e9tsz\u00e1ll\u00edt\u00e1s sor\u00e1n, a term\u00e9szetben pedig hamar mikrom\u0171anyagokk\u00e1 apr\u00f3z\u00f3dnak.<\/p>\n\n<p><strong>Az \u00faj javaslattal kapcsolatban az al\u00e1bbiakban \u00f6sszefoglaljuk a technikai r\u00e9szleteket:<\/strong><\/p>\n\n<p>A korl\u00e1toz\u00e1s az eredetileg tervezett \u00e9v eleji bevezet\u00e9s helyett csak 2021 j\u00falius\u00e1t\u00f3l l\u00e9pne \u00e9rv\u00e9nybe. Az \u00faj javaslat szerint a 15 mikronn\u00e1l v\u00e9konyabb \u00fan. \u201ekifliszacsk\u00f3k\u201d tov\u00e1bbra is forgalomban maradhatn\u00e1nak, csak magasabb lenne rajtuk a term\u00e9kd\u00edj \u2013 a jelenlegi 57 Ft\/kg helyett 1900 Ft\/kg. Szint\u00e9n ebben a kateg\u00f3ri\u00e1ban bevezetn\u00e9k az \u00fan. leboml\u00f3 (val\u00f3j\u00e1ban t\u00f6bbnyire kiz\u00e1r\u00f3lag speci\u00e1lis, ipari k\u00f6r\u00fclm\u00e9nyek k\u00f6z\u00f6tt leboml\u00f3) zacsk\u00f3k forgalmaz\u00e1s\u00e1t, melyen alacsonyabb, 500 Ft\/kg lesz a term\u00e9kd\u00edj. A 15 mikronn\u00e1l vastagabb zacsk\u00f3k (ide tartoznak p\u00e9ld\u00e1ul a v\u00e9kony f\u00fcles szatyrok) eset\u00e9n pedig csak a leboml\u00f3 zacsk\u00f3k (ld. fent) forgalmaz\u00e1s\u00e1t enged\u00e9lyezn\u00e9k, szint\u00e9n 500 Ft\/kg term\u00e9kd\u00edjjal.<\/p>\n\n<figure class=\"wp-block-image size-large  caption-style-blue-overlay caption-alignment-center\"><img loading=\"lazy\" decoding=\"async\" width=\"1024\" height=\"683\" src=\"https:\/\/www.greenpeace.org\/static\/planet4-hungary-stateless\/2020\/06\/b3adcef6-img_20200506_092916-1024x683.jpg\" alt=\"\" class=\"wp-image-7111\" srcset=\"https:\/\/www.greenpeace.org\/static\/planet4-hungary-stateless\/2020\/06\/b3adcef6-img_20200506_092916-1024x683.jpg 1024w, https:\/\/www.greenpeace.org\/static\/planet4-hungary-stateless\/2020\/06\/b3adcef6-img_20200506_092916-300x200.jpg 300w, https:\/\/www.greenpeace.org\/static\/planet4-hungary-stateless\/2020\/06\/b3adcef6-img_20200506_092916-768x512.jpg 768w, https:\/\/www.greenpeace.org\/static\/planet4-hungary-stateless\/2020\/06\/b3adcef6-img_20200506_092916-1536x1024.jpg 1536w, https:\/\/www.greenpeace.org\/static\/planet4-hungary-stateless\/2020\/06\/b3adcef6-img_20200506_092916-510x340.jpg 510w, https:\/\/www.greenpeace.org\/static\/planet4-hungary-stateless\/2020\/06\/b3adcef6-img_20200506_092916.jpg 1920w\" sizes=\"auto, (max-width: 1024px) 100vw, 1024px\" \/><figcaption class=\"wp-element-caption\">J\u00e1rd\u00e1ny Bence \/ Greenpeace<\/figcaption><\/figure>\n\n<p>Sajnos ez a gyakorlatban azt jelenten\u00e9, hogy maradnak a zacsk\u00f3k, a term\u00e9kd\u00edj \u00e1r\u00e1t pedig a keresked\u0151k val\u00f3sz\u00edn\u0171leg be\u00e9p\u00edtik a term\u00e9kek \u00e1r\u00e1ba. Ez\u00e9rt sokkal jobb megold\u00e1s lenne egy darab alap\u00fa magasabb term\u00e9kd\u00edj, ami minden egyes zacsk\u00f3t tenne d\u00edjk\u00f6teless\u00e9. A 2018-as, egyszer haszn\u00e1latos csomagol\u00f3anyagok kivezet\u00e9s\u00e9t szolg\u00e1l\u00f3 ITM javaslatban m\u00e9g ez szerepelt.<\/p>\n\n<p><strong>Mi a baj a leboml\u00f3 zacsk\u00f3kkal?<\/strong><\/p>\n\n<p>B\u00e1r k\u0151olaj nem kell az el\u0151\u00e1ll\u00edt\u00e1sukhoz, k\u00f6rnyezetv\u00e9delmi szempontb\u00f3l m\u00e9gis \u00e1lmegold\u00e1st jelentenek a leboml\u00f3 zacsk\u00f3k. Mivel a legt\u00f6bb leboml\u00f3nak nevezett zacsk\u00f3 h\u00e1zi komposztban nem bomlik le, sokan a m\u0171anyagos szelekt\u00edv hullad\u00e9kgy\u0171jt\u0151be dobj\u00e1k ezeket, elszennyezve azt, mivel a leboml\u00f3 zacsk\u00f3kat nem lehet m\u0171anyagk\u00e9nt \u00fajrahasznos\u00edtani.<\/p>\n\n<p>Jelenleg haz\u00e1nkban nincs meg a megfelel\u0151 infrastrukt\u00fara a leboml\u00f3 m\u0171anyagok begy\u0171jt\u00e9s\u00e9re, de komposzt\u00e1l\u00e1sukhoz sz\u00fcks\u00e9ges nagy kapacit\u00e1s\u00fa telephelyek sincsenek, f\u0151leg olyan m\u00e9rt\u00e9kben, melyek orsz\u00e1gos szinten megold\u00e1st ny\u00fajtan\u00e1nak a keletkez\u0151 hullad\u00e9k kezel\u00e9s\u00e9re. R\u00e1ad\u00e1sul a komposztanyag hasznos\u00edt\u00e1s\u00e1ra sincs kidolgozott terv.<\/p>\n\n<figure class=\"wp-block-image size-large  caption-style-blue-overlay caption-alignment-center\"><img loading=\"lazy\" decoding=\"async\" width=\"1024\" height=\"683\" src=\"https:\/\/www.greenpeace.org\/static\/planet4-hungary-stateless\/2020\/05\/a0007bce-gp0stu717_medium_res_with_credit_line-1024x683-1.jpg\" alt=\"\" class=\"wp-image-7020\" srcset=\"https:\/\/www.greenpeace.org\/static\/planet4-hungary-stateless\/2020\/05\/a0007bce-gp0stu717_medium_res_with_credit_line-1024x683-1.jpg 1024w, https:\/\/www.greenpeace.org\/static\/planet4-hungary-stateless\/2020\/05\/a0007bce-gp0stu717_medium_res_with_credit_line-1024x683-1-300x200.jpg 300w, https:\/\/www.greenpeace.org\/static\/planet4-hungary-stateless\/2020\/05\/a0007bce-gp0stu717_medium_res_with_credit_line-1024x683-1-768x512.jpg 768w, https:\/\/www.greenpeace.org\/static\/planet4-hungary-stateless\/2020\/05\/a0007bce-gp0stu717_medium_res_with_credit_line-1024x683-1-510x340.jpg 510w\" sizes=\"auto, (max-width: 1024px) 100vw, 1024px\" \/><figcaption class=\"wp-element-caption\">Greenpeace<\/figcaption><\/figure>\n\n<p>A c\u00e9l tov\u00e1bbra is az, hogy v\u00e9gleg lesz\u00e1moljunk az eldobhat\u00f3 kult\u00far\u00e1val, mely iszonyatos m\u00e9rt\u00e9kben pazarolja er\u0151forr\u00e1sainkat, k\u00f6zben pedig egyre csak n\u00f6veli a szem\u00e9thegyeket, puszt\u00edtva az el\u0151vil\u00e1got \u00e9s teljesen beter\u00edtve bolyg\u00f3nkat m\u0171anyag hullad\u00e9kkal. A megold\u00e1s a bet\u00e9td\u00edjas rendszerek \u00fajb\u00f3li bevezet\u00e9s\u00e9ben \u00e9s a tart\u00f3s, t\u00f6bbsz\u00f6r haszn\u00e1latos csomagol\u00f3eszk\u00f6z\u00f6k \u00e9s term\u00e9kek elterjeszt\u00e9s\u00e9ben van. A felel\u0151sen gondolkod\u00f3 mindenkori korm\u00e1nynak ezt kell minden eszk\u00f6zzel (jogszab\u00e1llyal, p\u00e9nz\u00fcgyi \u00f6szt\u00f6nz\u0151kkel) t\u00e1mogatnia.<\/p>\n\n<p>Arra biztatunk mindenkit, aki agg\u00f3dik a k\u00f6rnyezet\u00e9rt, hogy csatlakozzon lev\u00e9lk\u00fcld\u0151 kamp\u00e1nyunkhoz, k\u00f6vetelje vel\u00fcnk egy\u00fctt az illet\u00e9kes korm\u00e1nytagokt\u00f3l, hogy az egyszer haszn\u00e1latos m\u0171anyagok tilalm\u00e1t kimond\u00f3 eredeti, er\u0151s t\u00f6rv\u00e9nyjavaslatot terjessz\u00e9k be az Orsz\u00e1ggy\u0171l\u00e9s el\u00e9. A levelet a Greenpeace weboldal\u00e1n kereszt\u00fcl itt lehet elk\u00fcldeni: <a rel=\"noreferrer noopener\" href=\"https:\/\/act.greenpeace.org\/page\/61181\/action\/1\" target=\"_blank\">greenpeace.hu\/muanyagtorvenytmost<\/a><\/p>\n","protected":false},"excerpt":{"rendered":"<p>Jelent\u0151s visszal\u00e9p\u00e9s az eredeti szab\u00e1lyoz\u00e1shoz k\u00e9pest a parlament oldal\u00e1n nyilv\u00e1noss\u00e1 v\u00e1lt m\u00f3dos\u00edtott t\u00f6rv\u00e9nyjavaslat az egyszer haszn\u00e1latos m\u0171anyagok tilalm\u00e1r\u00f3l (https:\/\/www.parlament.hu\/irom41\/10862\/10862.pdf). Eszerint a korm\u00e1ny az ipar nyom\u00e1s\u00e1ra val\u00f3ban megfutamodott a k\u00f6rnyezet sz\u00e1m\u00e1ra&hellip;<\/p>\n","protected":false},"author":32,"featured_media":7110,"comment_status":"closed","ping_status":"closed","sticky":false,"template":"","format":"standard","meta":{"ep_exclude_from_search":false,"p4_og_title":"","p4_og_description":"","p4_og_image":"","p4_og_image_id":"","p4_seo_canonical_url":"","p4_campaign_name":"not set","p4_local_project":"not set","p4_basket_name":"not set","p4_department":"","footnotes":""},"categories":[3],"tags":[23],"p4-page-type":[40],"class_list":["post-7107","post","type-post","status-publish","format-standard","has-post-thumbnail","hentry","category-termeszet-kornyezet","tag-muanyag","p4-page-type-blog"],"_links":{"self":[{"href":"https:\/\/www.greenpeace.org\/hungary\/wp-json\/wp\/v2\/posts\/7107","targetHints":{"allow":["GET"]}}],"collection":[{"href":"https:\/\/www.greenpeace.org\/hungary\/wp-json\/wp\/v2\/posts"}],"about":[{"href":"https:\/\/www.greenpeace.org\/hungary\/wp-json\/wp\/v2\/types\/post"}],"author":[{"embeddable":true,"href":"https:\/\/www.greenpeace.org\/hungary\/wp-json\/wp\/v2\/users\/32"}],"replies":[{"embeddable":true,"href":"https:\/\/www.greenpeace.org\/hungary\/wp-json\/wp\/v2\/comments?post=7107"}],"version-history":[{"count":5,"href":"https:\/\/www.greenpeace.org\/hungary\/wp-json\/wp\/v2\/posts\/7107\/revisions"}],"predecessor-version":[{"id":10394,"href":"https:\/\/www.greenpeace.org\/hungary\/wp-json\/wp\/v2\/posts\/7107\/revisions\/10394"}],"wp:featuredmedia":[{"embeddable":true,"href":"https:\/\/www.greenpeace.org\/hungary\/wp-json\/wp\/v2\/media\/7110"}],"wp:attachment":[{"href":"https:\/\/www.greenpeace.org\/hungary\/wp-json\/wp\/v2\/media?parent=7107"}],"wp:term":[{"taxonomy":"category","embeddable":true,"href":"https:\/\/www.greenpeace.org\/hungary\/wp-json\/wp\/v2\/categories?post=7107"},{"taxonomy":"post_tag","embeddable":true,"href":"https:\/\/www.greenpeace.org\/hungary\/wp-json\/wp\/v2\/tags?post=7107"},{"taxonomy":"p4-page-type","embeddable":true,"href":"https:\/\/www.greenpeace.org\/hungary\/wp-json\/wp\/v2\/p4-page-type?post=7107"}],"curies":[{"name":"wp","href":"https:\/\/api.w.org\/{rel}","templated":true}]}}