{"id":7408,"date":"2020-08-28T10:41:58","date_gmt":"2020-08-28T08:41:58","guid":{"rendered":"https:\/\/www.greenpeace.org\/hungary\/?p=7408"},"modified":"2023-05-11T10:27:51","modified_gmt":"2023-05-11T08:27:51","slug":"bolygonk-langokban-fotokon-mutatjuk-az-ego-erdoket","status":"publish","type":"post","link":"https:\/\/www.greenpeace.org\/hungary\/blog\/7408\/bolygonk-langokban-fotokon-mutatjuk-az-ego-erdoket\/","title":{"rendered":"Bolyg\u00f3nk l\u00e1ngokban! Fot\u00f3kon mutatjuk az \u00e9g\u0151 erd\u0151ket"},"content":{"rendered":"\n<p><strong>Braz\u00edli\u00e1t\u00f3l Szib\u00e9ri\u00e1ig, a vil\u00e1g sz\u00e1mos pontj\u00e1n erd\u0151t\u00fczek puszt\u00edtanak. T\u00fczek minden \u00e9vben vannak, a t\u0171zszezon azonban egyre hosszabb, a l\u00e1ngok pedig egyre intenz\u00edvebben perzselik fel az emberi \u00e9lethez n\u00e9lk\u00fcl\u00f6zhetetlen erd\u0151ket, \u00e9s puszt\u00edtj\u00e1k bolyg\u00f3nk \u00e9l\u0151vil\u00e1g\u00e1t. A kl\u00edmav\u00e1ls\u00e1ggal emelkedik a F\u00f6ld h\u0151m\u00e9rs\u00e9klete, \u00edgy kisz\u00e1radnak az erd\u0151k \u00e9s m\u00e1s term\u00e9szetes \u00e9l\u0151helyek, ez pedig t\u00e1ptalajul szolg\u00e1l a kegyetlen\u00fcl tombol\u00f3 t\u00fczeknek. A t\u0171zv\u00e9szek sor\u00e1n nagy mennyis\u00e9g\u0171 sz\u00e9n-dioxid ker\u00fcl a l\u00e9gk\u00f6rbe, tov\u00e1bb gyors\u00edtva a kl\u00edmav\u00e1ltoz\u00e1s folyamat\u00e1t. \u00c9s itt a k\u00f6r be is z\u00e1rul addig, am\u00edg nem l\u00e9p\u00fcnk fel \u00e9rdemben a kl\u00edmav\u00e1ls\u00e1ggal szemben.<\/strong><\/p>\n\n<p>Nap mint nap kapjuk a fenyeget\u0151 h\u00edreket: vil\u00e1gszerte l\u00e1ngok puszt\u00edtj\u00e1k bolyg\u00f3nkat, a t\u00fczek k\u00f6vetkezt\u00e9ben emberek halnak meg, sokan otthonukat, meg\u00e9lhet\u00e9s\u00fcket vesz\u00edtik el. A l\u00e1ngok martal\u00e9k\u00e1v\u00e1 v\u00e1lik az \u00e9l\u0151vil\u00e1g is \u00e9s az \u00e9let\u00fcnkh\u00f6z n\u00e9lk\u00fcl\u00f6zhetetlen, \u00e9rt\u00e9kes erd\u0151ter\u00fcletek. Ebben az \u00e9vben r\u00e1ad\u00e1sul a koronav\u00edrus-j\u00e1rv\u00e1ny miatt az emberek eg\u00e9szs\u00e9ge m\u00e9g nagyobb vesz\u00e9lynek van kit\u00e9ve, ahogy az egyre intenz\u00edvebb\u00e9 v\u00e1l\u00f3 t\u00fczek miatt tov\u00e1bb n\u00f6vekedik az eg\u00e9szs\u00e9gk\u00e1ros\u00edt\u00f3 l\u00e9gszennyezetts\u00e9g.<\/p>\n\n<p>Az elm\u00falt \u00e9vekhez hasonl\u00f3an az idei t\u00fczek kialakul\u00e1sa is k\u00fcl\u00f6nb\u00f6z\u0151 okokra vezethet\u0151 vissza. Azt m\u00e1r r\u00e9g\u00f3ta tudjuk, hogy a braz\u00edliai Amazonas vid\u00e9k\u00e9n puszt\u00edt\u00f3 t\u00fczek nem magukt\u00f3l keletkeznek. Amaz\u00f3nia erdeit sz\u00e1nd\u00e9kosan gy\u00fajtj\u00e1k fel \u00e9s irtj\u00e1k, hogy az \u00edgy \u201efelszabadult\u201d ter\u00fcleteket szarvasmarha-teny\u00e9szt\u00e9sre, legeltet\u00e9sre \u00e9s takarm\u00e1nytermeszt\u00e9sre haszn\u00e1lj\u00e1k. Ennek a <a rel=\"noreferrer noopener\" href=\"https:\/\/insights.trase.earth\/yearbook\/summary\/\" target=\"_blank\">gyakorlatnak<\/a> a Bolsonaro-korm\u00e1ny k\u00f6rnyezetellenes politik\u00e1ja m\u00e9g ink\u00e1bb kedvez, mely fittyet h\u00e1ny arra, hogy mekkora <a rel=\"noreferrer noopener\" href=\"https:\/\/www.greenpeace.org\/international\/story\/30212\/illegal-indigenous-people-threat-self-isolate-covid19\/\" target=\"_blank\">vesz\u00e9lynek teszik ki<\/a> ez\u00e1ltal az es\u0151erd\u0151kben \u00e9l\u0151 \u0151slakosokat \u2013 a t\u00fczek az otthonukat, meg\u00e9lhet\u00e9s\u00fcket \u00e9s az eg\u00e9szs\u00e9g\u00fcket egyar\u00e1nt fenyegetik.<\/p>\n\n<figure class=\"wp-block-image size-large  caption-style-blue-overlay caption-alignment-center\"><img loading=\"lazy\" decoding=\"async\" width=\"1024\" height=\"684\" src=\"https:\/\/www.greenpeace.org\/static\/planet4-hungary-stateless\/2020\/08\/e659013e-gp0stupvj_pressmedia-1024x684.jpg\" alt=\"\" class=\"wp-image-7412\" srcset=\"https:\/\/www.greenpeace.org\/static\/planet4-hungary-stateless\/2020\/08\/e659013e-gp0stupvj_pressmedia-1024x684.jpg 1024w, https:\/\/www.greenpeace.org\/static\/planet4-hungary-stateless\/2020\/08\/e659013e-gp0stupvj_pressmedia-300x200.jpg 300w, https:\/\/www.greenpeace.org\/static\/planet4-hungary-stateless\/2020\/08\/e659013e-gp0stupvj_pressmedia-768x513.jpg 768w, https:\/\/www.greenpeace.org\/static\/planet4-hungary-stateless\/2020\/08\/e659013e-gp0stupvj_pressmedia-1536x1025.jpg 1536w, https:\/\/www.greenpeace.org\/static\/planet4-hungary-stateless\/2020\/08\/e659013e-gp0stupvj_pressmedia-2048x1367.jpg 2048w, https:\/\/www.greenpeace.org\/static\/planet4-hungary-stateless\/2020\/08\/e659013e-gp0stupvj_pressmedia-2046x1366.jpg 2046w, https:\/\/www.greenpeace.org\/static\/planet4-hungary-stateless\/2020\/08\/e659013e-gp0stupvj_pressmedia-510x340.jpg 510w\" sizes=\"auto, (max-width: 1024px) 100vw, 1024px\" \/><figcaption class=\"wp-element-caption\">L\u00e1ngok puszt\u00edtj\u00e1k Amaz\u00f3nia erdeit <br>\u00a9 Christian Braga \/ Greenpeace<\/figcaption><\/figure>\n\n<figure class=\"wp-block-image size-large  caption-style-blue-overlay caption-alignment-center\"><img loading=\"lazy\" decoding=\"async\" width=\"1024\" height=\"683\" src=\"https:\/\/www.greenpeace.org\/static\/planet4-hungary-stateless\/2020\/08\/fd9e5bfe-gp0stupuf_pressmedia-1024x683.jpg\" alt=\"\" class=\"wp-image-7414\" srcset=\"https:\/\/www.greenpeace.org\/static\/planet4-hungary-stateless\/2020\/08\/fd9e5bfe-gp0stupuf_pressmedia-1024x683.jpg 1024w, https:\/\/www.greenpeace.org\/static\/planet4-hungary-stateless\/2020\/08\/fd9e5bfe-gp0stupuf_pressmedia-300x200.jpg 300w, https:\/\/www.greenpeace.org\/static\/planet4-hungary-stateless\/2020\/08\/fd9e5bfe-gp0stupuf_pressmedia-768x512.jpg 768w, https:\/\/www.greenpeace.org\/static\/planet4-hungary-stateless\/2020\/08\/fd9e5bfe-gp0stupuf_pressmedia-1536x1024.jpg 1536w, https:\/\/www.greenpeace.org\/static\/planet4-hungary-stateless\/2020\/08\/fd9e5bfe-gp0stupuf_pressmedia-2048x1366.jpg 2048w, https:\/\/www.greenpeace.org\/static\/planet4-hungary-stateless\/2020\/08\/fd9e5bfe-gp0stupuf_pressmedia-510x340.jpg 510w\" sizes=\"auto, (max-width: 1024px) 100vw, 1024px\" \/><figcaption class=\"wp-element-caption\">L\u00e1ngok puszt\u00edtj\u00e1k Amaz\u00f3nia erdeit<br>\u00a9 Christian Braga \/ Greenpeace<\/figcaption><\/figure>\n\n<p><a rel=\"noreferrer noopener\" href=\"https:\/\/www.greenpeace.org\/argentina\/blog\/issues\/bosques\/el-fuego-una-triste-constante-de-nuestra-region\/\" target=\"_blank\">Argent\u00edn\u00e1ban a Paran\u00e1-foly\u00f3 deltatorkolata szint\u00e9n l\u00e1ngokban \u00e1ll.<\/a> Emiatt vesz\u00e9lybe ker\u00fclt a r\u00e9gi\u00f3 n\u00f6v\u00e9ny- \u00e9s \u00e1llatfajok sz\u00e1zaib\u00f3l \u00e1ll\u00f3 \u00f6kosziszt\u00e9m\u00e1ja, melynek meg\u00f3v\u00e1sa l\u00e9tfontoss\u00e1g\u00fa lenne a kl\u00edmav\u00e1ltoz\u00e1s megf\u00e9kez\u00e9se \u00e9rdek\u00e9ben. Braz\u00edli\u00e1hoz hasonl\u00f3an a t\u00fczek t\u00f6bbs\u00e9g\u00e9t itt is az\u00e9rt gy\u00fajtj\u00e1k, hogy a mez\u0151gazdas\u00e1g sz\u00e1m\u00e1ra ter\u00fcleteket szabad\u00edtsanak fel. R\u00e1ad\u00e1sul id\u00e9n <a rel=\"noreferrer noopener\" href=\"https:\/\/news.mongabay.com\/2020\/08\/fires-in-argentinas-parana-delta-are-burning-out-of-control\/\" target=\"_blank\">olyan kev\u00e9s es\u0151 esett ezeken a ter\u00fcleteken<\/a>, ami miatt az ut\u00f3bbi 70 \u00e9v legintenz\u00edvebb asz\u00e1lyos id\u0151szaka s\u00fajtott le a r\u00e9gi\u00f3ra. Ez pedig \u00e9rtelemszer\u0171en csak tov\u00e1bb fokozta a t\u00fczeket.<\/p>\n\n<figure class=\"wp-block-image size-large  caption-style-blue-overlay caption-alignment-center\"><img loading=\"lazy\" decoding=\"async\" width=\"1024\" height=\"684\" src=\"https:\/\/www.greenpeace.org\/static\/planet4-hungary-stateless\/2020\/08\/b4164ef0-gpa_incendiosdelta_14-1024x684-1.jpg\" alt=\"\" class=\"wp-image-7415\" srcset=\"https:\/\/www.greenpeace.org\/static\/planet4-hungary-stateless\/2020\/08\/b4164ef0-gpa_incendiosdelta_14-1024x684-1.jpg 1024w, https:\/\/www.greenpeace.org\/static\/planet4-hungary-stateless\/2020\/08\/b4164ef0-gpa_incendiosdelta_14-1024x684-1-300x200.jpg 300w, https:\/\/www.greenpeace.org\/static\/planet4-hungary-stateless\/2020\/08\/b4164ef0-gpa_incendiosdelta_14-1024x684-1-768x513.jpg 768w, https:\/\/www.greenpeace.org\/static\/planet4-hungary-stateless\/2020\/08\/b4164ef0-gpa_incendiosdelta_14-1024x684-1-510x340.jpg 510w\" sizes=\"auto, (max-width: 1024px) 100vw, 1024px\" \/><figcaption class=\"wp-element-caption\">Argent\u00edn\u00e1ban a Paran\u00e1-foly\u00f3 deltatorkolata szint\u00e9n l\u00e1ngokban \u00e1ll<br>\u00a9 Sebastian Suarez Meccia \/ Greenpeace<\/figcaption><\/figure>\n\n<figure class=\"wp-block-image size-large  caption-style-blue-overlay caption-alignment-center\"><img loading=\"lazy\" decoding=\"async\" width=\"1024\" height=\"633\" src=\"https:\/\/www.greenpeace.org\/static\/planet4-hungary-stateless\/2020\/08\/ebc9781f-gpa_incendiosdelta_18-1024x633-1.jpg\" alt=\"\" class=\"wp-image-7416\" srcset=\"https:\/\/www.greenpeace.org\/static\/planet4-hungary-stateless\/2020\/08\/ebc9781f-gpa_incendiosdelta_18-1024x633-1.jpg 1024w, https:\/\/www.greenpeace.org\/static\/planet4-hungary-stateless\/2020\/08\/ebc9781f-gpa_incendiosdelta_18-1024x633-1-300x185.jpg 300w, https:\/\/www.greenpeace.org\/static\/planet4-hungary-stateless\/2020\/08\/ebc9781f-gpa_incendiosdelta_18-1024x633-1-768x475.jpg 768w, https:\/\/www.greenpeace.org\/static\/planet4-hungary-stateless\/2020\/08\/ebc9781f-gpa_incendiosdelta_18-1024x633-1-510x315.jpg 510w\" sizes=\"auto, (max-width: 1024px) 100vw, 1024px\" \/><figcaption class=\"wp-element-caption\">Argent\u00edn\u00e1ban a Paran\u00e1-foly\u00f3 deltatorkolata szint\u00e9n l\u00e1ngokban \u00e1ll<br>\u00a9 Sebastian Suarez Meccia \/ Greenpeace<\/figcaption><\/figure>\n\n<p>T\u00fczek tombolnak az Egyes\u00fclt \u00c1llamokban is \u2013 Kalifornia \u00e1llamban <a rel=\"noreferrer noopener\" href=\"https:\/\/www.theguardian.com\/us-news\/live\/2020\/aug\/24\/california-fires-evacuation-orders-bay-area-wildfires-latest-news-updates\" target=\"_blank\">emberek sz\u00e1zezreinek kellett elhagyni a lakhely\u00e9t<\/a>, <a rel=\"noreferrer noopener\" href=\"https:\/\/www.sfchronicle.com\/california-wildfires\/article\/Bay-Area-awakens-to-smoky-skies-as-wildfires-rage-15495018.php\" target=\"_blank\">a l\u00e9gszennyezetts\u00e9gi mutat\u00f3k pedig az egekben vannak<\/a>.<\/p>\n\n<p>A h\u0151hull\u00e1mok \u00e9s vill\u00e1ml\u00e1s okozta fut\u00f3t\u0171z-hull\u00e1mban rekordm\u00e9ret\u0171 l\u00e1ngok csaptak fel. A f\u00fcst pedig <a rel=\"noreferrer noopener\" href=\"https:\/\/earthobservatory.nasa.gov\/images\/147151\/wildfire-smoke-shrouds-the-us-west\" target=\"_blank\">az Egyes\u00fclt \u00c1llamok nyugati r\u00e9sz\u00e9n terjed<\/a>.<\/p>\n\n<p><a rel=\"noreferrer noopener\" href=\"https:\/\/www.nytimes.com\/2018\/11\/09\/climate\/why-california-fires.html?module=inline\" target=\"_blank\">A kl\u00edmav\u00e1ltoz\u00e1s hat\u00e1sai miatt a t\u00fczek sokkal intenz\u00edvebbek lettek<\/a>: az \u00e1tlagosn\u00e1l forr\u00f3bb \u00e9s sz\u00e1razabb id\u0151szak kedvez a l\u00e1ngoknak, r\u00e1ad\u00e1sul a meleg id\u0151 miatt a t\u0171zszezon is jobban elny\u00falik. Id\u00e9n azonban a kaliforniai t\u00fczek elleni fell\u00e9p\u00e9st nemcsak a kl\u00edmav\u00e1ltoz\u00e1s, hanem a j\u00e1rv\u00e1nyhelyzet okozta v\u00e1ls\u00e1gok is nehez\u00edtik. Kalifornia \u00e1llamban a koronav\u00edrusos megbeteged\u00e9sek sz\u00e1ma tov\u00e1bbra is magas. A t\u00fczek ek\u00f6zben fokozz\u00e1k a l\u00e9gszennyezetts\u00e9get, mely tov\u00e1bbi eg\u00e9szs\u00e9g\u00fcgyi kock\u00e1zatot jelent <a rel=\"noreferrer noopener\" href=\"https:\/\/www.latimes.com\/california\/story\/2020-04-08\/air-pollution-linked-to-higher-coronavirus-death-rates\" target=\"_blank\">azokn\u00e1l a k\u00f6z\u00f6ss\u00e9gekn\u00e9l, amelyek a koronav\u00edrus-j\u00e1rv\u00e1nynak a legink\u00e1bb ki vannak t\u00e9ve<\/a>. <a rel=\"noreferrer noopener\" href=\"https:\/\/www.nytimes.com\/2020\/08\/19\/us\/ca-fires.html#link-621353ed\" target=\"_blank\">A j\u00e1rv\u00e1nyhelyzet tov\u00e1bb\u00e1 nehez\u00edti<\/a> a t\u0171z elleni v\u00e9dekez\u00e9s hat\u00e9kony megszervez\u00e9s\u00e9t \u00e9s az \u00e9rintett k\u00f6z\u00f6ss\u00e9gek evaku\u00e1l\u00e1s\u00e1t.<\/p>\n\n<figure class=\"wp-block-image size-large  caption-style-blue-overlay caption-alignment-center\"><img loading=\"lazy\" decoding=\"async\" width=\"1024\" height=\"683\" src=\"https:\/\/www.greenpeace.org\/static\/planet4-hungary-stateless\/2020\/08\/6407952e-gp0stuqt8-1024x683.jpg\" title=\"California Pine Canyon Wildfire. \u00a9 David McNew \/ Greenpeace\" alt=\"California Pine Canyon Wildfire. \u00a9 David McNew \/ Greenpeace\" class=\"wp-image-7417\" srcset=\"https:\/\/www.greenpeace.org\/static\/planet4-hungary-stateless\/2020\/08\/6407952e-gp0stuqt8-1024x683.jpg 1024w, https:\/\/www.greenpeace.org\/static\/planet4-hungary-stateless\/2020\/08\/6407952e-gp0stuqt8-300x200.jpg 300w, https:\/\/www.greenpeace.org\/static\/planet4-hungary-stateless\/2020\/08\/6407952e-gp0stuqt8-768x512.jpg 768w, https:\/\/www.greenpeace.org\/static\/planet4-hungary-stateless\/2020\/08\/6407952e-gp0stuqt8-510x340.jpg 510w, https:\/\/www.greenpeace.org\/static\/planet4-hungary-stateless\/2020\/08\/6407952e-gp0stuqt8.jpg 1200w\" sizes=\"auto, (max-width: 1024px) 100vw, 1024px\" \/><figcaption class=\"wp-element-caption\">Hatalmas t\u00fczek tombolnak Kaliforni\u00e1ban<br><div class=\"credit icon-left\"> \u00a9 David McNew \/ Greenpeace<\/div><\/figcaption><\/figure>\n\n<figure class=\"wp-block-image size-large  caption-style-blue-overlay caption-alignment-center\"><img loading=\"lazy\" decoding=\"async\" width=\"1024\" height=\"683\" src=\"https:\/\/www.greenpeace.org\/static\/planet4-hungary-stateless\/2020\/08\/6b516ceb-gp0stuqtb-1024x683-1.jpg\" alt=\"\" class=\"wp-image-7418\" srcset=\"https:\/\/www.greenpeace.org\/static\/planet4-hungary-stateless\/2020\/08\/6b516ceb-gp0stuqtb-1024x683-1.jpg 1024w, https:\/\/www.greenpeace.org\/static\/planet4-hungary-stateless\/2020\/08\/6b516ceb-gp0stuqtb-1024x683-1-300x200.jpg 300w, https:\/\/www.greenpeace.org\/static\/planet4-hungary-stateless\/2020\/08\/6b516ceb-gp0stuqtb-1024x683-1-768x512.jpg 768w, https:\/\/www.greenpeace.org\/static\/planet4-hungary-stateless\/2020\/08\/6b516ceb-gp0stuqtb-1024x683-1-510x340.jpg 510w\" sizes=\"auto, (max-width: 1024px) 100vw, 1024px\" \/><figcaption class=\"wp-element-caption\">Hatalmas t\u00fczek tombolnak Kaliforni\u00e1ban<br>\u00a9 David McNew \/ Greenpeace<\/figcaption><\/figure>\n\n<p>Ott van m\u00e9g Szib\u00e9ria is, ahol az idei nyarat rendk\u00edv\u00fcli h\u0151hull\u00e1mok, a permafroszt felolvad\u00e1sa \u00e9s <a rel=\"noreferrer noopener\" href=\"https:\/\/www.greenpeace.org\/international\/press-release\/44107\/siberia-climate-hotspot-wildfires-russian-cities-smoke\/\" target=\"_blank\">erd\u0151t\u00fczek<\/a> jellemezt\u00e9k. Egyre s\u00falyosabb t\u0171zv\u00e9szek puszt\u00edtanak a r\u00e9gi\u00f3ban \u2013 m\u0171holdfelv\u00e9telek szerint Oroszorsz\u00e1gban 2020 eleje \u00f3ta m\u00e1r t\u00f6bb mint 22 milli\u00f3 hekt\u00e1r ter\u00fclet \u00e9gett le, ebb\u0151l mintegy 14 milli\u00f3 hekt\u00e1r erd\u0151ter\u00fclet. A t\u00fczek nagy r\u00e9sz\u00e9t nem oltj\u00e1k, mivel a hat\u00f3s\u00e1gok szerint az olt\u00e1s k\u00f6lts\u00e9gei meghaladn\u00e1k a t\u00fczek \u00e1ltal okozott k\u00e1r \u00e9rt\u00e9k\u00e9t.<\/p>\n\n<figure class=\"wp-block-image size-large  caption-style-blue-overlay caption-alignment-center\"><img loading=\"lazy\" decoding=\"async\" width=\"1024\" height=\"576\" src=\"https:\/\/www.greenpeace.org\/static\/planet4-hungary-stateless\/2020\/08\/e2789593-gp1su5ja-1024x576.jpg\" title=\"Climate Emergency: Forest Fires in Siberia. \u00a9 Julia Petrenko \/ Greenpeace\" alt=\"Climate Emergency: Forest Fires in Siberia. \u00a9 Julia Petrenko \/ Greenpeace\" class=\"wp-image-7419\" srcset=\"https:\/\/www.greenpeace.org\/static\/planet4-hungary-stateless\/2020\/08\/e2789593-gp1su5ja-1024x576.jpg 1024w, https:\/\/www.greenpeace.org\/static\/planet4-hungary-stateless\/2020\/08\/e2789593-gp1su5ja-300x169.jpg 300w, https:\/\/www.greenpeace.org\/static\/planet4-hungary-stateless\/2020\/08\/e2789593-gp1su5ja-768x432.jpg 768w, https:\/\/www.greenpeace.org\/static\/planet4-hungary-stateless\/2020\/08\/e2789593-gp1su5ja-510x287.jpg 510w, https:\/\/www.greenpeace.org\/static\/planet4-hungary-stateless\/2020\/08\/e2789593-gp1su5ja.jpg 1200w\" sizes=\"auto, (max-width: 1024px) 100vw, 1024px\" \/><figcaption class=\"wp-element-caption\">Egyre s\u00falyosabb t\u0171zv\u00e9szek puszt\u00edtanak Szib\u00e9ri\u00e1ban<br><div class=\"credit icon-left\"> \u00a9 Julia Petrenko \/ Greenpeace<\/div><\/figcaption><\/figure>\n\n<figure class=\"wp-block-image size-large  caption-style-blue-overlay caption-alignment-center\"><img loading=\"lazy\" decoding=\"async\" width=\"1024\" height=\"575\" src=\"https:\/\/www.greenpeace.org\/static\/planet4-hungary-stateless\/2020\/08\/025b37bd-gp1su5jn-1024x575-1.jpg\" alt=\"\" class=\"wp-image-7422\" srcset=\"https:\/\/www.greenpeace.org\/static\/planet4-hungary-stateless\/2020\/08\/025b37bd-gp1su5jn-1024x575-1.jpg 1024w, https:\/\/www.greenpeace.org\/static\/planet4-hungary-stateless\/2020\/08\/025b37bd-gp1su5jn-1024x575-1-300x168.jpg 300w, https:\/\/www.greenpeace.org\/static\/planet4-hungary-stateless\/2020\/08\/025b37bd-gp1su5jn-1024x575-1-768x431.jpg 768w, https:\/\/www.greenpeace.org\/static\/planet4-hungary-stateless\/2020\/08\/025b37bd-gp1su5jn-1024x575-1-510x286.jpg 510w\" sizes=\"auto, (max-width: 1024px) 100vw, 1024px\" \/><figcaption class=\"wp-element-caption\">Egyre s\u00falyosabb t\u0171zv\u00e9szek puszt\u00edtanak Szib\u00e9ri\u00e1ban<br>\u00a9 Julia Petrenko \/ Greenpeace<\/figcaption><\/figure>\n\n<p>Mindezek f\u00e9ny\u00e9ben nem engedhetj\u00fck meg, hogy a t\u00fczek \u00e1ltal s\u00fajtott orsz\u00e1gok vezet\u0151i kib\u00fajjanak a felel\u0151ss\u00e9g al\u00f3l \u2013 fel kell sz\u00f3l\u00edtanunk \u0151ket az azonnali cselekv\u00e9sre, hiszen k\u00f6teless\u00e9g\u00fck megv\u00e9deni az embereket, az \u00e9l\u0151vil\u00e1got \u00e9s az \u00e9rt\u00e9kes erd\u0151ter\u00fcleteket. A vil\u00e1g minden t\u00e1j\u00e1n \u00f6ssze kell fognunk \u00e9s k\u00f6z\u00f6s er\u0151vel fel kell l\u00e9pn\u00fcnk a kl\u00edmav\u00e1ltoz\u00e1s megf\u00e9kez\u00e9se \u00e9rdek\u00e9ben. Te is seg\u00edthetsz ebben \u2013 csatlakozz pet\u00edci\u00f3nkhoz: <a rel=\"noreferrer noopener\" href=\"https:\/\/greenpeace.hu\/klimaveszhelyzet\" target=\"_blank\">greenpeace.hu\/klimaveszhelyzet<\/a><\/p>\n\n<p><em>Forr\u00e1s:<\/em> <em>Rebecca Field, a Greenpeace International multim\u00e9di\u00e1s szerkeszt\u0151j\u00e9nek \u00edr\u00e1sa alapj\u00e1n.<\/em><\/p>\n\t\t\t<section\n\t\t\tclass=\"boxout post-5429 \"\n\t\t\t\n\t\t>\n\t\t\t<a\n\t\t\t\tdata-ga-category=\"Take Action Boxout\"\n\t\t\t\tdata-ga-action=\"Image\"\n\t\t\t\tdata-ga-label=\"n\/a\"\n\t\t\t\tclass=\"cover-card-overlay\"\n\t\t\t\thref=\"https:\/\/www.greenpeace.org\/hungary\/cselekedj\/klimavedelmet-magyarorszagnak\/\" \n\t\t\t><\/a>\n\t\t\t\t\t\t\t<img\n\t\t\t\t\t\tsrc=\"https:\/\/www.greenpeace.org\/static\/planet4-hungary-stateless\/2019\/09\/34124190-gp0sttsd1-1024x683.jpg\"\n\t\t\t\t\t\tsrcset=\"https:\/\/www.greenpeace.org\/static\/planet4-hungary-stateless\/2019\/09\/34124190-gp0sttsd1-300x200.jpg 300w, https:\/\/www.greenpeace.org\/static\/planet4-hungary-stateless\/2019\/09\/34124190-gp0sttsd1-768x512.jpg 768w, https:\/\/www.greenpeace.org\/static\/planet4-hungary-stateless\/2019\/09\/34124190-gp0sttsd1-1024x683.jpg 1024w, https:\/\/www.greenpeace.org\/static\/planet4-hungary-stateless\/2019\/09\/34124190-gp0sttsd1-510x340.jpg 510w, https:\/\/www.greenpeace.org\/static\/planet4-hungary-stateless\/2019\/09\/34124190-gp0sttsd1.jpg 1200w\"\n\t\t\t\t\t\tsizes=\"(min-width: 1000px) 358px, (min-width: 780px) 313px, 88px\"\n\t\t\t\t\t\talt=\"Forest Fires in Candeiras do Jamari, Amazon - Second Overflight (2019). \u00a9 Victor Moriyama \/ Greenpeace\" title=\"Forest Fires in Candeiras do Jamari, Amazon - Second Overflight (2019). \u00a9 Victor Moriyama \/ Greenpeace\"\n\t\t\t\t\/>\n            \t\t\t<div class=\"boxout-content\">\n\t\t\t\t\t\t\t\t\t<a\n\t\t\t\t\t\tclass=\"boxout-heading medium\"\n\t\t\t\t\t\tdata-ga-category=\"Take Action Boxout\"\n\t\t\t\t\t\tdata-ga-action=\"Title\"\n\t\t\t\t\t\tdata-ga-label=\"n\/a\"\n\t\t\t\t\t\thref=\"https:\/\/www.greenpeace.org\/hungary\/cselekedj\/klimavedelmet-magyarorszagnak\/\"\n\t\t\t\t\t\t\n\t\t\t\t\t>\n\t\t\t\t\t\tKl\u00edmav\u00e9delmet Magyarorsz\u00e1gnak!\n\t\t\t\t\t<\/a>\n\t\t\t\t\t\t\t\t\t\t\t\t\t<p class=\"boxout-excerpt\">V\u00e9szhelyzet van. Kl\u00edma- \u00e9s \u00f6kol\u00f3giai v\u00e9szhelyzet. A t\u00e9t az emberi civiliz\u00e1ci\u00f3, \u00e9s benne orsz\u00e1gunk fennmarad\u00e1sa. Csatlakozz a ki\u00e1ltv\u00e1nyhoz!<\/p>\n\t\t\t\t                                    <a\n                        class=\"btn btn-primary\"\n                        data-ga-category=\"Take Action Boxout\"\n                        data-ga-action=\"Call to Action\"\n                        data-ga-label=\"n\/a\"\n                        href=\"https:\/\/www.greenpeace.org\/hungary\/cselekedj\/klimavedelmet-magyarorszagnak\/\"\n                        \n                    >\n                        Cselekszem\n                    <\/a>\n                \t\t\t<\/div>\n\t\t\t\t\t<\/section>\n\t","protected":false},"excerpt":{"rendered":"<p>Braz\u00edli\u00e1t\u00f3l Szib\u00e9ri\u00e1ig, a vil\u00e1g sz\u00e1mos pontj\u00e1n erd\u0151t\u00fczek puszt\u00edtanak. T\u00fczek minden \u00e9vben vannak, a t\u0171zszezon azonban egyre hosszabb, a l\u00e1ngok pedig egyre intenz\u00edvebben perzselik fel az emberi \u00e9lethez n\u00e9lk\u00fcl\u00f6zhetetlen erd\u0151ket, \u00e9s&hellip;<\/p>\n","protected":false},"author":32,"featured_media":7419,"comment_status":"closed","ping_status":"closed","sticky":false,"template":"","format":"standard","meta":{"ep_exclude_from_search":false,"p4_og_title":"","p4_og_description":"","p4_og_image":"","p4_og_image_id":"","p4_seo_canonical_url":"","p4_campaign_name":"not set","p4_local_project":"not set","p4_basket_name":"not set","p4_department":"","footnotes":""},"categories":[2,3],"tags":[20,29],"p4-page-type":[40],"class_list":["post-7408","post","type-post","status-publish","format-standard","has-post-thumbnail","hentry","category-klima-energia","category-termeszet-kornyezet","tag-elovilag","tag-erdo","p4-page-type-blog"],"_links":{"self":[{"href":"https:\/\/www.greenpeace.org\/hungary\/wp-json\/wp\/v2\/posts\/7408","targetHints":{"allow":["GET"]}}],"collection":[{"href":"https:\/\/www.greenpeace.org\/hungary\/wp-json\/wp\/v2\/posts"}],"about":[{"href":"https:\/\/www.greenpeace.org\/hungary\/wp-json\/wp\/v2\/types\/post"}],"author":[{"embeddable":true,"href":"https:\/\/www.greenpeace.org\/hungary\/wp-json\/wp\/v2\/users\/32"}],"replies":[{"embeddable":true,"href":"https:\/\/www.greenpeace.org\/hungary\/wp-json\/wp\/v2\/comments?post=7408"}],"version-history":[{"count":9,"href":"https:\/\/www.greenpeace.org\/hungary\/wp-json\/wp\/v2\/posts\/7408\/revisions"}],"predecessor-version":[{"id":10398,"href":"https:\/\/www.greenpeace.org\/hungary\/wp-json\/wp\/v2\/posts\/7408\/revisions\/10398"}],"wp:featuredmedia":[{"embeddable":true,"href":"https:\/\/www.greenpeace.org\/hungary\/wp-json\/wp\/v2\/media\/7419"}],"wp:attachment":[{"href":"https:\/\/www.greenpeace.org\/hungary\/wp-json\/wp\/v2\/media?parent=7408"}],"wp:term":[{"taxonomy":"category","embeddable":true,"href":"https:\/\/www.greenpeace.org\/hungary\/wp-json\/wp\/v2\/categories?post=7408"},{"taxonomy":"post_tag","embeddable":true,"href":"https:\/\/www.greenpeace.org\/hungary\/wp-json\/wp\/v2\/tags?post=7408"},{"taxonomy":"p4-page-type","embeddable":true,"href":"https:\/\/www.greenpeace.org\/hungary\/wp-json\/wp\/v2\/p4-page-type?post=7408"}],"curies":[{"name":"wp","href":"https:\/\/api.w.org\/{rel}","templated":true}]}}