{"id":8287,"date":"2021-04-28T08:32:23","date_gmt":"2021-04-28T06:32:23","guid":{"rendered":"https:\/\/www.greenpeace.org\/hungary\/?p=8287"},"modified":"2021-12-10T08:51:54","modified_gmt":"2021-12-10T07:51:54","slug":"a-greenpeace-birosagon-tamadja-meg-a-termeszetrombolo-ferto-tavi-nagyberuhazast","status":"publish","type":"post","link":"https:\/\/www.greenpeace.org\/hungary\/sajtokozlemeny\/8287\/a-greenpeace-birosagon-tamadja-meg-a-termeszetrombolo-ferto-tavi-nagyberuhazast\/","title":{"rendered":"A Greenpeace b\u00edr\u00f3s\u00e1gon t\u00e1madja meg a term\u00e9szetrombol\u00f3 Fert\u0151 tavi nagyberuh\u00e1z\u00e1st"},"content":{"rendered":"\n<p><strong>Budapest, \u00e1prilis 28. \u2013 A Greenpeace b\u00edr\u00f3s\u00e1ghoz fordul, hogy meg\u00e1ll\u00edtsa az esztelen term\u00e9szetpuszt\u00edt\u00e1st a Fert\u0151 t\u00f3n\u00e1l. [1]<\/strong> <strong>A k\u00f6rnyezetv\u00e9delmi szervezet a korm\u00e1nyhivatal legut\u00f3bbi botr\u00e1nyos indokl\u00e1ssal ell\u00e1tott hat\u00e1rozat\u00e1nak visszavon\u00e1s\u00e1t, illetve megsemmis\u00edt\u00e9s\u00e9t k\u00f6veteli. A most megt\u00e1madott d\u00f6nt\u00e9s \u00e9rtelm\u00e9ben a beruh\u00e1z\u00f3 ugyanis tov\u00e1bb folytathatja a Natura 2000 ter\u00fcleten, nemzeti park vil\u00e1g\u00f6r\u00f6ks\u00e9gi magter\u00fclet\u00e9n, a Ramsari Egyezm\u00e9ny alapj\u00e1n v\u00e9dend\u0151 t\u00f3parton az \u00e9l\u0151vil\u00e1g t\u00f6nkret\u00e9tel\u00e9t. A Greenpeace felh\u00e1bor\u00edt\u00f3nak tartja, hogy a korm\u00e1ny a hivatala enged\u00e9ly\u00e9vel hozz\u00e1j\u00e1rul k\u00f6z\u00f6s term\u00e9szeti \u00e9rt\u00e9keink elpuszt\u00edt\u00e1s\u00e1hoz.<\/strong><\/p>\n\n<p>A Fert\u0151 t\u00f3 v\u00e9delm\u00e9ben alakult helyi civil kezdem\u00e9nyez\u00e9s mell\u00e9 \u00e1llva a Greenpeace Magyarorsz\u00e1g Egyes\u00fclet a Gy\u0151ri T\u00f6rv\u00e9nysz\u00e9ken 2021. \u00e1prilis 28-\u00e1n pert ind\u00edt a Gy\u0151r-Moson-Sopron Megyei Korm\u00e1nyhivatal azon k\u00f6zigazgat\u00e1si hat\u00e1rozat\u00e1nak hat\u00e1lyon k\u00edv\u00fcl helyez\u00e9se, illetve megsemmis\u00edt\u00e9se \u00e9rdek\u00e9ben, amelyben a Fert\u0151 t\u00f3 partj\u00e1n ind\u00edtott \u00f3ri\u00e1si beruh\u00e1z\u00e1s enged\u00e9ly\u00e9t m\u00f3dos\u00edtotta, ezzel pedig hozz\u00e1j\u00e1rult a beruh\u00e1z\u00e1s tov\u00e1bbi term\u00e9szetpuszt\u00edt\u00e1s\u00e1hoz. [1]<\/p>\n\n<p>A korm\u00e1nyhivatal hat\u00e1rozata a Greenpeace szerint a k\u00f6vetkez\u0151 hazai jogszab\u00e1lyokat \u00e9s Magyarorsz\u00e1g nemzetk\u00f6zi v\u00e1llal\u00e1sait s\u00e9rti:<\/p>\n\n<ul class=\"wp-block-list\"><li>Magyarorsz\u00e1g Alapt\u00f6rv\u00e9nye;<\/li><li>a term\u00e9szet v\u00e9delm\u00e9r\u0151l sz\u00f3l\u00f3 t\u00f6rv\u00e9ny;<\/li><li>a Natura 2000 ter\u00fcletekr\u0151l sz\u00f3l\u00f3 korm\u00e1nyrendelet;<\/li><li>a vizes \u00e9l\u0151helyek v\u00e9delm\u00e9r\u0151l sz\u00f3l\u00f3 korm\u00e1nyrendelet;<\/li><li>Magyarorsz\u00e1gnak a nemzetk\u00f6zi jelent\u0151s\u00e9g\u0171 vizes ter\u00fcletekr\u0151l, k\u00fcl\u00f6n\u00f6sen, mint a v\u00edzimadarak \u00e9l\u0151hely\u00e9r\u0151l sz\u00f3l\u00f3 Ramsari Egyezm\u00e9nyben v\u00e1llalt \u00e9s t\u00f6rv\u00e9nyben r\u00f6gz\u00edtett k\u00f6telezetts\u00e9gv\u00e1llal\u00e1sai.<\/li><\/ul>\n\n<p>A Sopron-Fert\u0151 Turisztikai Fejleszt\u0151 Nonprofit Zrt. a Fert\u0151 t\u00f3 partj\u00e1n, a Fert\u0151-Hans\u00e1g Nemzeti Park \u00e9s Fert\u0151-t\u00e1j UNESCO Vil\u00e1g\u00f6r\u00f6ks\u00e9gi ter\u00fclet magter\u00fclet\u00e9n, Natura 2000 ter\u00fcleten, mintegy 60 hekt\u00e1ron tervez egy olyan megaberuh\u00e1z\u00e1st, ahol 13,6 hekt\u00e1rt \u00e9p\u00edtene be \u00e9p\u00fcletekkel \u00e9s utakkal. Az \u00e1llam \u00e1ltal finansz\u00edrozand\u00f3 beruh\u00e1z\u00e1s tartalmaz fedett sportkomplexumot, apartmanh\u00e1zat, 100 szob\u00e1s, 4 csillagos sz\u00e1llod\u00e1t, 880 g\u00e9pj\u00e1rm\u0171vet befogad\u00f3 parkol\u00f3t, t\u00f6bbszintes l\u00e1togat\u00f3k\u00f6zpontot, motelt, kempinget, 850 vitorl\u00e1s \u00e9s 400 evez\u0151s cs\u00f3nak befogad\u00e1s\u00e1t biztos\u00edt\u00f3 kik\u00f6t\u0151t.<\/p>\n\n<p>A fejleszt\u00e9st megalapoz\u00f3 gazdas\u00e1gi tanulm\u00e1nyok nem ismertek, a beruh\u00e1z\u00f3 saj\u00e1t hat\u00e1sbecsl\u00e9se pedig kijelenti, hogy nem jel\u00f6lhet\u0151 meg kiemelt k\u00f6z\u00e9rdek a fejleszt\u00e9s kapcs\u00e1n.<\/p>\n\n<p>A beruh\u00e1z\u00e1s ellen m\u00e1r 2020 szeptember\u00e9ben <a rel=\"noreferrer noopener\" href=\"https:\/\/zoldcivil.hu\/wp-content\/uploads\/2020\/10\/nagy-tavaink_kozos-nyilatkozat.pdf\" target=\"_blank\">73 civil szervezet k\u00f6z\u00f6s nyilatkozatban tiltakozott<\/a>. A nyilatkozatban hangs\u00falyozt\u00e1k, hogy nagy tavaink, \u00edgy a Fert\u0151 t\u00f3 is, mind Magyarorsz\u00e1g, mind az Eur\u00f3pai Uni\u00f3, mind glob\u00e1lis szinten kiemelt jelent\u0151s\u00e9g\u0171ek, ez\u00e9rt term\u00e9szeti \u00e9rt\u00e9keik nem \u00e1ldozhat\u00f3k fel csup\u00e1n r\u00f6vid t\u00e1v\u00fa, kevesek \u00e9rdekeit kiszolg\u00e1l\u00f3 turisztikai, vagy gazdas\u00e1gi szempontok miatt.<\/p>\n\n<p>Mivel a beruh\u00e1z\u00e1st kiemelt nemzetgazdas\u00e1gi jelent\u0151s\u00e9g\u0171v\u00e9 nyilv\u00e1n\u00edtott\u00e1k, a civilek nem tudtak id\u0151ben hozz\u00e1f\u00e9rni a beruh\u00e1z\u00e1s konkr\u00e9t adataihoz, azokat csak nagy k\u00e9s\u00e9ssel, rendk\u00edv\u00fcl nehezen, a Nemzeti Adatv\u00e9delmi \u00e9s Inform\u00e1ci\u00f3szabads\u00e1g Hat\u00f3s\u00e1g k\u00f6zbenj\u00e1r\u00e1s\u00e1val lehetett megszerezni. Ez\u00e9rt az akkori hat\u00e1rozat ellen \u00e9rdemben fell\u00e9pni m\u00e1r nem lehetett.<\/p>\n\n<p>Most a Sopron-Fert\u0151 Turisztikai Fejleszt\u0151 Nonprofit Zrt. a kor\u00e1bbi hat\u00e1rozat m\u00f3dos\u00edt\u00e1s\u00e1t k\u00e9rte, hogy a kotr\u00e1st, parti szakaszokat \u00e1talak\u00edt\u00f3 tev\u00e9kenys\u00e9g\u00e9t a Zrt. ne csak a t\u00e9li id\u0151szakban, hanem eg\u00e9sz \u00e9vben, folyamatosan v\u00e9gezhesse. A korm\u00e1nyhivatal a c\u00e9g m\u00f3dos\u00edt\u00e1s\u00e1nak r\u00e9szben helyt adott a k\u00f6vetkez\u0151 megd\u00f6bbent\u0151 indokl\u00e1ssal: a Zrt. \u00e1ltal megtett <strong>\u201eint\u00e9zked\u00e9sek hat\u00e1s\u00e1ra, a munkater\u00fclet a madarak \u00e9s az eml\u0151s\u00f6k sz\u00e1m\u00e1ra <em>kedvez\u0151tlen \u00e9l\u0151helly\u00e9 v\u00e1lt<\/em>, f\u00e9szkel\u0151 p\u00e9ld\u00e1nyok nem fordulnak el\u0151, (\u2026) a h\u00fcll\u0151k \u00e9s k\u00e9t\u00e9lt\u0171ek a munkater\u00fcletet elker\u00fclt\u00e9k.\u201d<\/strong><\/p>\n\n<p><em>\u201eEgy nemzeti park vil\u00e1g\u00f6r\u00f6ks\u00e9gi magter\u00fclet\u00e9n elfogadhatatlan, hogy a v\u00e9dett, illetve fokozottan v\u00e9dett madarak, eml\u0151s\u00f6k, h\u00fcll\u0151k \u00e9s k\u00e9t\u00e9lt\u0171ek t\u00e1voltart\u00e1sa, el\u0171z\u00e9se a c\u00e9l. A hat\u00e1rozat pedig felh\u00e1bor\u00edt\u00f3, t\u00f6rv\u00e9nyeinket s\u00e9rt\u0151 m\u00f3don ehhez j\u00e1rul hozz\u00e1. Miut\u00e1n a korm\u00e1nyhivatal is meg\u00e1llap\u00edtja, hogy a kivitelez\u00e9si munk\u00e1kkal siker\u00fclt \u00fagy megzavarni a ter\u00fcletet, hogy azok az \u00e9l\u0151l\u00e9nyek, amiket eddig m\u00e9g nem puszt\u00edtottak el, elhagyj\u00e1k \u00e9l\u0151hely\u00fcket, a korm\u00e1nyhivatal tov\u00e1bbi enged\u00e9lyeket ad ki a ter\u00fclet m\u00e9g alaposabb t\u00f6nkret\u00e9tel\u00e9re\u201d<\/em> \u2013 szembes\u00edt a helyzet abszurdit\u00e1s\u00e1val Kun Zolt\u00e1n, a Fert\u0151 T\u00f3 Bar\u00e1tai Egyes\u00fclet szak\u00e9rt\u0151je.<\/p>\n\n<p><em>\u201eFelh\u00e1bor\u00edt\u00f3nak \u00e9s elfogadhatatlannak tartjuk, hogy az \u00f6kol\u00f3giai- \u00e9s kl\u00edmav\u00e1ls\u00e1g ilyen s\u00falyos szakasz\u00e1ban, sz\u00e1razod\u00f3 orsz\u00e1gunkban, \u00e1llamf\u0151nknek, \u00c1der J\u00e1nosnak folyamatosan hangoztatott, vizes \u00e9l\u0151helyeink kiemelt v\u00e9delm\u00e9r\u0151l sz\u00f3l\u00f3 nyilatkozatai ellen\u00e9re, a gyakorlatban a term\u00e9szetes \u00e9l\u0151helyek ilyen puszt\u00edt\u00e1sa zajlik. Sz\u0171k \u00e9rdekcsoportok gazdas\u00e1gi \u00e9rdekei fel\u00fcl tudj\u00e1k \u00edrni eg\u00e9sz nemzet\u00fcnk, \u00e9l\u0151vil\u00e1gunk fennmarad\u00e1s\u00e1nak \u00e9rdekeit, \u00e9s ehhez a korm\u00e1nyhivatal hat\u00e1rozat\u00e1val hozz\u00e1j\u00e1rul\u201d<\/em> \u2013 nyilatkozta Dr. Rodics Katalin, a Greenpeace Magyarorsz\u00e1g biodiverzit\u00e1s kamp\u00e1ny\u00e1nak felel\u0151se.<\/p>\n\n<p><strong>A Greenpeace Magyarorsz\u00e1g \u00e1ll\u00e1spontja szerint a term\u00e9szetv\u00e9delmi appar\u00e1tus t\u00f6bb mint t\u00edz \u00e9ves tudatos t\u00f6nkret\u00e9tel\u00e9nek, \u00e9rdek\u00e9rv\u00e9nyes\u00edt\u0151 k\u00e9pess\u00e9g\u00e9nek teljes megsz\u0171n\u00e9s\u00e9t bizony\u00edtja az a t\u00e9ny, hogy ezt a k\u00e9relmet az illet\u00e9kes korm\u00e1nyhivatal j\u00f3v\u00e1hagyta \u00e9s enged\u00e9lyezte. A hat\u00e1rozatot ez\u00e9rt peres \u00faton t\u00e1madja meg az egyes\u00fclet.<\/strong> <strong>[1]<\/strong><\/p>\n\n<p>A helyi civilek \u00e1ltal, a Fert\u0151 t\u00f3 megment\u00e9s\u00e9\u00e9rt ind\u00edtott <a rel=\"noreferrer noopener\" href=\"https:\/\/szabad.ahang.hu\/petitions\/a-ferto-to-korszeru-es-tajba-illo-fejleszteseert?utm_source=ahang&amp;utm_medium=email&amp;utm_campaign=blast2020-09-09&amp;fbclid=IwAR25tCxFs2UN1OuTXrdmlbO4XSFeg0h2ylQvVJB10rV00i3ZCna6YSm0QAM\" target=\"_blank\">magyar nyelv\u0171 pet\u00edci\u00f3t<\/a> eddig k\u00f6zel kilencezren \u00edrt\u00e1k al\u00e1, m\u00edg annak <a rel=\"noreferrer noopener\" href=\"https:\/\/mein.aufstehn.at\/petitions\/fur-eine-moderne-und-der-ferto-neusiedlersee-kulturlandschaft-angemessene-bebauung\" target=\"_blank\">n\u00e9met nyelv\u0171<\/a> v\u00e1ltozat\u00e1t mintegy hatezren. A kezdem\u00e9nyez\u0151k tov\u00e1bbi al\u00e1\u00edr\u00f3k csatlakoz\u00e1s\u00e1t v\u00e1rj\u00e1k.<\/p>\n\n<p><strong>Jegyzetek:<\/strong><br>[1] A Greenpeace kereseti k\u00e9relme k\u00f6zigazgat\u00e1si hat\u00e1rozat hat\u00e1lyon k\u00edv\u00fcl helyez\u00e9se (megsemmis\u00edt\u00e9se) ir\u00e1nt: <a rel=\"noreferrer noopener\" href=\"https:\/\/www.greenpeace.org\/static\/planet4-hungary-stateless\/2021\/04\/0589fac9-gphu_fertoto_kereset_20210426.pdf\" target=\"_blank\">https:\/\/www.greenpeace.org\/static\/planet4-hungary-stateless\/2021\/12\/139eee96-gphu_fertoto_kereset_20210426_redacted.pdf<\/a><\/p>\n","protected":false},"excerpt":{"rendered":"<p>Budapest, \u00e1prilis 28. \u2013 A Greenpeace b\u00edr\u00f3s\u00e1ghoz fordul, hogy meg\u00e1ll\u00edtsa az esztelen term\u00e9szetpuszt\u00edt\u00e1st a Fert\u0151 t\u00f3n\u00e1l. A k\u00f6rnyezetv\u00e9delmi szervezet a korm\u00e1nyhivatal legut\u00f3bbi botr\u00e1nyos indokl\u00e1ssal ell\u00e1tott hat\u00e1rozat\u00e1nak visszavon\u00e1s\u00e1t, illetve megsemmis\u00edt\u00e9s\u00e9t k\u00f6veteli.&hellip;<\/p>\n","protected":false},"author":32,"featured_media":8289,"comment_status":"closed","ping_status":"closed","sticky":false,"template":"","format":"standard","meta":{"ep_exclude_from_search":false,"p4_og_title":"","p4_og_description":"","p4_og_image":"","p4_og_image_id":"","p4_seo_canonical_url":"","p4_campaign_name":"not set","p4_local_project":"not set","p4_basket_name":"not set","p4_department":"","footnotes":""},"categories":[3],"tags":[20,31],"p4-page-type":[37],"class_list":["post-8287","post","type-post","status-publish","format-standard","has-post-thumbnail","hentry","category-termeszet-kornyezet","tag-elovilag","tag-viz","p4-page-type-sajtokozlemeny"],"_links":{"self":[{"href":"https:\/\/www.greenpeace.org\/hungary\/wp-json\/wp\/v2\/posts\/8287","targetHints":{"allow":["GET"]}}],"collection":[{"href":"https:\/\/www.greenpeace.org\/hungary\/wp-json\/wp\/v2\/posts"}],"about":[{"href":"https:\/\/www.greenpeace.org\/hungary\/wp-json\/wp\/v2\/types\/post"}],"author":[{"embeddable":true,"href":"https:\/\/www.greenpeace.org\/hungary\/wp-json\/wp\/v2\/users\/32"}],"replies":[{"embeddable":true,"href":"https:\/\/www.greenpeace.org\/hungary\/wp-json\/wp\/v2\/comments?post=8287"}],"version-history":[{"count":4,"href":"https:\/\/www.greenpeace.org\/hungary\/wp-json\/wp\/v2\/posts\/8287\/revisions"}],"predecessor-version":[{"id":9046,"href":"https:\/\/www.greenpeace.org\/hungary\/wp-json\/wp\/v2\/posts\/8287\/revisions\/9046"}],"wp:featuredmedia":[{"embeddable":true,"href":"https:\/\/www.greenpeace.org\/hungary\/wp-json\/wp\/v2\/media\/8289"}],"wp:attachment":[{"href":"https:\/\/www.greenpeace.org\/hungary\/wp-json\/wp\/v2\/media?parent=8287"}],"wp:term":[{"taxonomy":"category","embeddable":true,"href":"https:\/\/www.greenpeace.org\/hungary\/wp-json\/wp\/v2\/categories?post=8287"},{"taxonomy":"post_tag","embeddable":true,"href":"https:\/\/www.greenpeace.org\/hungary\/wp-json\/wp\/v2\/tags?post=8287"},{"taxonomy":"p4-page-type","embeddable":true,"href":"https:\/\/www.greenpeace.org\/hungary\/wp-json\/wp\/v2\/p4-page-type?post=8287"}],"curies":[{"name":"wp","href":"https:\/\/api.w.org\/{rel}","templated":true}]}}