{"id":8377,"date":"2021-05-28T12:21:27","date_gmt":"2021-05-28T10:21:27","guid":{"rendered":"https:\/\/www.greenpeace.org\/hungary\/?p=8377"},"modified":"2021-05-28T12:22:51","modified_gmt":"2021-05-28T10:22:51","slug":"a-helyi-kozossegeket-munkavallalokat-segitse-az-104-milliardos-unios-szenkivezetesi-tamogatas","status":"publish","type":"post","link":"https:\/\/www.greenpeace.org\/hungary\/sajtokozlemeny\/8377\/a-helyi-kozossegeket-munkavallalokat-segitse-az-104-milliardos-unios-szenkivezetesi-tamogatas\/","title":{"rendered":"A helyi k\u00f6z\u00f6ss\u00e9geket, munkav\u00e1llal\u00f3kat seg\u00edtse az 104 milli\u00e1rdos uni\u00f3s sz\u00e9nkivezet\u00e9si t\u00e1mogat\u00e1s!"},"content":{"rendered":"\n<p><strong>2021. 05. 28. \u2013 Szakmai szervezetek szerint az Eur\u00f3pai Uni\u00f3 Igazs\u00e1gos \u00c1tmenet Alapb\u00f3l j\u00e1r\u00f3 104 milli\u00e1rd forintos t\u00e1mogat\u00e1s\u00e1val nem a szennyez\u0151 nagyv\u00e1llalatokat, hanem a sz\u00e9n kivezet\u00e9s\u00e9ben \u00e9s az \u00e1t\u00e1ll\u00e1sban legink\u00e1bb \u00e9rintett helyi munkav\u00e1llal\u00f3kat, kkv-kat \u00e9s k\u00f6z\u00f6ss\u00e9geket kell seg\u00edteni. A szervezetek azt javasolj\u00e1k, hogy az ipari ter\u00fcletek, b\u00e1ny\u00e1k k\u00e1rmentes\u00edt\u00e9s\u00e9t a szennyez\u0151 v\u00e1llalatok (pl. a M\u00e1trai Er\u0151m\u0171) fizess\u00e9k meg, \u00e9s a t\u00e1mogat\u00e1si keret csak az ezen fel\u00fcli c\u00e9lok megval\u00f3s\u00edt\u00e1s\u00e1hoz legyen ig\u00e9nybe vehet\u0151. Tov\u00e1bb\u00e1 javasolj\u00e1k, hogy a lakoss\u00e1gi sz\u00e9nt\u00fczel\u00e9s kiv\u00e1lt\u00e1sa a lak\u00f3\u00e9p\u00fcletek m\u00e9lyfel\u00faj\u00edt\u00e1s\u00e1t \u00e9s meg\u00fajul\u00f3 energiarendszerek telep\u00edt\u00e9s\u00e9t jelentse; az energia\u00e1tmenetben h\u00e1tr\u00e1nyosan \u00e9rintett munkaer\u0151 \u00e1tk\u00e9pz\u00e9s\u00e9nek kereteit min\u00e9l kor\u00e1bban hat\u00e1rozz\u00e1k meg, a tervek kidolgoz\u00e1s\u00e1ba pedig vonj\u00e1k be a helyi \u00f6nkorm\u00e1nyzatokat, illetve szakmai \u00e9s civil szervezeteket.<\/strong><br>&nbsp;<br>Az Energiaklub, az Es\u00e9ly Labor Egyes\u00fclet, a Greenpeace Magyarorsz\u00e1g, a Habitat for Humanity Magyarorsz\u00e1g, a Magyar Term\u00e9szetv\u00e9d\u0151k Sz\u00f6vets\u00e9ge \u00e9s a P\u00e9csi Z\u00f6ld K\u00f6r, mint a BAZ, Heves \u00e9s Baranya megye m\u00e9lt\u00e1nyos \u00e1t\u00e1ll\u00e1s ter\u00fcleti tervez\u00e9s\u00e9be megh\u00edvott szakmai szervezetek, javaslatokat k\u00fcldtek az illet\u00e9kes miniszt\u00e9riumnak \u00e9s a megb\u00edzott tan\u00e1csad\u00f3 konzorciumnak a tervek v\u00e9gleges\u00edt\u00e9se el\u0151tt. A terveket a K\u00f6rnyezet- \u00e9s Energiahat\u00e9konys\u00e1gi Operat\u00edv Program Plusz (KEHOP+) mell\u00e9kletek\u00e9nt a k\u00f6zelj\u00f6v\u0151ben adja be a magyar korm\u00e1ny az Eur\u00f3pai Bizotts\u00e1g fel\u00e9. A 2021\u201327 k\u00f6z\u00f6tti Igazs\u00e1gos \u00c1tmenet Alap (Just Transition Fund) nev\u0171 uni\u00f3s forr\u00e1s c\u00e9lja, hogy t\u00e1mogat\u00e1st ny\u00fajtson a kl\u00edmasemlegess\u00e9gre val\u00f3 \u00e1t\u00e1ll\u00e1shoz az ebben legink\u00e1bb \u00e9rintett, t\u00e1rsadalmi-gazdas\u00e1gi kih\u00edv\u00e1sokkal k\u00fczd\u0151 sz\u00e9nintenz\u00edv r\u00e9gi\u00f3k sz\u00e1m\u00e1ra.&nbsp;<br>&nbsp;<br><em>\u201eFelh\u00edvtuk a miniszt\u00e9rium figyelm\u00e9t, hogy a 3 magyar sz\u00e9nintenz\u00edv megy\u00e9re jut\u00f3 104 milli\u00e1rd forintos uni\u00f3s t\u00e1mogat\u00e1s val\u00f3ban az \u00e1t\u00e1ll\u00e1sban legink\u00e1bb \u00e9rintett helyi munkav\u00e1llal\u00f3kat, kkv-kat \u00e9s k\u00f6z\u00f6ss\u00e9geket seg\u00edtse, ne a szennyez\u0151 nagyv\u00e1llalatokat\u201d<\/em> \u2013 \u00fczent\u00e9k a szervezetek.<\/p>\n\n<h3 class=\"wp-block-heading\">A szakmai szervezetek javaslatainak r\u00f6vid \u00f6sszefoglal\u00f3ja:<\/h3>\n\n<h4 class=\"wp-block-heading\">A. A tervez\u00e9s \u00e9s v\u00e9grehajt\u00e1s folyamat\u00e1hoz<\/h4>\n\n<p>A t\u00e1rsadalmi r\u00e9szv\u00e9teli el\u0151\u00edr\u00e1soknak megfelel\u0151en a megy\u00e9kben akt\u00edv civil \u00e9s szakmai szervezeteket, helyi k\u00f6z\u00f6ss\u00e9geket id\u0151ben \u00e9s \u00e9rdemben vonj\u00e1k be a v\u00e9grehajt\u00e1sba, azaz a p\u00e1ly\u00e1zati ki\u00edr\u00e1sok tervez\u00e9s\u00e9be, v\u00e9lem\u00e9nyez\u00e9s\u00e9be \u00e9s a megval\u00f3s\u00edt\u00e1s eredm\u00e9nyess\u00e9g\u00e9nek ellen\u0151rz\u00e9s\u00e9be (monitoring). A v\u00e9grehajt\u00e1si tervek \u00e9s \u00fctemez\u00e9sek legyenek publikusak.&nbsp;&nbsp;<\/p>\n\n<h4 class=\"wp-block-heading\">B. A tartalomhoz<\/h4>\n\n<ul class=\"wp-block-list\"><li>Egy\u00e9rtelm\u0171en sorolj\u00e1k fel a tervekben a nem t\u00e1mogathat\u00f3 tev\u00e9kenys\u00e9geket (pl. fosszilis energiahordoz\u00f3khoz beruh\u00e1z\u00e1sok stb.);<\/li><li>A megyei szint\u0171 vizsg\u00e1lat nem el\u00e9g.\u00a0 A kl\u00edmasemlegess\u00e9gre val\u00f3 \u00e1t\u00e1ll\u00e1sban \u00e9rintett telep\u00fcl\u00e9sek eset\u00e9ben helyi szinten is k\u00e9sz\u00fclj\u00f6n elemz\u00e9s a sz\u00fcks\u00e9gletekr\u0151l;<\/li><li>Az Igazs\u00e1gos \u00c1tmenet Alap els\u0151sorban az alulr\u00f3l j\u00f6v\u0151 (bottom-up) kezdem\u00e9nyez\u00e9sekre, vagyis a helyi \u00e9rintettek &#8211; kkv-k, \u00f6nkorm\u00e1nyzatok \u00e9s k\u00f6z\u00f6ss\u00e9gek &#8211; t\u00e1mogat\u00e1s\u00e1ra koncentr\u00e1ljon;<\/li><li>A nagyv\u00e1llalatok \u00fcvegh\u00e1zg\u00e1z-kibocs\u00e1t\u00e1st c\u00e9lz\u00f3 projektjei csak kiemelked\u0151 kibocs\u00e1t\u00e1s-cs\u00f6kkent\u00e9si potenci\u00e1l mellett, \u00e9s az \u00e1tmenetben h\u00e1tr\u00e1nyosan\u00a0\u00e9rintett v\u00e1llalkoz\u00e1sok, munkav\u00e1llal\u00f3k bevon\u00e1s\u00e1val legyen t\u00e1mogathat\u00f3;<\/li><li>Az ipari ter\u00fcletek k\u00e1rment\u00e9s\u00e9\u00e9rt az ipari tev\u00e9kenys\u00e9get v\u00e9gz\u0151, szennyez\u0151 nagyv\u00e1llalat fizessen, a t\u00e1mogat\u00e1si keret csak a ter\u00fcletek ezen fel\u00fcli hasznos\u00edt\u00e1s\u00e1hoz legyen ig\u00e9nybe vehet\u0151;<\/li><li>A lakoss\u00e1gi sz\u00e9nt\u00fczel\u00e9s kiv\u00e1lt\u00e1sa a h\u0151energiaig\u00e9ny cs\u00f6kkent\u00e9s\u00e9t c\u00e9lozza, az \u00e9p\u00fcletek m\u00e9lyfel\u00faj\u00edt\u00e1s\u00e1val, \u00e9s az azzal kombin\u00e1lt &#8211; energiatan\u00fas\u00edtv\u00e1nnyal igazolt &#8211; meg\u00fajul\u00f3 energiarendszerek telep\u00edt\u00e9s\u00e9vel \u00e9s tan\u00e1csad\u00e1ssal;<\/li><li>A tervek egyes int\u00e9zked\u00e9seit, p\u00e1ly\u00e1zatait egym\u00e1ssal \u00f6sszhangban, egym\u00e1sra \u00e9p\u00fclve val\u00f3s\u00edts\u00e1k meg;<\/li><li>A kl\u00edmasemlegess\u00e9gre val\u00f3 \u00e1t\u00e1ll\u00e1sban (energia\u00e1tmenetben) h\u00e1tr\u00e1nyosan \u00e9rintett munkaer\u0151 \u00e1tk\u00e9pz\u00e9s\u00e9nek kereteit min\u00e9l kor\u00e1bban, az \u0151 bevon\u00e1sukkal hat\u00e1rozz\u00e1k meg.<\/li><\/ul>\n\n<p>A javaslat teljes sz\u00f6vege let\u00f6lthet\u0151 <a rel=\"noreferrer noopener\" href=\"https:\/\/energiaklub.us10.list-manage.com\/track\/click?u=c9ff5c62e0f421303b0bee1ff&amp;id=80550991af&amp;e=95ed4b2160\" target=\"_blank\">ITT.<\/a><\/p>\n\n<p><\/p>\n","protected":false},"excerpt":{"rendered":"<p>Az Energiaklub \u00e9s a Magyar Term\u00e9szetv\u00e9d\u0151k Sz\u00f6vets\u00e9g\u00e9nek k\u00f6z\u00f6s sajt\u00f3k\u00f6zlem\u00e9nye<\/p>\n","protected":false},"author":25,"featured_media":6297,"comment_status":"closed","ping_status":"closed","sticky":false,"template":"","format":"standard","meta":{"ep_exclude_from_search":false,"p4_og_title":"","p4_og_description":"","p4_og_image":"","p4_og_image_id":"","p4_seo_canonical_url":"","p4_campaign_name":"not set","p4_local_project":"not set","p4_basket_name":"not set","p4_department":"","footnotes":""},"categories":[2],"tags":[6],"p4-page-type":[37],"class_list":["post-8377","post","type-post","status-publish","format-standard","has-post-thumbnail","hentry","category-klima-energia","tag-klimavedelem","p4-page-type-sajtokozlemeny"],"_links":{"self":[{"href":"https:\/\/www.greenpeace.org\/hungary\/wp-json\/wp\/v2\/posts\/8377","targetHints":{"allow":["GET"]}}],"collection":[{"href":"https:\/\/www.greenpeace.org\/hungary\/wp-json\/wp\/v2\/posts"}],"about":[{"href":"https:\/\/www.greenpeace.org\/hungary\/wp-json\/wp\/v2\/types\/post"}],"author":[{"embeddable":true,"href":"https:\/\/www.greenpeace.org\/hungary\/wp-json\/wp\/v2\/users\/25"}],"replies":[{"embeddable":true,"href":"https:\/\/www.greenpeace.org\/hungary\/wp-json\/wp\/v2\/comments?post=8377"}],"version-history":[{"count":3,"href":"https:\/\/www.greenpeace.org\/hungary\/wp-json\/wp\/v2\/posts\/8377\/revisions"}],"predecessor-version":[{"id":8380,"href":"https:\/\/www.greenpeace.org\/hungary\/wp-json\/wp\/v2\/posts\/8377\/revisions\/8380"}],"wp:featuredmedia":[{"embeddable":true,"href":"https:\/\/www.greenpeace.org\/hungary\/wp-json\/wp\/v2\/media\/6297"}],"wp:attachment":[{"href":"https:\/\/www.greenpeace.org\/hungary\/wp-json\/wp\/v2\/media?parent=8377"}],"wp:term":[{"taxonomy":"category","embeddable":true,"href":"https:\/\/www.greenpeace.org\/hungary\/wp-json\/wp\/v2\/categories?post=8377"},{"taxonomy":"post_tag","embeddable":true,"href":"https:\/\/www.greenpeace.org\/hungary\/wp-json\/wp\/v2\/tags?post=8377"},{"taxonomy":"p4-page-type","embeddable":true,"href":"https:\/\/www.greenpeace.org\/hungary\/wp-json\/wp\/v2\/p4-page-type?post=8377"}],"curies":[{"name":"wp","href":"https:\/\/api.w.org\/{rel}","templated":true}]}}