{"id":8401,"date":"2021-06-04T13:38:30","date_gmt":"2021-06-04T11:38:30","guid":{"rendered":"https:\/\/www.greenpeace.org\/hungary\/?p=8401"},"modified":"2021-06-04T13:38:32","modified_gmt":"2021-06-04T11:38:32","slug":"a-greenpeace-es-a-nagy-tavak-koalicio-mellett-mar-az-unesco-is-a-ferto-tavi-nagyberuhazas-leallitasat-surgeti","status":"publish","type":"post","link":"https:\/\/www.greenpeace.org\/hungary\/sajtokozlemeny\/8401\/a-greenpeace-es-a-nagy-tavak-koalicio-mellett-mar-az-unesco-is-a-ferto-tavi-nagyberuhazas-leallitasat-surgeti\/","title":{"rendered":"A Greenpeace \u00e9s a Nagy Tavak Koal\u00edci\u00f3 mellett m\u00e1r az UNESCO is a Fert\u0151 tavi nagyberuh\u00e1z\u00e1s le\u00e1ll\u00edt\u00e1s\u00e1t s\u00fcrgeti"},"content":{"rendered":"\n<p><strong>Budapest, 2021. j\u00fanius 4. \u2013 Az UNESCO az ICOMOS v\u00e9lem\u00e9nye alapj\u00e1n a Fert\u0151 tavi beruh\u00e1z\u00e1s azonnali felf\u00fcggeszt\u00e9s\u00e9t s\u00fcrgeti, ellenkez\u0151 esetben vesz\u00e9lybe ker\u00fclhet a ter\u00fclet <em>Kiemelked\u0151 Egyetemes \u00c9rt\u00e9k besorol\u00e1sa<\/em> \u2013 \u00e1ll abban a Greenpeace-hez is eljuttatott <a rel=\"noreferrer noopener\" href=\"https:\/\/www.greenpeace.org\/static\/planet4-hungary-stateless\/2021\/06\/a8bcbff5-ref13331_tr-sp_icomos-technical-review_soc_ferto%CC%88_hungary_210601.pdf\" target=\"_blank\">lev\u00e9lben<\/a>, amelyet az UNESCO igazgat\u00f3ja \u00edrt az UNESCO magyarorsz\u00e1gi nagyk\u00f6vet\u00e9nek. A Greenpeace Magyarorsz\u00e1g ek\u00f6zben a Ramsari Egyezm\u00e9ny Magyar Nemzeti Bizotts\u00e1g\u00e1hoz <a rel=\"noreferrer noopener\" href=\"https:\/\/www.greenpeace.org\/static\/planet4-hungary-stateless\/2021\/06\/1744ad66-ramsari-biz_felulvizsgalat_keres.pdf\" target=\"_blank\">fordult<\/a>, arra k\u00e9rve a test\u00fcletet: vizsg\u00e1lja fel\u00fcl kor\u00e1bbi, a Fert\u0151 tavi beruh\u00e1z\u00e1ssal kapcsolatos d\u00f6nt\u00e9s\u00e9t 2021. j\u00fanius 8-\u00e1n tartand\u00f3 k\u00f6vetkez\u0151 \u00fcl\u00e9s\u00e9n. M\u00e1ra ugyanis nyilv\u00e1nval\u00f3v\u00e1 v\u00e1lt, hogy a beruh\u00e1z\u00e1s nem egyeztethet\u0151 \u00f6ssze a Ramsari Egyezm\u00e9nyben megfogalmazott b\u00f6lcs hasznos\u00edt\u00e1s elv\u00e9vel \u00e9s kor\u00e1bbi v\u00e9lem\u00e9ny\u00fckkel ellent\u00e9tben igenis s\u00falyosan k\u00e1ros\u00edtan\u00e1 az adott \u00e9l\u0151helyet.<\/strong><\/p>\n<div data-render=\"planet4-blocks\/gallery\" data-attributes=\"{&quot;attributes&quot;:{&quot;multiple_image&quot;:&quot;8403&quot;,&quot;image_data&quot;:[{&quot;url&quot;:&quot;https:\\\/\\\/www.greenpeace.org\\\/static\\\/planet4-hungary-stateless\\\/2021\\\/06\\\/150b548d-51193014357_eca232f3fc_k.jpg&quot;,&quot;focalPoint&quot;:{&quot;x&quot;:0.5,&quot;y&quot;:0.5},&quot;id&quot;:8403}],&quot;gallery_block_style&quot;:0,&quot;gallery_block_title&quot;:&quot;&quot;,&quot;gallery_block_description&quot;:&quot;&quot;,&quot;gallery_block_focus_points&quot;:&quot;&quot;,&quot;images&quot;:[{&quot;image_src&quot;:&quot;https:\\\/\\\/www.greenpeace.org\\\/static\\\/planet4-hungary-stateless\\\/2021\\\/06\\\/150b548d-51193014357_eca232f3fc_k.jpg&quot;,&quot;image_srcset&quot;:&quot;https:\\\/\\\/www.greenpeace.org\\\/static\\\/planet4-hungary-stateless\\\/2021\\\/06\\\/150b548d-51193014357_eca232f3fc_k.jpg 2048w, https:\\\/\\\/www.greenpeace.org\\\/static\\\/planet4-hungary-stateless\\\/2021\\\/06\\\/150b548d-51193014357_eca232f3fc_k-300x200.jpg 300w, https:\\\/\\\/www.greenpeace.org\\\/static\\\/planet4-hungary-stateless\\\/2021\\\/06\\\/150b548d-51193014357_eca232f3fc_k-1024x683.jpg 1024w, https:\\\/\\\/www.greenpeace.org\\\/static\\\/planet4-hungary-stateless\\\/2021\\\/06\\\/150b548d-51193014357_eca232f3fc_k-768x512.jpg 768w, https:\\\/\\\/www.greenpeace.org\\\/static\\\/planet4-hungary-stateless\\\/2021\\\/06\\\/150b548d-51193014357_eca232f3fc_k-1536x1024.jpg 1536w, https:\\\/\\\/www.greenpeace.org\\\/static\\\/planet4-hungary-stateless\\\/2021\\\/06\\\/150b548d-51193014357_eca232f3fc_k-510x340.jpg 510w&quot;,&quot;image_sizes&quot;:false,&quot;alt_text&quot;:&quot;&quot;,&quot;caption&quot;:&quot;&quot;,&quot;focus_image&quot;:&quot;&quot;,&quot;credits&quot;:&quot;\\u00a9 D\\u00f6rg\\u0151 Zsuzsi \\\/ Greenpeace&quot;}]}}\"><\/div>\n<p>Magyarorsz\u00e1g k\u00f6z\u00f6s term\u00e9szeti \u00e9rt\u00e9keit, a Fert\u0151 t\u00f3 \u00e9l\u0151vil\u00e1g\u00e1t vesz\u00e9lyezteti a Sopron-Fert\u0151 Turisztikai Fejleszt\u0151 Nonprofit Zrt. beruh\u00e1z\u00e1sa, amely a Fert\u0151 t\u00f3 partj\u00e1n, a Fert\u0151-Hans\u00e1g Nemzeti Park \u00e9s Fert\u0151-t\u00e1j UNESCO Vil\u00e1g\u00f6r\u00f6ks\u00e9gi ter\u00fclet magter\u00fclet\u00e9n, Natura 2000 ter\u00fcleten, mintegy 60 hekt\u00e1ron tervez egy megaberuh\u00e1z\u00e1st. Az \u00e1llam \u00e1ltal finansz\u00edrozand\u00f3 beruh\u00e1z\u00e1s tartalmaz fedett sportkomplexumot 12 teniszp\u00e1ly\u00e1val, 1 m\u0171f\u00fcves futballp\u00e1ly\u00e1val, 16 apartmanh\u00e1zat, 100 szob\u00e1s, 4 csillagos sz\u00e1llod\u00e1t, 880 g\u00e9pj\u00e1rm\u0171vet befogad\u00f3 parkol\u00f3t, t\u00f6bbszintes l\u00e1togat\u00f3k\u00f6zpontot, motelt, kempinget, 850 vitorl\u00e1s \u00e9s 400 evez\u0151s cs\u00f3nak befogad\u00e1s\u00e1t biztos\u00edt\u00f3 kik\u00f6t\u0151t. A beruh\u00e1z\u00e1s \u00edgy mintegy 60 hekt\u00e1rnyi ter\u00fcletet venne el a Fert\u0151 t\u00f3 n\u00e1das\u00e1b\u00f3l, partj\u00e1b\u00f3l \u00e9s medr\u00e9b\u0151l, nagyr\u00e9szt olyan be\u00e9p\u00edt\u00e9sekkel, amelyek a partt\u00f3l n\u00e9h\u00e1ny kilom\u00e9terrel t\u00e1volabb is megval\u00f3s\u00edthat\u00f3ak lenn\u00e9nek. Ez s\u00falyosan k\u00e1ros\u00edtan\u00e1 a Fert\u0151 t\u00f3 k\u00fcl\u00f6nleges \u00e9l\u0151vil\u00e1g\u00e1t.<\/p>\n\n<p>A Greenpeace \u00e9s a Nagy Tavak Koal\u00edci\u00f3 a beruh\u00e1z\u00e1s ellen m\u00e1r t\u00f6bb \u00edzben tiltakozott \u00e9s k\u00e9rte az illet\u00e9kes szerveket a beruh\u00e1z\u00e1s felf\u00fcggeszt\u00e9s\u00e9re. A civilek v\u00e9lem\u00e9ny\u00e9t t\u00e1masztja al\u00e1 a mostani, <a rel=\"noreferrer noopener\" href=\"https:\/\/www.greenpeace.org\/static\/planet4-hungary-stateless\/2021\/06\/a8bcbff5-ref13331_tr-sp_icomos-technical-review_soc_ferto%CC%88_hungary_210601.pdf\" target=\"_blank\">UNESCO-lev\u00e9l<\/a>. Az UNESCO Vil\u00e1g\u00f6r\u00f6ks\u00e9g Egyezm\u00e9ny igazgat\u00f3ja, Mechtild R\u00f6ssler ebben arr\u00f3l t\u00e1j\u00e9koztatja az UNESCO magyarorsz\u00e1gi nagyk\u00f6vet\u00e9t, T\u00far\u00f3czy L\u00e1szl\u00f3t, hogy az ICOMOS vizsg\u00e1lata alapj\u00e1n a Fert\u0151-Neusiedlersee, hat\u00e1ron \u00e1tny\u00fal\u00f3 vil\u00e1g\u00f6r\u00f6ks\u00e9gi ter\u00fclet \u00e9rt\u00e9keit, integrit\u00e1s\u00e1t a tervezett beruh\u00e1z\u00e1s k\u00e1ros\u00edtan\u00e1, ez\u00e9rt s\u00fcrgeti, hogy a tervet t\u00f6r\u00f6lj\u00e9k, a megkezdett beruh\u00e1z\u00e1st azonnal \u00e1ll\u00edts\u00e1k le \u00e9s a ter\u00fclet eredeti \u00e1llapot\u00e1t \u00e1ll\u00edts\u00e1k vissza. A levelet m\u00e1solatban megkapta az UNESCO ausztriai \u00e1lland\u00f3 k\u00e9pviselete, az UNESCO Osztr\u00e1k Nemzeti Bizotts\u00e1ga, az UNESCO Magyar Nemzeti Bizotts\u00e1ga, a Vil\u00e1g\u00f6r\u00f6ks\u00e9g Egyezm\u00e9ny nemzeti k\u00e9pvisel\u0151i, az ICOMOS International, az IUCN, \u00e9s a RAMSAR.<\/p>\n\n<p><em>\u201eEz az UNESCO Vil\u00e1g\u00f6r\u00f6ks\u00e9g egyezm\u00e9nyt\u0151l kapott v\u00e9lem\u00e9ny meger\u0151s\u00edti azt a k\u00f6vetel\u00e9s\u00fcnket, hogy a term\u00e9szeti \u00e9rt\u00e9keinket, vizes \u00e9l\u0151helyeinket s\u00falyosan k\u00e1ros\u00edt\u00f3, a helyi lakoss\u00e1g v\u00e9lem\u00e9ny\u00e9nek, tiltakoz\u00e1s\u00e1nak ellen\u00e9re megkezdett, \u00e9s t\u00f6bb hazai jogszab\u00e1lyt is s\u00e9rt\u0151 nagyberuh\u00e1z\u00e1st azonnal le kell \u00e1ll\u00edtani\u201d<\/em> \u2013 nyilatkozta Rodics Katalin, a Greenpeace Magyarorsz\u00e1g szak\u00e9rt\u0151je.<\/p>\n\n<p>Annak \u00e9rdek\u00e9ben, hogy a Fert\u0151 tavi megaberuh\u00e1z\u00e1st min\u00e9l hamarabb le\u00e1ll\u00edts\u00e1k \u00e9s \u00edgy az \u00e9l\u0151vil\u00e1g megmenek\u00fclj\u00f6n, valamint a ter\u00fclet vil\u00e1g\u00f6r\u00f6ks\u00e9gi helysz\u00edn maradhasson, a Greenpeace Magyarorsz\u00e1g a Ramsari Egyezm\u00e9ny Magyar Nemzeti Bizotts\u00e1g\u00e1hoz is fordult. A k\u00f6rnyezetv\u00e9d\u0151 szervezet a <a href=\"https:\/\/www.greenpeace.org\/static\/planet4-hungary-stateless\/2021\/06\/65f96349-rams.-ajanl-nemzeti-bizottsagoknakkey_rec_5.07e.pdf\" target=\"_blank\" rel=\"noreferrer noopener\">Ramsari Egyezm\u00e9ny aj\u00e1nl\u00e1s\u00e1nak<\/a> \u00e9rtelm\u00e9ben azzal a k\u00e9r\u00e9ssel fordult a test\u00fclethez, hogy a Fert\u0151 tavi nagyberuh\u00e1z\u00e1s \u00fcgy\u00e9t s\u00fcrg\u0151ss\u00e9ge miatt rendk\u00edv\u00fcli napirendi pontk\u00e9nt t\u00e1rgyalj\u00e1k \u00fajra j\u00fanius 8-i \u00fcl\u00e9s\u00fck\u00f6n, \u00e9s a felmer\u00fclt \u00faj t\u00e9nyek alapj\u00e1n kor\u00e1bbi v\u00e9lem\u00e9ny\u00fcket vizsg\u00e1lj\u00e1k fel\u00fcl. A z\u00f6ld szervezet levele <a href=\"https:\/\/www.greenpeace.org\/static\/planet4-hungary-stateless\/2021\/06\/1744ad66-ramsari-biz_felulvizsgalat_keres.pdf\" target=\"_blank\" rel=\"noreferrer noopener\">ezen a linken<\/a> \u00e9rhet\u0151 el.<\/p>\n\n<p>A Greenpeace Magyarorsz\u00e1g tov\u00e1bb folytatja a k\u00fczdelmet a helyi civilekkel k\u00f6z\u00f6sen a Fert\u0151 t\u00f3 megment\u00e9s\u00e9\u00e9rt. A helyi civilek \u00e1ltal ind\u00edtott <a rel=\"noreferrer noopener\" href=\"https:\/\/szabad.ahang.hu\/petitions\/a-ferto-to-korszeru-es-tajba-illo-fejleszteseert\" target=\"_blank\">magyar nyelv\u0171 pet\u00edci\u00f3t<\/a> eddig k\u00f6zel tizenk\u00e9tezren \u00edrt\u00e1k al\u00e1, m\u00edg annak <a rel=\"noreferrer noopener\" href=\"https:\/\/mein.aufstehn.at\/petitions\/fur-eine-moderne-und-der-ferto-neusiedlersee-kulturlandschaft-angemessene-bebauung\" target=\"_blank\">n\u00e9met nyelv\u0171 v\u00e1ltozat\u00e1t<\/a> t\u00f6bb mint hatezren. A kezdem\u00e9nyez\u0151k tov\u00e1bbi al\u00e1\u00edr\u00f3k csatlakoz\u00e1s\u00e1t v\u00e1rj\u00e1k.<\/p>\n\n<p><strong>Jegyzetek:<\/strong><\/p>\n\n<p>A Greenpeace Ramsari Bizotts\u00e1gnak 2021. j\u00fanius 3-\u00e1n k\u00fcld\u00f6tt levele:<br><a href=\"https:\/\/www.greenpeace.org\/static\/planet4-hungary-stateless\/2021\/06\/1744ad66-ramsari-biz_felulvizsgalat_keres.pdf\" target=\"_blank\" rel=\"noreferrer noopener\">https:\/\/www.greenpeace.org\/static\/planet4-hungary-stateless\/2021\/06\/1744ad66-ramsari-biz_felulvizsgalat_keres.pdf<\/a><\/p>\n","protected":false},"excerpt":{"rendered":"<p>Budapest, 2021. j\u00fanius 4. \u2013 Az UNESCO az ICOMOS v\u00e9lem\u00e9nye alapj\u00e1n a Fert\u0151 tavi beruh\u00e1z\u00e1s azonnali felf\u00fcggeszt\u00e9s\u00e9t s\u00fcrgeti, ellenkez\u0151 esetben vesz\u00e9lybe ker\u00fclhet a ter\u00fclet Kiemelked\u0151 Egyetemes \u00c9rt\u00e9k besorol\u00e1sa \u2013 \u00e1ll&hellip;<\/p>\n","protected":false},"author":32,"featured_media":8403,"comment_status":"closed","ping_status":"closed","sticky":false,"template":"","format":"standard","meta":{"ep_exclude_from_search":false,"p4_og_title":"","p4_og_description":"","p4_og_image":"","p4_og_image_id":"","p4_seo_canonical_url":"","p4_campaign_name":"not set","p4_local_project":"not set","p4_basket_name":"not set","p4_department":"","footnotes":""},"categories":[3],"tags":[20],"p4-page-type":[37],"class_list":["post-8401","post","type-post","status-publish","format-standard","has-post-thumbnail","hentry","category-termeszet-kornyezet","tag-elovilag","p4-page-type-sajtokozlemeny"],"_links":{"self":[{"href":"https:\/\/www.greenpeace.org\/hungary\/wp-json\/wp\/v2\/posts\/8401","targetHints":{"allow":["GET"]}}],"collection":[{"href":"https:\/\/www.greenpeace.org\/hungary\/wp-json\/wp\/v2\/posts"}],"about":[{"href":"https:\/\/www.greenpeace.org\/hungary\/wp-json\/wp\/v2\/types\/post"}],"author":[{"embeddable":true,"href":"https:\/\/www.greenpeace.org\/hungary\/wp-json\/wp\/v2\/users\/32"}],"replies":[{"embeddable":true,"href":"https:\/\/www.greenpeace.org\/hungary\/wp-json\/wp\/v2\/comments?post=8401"}],"version-history":[{"count":5,"href":"https:\/\/www.greenpeace.org\/hungary\/wp-json\/wp\/v2\/posts\/8401\/revisions"}],"predecessor-version":[{"id":8407,"href":"https:\/\/www.greenpeace.org\/hungary\/wp-json\/wp\/v2\/posts\/8401\/revisions\/8407"}],"wp:featuredmedia":[{"embeddable":true,"href":"https:\/\/www.greenpeace.org\/hungary\/wp-json\/wp\/v2\/media\/8403"}],"wp:attachment":[{"href":"https:\/\/www.greenpeace.org\/hungary\/wp-json\/wp\/v2\/media?parent=8401"}],"wp:term":[{"taxonomy":"category","embeddable":true,"href":"https:\/\/www.greenpeace.org\/hungary\/wp-json\/wp\/v2\/categories?post=8401"},{"taxonomy":"post_tag","embeddable":true,"href":"https:\/\/www.greenpeace.org\/hungary\/wp-json\/wp\/v2\/tags?post=8401"},{"taxonomy":"p4-page-type","embeddable":true,"href":"https:\/\/www.greenpeace.org\/hungary\/wp-json\/wp\/v2\/p4-page-type?post=8401"}],"curies":[{"name":"wp","href":"https:\/\/api.w.org\/{rel}","templated":true}]}}