{"id":8592,"date":"2021-07-28T11:11:20","date_gmt":"2021-07-28T09:11:20","guid":{"rendered":"https:\/\/www.greenpeace.org\/hungary\/?p=8592"},"modified":"2021-07-28T11:11:23","modified_gmt":"2021-07-28T09:11:23","slug":"zold-programot-kovetel-a-greenpeace-a-miniszterelnoktol-es-minden-miniszterelnok-jelolttol","status":"publish","type":"post","link":"https:\/\/www.greenpeace.org\/hungary\/sajtokozlemeny\/8592\/zold-programot-kovetel-a-greenpeace-a-miniszterelnoktol-es-minden-miniszterelnok-jelolttol\/","title":{"rendered":"Z\u00f6ld programot k\u00f6vetel a Greenpeace a minisztereln\u00f6kt\u0151l \u00e9s minden minisztereln\u00f6k-jel\u00f6ltt\u0151l"},"content":{"rendered":"\n<p><strong>Budapest, 2021. j\u00falius 28. \u2013 A Greenpeace Magyarorsz\u00e1g ny\u00edlt lev\u00e9lben k\u00e9ri a j\u00f6v\u0151 \u00e9vi v\u00e1laszt\u00e1sokon indul\u00f3 minisztereln\u00f6k-jel\u00f6lteket \u2013 a jelenleg korm\u00e1nyon l\u00e9v\u0151 Orb\u00e1n Viktor minisztereln\u00f6kkel egy\u00fctt \u2013, hogy hozz\u00e1k nyilv\u00e1noss\u00e1gra 2022-t\u0151l \u00e9rv\u00e9nyes z\u00f6ld programjukat. A k\u00f6rnyezetv\u00e9d\u0151 szervezet id\u00e9n augusztus 31-ig v\u00e1rja a jel\u00f6ltek konkr\u00e9t v\u00e1llal\u00e1sait, melyeket \u00e9rt\u00e9kel\u00e9s ut\u00e1n nyilv\u00e1noss\u00e1gra hoz.<\/strong><\/p>\n\n<figure class=\"wp-block-image size-large\"><img loading=\"lazy\" decoding=\"async\" width=\"799\" height=\"533\" src=\"https:\/\/www.greenpeace.org\/static\/planet4-hungary-stateless\/2021\/07\/515614f4-48678402673_bcba8a5290_c.jpg\" alt=\"\" class=\"wp-image-8593\" srcset=\"https:\/\/www.greenpeace.org\/static\/planet4-hungary-stateless\/2021\/07\/515614f4-48678402673_bcba8a5290_c.jpg 799w, https:\/\/www.greenpeace.org\/static\/planet4-hungary-stateless\/2021\/07\/515614f4-48678402673_bcba8a5290_c-300x200.jpg 300w, https:\/\/www.greenpeace.org\/static\/planet4-hungary-stateless\/2021\/07\/515614f4-48678402673_bcba8a5290_c-768x512.jpg 768w, https:\/\/www.greenpeace.org\/static\/planet4-hungary-stateless\/2021\/07\/515614f4-48678402673_bcba8a5290_c-510x340.jpg 510w\" sizes=\"auto, (max-width: 799px) 100vw, 799px\" \/><figcaption>Fot\u00f3: J\u00e1rd\u00e1ny Bence \/ Greenpeace<\/figcaption><\/figure>\n\n<p>Az \u00e9ghajlat \u00e9s az \u00e9l\u0151vil\u00e1g v\u00e1ls\u00e1ga m\u00e1r most is \u00e9rinti a magyarok mindennapjait. El\u00e9g az idei ny\u00e1ron hetekig tombol\u00f3 h\u0151hull\u00e1mra \u00e9s asz\u00e1lyra, vagy a s\u00falyos zivatarokra \u00e9s a telep\u00fcl\u00e9seket el\u00f6nt\u0151 \u00e1rvizekre gondolni. Az \u00e9l\u0151vil\u00e1g rombol\u00e1s\u00e1val egyre szaporodnak a vad\u00e1llatokr\u00f3l emberre terjed\u0151 betegs\u00e9gekkel puszt\u00edt\u00f3 j\u00e1rv\u00e1nyok is, m\u00edg Magyarorsz\u00e1gon rendre jelennek meg az \u00fajabb \u00e9s \u00fajabb, az \u00e9lelmiszertermel\u00e9st megnehez\u00edt\u0151 \u00e9s a biodiverzit\u00e1st cs\u00f6kkent\u0151 invaz\u00edv fajok, valamint a s\u00falyos betegs\u00e9geket hordoz\u00f3 kullancs- \u00e9s sz\u00fanyogfajok.<\/p>\n\n<p><em>\u201eA XXI. sz\u00e1zadban nincs hiteles politikus er\u0151s z\u00f6ld program n\u00e9lk\u00fcl. Napjaink legnagyobb politikai feladata, hogy seg\u00edtse a lakoss\u00e1g \u00e9s a v\u00e1llalatok min\u00e9l z\u00f6kken\u0151mentesebb \u00e1t\u00e1ll\u00e1s\u00e1t a tiszta k\u00f6zleked\u00e9sre, tiszta energi\u00e1kra, \u00e9s egy olyan gazdas\u00e1gi \u00e9s t\u00e1rsadalmi rendszert \u00e9p\u00edtsen ki, amely ahelyett, hogy felel\u0151tlen\u00fcl fel\u00e9li az er\u0151forr\u00e1sokat, a term\u00e9szettel harm\u00f3ni\u00e1ban m\u0171k\u00f6dik. A j\u00f6v\u0151 gener\u00e1ci\u00f3knak is sz\u00fcks\u00e9ge lesz tiszta v\u00edzre, term\u0151f\u00f6ldre, leveg\u0151re, kisz\u00e1m\u00edthat\u00f3 \u00e9ghajlatra, \u00e9s mindazokra az erd\u0151kre, mez\u0151kre \u00e9s vizekre, ahol a minket is fenntart\u00f3 \u00e9l\u0151l\u00e9nyek \u00e9lnek. Mi most a minimumot k\u00e9rj\u00fck a minisztereln\u00f6k-jel\u00f6ltekt\u0151l: hozz\u00e1k nyilv\u00e1noss\u00e1gra a v\u00e1laszt\u00e1si kamp\u00e1nyukban a z\u00f6ld programjukat. \u00cdgy a v\u00e1laszt\u00f3polg\u00e1rok ennek ismeret\u00e9ben szavazhatnak majd, amikor a j\u00f6v\u0151j\u00fckr\u0151l d\u00f6ntenek a k\u00f6vetkez\u0151 v\u00e1laszt\u00e1sokon.\u201d<\/em> &#8211; nyilatkozta Perger Andr\u00e1s, a Greenpeace Magyarorsz\u00e1g kl\u00edma- \u00e9s energiakamp\u00e1ny-felel\u0151se.<\/p>\n\n<p>A Greenpeace Magyarorsz\u00e1g azt v\u00e1rja minden, 2022-ben lehets\u00e9gesen korm\u00e1nyra ker\u00fcl\u0151 minisztereln\u00f6k-jel\u00f6ltt\u0151l, hogy<\/p>\n\n<ul class=\"wp-block-list\"><li>konkr\u00e9t v\u00e1llal\u00e1sokkal tegye egy\u00e9rtelm\u0171v\u00e9, hogy a k\u00f6rnyezeti v\u00e1ls\u00e1gok elleni harc \u00e9l\u00e9re \u00e1llva megv\u00e9di Magyarorsz\u00e1g lakoss\u00e1g\u00e1t \u00e9s \u00e9l\u0151vil\u00e1g\u00e1t;<\/li><li>z\u00f6ld programj\u00e1ban kifejti, milyen \u00e9rdemi int\u00e9zked\u00e9seket hoz a tiszta leveg\u0151\u00e9rt, tiszta v\u00edz\u00e9rt, a tiszta talaj\u00e9rt, valamint a tiszta k\u00f6zleked\u00e9sre, a tiszta gazdas\u00e1gra, a tiszta mez\u0151gazd\u00e1lkod\u00e1sra val\u00f3 \u00e1t\u00e1ll\u00e1s\u00e9rt, \u00e9s a gyermekeink sz\u00e1m\u00e1ra is meg\u00f3vand\u00f3 term\u00e9szeti \u00e9rt\u00e9keink meg\u0151rz\u00e9s\u00e9\u00e9rt.<\/li><\/ul>\n\n<p>A k\u00f6rnyezetv\u00e9d\u0151 szervezet a minisztereln\u00f6k-jel\u00f6lteket arra k\u00e9ri, hogy 2022-es korm\u00e1nyra ker\u00fcl\u00e9s\u00fck eset\u00e9n \u00e9rv\u00e9nyes z\u00f6ld programjukat legk\u00e9s\u0151bb augusztus 31-ig hozz\u00e1k nyilv\u00e1noss\u00e1gra \u00e9s juttass\u00e1k el azt a Greenpeace-hez.<\/p>\n\n<p>A jel\u00f6ltek v\u00e1laszait a Greenpeace Magyarorsz\u00e1g \u00f6sszes\u00edti, \u00e9rt\u00e9keli, \u00e9s ennek eredm\u00e9ny\u00e9t nyilv\u00e1noss\u00e1gra hozza.<\/p>\n\n<p><strong>Az elk\u00fcld\u00f6tt ny\u00edlt levelek:<br><\/strong><\/p>\n\n<p>Dobrev Kl\u00e1ra <a href=\"https:\/\/sites.greenpeace.hu\/wp-content\/uploads\/2021\/07\/GPHU_zoldprogram_DK_20210728.pdf\">https:\/\/sites.greenpeace.hu\/wp-content\/uploads\/2021\/07\/GPHU_zoldprogram_DK_20210728.pdf<\/a>&nbsp;<\/p>\n\n<p>Fekete-Gy\u0151r Andr\u00e1s <a href=\"https:\/\/sites.greenpeace.hu\/wp-content\/uploads\/2021\/07\/GPHU_zoldprogram_FGyA_20210728.pdf\">https:\/\/sites.greenpeace.hu\/wp-content\/uploads\/2021\/07\/GPHU_zoldprogram_FGyA_20210728.pdf<\/a>&nbsp;<\/p>\n\n<p>Jakab P\u00e9ter <a href=\"https:\/\/sites.greenpeace.hu\/wp-content\/uploads\/2021\/07\/GPHU_zoldprogram_JP_20210728.pdf\">https:\/\/sites.greenpeace.hu\/wp-content\/uploads\/2021\/07\/GPHU_zoldprogram_JP_20210728.pdf<\/a>&nbsp;<\/p>\n\n<p>Kar\u00e1csony Gergely <a href=\"https:\/\/sites.greenpeace.hu\/wp-content\/uploads\/2021\/07\/GPHU_zoldprogram_KG_20210728.pdf\">https:\/\/sites.greenpeace.hu\/wp-content\/uploads\/2021\/07\/GPHU_zoldprogram_KG_20210728.pdf<\/a>&nbsp;<\/p>\n\n<p>M\u00e1rki-Zay P\u00e9ter <a href=\"https:\/\/sites.greenpeace.hu\/wp-content\/uploads\/2021\/07\/GPHU_zoldprogram_MZP_20210728.pdf\">https:\/\/sites.greenpeace.hu\/wp-content\/uploads\/2021\/07\/GPHU_zoldprogram_MZP_20210728.pdf<\/a>&nbsp;<\/p>\n\n<p>Orb\u00e1n Viktor <a href=\"https:\/\/sites.greenpeace.hu\/wp-content\/uploads\/2021\/07\/GPHU_zoldprogram_OV_20210728.pdf\">https:\/\/sites.greenpeace.hu\/wp-content\/uploads\/2021\/07\/GPHU_zoldprogram_OV_20210728.pdf<\/a>&nbsp;<\/p>\n\n<p>P\u00e1link\u00e1s J\u00f3zsef <a href=\"https:\/\/sites.greenpeace.hu\/wp-content\/uploads\/2021\/07\/GPHU_zoldprogram_PJ_20210728.pdf\">https:\/\/sites.greenpeace.hu\/wp-content\/uploads\/2021\/07\/GPHU_zoldprogram_PJ_20210728.pdf<\/a>&nbsp;<\/p>\n\n<p><\/p>\n","protected":false},"excerpt":{"rendered":"<p>Budapest, 2021. j\u00falius 28. \u2013 A Greenpeace Magyarorsz\u00e1g ny\u00edlt lev\u00e9lben k\u00e9ri a j\u00f6v\u0151 \u00e9vi v\u00e1laszt\u00e1sokon indul\u00f3 minisztereln\u00f6k-jel\u00f6lteket \u2013 a jelenleg korm\u00e1nyon l\u00e9v\u0151 Orb\u00e1n Viktor minisztereln\u00f6kkel egy\u00fctt \u2013, hogy hozz\u00e1k nyilv\u00e1noss\u00e1gra&hellip;<\/p>\n","protected":false},"author":32,"featured_media":8593,"comment_status":"closed","ping_status":"closed","sticky":false,"template":"","format":"standard","meta":{"ep_exclude_from_search":false,"p4_og_title":"","p4_og_description":"","p4_og_image":"","p4_og_image_id":"","p4_seo_canonical_url":"","p4_campaign_name":"not set","p4_local_project":"not set","p4_basket_name":"not set","p4_department":"","footnotes":""},"categories":[4],"tags":[6,20],"p4-page-type":[37],"class_list":["post-8592","post","type-post","status-publish","format-standard","has-post-thumbnail","hentry","category-ember-tarsadalom","tag-klimavedelem","tag-elovilag","p4-page-type-sajtokozlemeny"],"_links":{"self":[{"href":"https:\/\/www.greenpeace.org\/hungary\/wp-json\/wp\/v2\/posts\/8592","targetHints":{"allow":["GET"]}}],"collection":[{"href":"https:\/\/www.greenpeace.org\/hungary\/wp-json\/wp\/v2\/posts"}],"about":[{"href":"https:\/\/www.greenpeace.org\/hungary\/wp-json\/wp\/v2\/types\/post"}],"author":[{"embeddable":true,"href":"https:\/\/www.greenpeace.org\/hungary\/wp-json\/wp\/v2\/users\/32"}],"replies":[{"embeddable":true,"href":"https:\/\/www.greenpeace.org\/hungary\/wp-json\/wp\/v2\/comments?post=8592"}],"version-history":[{"count":1,"href":"https:\/\/www.greenpeace.org\/hungary\/wp-json\/wp\/v2\/posts\/8592\/revisions"}],"predecessor-version":[{"id":8594,"href":"https:\/\/www.greenpeace.org\/hungary\/wp-json\/wp\/v2\/posts\/8592\/revisions\/8594"}],"wp:featuredmedia":[{"embeddable":true,"href":"https:\/\/www.greenpeace.org\/hungary\/wp-json\/wp\/v2\/media\/8593"}],"wp:attachment":[{"href":"https:\/\/www.greenpeace.org\/hungary\/wp-json\/wp\/v2\/media?parent=8592"}],"wp:term":[{"taxonomy":"category","embeddable":true,"href":"https:\/\/www.greenpeace.org\/hungary\/wp-json\/wp\/v2\/categories?post=8592"},{"taxonomy":"post_tag","embeddable":true,"href":"https:\/\/www.greenpeace.org\/hungary\/wp-json\/wp\/v2\/tags?post=8592"},{"taxonomy":"p4-page-type","embeddable":true,"href":"https:\/\/www.greenpeace.org\/hungary\/wp-json\/wp\/v2\/p4-page-type?post=8592"}],"curies":[{"name":"wp","href":"https:\/\/api.w.org\/{rel}","templated":true}]}}