{"id":8631,"date":"2021-08-17T14:06:31","date_gmt":"2021-08-17T12:06:31","guid":{"rendered":"https:\/\/www.greenpeace.org\/hungary\/?p=8631"},"modified":"2021-08-17T15:29:35","modified_gmt":"2021-08-17T13:29:35","slug":"a-termeszet-mar-nem-lehet-tobbe-vakfolt-a-kozgazdasagtanban","status":"publish","type":"post","link":"https:\/\/www.greenpeace.org\/hungary\/blog\/8631\/a-termeszet-mar-nem-lehet-tobbe-vakfolt-a-kozgazdasagtanban\/","title":{"rendered":"A term\u00e9szet m\u00e1r nem lehet t\u00f6bb\u00e9 vakfolt a k\u00f6zgazdas\u00e1gtanban"},"content":{"rendered":"\n<p><strong>A term\u00e9szetpuszt\u00edt\u00e1s m\u00e9rt\u00e9ke ma m\u00e1r a vil\u00e1g gazdas\u00e1gi folyamatait is vesz\u00e9lyezteti: nem csak a biol\u00f3gusok, term\u00e9szettud\u00f3sok, k\u00f6rnyezetv\u00e9d\u0151k kongatj\u00e1k a v\u00e9szharangot, hanem a k\u00f6zgazd\u00e1szok is figyelmeztetnek, hogy az emberis\u00e9g a veszt\u00e9be rohan. <em>\u201eA term\u00e9szet mostan\u00e1ig vakfolt volt a k\u00f6zgazdas\u00e1gtanban, de ma m\u00e1r nem engedhetj\u00fck meg magunknak, hogy hi\u00e1nyozzon az \u00e1llamok gazdas\u00e1gpolitikai d\u00f6nt\u00e9seib\u0151l.\u201d<\/em> \u2013 jelentette ki a Cambridge-i Egyetem elismert k\u00f6zgazd\u00e1sz professzora, Sir Partha Dasgupta a <a rel=\"noreferrer noopener\" href=\"https:\/\/www.gov.uk\/government\/publications\/final-report-the-economics-of-biodiversity-the-dasgupta-review\" target=\"_blank\">Biodiverzit\u00e1s k\u00f6zgazdas\u00e1gtana c\u00edm\u0171 tanulm\u00e1ny\u00e1ban<\/a>.<\/strong><\/p>\n\n<figure class=\"wp-block-image size-large\"><img loading=\"lazy\" decoding=\"async\" width=\"800\" height=\"533\" src=\"https:\/\/www.greenpeace.org\/static\/planet4-hungary-stateless\/2021\/08\/5a1cd053-gp0stp1wh_web_size.jpg\" alt=\"\" class=\"wp-image-8633\" srcset=\"https:\/\/www.greenpeace.org\/static\/planet4-hungary-stateless\/2021\/08\/5a1cd053-gp0stp1wh_web_size.jpg 800w, https:\/\/www.greenpeace.org\/static\/planet4-hungary-stateless\/2021\/08\/5a1cd053-gp0stp1wh_web_size-300x200.jpg 300w, https:\/\/www.greenpeace.org\/static\/planet4-hungary-stateless\/2021\/08\/5a1cd053-gp0stp1wh_web_size-768x512.jpg 768w, https:\/\/www.greenpeace.org\/static\/planet4-hungary-stateless\/2021\/08\/5a1cd053-gp0stp1wh_web_size-510x340.jpg 510w\" sizes=\"auto, (max-width: 800px) 100vw, 800px\" \/><figcaption>\u00a9 Lu Guang \/ Greenpeace<\/figcaption><\/figure>\n\n<p>A hatsz\u00e1z oldalas \u00e1tfog\u00f3 jelent\u00e9s tele van riaszt\u00f3 statisztik\u00e1kkal, amelyek k\u00f6z\u00fcl tal\u00e1n az a legf\u00e9lelmetesebb, hogy alig t\u00f6bb mint k\u00e9t \u00e9vtized alatt, <strong>1992 \u00e9s 2014 k\u00f6z\u00f6tt 40%-kal cs\u00f6kkent az egy f\u0151re jut\u00f3 term\u00e9szeti t\u0151ke\u00e1llom\u00e1ny<\/strong>. Ez a v\u00edz, amit megihatunk, a tiszta leveg\u0151, amit bel\u00e9legezhet\u00fcnk, a talaj, ami \u00e9lelmet terem sz\u00e1munkra, \u00e9s minden \u00e9l\u0151l\u00e9ny, \u00e1llat \u00e9s n\u00f6v\u00e9ny, amelyen osztozik az emberis\u00e9g.<\/p>\n\n<p>Azok a v\u00e1llalatok, amelyek annyira sz\u0171k l\u00e1t\u00f3k\u00f6r\u0171ek, hogy nem fogj\u00e1k fel ennek a t\u00e9nynek a jelent\u0151s\u00e9g\u00e9t, \u00e9s tov\u00e1bbra is csak a g\u00e9pek, az informatikai rendszerek, az \u00e9p\u00fcletek vagy a munkaer\u0151 fejleszt\u00e9s\u00e9re koncentr\u00e1lnak, de nem fektetnek be a term\u00e9szeti er\u0151forr\u00e1sok v\u00e9delm\u00e9be, azok hamarosan el fognak t\u0171nni az \u00fczleti \u00e9letb\u0151l.<\/p>\n\n<p>A glob\u00e1lis gazdas\u00e1g GDP-ben m\u00e9rve ma 14-szer nagyobb, mint 1950-ben volt. A j\u00f3l\u00e9t hatalmas m\u00e9rt\u00e9kben n\u0151tt, de ennek a n\u00f6veked\u00e9snek nagy \u00e1ra volt: a fajok kihal\u00e1sa, a vadon \u00e9l\u0151 fajok, a tengeri hal\u00e1llom\u00e1nyok v\u00e9gzetes kimer\u00edt\u00e9se, az \u0151serd\u0151k kiirt\u00e1sa \u00e9s a korallz\u00e1tonyok megsemmis\u00edt\u00e9se. <strong>Ha a jelenlegi fogyaszt\u00e1si trendek fennmaradnak, akkor 1,6-szor nagyobb F\u00f6ldre lenne sz\u00fcks\u00e9g\u00fcnk, mint amekkora a bolyg\u00f3nk t\u00e9nyleges m\u00e9rete.<\/strong><\/p>\n\n<figure class=\"wp-block-image size-large\"><img loading=\"lazy\" decoding=\"async\" width=\"800\" height=\"534\" src=\"https:\/\/www.greenpeace.org\/static\/planet4-hungary-stateless\/2021\/08\/4ecc74e9-gp0str7iw_web_size.jpg\" alt=\"\" class=\"wp-image-8634\" srcset=\"https:\/\/www.greenpeace.org\/static\/planet4-hungary-stateless\/2021\/08\/4ecc74e9-gp0str7iw_web_size.jpg 800w, https:\/\/www.greenpeace.org\/static\/planet4-hungary-stateless\/2021\/08\/4ecc74e9-gp0str7iw_web_size-300x200.jpg 300w, https:\/\/www.greenpeace.org\/static\/planet4-hungary-stateless\/2021\/08\/4ecc74e9-gp0str7iw_web_size-768x513.jpg 768w, https:\/\/www.greenpeace.org\/static\/planet4-hungary-stateless\/2021\/08\/4ecc74e9-gp0str7iw_web_size-510x340.jpg 510w\" sizes=\"auto, (max-width: 800px) 100vw, 800px\" \/><figcaption>\u00a9 Pierre Gleizes \/ Greenpeace<\/figcaption><\/figure>\n\n<p>Mostanra a k\u00f6zgazd\u00e1szok sz\u00e1m\u00e1ra is egy\u00e9rtelm\u0171v\u00e9 v\u00e1lt, hogy az emberis\u00e9g t\u00fal\u00e9l\u00e9se \u00e9s hossz\u00fa t\u00e1v\u00fa j\u00f3l\u00e9te a minket k\u00f6r\u00fclvev\u0151 term\u00e9szett\u0151l f\u00fcgg. Annak, hogy ennyire rosszul kezelj\u00fck term\u00e9szeti kincseinket, m\u00e9lyen gy\u00f6kerez\u0151 okai vannak: val\u00f3j\u00e1ban egy sz\u00e9les k\u00f6rben elterjedt int\u00e9zm\u00e9nyi, hatalomgyakorl\u00e1si \u00e9s szab\u00e1lyoz\u00e1si probl\u00e9m\u00e1val \u00e1llunk szemben. A korm\u00e1nyok ugyanis messze nagyobb m\u00e9rt\u00e9kben t\u00e1mogatj\u00e1k a term\u00e9szetet puszt\u00edt\u00f3 tev\u00e9kenys\u00e9geket, mint a k\u00f6rnyezetk\u00edm\u00e9l\u0151 alternat\u00edv technol\u00f3gi\u00e1kat. Visszafogott becsl\u00e9sek szerint is, a k\u00fcl\u00f6nb\u00f6z\u0151 negat\u00edv gazdas\u00e1gi folyamatok t\u00e1mogat\u00e1s\u00e1ra \u00e9vi 4-6 trilli\u00f3 doll\u00e1rt k\u00f6ltenek vil\u00e1gszerte. Hi\u00e1nyzik egy \u00e1tfog\u00f3 \u00e9s mindenre kiterjed\u0151 egyezs\u00e9g a gazdas\u00e1gi \u00e9s politikai szerepl\u0151k k\u00f6z\u00f6tt arr\u00f3l, hogy hogyan v\u00e9dj\u00fck meg jobban a term\u00e9szeti javainkat.<\/p>\n\n<p>A megold\u00e1s fel\u00e9 vezet\u0151 \u00fat egy egyszer\u0171 alapigazs\u00e1g meg\u00e9rt\u00e9s\u00e9vel \u00e9s elfogad\u00e1s\u00e1val kezd\u0151dik: az \u00f6kosziszt\u00e9ma integr\u00e1ns r\u00e9sze kell hogy legyen a vil\u00e1ggazdas\u00e1gnak. Nem haszn\u00e1lhatjuk eszk\u00f6zk\u00e9nt, \u00e9s nem zs\u00e1km\u00e1nyolhatjuk ki korl\u00e1tlanul. Meg kell v\u00e1ltoztatnunk a gondolkod\u00e1sm\u00f3dunkat, a tetteinket \u00e9s azt is, hogy hogyan m\u00e9rj\u00fck a sikert.<\/p>\n\n<p>A tanulm\u00e1ny szerint egy \u00faj, k\u00f6rnyezetv\u00e9delmi \u201eMarshall-tervre\u201d van sz\u00fcks\u00e9g, melyet h\u00e1rom f\u0151 ter\u00fcletre lehet osztani.<\/p>\n\n<h2 class=\"wp-block-heading\">1. Biztos\u00edtanunk kell, hogy a fogyaszt\u00e1s m\u00e9rt\u00e9ke ne haladja meg a term\u00e9szeti er\u0151forr\u00e1sok \u00e1ltal ny\u00fajtott lehet\u0151s\u00e9geket; t\u00f6rekedn\u00fcnk kell a megl\u00e9v\u0151 term\u00e9szeti er\u0151forr\u00e1sok v\u00e9delm\u00e9re, n\u00f6vel\u00e9s\u00e9re.<\/h2>\n\n<figure class=\"wp-block-image size-large\"><img loading=\"lazy\" decoding=\"async\" width=\"800\" height=\"533\" src=\"https:\/\/www.greenpeace.org\/static\/planet4-hungary-stateless\/2021\/08\/f29f4169-gp0stqf58_web_size.jpg\" alt=\"\" class=\"wp-image-8635\" srcset=\"https:\/\/www.greenpeace.org\/static\/planet4-hungary-stateless\/2021\/08\/f29f4169-gp0stqf58_web_size.jpg 800w, https:\/\/www.greenpeace.org\/static\/planet4-hungary-stateless\/2021\/08\/f29f4169-gp0stqf58_web_size-300x200.jpg 300w, https:\/\/www.greenpeace.org\/static\/planet4-hungary-stateless\/2021\/08\/f29f4169-gp0stqf58_web_size-768x512.jpg 768w, https:\/\/www.greenpeace.org\/static\/planet4-hungary-stateless\/2021\/08\/f29f4169-gp0stqf58_web_size-510x340.jpg 510w\" sizes=\"auto, (max-width: 800px) 100vw, 800px\" \/><figcaption>\u00a9 Guillaume Bression \/ Greenpeace<\/figcaption><\/figure>\n\n<p>A biodiverzit\u00e1s cs\u00f6kken\u00e9s\u00e9nek f\u0151 oka jelenleg az \u00e9lelmiszertermel\u00e9s, \u00e9s a vil\u00e1g n\u00e9pess\u00e9g\u00e9nek tov\u00e1bbi n\u00f6veked\u00e9s\u00e9vel ez a probl\u00e9ma a j\u00f6v\u0151ben csak s\u00falyosbodni fog. A fenntarthat\u00f3 mez\u0151gazdas\u00e1gra t\u00f6rt\u00e9n\u0151 \u00e1t\u00e1ll\u00e1s, az \u00f6kol\u00f3giai szeml\u00e9let\u0171 gazd\u00e1lkod\u00e1s \u00e9s az ilyen ir\u00e1ny\u00fa technol\u00f3giai fejleszt\u00e9sek cs\u00f6kkenthetik a term\u00e9szetpuszt\u00edt\u00e1st \u00e9s a kl\u00edmav\u00e1ltoz\u00e1st okoz\u00f3 g\u00e1zok kibocs\u00e1t\u00e1s\u00e1t.<\/p>\n\n<p>Az energia\u00e9hs\u00e9g szint\u00e9n olyasmi, ami nagyban hozz\u00e1j\u00e1rul a kl\u00edmav\u00e1ltoz\u00e1shoz \u00e9s a biol\u00f3giai sokf\u00e9les\u00e9g cs\u00f6kken\u00e9s\u00e9hez, ez\u00e9rt az energiarendszerek sz\u00e9nmentes\u00edt\u00e9se is l\u00e9tfontoss\u00e1g\u00fa l\u00e9p\u00e9s.<\/p>\n\n<p>A term\u00e9szet v\u00e9delme \u00e9rdek\u00e9ben gondosan megv\u00e1lasztott \u00faj szab\u00e1lyz\u00f3kat \u00e9s \u00f6szt\u00f6nz\u0151rendszereket kellene bevezetni, amelyek megdr\u00e1g\u00edtan\u00e1k a k\u00f6rnyezetszennyez\u0151 term\u00e9keket, \u00e9s \u00edgy j\u00f3 ir\u00e1nyba v\u00e1ltoztatn\u00e1k meg a fogyaszt\u00f3i szok\u00e1sokat. Mindez er\u0151s\u00edtheti \u00e9s el\u0151seg\u00edtheti az \u00fajrahasznos\u00edt\u00e1st, az \u00fajrafelhaszn\u00e1l\u00e1st, a javaink igazs\u00e1gosabb eloszt\u00e1s\u00e1t \u00e9s egym\u00e1ssal t\u00f6rt\u00e9n\u0151 megoszt\u00e1s\u00e1t, \u00e9s el\u0151t\u00e9rbe helyezheti a k\u00f6rnyezetv\u00e9delmi szempontokat a teljes glob\u00e1lis ell\u00e1t\u00e1si l\u00e1ncban.<\/p>\n\n<p>A n\u0151k p\u00e9nz\u00fcgyi vil\u00e1gban bet\u00f6lt\u00f6tt szerep\u00e9nek er\u0151s\u00edt\u00e9se, az inform\u00e1ci\u00f3hoz val\u00f3 hozz\u00e1f\u00e9r\u00e9s \u00e9s az oktat\u00e1s sz\u00ednvonal\u00e1nak jav\u00edt\u00e1sa, a k\u00f6z\u00f6ss\u00e9gi alap\u00fa csal\u00e1dtervez\u00e9si programok elterjed\u00e9se is kedvez\u0151 szeml\u00e9letv\u00e1lt\u00e1st \u00e9s demogr\u00e1fiai fordulatot hozhat. Az ilyen ir\u00e1ny\u00fa t\u00f6rekv\u00e9sekre nemigen jutott eddig p\u00e9nz, de ideje ezen v\u00e1ltoztatni!<\/p>\n\n<p>\u00d6sszess\u00e9g\u00e9ben elmondhat\u00f3, hogy sokkal kifizet\u0151d\u0151bb lenne a term\u00e9szetet jelenlegi \u00e1llapot\u00e1ban meg\u00f3vni a fenti reformok seg\u00edts\u00e9g\u00e9vel, mint egy k\u00e9s\u0151bbi, m\u00e1r leromlott \u00e1llapotot a mostani szintre vissza\u00e1ll\u00edtani. Mindezek miatt meg kell er\u0151s\u00edteni a term\u00e9szetv\u00e9delmi ter\u00fcletek v\u00e9delm\u00e9t \u00e9s n\u00f6velni kell a kiterjed\u00e9s\u00fcket. Ha megtessz\u00fck ezeket a l\u00e9p\u00e9seket, az tov\u00e1bbi gazdas\u00e1gi hasznokkal is j\u00e1r, p\u00e9ld\u00e1ul \u00faj munkahelyeket teremt \u00e9s cs\u00f6kkenti a szeg\u00e9nyek sz\u00e1m\u00e1t a vil\u00e1gban.<\/p>\n\n<h2 class=\"wp-block-heading\">2. Meg kell v\u00e1ltoztatnunk a gazdas\u00e1gi teljes\u00edtm\u00e9ny\u00fcnk m\u00e9r\u0151sz\u00e1mait! A GDP \u00f6nmag\u00e1ban nem alkalmas arra, hogy figyelembe vegye a term\u00e9szetpuszt\u00edt\u00e1st.<\/h2>\n\n<figure class=\"wp-block-image size-large\"><img loading=\"lazy\" decoding=\"async\" width=\"800\" height=\"533\" src=\"https:\/\/www.greenpeace.org\/static\/planet4-hungary-stateless\/2021\/08\/ac1b7c40-gp0str640_web_size.jpg\" alt=\"\" class=\"wp-image-8636\" srcset=\"https:\/\/www.greenpeace.org\/static\/planet4-hungary-stateless\/2021\/08\/ac1b7c40-gp0str640_web_size.jpg 800w, https:\/\/www.greenpeace.org\/static\/planet4-hungary-stateless\/2021\/08\/ac1b7c40-gp0str640_web_size-300x200.jpg 300w, https:\/\/www.greenpeace.org\/static\/planet4-hungary-stateless\/2021\/08\/ac1b7c40-gp0str640_web_size-768x512.jpg 768w, https:\/\/www.greenpeace.org\/static\/planet4-hungary-stateless\/2021\/08\/ac1b7c40-gp0str640_web_size-510x340.jpg 510w\" sizes=\"auto, (max-width: 800px) 100vw, 800px\" \/><figcaption>\u00a9 Joerg Modrow \/ Greenpeace<\/figcaption><\/figure>\n\n<p>Olyan m\u00f3dszertanra lenne sz\u00fcks\u00e9g, amely a gazdas\u00e1gi t\u00e9nyez\u0151k mellett a term\u00e9szeti er\u0151forr\u00e1sok aktu\u00e1lis \u00e9rt\u00e9k\u00e9vel is sz\u00e1mol. Egy olyan \u00faj, nemzetgazdas\u00e1gi szint\u0171 m\u00e9r\u0151rendszert kell kidolgozni, amely a fent eml\u00edtett term\u00e9szeti \u00e9rt\u00e9keket is mag\u00e1ban foglalja.<\/p>\n\n<h2 class=\"wp-block-heading\">3. \u00c1t kell alak\u00edtanunk az int\u00e9zm\u00e9nyi \u00e9s a gazdas\u00e1gi rendszereinket, k\u00fcl\u00f6n\u00f6s tekintettel a p\u00e9nz\u00fcgyi \u00e9s oktat\u00e1si rendszerekre.<\/h2>\n\n<figure class=\"wp-block-image size-large\"><img loading=\"lazy\" decoding=\"async\" width=\"1024\" height=\"683\" src=\"https:\/\/www.greenpeace.org\/static\/planet4-hungary-stateless\/2021\/08\/8dab45f2-mg_3347-1024x683.jpg\" alt=\"\" class=\"wp-image-8637\" srcset=\"https:\/\/www.greenpeace.org\/static\/planet4-hungary-stateless\/2021\/08\/8dab45f2-mg_3347-1024x683.jpg 1024w, https:\/\/www.greenpeace.org\/static\/planet4-hungary-stateless\/2021\/08\/8dab45f2-mg_3347-300x200.jpg 300w, https:\/\/www.greenpeace.org\/static\/planet4-hungary-stateless\/2021\/08\/8dab45f2-mg_3347-768x512.jpg 768w, https:\/\/www.greenpeace.org\/static\/planet4-hungary-stateless\/2021\/08\/8dab45f2-mg_3347-1536x1024.jpg 1536w, https:\/\/www.greenpeace.org\/static\/planet4-hungary-stateless\/2021\/08\/8dab45f2-mg_3347-2048x1366.jpg 2048w, https:\/\/www.greenpeace.org\/static\/planet4-hungary-stateless\/2021\/08\/8dab45f2-mg_3347-510x340.jpg 510w\" sizes=\"auto, (max-width: 1024px) 100vw, 1024px\" \/><figcaption>\u00a9 D\u00f6rg\u0151 Zsuzsi \/ Greenpeace<\/figcaption><\/figure>\n\n<p>Olyan p\u00e9nz\u00fcgyi rendszerre van sz\u00fcks\u00e9g\u00fcnk, amely a mag\u00e1n \u00e9s \u00e1llami befektet\u00e9seket a fenntarthat\u00f3 \u00e9s term\u00e9szetbar\u00e1t gy\u00e1rt\u00e1si technol\u00f3gi\u00e1k fel\u00e9 ir\u00e1ny\u00edtja. Mindehhez elengedhetetlen, hogy egy olyan nemzetk\u00f6zi min\u0151s\u00e9gbiztos\u00edt\u00e1si rendszert dolgozzunk ki, amely seg\u00edt a gazdas\u00e1gi \u00e9s p\u00e9nz\u00fcgyi int\u00e9zm\u00e9nyeknek abban, hogy a d\u00f6nt\u00e9seikn\u00e9l messzemen\u0151en figyelembe vegy\u00e9k az \u00e9l\u0151vil\u00e1g szempontjait is. L\u00e1tniuk kell, hogy a d\u00f6nt\u00e9seik \u00e9s a tetteik milyen v\u00e1ltoz\u00e1sokat okoznak a term\u00e9szeti t\u0151k\u00e9ben.<\/p>\n\n<p>A fenntarthat\u00f3 term\u00e9szethaszn\u00e1lat kulcsa azonban rajtunk, embereken m\u00falik a legink\u00e1bb. Sajnos a napjainkban bek\u00f6vetkez\u0151 t\u00e1rsadalmi v\u00e1ltoz\u00e1sok, mint p\u00e9ld\u00e1ul a n\u00f6vekv\u0151 urbaniz\u00e1ci\u00f3, elt\u00e1vol\u00edtj\u00e1k az egy\u00e9nt a term\u00e9szett\u0151l. Azok a kezdem\u00e9nyez\u00e9sek, amelyek az ember \u00e9s term\u00e9szet kapcsolat\u00e1nak elm\u00e9ly\u00edt\u00e9s\u00e9t szolg\u00e1lj\u00e1k nemcsak az \u00e1ltal\u00e1nos eg\u00e9szs\u00e9g \u00e9s a j\u00f3l\u00e9t n\u00f6veked\u00e9s\u00e9t seg\u00edtik el\u0151, hanem t\u00e1mogatj\u00e1k a k\u00f6z\u00f6ss\u00e9geket abban is, hogy megfelel\u0151 d\u00f6nt\u00e9seket hozzanak \u00e9s egy\u00fctt k\u00f6vetelj\u00e9k a d\u00f6nt\u00e9shoz\u00f3kt\u00f3l a sz\u00fcks\u00e9ges v\u00e1ltoz\u00e1sokat.<\/p>\n\n<p>Alapvet\u0151 k\u00f6vetelm\u00e9ny, hogy a term\u00e9szet szeretet\u00e9t be kell \u00e9p\u00edteni az oktat\u00e1sba. A j\u00f3l megtervezett k\u00f6rnyezetv\u00e9delmi oktat\u00e1si programoknak tart\u00f3s hat\u00e1suk van, seg\u00edtenek a helyi probl\u00e9m\u00e1k megold\u00e1s\u00e1ban, hozz\u00e1j\u00e1rulnak ahhoz, hogy a tudom\u00e1nyos t\u00e1rsadalom \u00e9s civil k\u00f6z\u00f6ss\u00e9gek hat\u00e9konyan m\u0171k\u00f6djenek egy\u00fctt. Ez a nagym\u00e9rt\u00e9k\u0171 v\u00e1ltoz\u00e1s igenis lehets\u00e9ges, \u00e9s egyben az emberis\u00e9g alapvet\u0151 \u00e9rdeke is.<\/p>\n","protected":false},"excerpt":{"rendered":"<p>A term\u00e9szetpuszt\u00edt\u00e1s m\u00e9rt\u00e9ke ma m\u00e1r a vil\u00e1g gazdas\u00e1gi folyamatait is vesz\u00e9lyezteti: nem csak a biol\u00f3gusok, term\u00e9szettud\u00f3sok, k\u00f6rnyezetv\u00e9d\u0151k kongatj\u00e1k a v\u00e9szharangot, hanem a k\u00f6zgazd\u00e1szok is figyelmeztetnek, hogy az emberis\u00e9g a veszt\u00e9be&hellip;<\/p>\n","protected":false},"author":32,"featured_media":8633,"comment_status":"closed","ping_status":"closed","sticky":false,"template":"","format":"standard","meta":{"ep_exclude_from_search":false,"p4_og_title":"","p4_og_description":"","p4_og_image":"","p4_og_image_id":"","p4_seo_canonical_url":"","p4_campaign_name":"not set","p4_local_project":"not set","p4_basket_name":"not set","p4_department":"","footnotes":""},"categories":[4],"tags":[6,8,20],"p4-page-type":[40],"class_list":["post-8631","post","type-post","status-publish","format-standard","has-post-thumbnail","hentry","category-ember-tarsadalom","tag-klimavedelem","tag-fogyasztas","tag-elovilag","p4-page-type-blog"],"_links":{"self":[{"href":"https:\/\/www.greenpeace.org\/hungary\/wp-json\/wp\/v2\/posts\/8631","targetHints":{"allow":["GET"]}}],"collection":[{"href":"https:\/\/www.greenpeace.org\/hungary\/wp-json\/wp\/v2\/posts"}],"about":[{"href":"https:\/\/www.greenpeace.org\/hungary\/wp-json\/wp\/v2\/types\/post"}],"author":[{"embeddable":true,"href":"https:\/\/www.greenpeace.org\/hungary\/wp-json\/wp\/v2\/users\/32"}],"replies":[{"embeddable":true,"href":"https:\/\/www.greenpeace.org\/hungary\/wp-json\/wp\/v2\/comments?post=8631"}],"version-history":[{"count":4,"href":"https:\/\/www.greenpeace.org\/hungary\/wp-json\/wp\/v2\/posts\/8631\/revisions"}],"predecessor-version":[{"id":8640,"href":"https:\/\/www.greenpeace.org\/hungary\/wp-json\/wp\/v2\/posts\/8631\/revisions\/8640"}],"wp:featuredmedia":[{"embeddable":true,"href":"https:\/\/www.greenpeace.org\/hungary\/wp-json\/wp\/v2\/media\/8633"}],"wp:attachment":[{"href":"https:\/\/www.greenpeace.org\/hungary\/wp-json\/wp\/v2\/media?parent=8631"}],"wp:term":[{"taxonomy":"category","embeddable":true,"href":"https:\/\/www.greenpeace.org\/hungary\/wp-json\/wp\/v2\/categories?post=8631"},{"taxonomy":"post_tag","embeddable":true,"href":"https:\/\/www.greenpeace.org\/hungary\/wp-json\/wp\/v2\/tags?post=8631"},{"taxonomy":"p4-page-type","embeddable":true,"href":"https:\/\/www.greenpeace.org\/hungary\/wp-json\/wp\/v2\/p4-page-type?post=8631"}],"curies":[{"name":"wp","href":"https:\/\/api.w.org\/{rel}","templated":true}]}}