{"id":8664,"date":"2021-09-14T15:17:55","date_gmt":"2021-09-14T13:17:55","guid":{"rendered":"https:\/\/www.greenpeace.org\/hungary\/?p=8664"},"modified":"2021-09-14T15:17:58","modified_gmt":"2021-09-14T13:17:58","slug":"friss-greenpeace-jelentes-tarja-fel-az-olajipar-es-a-vilag-vezeto-fmcg-cegeinek-egyuttmukodeset","status":"publish","type":"post","link":"https:\/\/www.greenpeace.org\/hungary\/cikkek\/8664\/friss-greenpeace-jelentes-tarja-fel-az-olajipar-es-a-vilag-vezeto-fmcg-cegeinek-egyuttmukodeset\/","title":{"rendered":"Friss Greenpeace-jelent\u00e9s t\u00e1rja fel az olajipar \u00e9s a vil\u00e1g vezet\u0151 FMCG c\u00e9geinek egy\u00fcttm\u0171k\u00f6d\u00e9s\u00e9t"},"content":{"rendered":"\n<p><strong>Az amerikai Greenpeace szeptember 14-\u00e9n mutatta be <a rel=\"noreferrer noopener\" href=\"https:\/\/www.greenpeace.org\/usa\/reports\/the-climate-emergency-unpacked\/\" target=\"_blank\">\u00faj jelent\u00e9s\u00e9t<\/a> arr\u00f3l, hogy a vil\u00e1g legnagyobb FMCG (jellemz\u0151en \u00e9lelmiszeripari) v\u00e1llalatai mik\u00e9nt szolg\u00e1lj\u00e1k ki az olajc\u00e9gek m\u0171anyagipari t\u00f6rekv\u00e9seit. A jelent\u00e9s le\u00edrja, hogy a kl\u00edmav\u00e1ls\u00e1g ellen\u00e9re a glob\u00e1lis olajc\u00e9gek ahelyett, hogy cs\u00f6kkenten\u00e9k a foszilis energiahordoz\u00f3k kitermel\u00e9s\u00e9t, ink\u00e1bb a petrolk\u00e9mia, ezen bel\u00fcl a m\u0171anyag-alapanyag gy\u00e1rt\u00e1s fel\u00e9 fordulnak. Strat\u00e9gi\u00e1jukban olyan nagy m\u00e1rk\u00e1kkal m\u0171k\u00f6dnek egy\u00fctt, mint a Coca-Cola, a Nestl\u00e9 \u00e9s a PepsiCo, melyek term\u00e9keiket nagyr\u00e9szt egyszer haszn\u00e1latos m\u0171anyagba csomagolj\u00e1k, \u00e9s nem sz\u00e1nd\u00e9koznak szak\u00edtani a kl\u00edmarombol\u00f3 \u00e9s k\u00f6rnyezetszennyez\u0151 \u00fczletpolitik\u00e1jukkal.<\/strong><\/p>\n\n<div class=\"wp-block-image\"><figure class=\"aligncenter size-large\"><img loading=\"lazy\" decoding=\"async\" width=\"800\" height=\"534\" src=\"https:\/\/www.greenpeace.org\/static\/planet4-hungary-stateless\/2021\/09\/efe92776-gp0stsj53_web_size.jpg\" alt=\"\" class=\"wp-image-8665\" srcset=\"https:\/\/www.greenpeace.org\/static\/planet4-hungary-stateless\/2021\/09\/efe92776-gp0stsj53_web_size.jpg 800w, https:\/\/www.greenpeace.org\/static\/planet4-hungary-stateless\/2021\/09\/efe92776-gp0stsj53_web_size-300x200.jpg 300w, https:\/\/www.greenpeace.org\/static\/planet4-hungary-stateless\/2021\/09\/efe92776-gp0stsj53_web_size-768x513.jpg 768w, https:\/\/www.greenpeace.org\/static\/planet4-hungary-stateless\/2021\/09\/efe92776-gp0stsj53_web_size-510x340.jpg 510w\" sizes=\"auto, (max-width: 800px) 100vw, 800px\" \/><figcaption>\u00a9 Justin Hofman \/ Greenpeace<\/figcaption><\/figure><\/div>\n\n<p>A kl\u00edmav\u00e1ls\u00e1g jelenlegi, kritikus szintj\u00e9n elengedhetetlen, hogy min\u00e9l el\u0151bb cs\u00f6kkents\u00fck az \u00fcvegh\u00e1zg\u00e1z kibocs\u00e1t\u00e1sainkat. A glob\u00e1lis olajc\u00e9gek is \u00e9rzik, hogy mind a k\u00f6zleked\u00e9si, mind az energiatermel\u00e9si szektorokokban radik\u00e1lis v\u00e1ltoz\u00e1sok v\u00e1rhat\u00f3ak, ez\u00e1ltal cs\u00f6kkeni fog az ig\u00e9ny a term\u00e9keikre. A profitjaikat f\u00e9lt\u0151 vil\u00e1gc\u00e9gek, mint a Total, az Exxon \u00e9s a Shell hatalmas beruh\u00e1z\u00e1sokat v\u00e9geznek a petrolk\u00e9miai \u00e1gazaton bel\u00fcl, \u00e9s egyre ink\u00e1bb a m\u0171anyag-el\u0151\u00e1ll\u00edt\u00e1s fel\u00e9 fordulnak, hogy tov\u00e1bbra is folytathass\u00e1k a kl\u00edmarombol\u00f3 fosszilis kitermel\u00e9seiket. A m\u0171anyag viszont a nyersanyag kitermel\u00e9st\u0151l a k\u00e9szterm\u00e9k szem\u00e9tt\u00e9 v\u00e1l\u00e1s\u00e1ig, a teljes \u00e9letciklusa sor\u00e1n \u00fcvegh\u00e1zg\u00e1z-kibocs\u00e1t\u00e1ssal j\u00e1r. \u00cdgy az olajipar \u00e9s a vil\u00e1g vezet\u0151 FMCG c\u00e9geinek m\u0171anyagtermel\u00e9s n\u00f6vel\u00e9s\u00e9re vonatkoz\u00f3 c\u00e9ljai jelent\u0151sen vesz\u00e9lyeztetik a p\u00e1rizsi kl\u00edmameg\u00e1llapod\u00e1sban r\u00f6gz\u00edtett c\u00e9lt, mely szerint 1.5 \u00b0C alatt kell tartani a felmeleged\u00e9st, hogy a kl\u00edmav\u00e1ltoz\u00e1s ne l\u00e9pje \u00e1t azt a kritikus pontot, ahonnan m\u00e1r nincs vissza\u00fat.<\/p>\n\n<p>A Greenpeace <a href=\"https:\/\/www.greenpeace.org\/usa\/reports\/the-climate-emergency-unpacked\/\" target=\"_blank\" rel=\"noreferrer noopener\">jelent\u00e9s\u00e9ben<\/a> a szervezet bemutatja, hogy az egyszer haszn\u00e1latos m\u0171anyag csomagol\u00f3anyagokat el\u0151szeretettel haszn\u00e1l\u00f3 nagyv\u00e1llalatok, mint a Coca-Cola, a Nestl\u00e9 \u00e9s a PepsiCo hogyan m\u0171k\u00f6dnek egy\u00fctt az olajc\u00e9gekkel a m\u0171anyaggy\u00e1rt\u00e1s volumen\u00e9nek n\u00f6vel\u00e9s\u00e9ben. A jelent\u00e9s r\u00e1mutat az FMCG v\u00e1llalatok \u00e9s az olajc\u00e9gek k\u00f6z\u00f6s lobbitev\u00e9kenys\u00e9geire. A Greenpeace \u00e1ltal \u00f6ssze\u00e1ll\u00edtott anyagb\u00f3l az is kider\u00fcl, hogy mennyire \u00e1tl\u00e1thatatlan a c\u00e9gek m\u0171anyag felhaszn\u00e1l\u00e1sa, \u00e9s hogy az \u00e9lelmiszeripari v\u00e1llalatok \u00fczletpolitik\u00e1jukban tov\u00e1bbra is kiemelt szerepet sz\u00e1nnak a k\u00f6rnyezet- \u00e9s kl\u00edmarombol\u00f3 egyszer haszn\u00e1latos m\u0171anyagoknak.<\/p>\n\n<p>A jelent\u00e9s kiemeli, hogy a m\u0171anyagok esztelen gy\u00e1rt\u00e1sa \u00e9s haszn\u00e1lata mik\u00e9pp j\u00e1rul hozz\u00e1 a kl\u00edmav\u00e1ltoz\u00e1shoz, \u00e9s hogy az olajc\u00e9gek hogyan b\u0151v\u00edtik a gy\u00e1rt\u00e1si kapacit\u00e1saikat. Egy bemutatott sz\u00e1m\u00edt\u00e1s szerint 2019-ben a m\u0171anyag gy\u00e1rt\u00e1s \u00e9letciklus\u00e1hoz k\u00f6thet\u0151 \u00fcvegh\u00e1zg\u00e1z-kibocs\u00e1t\u00e1s <a href=\"https:\/\/www.popsci.com\/plastics-are-sealing-planets-fate\/\" target=\"_blank\" rel=\"noreferrer noopener\">200 szenes er\u0151m\u0171 kibocs\u00e1t\u00e1s\u00e1nak felelt meg<\/a>. Ha nem v\u00e1ltoznak a jelenlegi trendek, a m\u0171anyaggy\u00e1rt\u00e1s a 2015-\u00f6s szint dupl\u00e1j\u00e1ra n\u0151het 2035-re \u00e9s a tripl\u00e1j\u00e1ra 2050-re. Ehhez az is hozz\u00e1j\u00e1rul, hogy az \u00e9lelmiszeripari c\u00e9gek, mint a Coca-Cola folyamatosan n\u00f6velik az eldobhat\u00f3 PET-palackok sz\u00e1m\u00e1t: 2020-ban csak ez a c\u00e9g 112 milli\u00e1rd m\u0171anyag palackot \u00f6nt\u00f6tt a vil\u00e1gra.<\/p>\n\n<p>A MOL is n\u00f6velni k\u00edv\u00e1nja haz\u00e1nkban a m\u0171anyag alapanyaggy\u00e1rt\u00e1si kapacit\u00e1sait. A hatalmas tisza\u00fajv\u00e1rosi MOL Petrolk\u00e9mia (volt TVK) mellett <a href=\"https:\/\/mol.hu\/hu\/molrol\/mediaszoba\/7152-letettek-a-mol-1-2-milliard-eurobol-epulo-poliol-komplexumanak-alapkovet-tiszaujvarosban\" target=\"_blank\" rel=\"noreferrer noopener\">most \u00e9p\u00fcl az \u00faj m\u0171anyagalapanyag-\u00fczem<\/a> ad\u00f3kedvezm\u00e9nyekkel \u00e9s t\u00f6bb t\u00edzmilli\u00e1rd forintot \u00e9r\u0151 <a href=\"https:\/\/nepszava.hu\/3051712_letettek-a-mol-gigauzemenek-alapkovet\" target=\"_blank\" rel=\"noreferrer noopener\">\u00e1llami t\u00e1mogat\u00e1ssal<\/a>.<\/p>\n","protected":false},"excerpt":{"rendered":"<p>Az amerikai Greenpeace szeptember 14-\u00e9n mutatja be \u00faj jelent\u00e9s\u00e9t arr\u00f3l, hogy a vil\u00e1g legnagyobb FMCG (jellemz\u0151en \u00e9lelmiszeripari) v\u00e1llalatai mik\u00e9nt szolg\u00e1lj\u00e1k ki az olajc\u00e9gek m\u0171anyagipari t\u00f6rekv\u00e9seit. A jelent\u00e9s le\u00edrja, hogy a&hellip;<\/p>\n","protected":false},"author":32,"featured_media":8665,"comment_status":"closed","ping_status":"closed","sticky":false,"template":"","format":"standard","meta":{"ep_exclude_from_search":false,"p4_og_title":"","p4_og_description":"","p4_og_image":"","p4_og_image_id":"","p4_seo_canonical_url":"","p4_campaign_name":"not set","p4_local_project":"not set","p4_basket_name":"not set","p4_department":"","footnotes":""},"categories":[2],"tags":[6,23,26],"p4-page-type":[16],"class_list":["post-8664","post","type-post","status-publish","format-standard","has-post-thumbnail","hentry","category-klima-energia","tag-klimavedelem","tag-muanyag","tag-fosszilis","p4-page-type-cikkek"],"_links":{"self":[{"href":"https:\/\/www.greenpeace.org\/hungary\/wp-json\/wp\/v2\/posts\/8664","targetHints":{"allow":["GET"]}}],"collection":[{"href":"https:\/\/www.greenpeace.org\/hungary\/wp-json\/wp\/v2\/posts"}],"about":[{"href":"https:\/\/www.greenpeace.org\/hungary\/wp-json\/wp\/v2\/types\/post"}],"author":[{"embeddable":true,"href":"https:\/\/www.greenpeace.org\/hungary\/wp-json\/wp\/v2\/users\/32"}],"replies":[{"embeddable":true,"href":"https:\/\/www.greenpeace.org\/hungary\/wp-json\/wp\/v2\/comments?post=8664"}],"version-history":[{"count":2,"href":"https:\/\/www.greenpeace.org\/hungary\/wp-json\/wp\/v2\/posts\/8664\/revisions"}],"predecessor-version":[{"id":8667,"href":"https:\/\/www.greenpeace.org\/hungary\/wp-json\/wp\/v2\/posts\/8664\/revisions\/8667"}],"wp:featuredmedia":[{"embeddable":true,"href":"https:\/\/www.greenpeace.org\/hungary\/wp-json\/wp\/v2\/media\/8665"}],"wp:attachment":[{"href":"https:\/\/www.greenpeace.org\/hungary\/wp-json\/wp\/v2\/media?parent=8664"}],"wp:term":[{"taxonomy":"category","embeddable":true,"href":"https:\/\/www.greenpeace.org\/hungary\/wp-json\/wp\/v2\/categories?post=8664"},{"taxonomy":"post_tag","embeddable":true,"href":"https:\/\/www.greenpeace.org\/hungary\/wp-json\/wp\/v2\/tags?post=8664"},{"taxonomy":"p4-page-type","embeddable":true,"href":"https:\/\/www.greenpeace.org\/hungary\/wp-json\/wp\/v2\/p4-page-type?post=8664"}],"curies":[{"name":"wp","href":"https:\/\/api.w.org\/{rel}","templated":true}]}}