{"id":8668,"date":"2021-09-17T08:40:38","date_gmt":"2021-09-17T06:40:38","guid":{"rendered":"https:\/\/www.greenpeace.org\/hungary\/?p=8668"},"modified":"2021-09-17T08:40:42","modified_gmt":"2021-09-17T06:40:42","slug":"2022-ben-a-klimankrol-a-jovonkrol-szavazunk","status":"publish","type":"post","link":"https:\/\/www.greenpeace.org\/hungary\/sajtokozlemeny\/8668\/2022-ben-a-klimankrol-a-jovonkrol-szavazunk\/","title":{"rendered":"2022-ben a kl\u00edm\u00e1nkr\u00f3l, a j\u00f6v\u0151nkr\u0151l szavazunk"},"content":{"rendered":"\n<h2 class=\"wp-block-heading\">2030-ig kell cselekedn\u00fcnk, hogy megel\u0151zz\u00fck a kl\u00edmav\u00e1ls\u00e1g katasztrof\u00e1lis hat\u00e1sait<\/h2>\n\n<p><strong>Budapest, 2021. szeptember 17. \u2013 2030-ig maradt id\u0151nk cselekedni \u2013 figyelmeztet az IPCC \u2013, ha t\u00fal akarjuk \u00e9lni a XXI. sz\u00e1zadot. A 2022-es v\u00e1laszt\u00e1son hatalomra ker\u00fcl\u0151 korm\u00e1ny ennek az id\u0151szaknak a fel\u00e9ben fog korm\u00e1nyozni, ez\u00e9rt hatalmas a felel\u0151ss\u00e9ge. A v\u00e1laszt\u00e1son indul\u00f3 jel\u00f6ltek programj\u00e1t \u00e9rt\u00e9kelve a Greenpeace a k\u00f6vetkez\u0151kre jutott: eddigi korm\u00e1nyz\u00e1sa alapj\u00e1n Orb\u00e1n Viktor nem \u00e9rtette meg, korm\u00e1nyf\u0151k\u00e9nt mi lenne a feladata a kl\u00edma- \u00e9s \u00f6kol\u00f3giai v\u00e1ls\u00e1g elleni k\u00fczdelemben. De az el\u0151v\u00e1laszt\u00e1son indul\u00f3 <a rel=\"noreferrer noopener\" href=\"https:\/\/greenpeace.hu\/a-miniszterelnok-jeloltek-vallalasainak-ertekelese\" target=\"_blank\">minisztereln\u00f6k-jel\u00f6ltek eddigi v\u00e1llal\u00e1sai \u00e9s nyilv\u00e1noss\u00e1gra hozott programjai sem elegend\u0151ek<\/a> a jelenlegi helyzetben. [1] A Greenpeace Magyarorsz\u00e1g ez\u00e9rt minden, a 2022-es orsz\u00e1gos v\u00e1laszt\u00e1son indul\u00f3 p\u00e1rtt\u00f3l \u00e9s minisztereln\u00f6k-jel\u00f6ltt\u0151l az eddigiekn\u00e9l j\u00f3val ambici\u00f3zusabb \u00e9s konkr\u00e9tabb z\u00f6ld programot v\u00e1r, amely garant\u00e1lja, hogy korm\u00e1nyra ker\u00fcl\u00e9s eset\u00e9n megv\u00e9dik a magyar lakoss\u00e1got a k\u00f6rnyezeti v\u00e1ls\u00e1gok r\u00e1nk v\u00e1r\u00f3 s\u00falyos k\u00f6vetkezm\u00e9nyeit\u0151l.<\/strong><\/p>\n\n<figure class=\"wp-block-image size-large\"><img loading=\"lazy\" decoding=\"async\" width=\"1024\" height=\"683\" src=\"https:\/\/www.greenpeace.org\/static\/planet4-hungary-stateless\/2021\/09\/7097f076-49a0691_ed_1080-1024x683.jpg\" alt=\"\" class=\"wp-image-8669\" srcset=\"https:\/\/www.greenpeace.org\/static\/planet4-hungary-stateless\/2021\/09\/7097f076-49a0691_ed_1080-1024x683.jpg 1024w, https:\/\/www.greenpeace.org\/static\/planet4-hungary-stateless\/2021\/09\/7097f076-49a0691_ed_1080-300x200.jpg 300w, https:\/\/www.greenpeace.org\/static\/planet4-hungary-stateless\/2021\/09\/7097f076-49a0691_ed_1080-768x512.jpg 768w, https:\/\/www.greenpeace.org\/static\/planet4-hungary-stateless\/2021\/09\/7097f076-49a0691_ed_1080-1536x1024.jpg 1536w, https:\/\/www.greenpeace.org\/static\/planet4-hungary-stateless\/2021\/09\/7097f076-49a0691_ed_1080-510x340.jpg 510w, https:\/\/www.greenpeace.org\/static\/planet4-hungary-stateless\/2021\/09\/7097f076-49a0691_ed_1080.jpg 1620w\" sizes=\"auto, (max-width: 1024px) 100vw, 1024px\" \/><figcaption>Fot\u00f3: J\u00e1rd\u00e1ny Bence \/ Greenpeace<\/figcaption><\/figure>\n\n<p><em>\u201e2030-ig maradt id\u0151nk cselekedni, ha t\u00fal akarjuk \u00e9lni a kl\u00edmav\u00e1ls\u00e1got \u2013 erre figyelmeztettek az IPCC tud\u00f3sai elh\u00edres\u00fclt jelent\u00e9s\u00fckben. [2] A 2022-es orsz\u00e1ggy\u0171l\u00e9si v\u00e1laszt\u00e1son ennek a 8 \u00e9vnek a fel\u00e9t fogjuk a k\u00f6vetkez\u0151 magyar korm\u00e1ny kez\u00e9be adni. Ez felfoghatatlan felel\u0151ss\u00e9g. De felfoghatatlan lehet\u0151s\u00e9g is.\u201d<\/em> \u2013 kezdte Perger Andr\u00e1s, a Greenpeace Magyarorsz\u00e1g kl\u00edma- \u00e9s energiakamp\u00e1ny-felel\u0151se a v\u00e1laszt\u00e1son indul\u00f3 minisztereln\u00f6k-jel\u00f6ltek z\u00f6ld programjainak \u00e9rt\u00e9kel\u00e9s\u00e9t.<\/p>\n\n<p>A Greenpeace Magyarorsz\u00e1g \u00e9rt\u00e9kel\u00e9se szerint <strong>Orb\u00e1n Viktor<\/strong> eddigi korm\u00e1nyz\u00e1sa egy\u00e9rtelm\u0171en azt mutatja, hogy ahelyett, hogy igyekezne megv\u00e9deni a lakoss\u00e1got a kl\u00edma- \u00e9s \u00f6kol\u00f3giai v\u00e1ls\u00e1g hat\u00e1sait\u00f3l, tetteivel csak tov\u00e1bb s\u00falyosb\u00edtja azt. A helyzetet nem jav\u00edtotta az sem, hogy a jelenlegi minisztereln\u00f6k a szervezet t\u00f6bbsz\u00f6ri k\u00e9r\u00e9se ellen\u00e9re sem hozta nyilv\u00e1noss\u00e1gra 2022-t\u0151l \u00e9rv\u00e9nyes z\u00f6ld programj\u00e1t.<\/p>\n\n<p>Orb\u00e1n Viktor mellett <strong>M\u00e1rki-Zay P\u00e9ter<\/strong> sem k\u00fcld\u00f6tt programot a k\u00f6rnyezetv\u00e9delmi szervezetnek. <strong>Dobrev Kl\u00e1ra<\/strong> (egy, a level\u00e9ben k\u00f6z\u00f6lt r\u00f6vid \u00f6ssze\u00e1ll\u00edt\u00e1st\u00f3l eltekintve), \u00e9s <strong>Jakab P\u00e9ter<\/strong> ugyancsak nem k\u00fcldtek \u00f6n\u00e1ll\u00f3 elk\u00e9pzel\u00e9seket tartalmaz\u00f3 anyagot, de hivatkoztak az ellenz\u00e9k K\u00f6z\u00f6s Alap nev\u0171 programj\u00e1ra. <strong>Fekete-Gy\u0151r Andr\u00e1s<\/strong> a Momentum Mozgalom \u201eMomentum egy Kl\u00edmabar\u00e1t orsz\u00e1g\u00e9rt\u201d, <strong>Kar\u00e1csony Gergely<\/strong> a 99 mozgalom \u201eZ\u00f6ld Magyarorsz\u00e1g\u201d c\u00edm\u0171 programj\u00e1t juttatta el a Greenpeace-nek.<\/p>\n\n<p>A k\u00f6rnyezetv\u00e9delmi szervezet \u00f6sszess\u00e9g\u00e9ben a k\u00f6rnyezeti v\u00e1ls\u00e1g s\u00falyoss\u00e1ga alapj\u00e1n \u00f6ssze\u00e1ll\u00edtott saj\u00e1t szempontrendszere ment\u00e9n v\u00e9gzett \u00e9rt\u00e9kel\u00e9s sor\u00e1n \u00fagy tal\u00e1lta, hogy a minisztereln\u00f6k-jel\u00f6ltek pillanatnyilag nem mutatnak elegend\u0151 elk\u00f6telez\u0151d\u00e9st a k\u00f6rnyezeti v\u00e9szhelyzet kezel\u00e9s\u00e9re, \u00e9s nem ny\u00fajtanak konkr\u00e9t garanci\u00e1kat arra, hogy korm\u00e1nyra ker\u00fcl\u00e9s\u00fck eset\u00e9n val\u00f3ban meg tudn\u00e1k v\u00e9deni a m\u00e1r most is sz\u00e1mos form\u00e1ban s\u00fajt\u00f3 k\u00f6rnyezeti v\u00e1ls\u00e1gok k\u00f6vetkezm\u00e9nyeit\u0151l Magyarorsz\u00e1g lakoss\u00e1g\u00e1t \u00e9s \u00e9l\u0151vil\u00e1g\u00e1t. A Greenpeace r\u00e9szletes, a programokat a legfontosabb k\u00e9rd\u00e9sek ment\u00e9n \u00f6sszehasonl\u00edt\u00f3 elemz\u00e9se a <a href=\"https:\/\/greenpeace.hu\/a-miniszterelnok-jeloltek-vallalasainak-ertekelese\" target=\"_blank\" rel=\"noreferrer noopener\">greenpeace.hu\/a-miniszterelnok-jeloltek-vallalasainak-ertekelese<\/a> linken olvashat\u00f3. [1]<\/p>\n\n<p><em>\u201eMik\u00f6zben r\u00e9m\u00fcletes temp\u00f3ban pusztul az \u00e9l\u0151vil\u00e1g, az idei ny\u00e1r a h\u0151hull\u00e1mokkal, az asz\u00e1lyokkal, az erd\u0151t\u00fczekkel, a s\u00falyos viharokkal, vill\u00e1m\u00e1rvizekkel vil\u00e1gosan megmutatta, hogy mekkora bajban vagyunk, \u00e9s hova juthatunk, ha nem cseleksz\u00fcnk azonnal. Els\u0151sorban a vezet\u0151k feladata \u00e9s felel\u0151ss\u00e9ge, hogy legyen tiszta f\u00f6ld, v\u00edz, leveg\u0151 \u2013 sz\u00e1munkra \u00e9s gyermekeink, unok\u00e1ink sz\u00e1m\u00e1ra. Egy hatalmon l\u00e9v\u0151 vagy korm\u00e1nyra k\u00e9sz\u00fcl\u0151 politikus ez\u00e9rt b\u00e1tran \u00e9l\u00e9re kell \u00e1lljon a kl\u00edma- \u00e9s \u00f6kol\u00f3giai v\u00e1ls\u00e1g elleni harcnak.\u201d<\/em> \u2013 nyilatkozta Perger Andr\u00e1s.<\/p>\n\n<p>A Greenpeace Magyarorsz\u00e1g azt v\u00e1rja minden, 2022-ben lehets\u00e9gesen korm\u00e1nyra ker\u00fcl\u0151 minisztereln\u00f6k-jel\u00f6ltt\u0151l, hogy konkr\u00e9t v\u00e1llal\u00e1sokkal egy\u00e9rtelm\u0171v\u00e9 teszi, hogy a k\u00f6rnyezeti v\u00e1ls\u00e1gok elleni harc \u00e9l\u00e9re \u00e1llva megv\u00e9di Magyarorsz\u00e1g lakoss\u00e1g\u00e1t \u00e9s \u00e9l\u0151vil\u00e1g\u00e1t.<\/p>\n\n<p>A z\u00f6ld szervezet azt \u00edg\u00e9ri, hogy a v\u00e1laszt\u00e1sokig folyamatosan nyomon k\u00f6veti, \u00e9rt\u00e9keli \u00e9s sz\u00e1mon k\u00e9ri a jel\u00f6ltek z\u00f6ld v\u00e1llal\u00e1sait, megsz\u00f3lal\u00e1sait \u00e9s politikai d\u00f6nt\u00e9seit, hogy ezzel is seg\u00edtsen a v\u00e1laszt\u00f3knak tudatosan, j\u00f3l inform\u00e1ltan d\u00f6nteni az orsz\u00e1gos v\u00e1laszt\u00e1sokon, \u00e9s el\u00e9rje, hogy 2022-t\u0151l olyan korm\u00e1nya legyen Magyarorsz\u00e1gnak, amely \u00e9rdemben cselekszik a term\u00e9szet \u00e9s az \u00e9ghajlat meg\u00f3v\u00e1s\u00e1\u00e9rt.<\/p>\n\n<p><strong>Jegyzetek:<\/strong><br><br>[1] A 2022-es orsz\u00e1gos v\u00e1laszt\u00e1sokon indul\u00f3 minisztereln\u00f6k-jel\u00f6ltek 2021. augusztus 31-ig nyilv\u00e1noss\u00e1gra hozott z\u00f6ld programjait \u00e9rt\u00e9kel\u0151 Greenpeace-honlap: <a href=\"https:\/\/greenpeace.hu\/a-miniszterelnok-jeloltek-vallalasainak-ertekelese\" target=\"_blank\" rel=\"noreferrer noopener\">https:\/\/greenpeace.hu\/a-miniszterelnok-jeloltek-vallalasainak-ertekelese<\/a><\/p>\n\n<p>[2] A Greenpeace Magyarorsz\u00e1g \u00e1ltal kiadott sajt\u00f3k\u00f6zlem\u00e9ny az \u00c9ghajlatv\u00e1ltoz\u00e1si Korm\u00e1nyk\u00f6zi Test\u00fclet (IPCC, Intergovernmental Panel on Climate Change) Hatodik \u00c9rt\u00e9kel\u0151 Jelent\u00e9s\u00e9nek (6th Assessment Report) els\u0151 fejezete nyom\u00e1n: <a href=\"https:\/\/www.greenpeace.org\/hungary\/sajtokozlemeny\/8613\/itt-az-uj-ipcc-jelentes-nincs-ido-a-kifogasokra-ha-el-akarjuk-kerulni-a-klimakatasztrofat\/\" target=\"_blank\" rel=\"noreferrer noopener\">https:\/\/www.greenpeace.org\/hungary\/sajtokozlemeny\/8613\/itt-az-uj-ipcc-jelentes-nincs-ido-a-kifogasokra-ha-el-akarjuk-kerulni-a-klimakatasztrofat\/<\/a><\/p>\n","protected":false},"excerpt":{"rendered":"<p>Budapest, 2021. szeptember 17. \u2013 2030-ig maradt id\u0151nk cselekedni \u2013 figyelmeztet az IPCC \u2013, ha t\u00fal akarjuk \u00e9lni a XXI. sz\u00e1zadot. A 2022-es v\u00e1laszt\u00e1son hatalomra ker\u00fcl\u0151 korm\u00e1ny ennek az id\u0151szaknak&hellip;<\/p>\n","protected":false},"author":32,"featured_media":8669,"comment_status":"closed","ping_status":"closed","sticky":false,"template":"","format":"standard","meta":{"ep_exclude_from_search":false,"p4_og_title":"","p4_og_description":"","p4_og_image":"","p4_og_image_id":"","p4_seo_canonical_url":"","p4_campaign_name":"not set","p4_local_project":"not set","p4_basket_name":"not set","p4_department":"","footnotes":""},"categories":[4],"tags":[6,34],"p4-page-type":[37],"class_list":["post-8668","post","type-post","status-publish","format-standard","has-post-thumbnail","hentry","category-ember-tarsadalom","tag-klimavedelem","tag-levego","p4-page-type-sajtokozlemeny"],"_links":{"self":[{"href":"https:\/\/www.greenpeace.org\/hungary\/wp-json\/wp\/v2\/posts\/8668","targetHints":{"allow":["GET"]}}],"collection":[{"href":"https:\/\/www.greenpeace.org\/hungary\/wp-json\/wp\/v2\/posts"}],"about":[{"href":"https:\/\/www.greenpeace.org\/hungary\/wp-json\/wp\/v2\/types\/post"}],"author":[{"embeddable":true,"href":"https:\/\/www.greenpeace.org\/hungary\/wp-json\/wp\/v2\/users\/32"}],"replies":[{"embeddable":true,"href":"https:\/\/www.greenpeace.org\/hungary\/wp-json\/wp\/v2\/comments?post=8668"}],"version-history":[{"count":1,"href":"https:\/\/www.greenpeace.org\/hungary\/wp-json\/wp\/v2\/posts\/8668\/revisions"}],"predecessor-version":[{"id":8670,"href":"https:\/\/www.greenpeace.org\/hungary\/wp-json\/wp\/v2\/posts\/8668\/revisions\/8670"}],"wp:featuredmedia":[{"embeddable":true,"href":"https:\/\/www.greenpeace.org\/hungary\/wp-json\/wp\/v2\/media\/8669"}],"wp:attachment":[{"href":"https:\/\/www.greenpeace.org\/hungary\/wp-json\/wp\/v2\/media?parent=8668"}],"wp:term":[{"taxonomy":"category","embeddable":true,"href":"https:\/\/www.greenpeace.org\/hungary\/wp-json\/wp\/v2\/categories?post=8668"},{"taxonomy":"post_tag","embeddable":true,"href":"https:\/\/www.greenpeace.org\/hungary\/wp-json\/wp\/v2\/tags?post=8668"},{"taxonomy":"p4-page-type","embeddable":true,"href":"https:\/\/www.greenpeace.org\/hungary\/wp-json\/wp\/v2\/p4-page-type?post=8668"}],"curies":[{"name":"wp","href":"https:\/\/api.w.org\/{rel}","templated":true}]}}