{"id":8700,"date":"2021-10-14T12:37:24","date_gmt":"2021-10-14T10:37:24","guid":{"rendered":"https:\/\/www.greenpeace.org\/hungary\/?p=8700"},"modified":"2021-12-01T13:24:01","modified_gmt":"2021-12-01T12:24:01","slug":"az-europai-bizottsaghoz-fordult-a-greenpeace-ausztria-is-a-ferto-tavi-beruhazas-miatt","status":"publish","type":"post","link":"https:\/\/www.greenpeace.org\/hungary\/blog\/8700\/az-europai-bizottsaghoz-fordult-a-greenpeace-ausztria-is-a-ferto-tavi-beruhazas-miatt\/","title":{"rendered":"Az Eur\u00f3pai Bizotts\u00e1ghoz fordult a Greenpeace Ausztria is a Fert\u0151 tavi beruh\u00e1z\u00e1s miatt"},"content":{"rendered":"\n<p>A mai napon panaszt ny\u00fajtott be az Eur\u00f3pai Bizotts\u00e1ghoz az \u00d6kob\u00fcro \u00e1ltal k\u00e9pviselt Greenpeace Ausztria a Fert\u0151 tavi beruh\u00e1z\u00e1ssal kapcsolatban. Tudom\u00e1sunk szerint hi\u00e1ba k\u00e9rt\u00e9k ugyanis, a magyar hat\u00f3s\u00e1gok nem engedt\u00e9k, hogy osztr\u00e1k szak\u00e9rt\u0151k is r\u00e9szt vegyenek a beruh\u00e1z\u00e1s k\u00f6rnyezeti hat\u00e1svizsg\u00e1lat\u00e1ban, \u00e9s ezzel a magyar korm\u00e1ny egy\u00e9rtelm\u0171en uni\u00f3s jogot s\u00e9rtett. A t\u00f3 magyar oldal\u00e1n, a Fert\u0151r\u00e1koson zajl\u00f3 \u00e9p\u00edtkez\u00e9s csup\u00e1n egy kilom\u00e9terre van az osztr\u00e1k hat\u00e1rt\u00f3l, \u00edgy nyilv\u00e1nval\u00f3, hogy a k\u00f6rnyezeti hat\u00e1sok mindk\u00e9t orsz\u00e1gban \u00e9rz\u00e9kelhet\u0151k lesznek. Mind az osztr\u00e1k, mind a magyar Greenpeace a beruh\u00e1z\u00e1s azonnali le\u00e1ll\u00edt\u00e1s\u00e1t k\u00f6veteli. A magyar term\u00e9szetv\u00e9d\u0151k egy\u00e9bk\u00e9nt m\u00e1r h\u00f3napokkal ezel\u0151tt panaszt tettek a projekt miatt az Eur\u00f3pai Bizotts\u00e1gn\u00e1l, \u00e9s <a href=\"https:\/\/blog.atlatszo.hu\/2021\/06\/europai-unios-eljaras-indult-a-ferto-to-ugyeben\/\">folyamatban is van egy \u00fan. EU-s pilot elj\u00e1r\u00e1s<\/a> az \u00fcgyben. Ez a k\u00f6telezetts\u00e9gszeg\u00e9si elj\u00e1r\u00e1sok el\u0151tti \u00e1llom\u00e1s, amikor az \u00e9rintett f\u00e9l lehet\u0151s\u00e9get kap r\u00e1, hogy tiszt\u00e1zza a felmer\u00fclt probl\u00e9m\u00e1kat, az \u00e9p\u00edtkez\u00e9s azonban ezid\u0151 alatt is folyamatosan halad.&nbsp;&nbsp;&nbsp;<\/p>\n\n<p>A Greenpeace Magyarorsz\u00e1g \u00e1prilisban b\u00edr\u00f3s\u00e1gon t\u00e1madta meg a Fert\u0151 tavi projekt enged\u00e9lyez\u00e9s\u00e9t, j\u00faniusban pedig aktivist\u00e1k szedt\u00e9k le azokat a h\u00e1l\u00f3kat, amelyekkel meg akart\u00e1k akad\u00e1lyozni, hogy a fecsk\u00e9k visszat\u00e9rjenek r\u00e9gi f\u00e9szkeikhez k\u00f6lteni az \u00e9p\u00edtkez\u00e9s helysz\u00edn\u00e9n. Az aktivista ellen a beruh\u00e1z\u00f3 c\u00e9g b\u00fcntet\u0151feljelent\u00e9st tett, \u00e1m az \u00fcgy\u00e9szs\u00e9g <a href=\"https:\/\/orszagszerte.atlatszo.hu\/bortonbe-kuldte-volna-a-kornyezetvedo-aktivistakat-a-ferto-tavi-beruhazasert-felelos-allami-ceg\/\">most kimondta: nem t\u00f6rt\u00e9nt b\u0171ncselekm\u00e9ny, maximum szab\u00e1lys\u00e9rt\u00e9s<\/a>. A ny\u00e1r folyam\u00e1n tov\u00e1bb\u00e1 t\u00e1j\u00e9koztattuk a vizes \u00e9l\u0151helyek v\u00e9delm\u00e9\u00e9rt felel\u0151s Ramsari egyezm\u00e9ny nemzetk\u00f6zi titk\u00e1rs\u00e1g\u00e1t is a term\u00e9szetpuszt\u00edt\u00e1sr\u00f3l, majd a <a href=\"https:\/\/www.greenpeace.org\/hungary\/sajtokozlemeny\/8582\/nyilt-level-orban-viktor-miniszterelnoknek-vizes-elohelyeink-a-ferto-to-megorzeseert\/\">minisztereln\u00f6knek is levelet <\/a>\u00edrtunk az \u00fcgyben, amelyre a korm\u00e1ny term\u00e9szetv\u00e9delem\u00e9rt felel\u0151s minisztere, a jelenlegi agr\u00e1rminiszter v\u00e1laszolt: v\u00e9lem\u00e9nye szerint <a href=\"https:\/\/www.greenpeace.org\/hungary\/sajtokozlemeny\/8644\/az-agrarminiszter-greenpeace-nek-irt-leveleben-all-ki-a-termeszetpusztito-ferto-tavi-luxusberuhazas-mellett\/\">semmi gond a Fert\u0151 tavi beruh\u00e1z\u00e1ssal<\/a>.&nbsp;<\/p>\n\n<p>Sem mi, sem pedig az osztr\u00e1k koll\u00e9g\u00e1ink nem fogj\u00e1k feladni.<em> \u201e\u200bTov\u00e1bbra is azt k\u00f6vetelj\u00fck a korm\u00e1nyt\u00f3l, hogy azonnal \u00e1ll\u00edtsa le a Fert\u0151 tavi luxusberuh\u00e1z\u00e1st! Nem engedhetj\u00fck, hogy t\u00f6nkretegy\u00e9k rendk\u00edv\u00fcl \u00e9rt\u00e9kes v\u00e9dett ter\u00fclet\u00fcnket, elh\u00e1rd\u00e1lj\u00e1k a k\u00f6zp\u00e9nzeket ilyen m\u00f3don, amely nem az ott \u00e9l\u0151k, nem a teljes magyar lakoss\u00e1g \u00e9rdek\u00e9t szolg\u00e1lja, hanem csak egy sz\u0171k, gazdas\u00e1gi elit tov\u00e1bbi k\u00e9nyelm\u00e9t \u00e9s gazdagod\u00e1s\u00e1t, mik\u00f6zben mindannyiunk k\u00f6z\u00f6s vagyon\u00e1t, term\u00e9szeti kincseinket puszt\u00edtja el ez a beruh\u00e1z\u00e1s!\u201d<\/em> \u2013 mondta dr. Rodics Katalin, a Greenpeace biodiverzit\u00e1skamp\u00e1ny-felel\u0151se.<\/p>\n\n<p>Az els\u0151 \u00e9s egyetlen hat\u00e1ron \u00e1tny\u00fal\u00f3 nemzeti parkunkban, a Fert\u0151-Hans\u00e1g Nemzeti Parkban k\u00f6zp\u00e9nzb\u0151l a magyar korm\u00e1ny 100 szob\u00e1s luxussz\u00e1llod\u00e1t tervez \u00e9p\u00edteni 880 parkol\u00f3hellyel rendelkez\u0151 t\u00f6bbszintes parkol\u00f3val, mellette apartmanh\u00e1zakkal \u00e9s hatalmas fedett sportkomplexummal, m\u0171f\u00fcves focip\u00e1ly\u00e1kkal, teniszp\u00e1ly\u00e1kkal, valamint egy 850 vitorl\u00e1shaj\u00f3ra m\u00e9retezett kik\u00f6t\u0151vel, ami 60 hekt\u00e1rt has\u00edt ki a n\u00e1dasb\u00f3l \u00e9s a t\u00f3 medr\u00e9b\u0151l. Mindez egy olyan ter\u00fcleten, amely minden l\u00e9tez\u0151 hazai \u00e9s nemzetk\u00f6zi term\u00e9szetv\u00e9delmi jogszab\u00e1ly \u00e1ltal v\u00e9dett ter\u00fclet: Nemzeti Park, Natura 2000 ter\u00fclet, a Ramsari Egyezm\u00e9ny \u00e1ltal v\u00e9dett vizes \u00e9l\u0151hely, r\u00e1ad\u00e1sul az UNESCO Vil\u00e1g\u00f6r\u00f6ks\u00e9gi ter\u00fclet magter\u00fclete.<\/p>\n\n<div class=\"wp-block-image caption-alignment-right\"><figure class=\"aligncenter size-large\"><img decoding=\"async\" src=\"https:\/\/www.greenpeace.org\/static\/planet4-hungary-stateless\/2021\/10\/baf38e57-2021_10-gp-neusiedlersee-cgreenpeace-7_1080-1024x575.jpg\" alt=\"\" class=\"wp-image-8705\"\/><figcaption> A beruh\u00e1z\u00e1s helysz\u00edne 2021. okt\u00f3ber\u00e9ben. Fot\u00f3: Greenpeace <\/figcaption><\/figure><\/div>\n\n<p>Kor\u00e1bbi sajt\u00f3k\u00f6zlem\u00e9nyek a t\u00e9m\u00e1ban:<\/p>\n\n<ul class=\"wp-block-list\"><li><a href=\"https:\/\/www.greenpeace.org\/hungary\/sajtokozlemeny\/8644\/az-agrarminiszter-greenpeace-nek-irt-leveleben-all-ki-a-termeszetpusztito-ferto-tavi-luxusberuhazas-mellett\/\">https:\/\/www.greenpeace.org\/hungary\/sajtokozlemeny\/8644\/az-agrarminiszter-greenpeace-nek-irt-leveleben-all-ki-a-termeszetpusztito-ferto-tavi-luxusberuhazas-mellett<\/a><\/li><li><a href=\"https:\/\/www.greenpeace.org\/hungary\/sajtokozlemeny\/8582\/nyilt-level-orban-viktor-miniszterelnoknek-vizes-elohelyeink-a-ferto-to-megorzeseert\/\">https:\/\/www.greenpeace.org\/hungary\/sajtokozlemeny\/8582\/nyilt-level-orban-viktor-miniszterelnoknek-vizes-elohelyeink-a-ferto-to-megorzeseert<\/a><\/li><li><a href=\"https:\/\/www.greenpeace.org\/hungary\/sajtokozlemeny\/8411\/fecskeket-mentett-udvaros-dorottya-es-a-greenpeace-a-ferto-tavi-luxusberuhazastol\/?utm_medium=email&amp;utm_source=act.greenpeace.org&amp;utm_campaign=HU210614+PressList+Ferto+video&amp;utm_content=HU210614+PressList+Fert%C5%91+video\">https:\/\/www.greenpeace.org\/hungary\/sajtokozlemeny\/8411\/fecskeket-mentett-udvaros-dorottya-es-a-greenpeace-a-ferto-tavi-luxusberuhazastol\/<\/a><\/li><li><a href=\"https:\/\/www.greenpeace.org\/hungary\/sajtokozlemeny\/8401\/a-greenpeace-es-a-nagy-tavak-koalicio-mellett-mar-az-unesco-is-a-ferto-tavi-nagyberuhazas-leallitasat-surgeti\/?utm_medium=email&amp;utm_source=act.greenpeace.org&amp;utm_campaign=HU210614+PressList+Ferto+video&amp;utm_content=HU210614+PressList+Fert%C5%91+video\">https:\/\/www.greenpeace.org\/hungary\/sajtokozlemeny\/8401\/a-greenpeace-es-a-nagy-tavak-koalicio-mellett-mar-az-unesco-is-a-ferto-tavi-nagyberuhazas-leallitasat-surgeti\/<\/a><\/li><li><a href=\"https:\/\/www.greenpeace.org\/hungary\/sajtokozlemeny\/8287\/a-greenpeace-birosagon-tamadja-meg-a-termeszetrombolo-ferto-tavi-nagyberuhazast\/?utm_medium=email&amp;utm_source=act.greenpeace.org&amp;utm_campaign=HU210614+PressList+Ferto+video&amp;utm_content=HU210614+PressList+Fert%C5%91+video\">https:\/\/www.greenpeace.org\/hungary\/sajtokozlemeny\/8287\/a-greenpeace-birosagon-tamadja-meg-a-termeszetrombolo-ferto-tavi-nagyberuhazast\/<\/a><\/li><\/ul>\n\t\t\t<section\n\t\t\tclass=\"boxout post-8330 \"\n\t\t\t\n\t\t>\n\t\t\t<a\n\t\t\t\tdata-ga-category=\"Take Action Boxout\"\n\t\t\t\tdata-ga-action=\"Image\"\n\t\t\t\tdata-ga-label=\"n\/a\"\n\t\t\t\tclass=\"cover-card-overlay\"\n\t\t\t\thref=\"https:\/\/www.greenpeace.org\/hungary\/cselekedj\/vedjuk-meg-a-termeszet-sokszinuseget\/\" \n\t\t\t><\/a>\n\t\t\t\t\t\t\t<img\n\t\t\t\t\t\tsrc=\"https:\/\/www.greenpeace.org\/static\/planet4-hungary-stateless\/2021\/04\/d2cea2ab-termeszet_dzs.jpg\"\n\t\t\t\t\t\tsrcset=\"https:\/\/www.greenpeace.org\/static\/planet4-hungary-stateless\/2021\/04\/d2cea2ab-termeszet_dzs-300x200.jpg 300w, https:\/\/www.greenpeace.org\/static\/planet4-hungary-stateless\/2021\/04\/d2cea2ab-termeszet_dzs-768x512.jpg 768w, https:\/\/www.greenpeace.org\/static\/planet4-hungary-stateless\/2021\/04\/d2cea2ab-termeszet_dzs-510x340.jpg 510w, https:\/\/www.greenpeace.org\/static\/planet4-hungary-stateless\/2021\/04\/d2cea2ab-termeszet_dzs.jpg 1024w\"\n\t\t\t\t\t\tsizes=\"(min-width: 1000px) 358px, (min-width: 780px) 313px, 88px\"\n\t\t\t\t\t\talt=\"\" title=\"\"\n\t\t\t\t\/>\n            \t\t\t<div class=\"boxout-content\">\n\t\t\t\t\t\t\t\t\t<a\n\t\t\t\t\t\tclass=\"boxout-heading medium\"\n\t\t\t\t\t\tdata-ga-category=\"Take Action Boxout\"\n\t\t\t\t\t\tdata-ga-action=\"Title\"\n\t\t\t\t\t\tdata-ga-label=\"n\/a\"\n\t\t\t\t\t\thref=\"https:\/\/www.greenpeace.org\/hungary\/cselekedj\/vedjuk-meg-a-termeszet-sokszinuseget\/\"\n\t\t\t\t\t\t\n\t\t\t\t\t>\n\t\t\t\t\t\tV\u00e9dj\u00fck meg a term\u00e9szet soksz\u00edn\u0171s\u00e9g\u00e9t!\n\t\t\t\t\t<\/a>\n\t\t\t\t\t\t\t\t\t\t\t\t\t<p class=\"boxout-excerpt\">Nem engedhetj\u00fck, hogy kevesek gazdas\u00e1gi \u00e9rdekei miatt kisaj\u00e1t\u00edts\u00e1k, elpuszt\u00edts\u00e1k k\u00f6z\u00f6s term\u00e9szeti kincseinket. V\u00e9delm\u00fcnkbe kell venn\u00fcnk haz\u00e1nk \u00e9l\u0151vil\u00e1g\u00e1t!<\/p>\n\t\t\t\t                                    <a\n                        class=\"btn btn-primary\"\n                        data-ga-category=\"Take Action Boxout\"\n                        data-ga-action=\"Call to Action\"\n                        data-ga-label=\"n\/a\"\n                        href=\"https:\/\/www.greenpeace.org\/hungary\/cselekedj\/vedjuk-meg-a-termeszet-sokszinuseget\/\"\n                        \n                    >\n                        Cselekszem\n                    <\/a>\n                \t\t\t<\/div>\n\t\t\t\t\t<\/section>\n\t","protected":false},"excerpt":{"rendered":"<p>A mai napon panaszt ny\u00fajtott be az Eur\u00f3pai Bizotts\u00e1ghoz az \u00d6kob\u00fcro \u00e1ltal k\u00e9pviselt Greenpeace Ausztria a Fert\u0151 tavi beruh\u00e1z\u00e1ssal kapcsolatban. <\/p>\n","protected":false},"author":25,"featured_media":8706,"comment_status":"closed","ping_status":"closed","sticky":false,"template":"","format":"standard","meta":{"ep_exclude_from_search":false,"p4_og_title":"","p4_og_description":"","p4_og_image":"","p4_og_image_id":"","p4_seo_canonical_url":"","p4_campaign_name":"not set","p4_local_project":"not set","p4_basket_name":"not set","p4_department":"","footnotes":""},"categories":[3],"tags":[20,31],"p4-page-type":[40],"class_list":["post-8700","post","type-post","status-publish","format-standard","has-post-thumbnail","hentry","category-termeszet-kornyezet","tag-elovilag","tag-viz","p4-page-type-blog"],"_links":{"self":[{"href":"https:\/\/www.greenpeace.org\/hungary\/wp-json\/wp\/v2\/posts\/8700","targetHints":{"allow":["GET"]}}],"collection":[{"href":"https:\/\/www.greenpeace.org\/hungary\/wp-json\/wp\/v2\/posts"}],"about":[{"href":"https:\/\/www.greenpeace.org\/hungary\/wp-json\/wp\/v2\/types\/post"}],"author":[{"embeddable":true,"href":"https:\/\/www.greenpeace.org\/hungary\/wp-json\/wp\/v2\/users\/25"}],"replies":[{"embeddable":true,"href":"https:\/\/www.greenpeace.org\/hungary\/wp-json\/wp\/v2\/comments?post=8700"}],"version-history":[{"count":7,"href":"https:\/\/www.greenpeace.org\/hungary\/wp-json\/wp\/v2\/posts\/8700\/revisions"}],"predecessor-version":[{"id":8797,"href":"https:\/\/www.greenpeace.org\/hungary\/wp-json\/wp\/v2\/posts\/8700\/revisions\/8797"}],"wp:featuredmedia":[{"embeddable":true,"href":"https:\/\/www.greenpeace.org\/hungary\/wp-json\/wp\/v2\/media\/8706"}],"wp:attachment":[{"href":"https:\/\/www.greenpeace.org\/hungary\/wp-json\/wp\/v2\/media?parent=8700"}],"wp:term":[{"taxonomy":"category","embeddable":true,"href":"https:\/\/www.greenpeace.org\/hungary\/wp-json\/wp\/v2\/categories?post=8700"},{"taxonomy":"post_tag","embeddable":true,"href":"https:\/\/www.greenpeace.org\/hungary\/wp-json\/wp\/v2\/tags?post=8700"},{"taxonomy":"p4-page-type","embeddable":true,"href":"https:\/\/www.greenpeace.org\/hungary\/wp-json\/wp\/v2\/p4-page-type?post=8700"}],"curies":[{"name":"wp","href":"https:\/\/api.w.org\/{rel}","templated":true}]}}