{"id":8729,"date":"2021-11-02T13:58:48","date_gmt":"2021-11-02T12:58:48","guid":{"rendered":"https:\/\/www.greenpeace.org\/hungary\/?p=8729"},"modified":"2021-11-02T13:58:51","modified_gmt":"2021-11-02T12:58:51","slug":"a-peszticidado-felere-csokkenthetne-a-novenyvedoszer-hasznalatot","status":"publish","type":"post","link":"https:\/\/www.greenpeace.org\/hungary\/blog\/8729\/a-peszticidado-felere-csokkenthetne-a-novenyvedoszer-hasznalatot\/","title":{"rendered":"A peszticidad\u00f3 fel\u00e9re cs\u00f6kkenthetn\u00e9 a n\u00f6v\u00e9nyv\u00e9d\u0151szer-haszn\u00e1latot"},"content":{"rendered":"\n<p><strong>Az uni\u00f3s Z\u00f6ld Meg\u00e1llapod\u00e1s (Green Deal) \u00e9rtelm\u00e9ben 2030-ig fel\u00e9re kell cs\u00f6kkenteni Eur\u00f3p\u00e1ban a k\u00e9miai n\u00f6v\u00e9nyv\u00e9d\u0151 szerek (peszticidek) haszn\u00e1lat\u00e1t ahhoz, hogy meg\u00f3vjuk a term\u00e9szetet \u00e9s a saj\u00e1t eg\u00e9szs\u00e9g\u00fcnket. A Helmholtz K\u00f6rnyezetv\u00e9delmi Kutat\u00f3int\u00e9zetet (UFZ) k\u00e9sz\u00edtett egy tanulm\u00e1nyt, amelyben N\u00e9metorsz\u00e1g p\u00e9ld\u00e1j\u00e1n kereszt\u00fcl mutatja be, hogyan lehetne az EU \u00e1ltal kit\u0171z\u00f6tt c\u00e9lt el\u00e9rni azzal, ha \u00fan. peszticidad\u00f3t vezetn\u00e9nek be a k\u00e1ros n\u00f6v\u00e9nyv\u00e9d\u0151 szerekre. A kezdem\u00e9nyez\u00e9s nem egyed\u00fcl\u00e1ll\u00f3, m\u00e1r van olyan orsz\u00e1g Eur\u00f3p\u00e1ban, ahol sikerrel alkalmazz\u00e1k ezt a m\u00f3dszert.<\/strong><\/p>\n\n<figure class=\"wp-block-image size-full\"><img loading=\"lazy\" decoding=\"async\" width=\"800\" height=\"533\" src=\"https:\/\/www.greenpeace.org\/static\/planet4-hungary-stateless\/2021\/10\/819b0698-gp030hv_web_size.jpg\" alt=\"\" class=\"wp-image-8732\" srcset=\"https:\/\/www.greenpeace.org\/static\/planet4-hungary-stateless\/2021\/10\/819b0698-gp030hv_web_size.jpg 800w, https:\/\/www.greenpeace.org\/static\/planet4-hungary-stateless\/2021\/10\/819b0698-gp030hv_web_size-300x200.jpg 300w, https:\/\/www.greenpeace.org\/static\/planet4-hungary-stateless\/2021\/10\/819b0698-gp030hv_web_size-768x512.jpg 768w, https:\/\/www.greenpeace.org\/static\/planet4-hungary-stateless\/2021\/10\/819b0698-gp030hv_web_size-510x340.jpg 510w\" sizes=\"auto, (max-width: 800px) 100vw, 800px\" \/><figcaption>Fot\u00f3: Angel Garcia \/ Greenpeace<\/figcaption><\/figure>\n\n<p>A civil szervezetek \u00e9s a n\u00e9met GLS Bank megb\u00edz\u00e1s\u00e1b\u00f3l k\u00e9sz\u00fclt tanulm\u00e1ny elk\u00e9sz\u00edt\u00e9s\u00e9ben k\u00f6zrem\u0171k\u00f6d\u0151 kutat\u00f3k k\u00fcl\u00f6nb\u00f6z\u0151 koncepci\u00f3kat vizsg\u00e1ltak, bele\u00e9rtve a D\u00e1ni\u00e1ban m\u00e1r m\u0171k\u00f6d\u0151 peszticidad\u00f3t, a skandin\u00e1v orsz\u00e1gban ugyanis 2013-ban m\u00e1r bevezett\u00e9k a mez\u0151gazdas\u00e1gi vegyszerek kock\u00e1zat\u00e1n alapul\u00f3 ad\u00f3z\u00e1si form\u00e1t. Egy saj\u00e1t fejleszt\u00e9s\u0171 adatb\u00e1zis-modell seg\u00edts\u00e9g\u00e9vel a kutat\u00f3k n\u00e9gy k\u00fcl\u00f6nb\u00f6z\u0151 ad\u00f3z\u00e1si forma hat\u00e1s\u00e1t modellezt\u00e9k, \u00e9s megn\u00e9zt\u00e9k, melyik hogyan hatna a n\u00f6v\u00e9nyv\u00e9d\u0151 szerek \u00e1r\u00e1ra, a peszticidek eladott mennyis\u00e9g\u00e9re, a kezelt ter\u00fclet nagys\u00e1g\u00e1ra, \u00e9s azt is, melyikkel mennyi lenne a becs\u00fclt ad\u00f3bev\u00e9tel.<\/p>\n\n<p>A <a href=\"https:\/\/www.gls.de\/privatkunden\/gls-bank\/politische-forderungen\/study-pesticide-tax-in-the-eu\/\" target=\"_blank\" rel=\"noreferrer noopener\">tanulm\u00e1nyban<\/a> azt is elemezt\u00e9k, hogy az EU-nak milyen jogi lehet\u0151s\u00e9gei lenn\u00e9nek az eg\u00e9sz Eur\u00f3pai Uni\u00f3ra kiterjed\u0151 \u00e1ltal\u00e1nos \u00e9rv\u00e9ny\u0171 peszticidad\u00f3 bevezet\u00e9s\u00e9re.<\/p>\n\n<p>Thomas Jorberg, a GLS Bank igazgat\u00f3s\u00e1g\u00e1nak sz\u00f3viv\u0151je is t\u00e1mogatja a peszticidad\u00f3 bevezet\u00e9s\u00e9t. A k\u00e9mia n\u00f6v\u00e9nyv\u00e9d\u0151 szerek ugyanis vesz\u00e9lyeztetik a biol\u00f3giai sokf\u00e9les\u00e9get \u00e9s s\u00falyos k\u00f6rnyezeti k\u00e1rokat okoznak. Az UFZ \u00e1ll\u00e1spontja szerint egy ilyen ad\u00f3 hat\u00e9konyan cs\u00f6kkenten\u00e9 a vegyszerhaszn\u00e1latot, az \u00edgy keletkezett bev\u00e9telb\u0151l pedig t\u00e1mogatni lehetne a mez\u0151gazdas\u00e1g \u00f6kol\u00f3giai szerkezet\u00e1talak\u00edt\u00e1s\u00e1t.<\/p>\n\n<p>A tanulm\u00e1ny szerz\u0151i azt javasolj\u00e1k, hogy ezt az ad\u00f3t kock\u00e1zati alapon vezess\u00e9k be az \u00f6sszes k\u00e9miai n\u00f6v\u00e9nyv\u00e9d\u0151 szerre az EU-ban, hogy ne csak a vegyszerek vesz\u00e9lyess\u00e9g\u00e9t, hanem a kilogrammonk\u00e9nti hat\u00e1s-intenzit\u00e1st is figyelembe tudj\u00e1k venni. \u00cdgy nemcsak az \u00e1ltal\u00e1nosan felhaszn\u00e1lt mennyis\u00e9g lenne kevesebb, hanem az is v\u00e1ltozna, hogy milyen er\u0151s m\u00e9rget haszn\u00e1lnak a gazd\u00e1k.<\/p>\n\n<figure class=\"wp-block-image size-full\"><img loading=\"lazy\" decoding=\"async\" width=\"800\" height=\"533\" src=\"https:\/\/www.greenpeace.org\/static\/planet4-hungary-stateless\/2021\/10\/2682f9b2-gp030hq_web_size.jpg\" alt=\"\" class=\"wp-image-8736\" srcset=\"https:\/\/www.greenpeace.org\/static\/planet4-hungary-stateless\/2021\/10\/2682f9b2-gp030hq_web_size.jpg 800w, https:\/\/www.greenpeace.org\/static\/planet4-hungary-stateless\/2021\/10\/2682f9b2-gp030hq_web_size-300x200.jpg 300w, https:\/\/www.greenpeace.org\/static\/planet4-hungary-stateless\/2021\/10\/2682f9b2-gp030hq_web_size-768x512.jpg 768w, https:\/\/www.greenpeace.org\/static\/planet4-hungary-stateless\/2021\/10\/2682f9b2-gp030hq_web_size-510x340.jpg 510w\" sizes=\"auto, (max-width: 800px) 100vw, 800px\" \/><figcaption> Fot\u00f3: Angel Garcia \/ Greenpeace<\/figcaption><\/figure>\n\n<p>A peszticidek hat\u00e9konys\u00e1ga k\u00f6z\u00f6tt ugyanis \u00f3ri\u00e1si k\u00fcl\u00f6nbs\u00e9gek lehetnek: van olyan szer, ami ezerszer hat\u00e1sosabb mint egy m\u00e1sik, \u00e9s ez\u00e9rt a k\u00f6rnyezeti hat\u00e1suk is nagym\u00e9rt\u00e9kben elt\u00e9r\u0151. A rendk\u00edv\u00fcl hat\u00e9kony term\u00e9kekb\u0151l csak n\u00e9h\u00e1ny gramm a megengedett, a kev\u00e9sb\u00e9 hat\u00e1sos szerekb\u0151l azonban t\u00f6bb kg-ot is ki lehet juttatni a k\u00f6rnyezetbe, mely jelent\u0151s k\u00e1rokat okoz a biodiverzit\u00e1sban.<\/p>\n\n<p><em>\u201eEmiatt fontos, hogy az ad\u00f3t a hekt\u00e1ronk\u00e9nt \u00e9s \u00e9venk\u00e9nt megengedett maxim\u00e1lis mennyis\u00e9ghez k\u00f6ss\u00e9k, \u00edgy a sz\u00e1nt\u00f3f\u00f6ldre \u00e9s a k\u00f6rnyezetre gyakorolt hat\u00e1sokat \u00e9s kock\u00e1zatokat is pontosabban lehetne sz\u00e1m\u00edt\u00e1sba venni.\u201d<\/em> \u2013 mondja Matthias Liess \u00f6kotoxikol\u00f3gus, a kutat\u00e1sban r\u00e9szt vev\u0151 egyik tud\u00f3s.<\/p>\n\n<p>Lars Neumeister peszticidszak\u00e9rt\u0151 szerint a gyomirt\u00f3 \u00e9s rovarirt\u00f3 szereket mindezen fel\u00fcl tov\u00e1bbi extra ad\u00f3val kellene s\u00fajtani, mert ezek a term\u00e9kek k\u00f6zvetlen\u00fcl \u00e9s k\u00f6zvetve is puszt\u00edtj\u00e1k az \u00e9l\u0151vil\u00e1got, cs\u00f6kkentik a biol\u00f3giai sokf\u00e9les\u00e9get \u2013 p\u00e9ld\u00e1ul puszt\u00edtj\u00e1k a rovarokat \u00e9s a madarakat \u2013, mik\u00f6zben m\u00e1r sz\u00e1mos m\u00e1s vegyszermentes alternat\u00edv\u00e1juk l\u00e9tezik.<\/p>\n\n<p>Stefan M\u00f6ckel tanulm\u00e1nyvezet\u0151 \u00e9s jogi szak\u00e9rt\u0151 szerint az EU az eg\u00e9szs\u00e9g\u00fcgy, a k\u00f6rnyezetv\u00e9delem \u00e9s a k\u00f6zvetett ad\u00f3k ter\u00fclet\u00e9n fenn\u00e1ll\u00f3 hat\u00e1sk\u00f6re alapj\u00e1n megteheti azt is, hogy bevezet egy ilyen, az eg\u00e9sz Eur\u00f3pai Uni\u00f3ra kiterjed\u0151 kock\u00e1zatalap\u00fa peszticidad\u00f3t.<\/p>\n\n<p>Haz\u00e1nkban most k\u00e9sz\u00fcl az \u00fan. Nemzeti Biodiverzit\u00e1s Strat\u00e9gia, ami gondoskodni tudna term\u00e9szeti \u00e9rt\u00e9keink v\u00e9delm\u00e9r\u0151l. Nagyon fontos, hogy ebben is megjelenjen konkr\u00e9t terv a peszticidek hat\u00e9kony visszaszor\u00edt\u00e1s\u00e1ra, hisz Magyarorsz\u00e1gon is dr\u00e1mai m\u00e9rt\u00e9kben cs\u00f6kkent az agr\u00e1rter\u00fcletek fajgazdags\u00e1ga.<\/p>\n\n<figure class=\"wp-block-image size-full\"><img loading=\"lazy\" decoding=\"async\" width=\"800\" height=\"534\" src=\"https:\/\/www.greenpeace.org\/static\/planet4-hungary-stateless\/2021\/10\/da4ce48f-gp0stq6uw_web_size.jpg\" alt=\"\" class=\"wp-image-8733\" srcset=\"https:\/\/www.greenpeace.org\/static\/planet4-hungary-stateless\/2021\/10\/da4ce48f-gp0stq6uw_web_size.jpg 800w, https:\/\/www.greenpeace.org\/static\/planet4-hungary-stateless\/2021\/10\/da4ce48f-gp0stq6uw_web_size-300x200.jpg 300w, https:\/\/www.greenpeace.org\/static\/planet4-hungary-stateless\/2021\/10\/da4ce48f-gp0stq6uw_web_size-768x513.jpg 768w, https:\/\/www.greenpeace.org\/static\/planet4-hungary-stateless\/2021\/10\/da4ce48f-gp0stq6uw_web_size-510x340.jpg 510w\" sizes=\"auto, (max-width: 800px) 100vw, 800px\" \/><figcaption>\u00a9 Richard Lutzbauer \/ Greenpeace<\/figcaption><\/figure>\n\n<p>Az erd\u0151sz\u00e9lek, \u00e1rokpartok \u00e9s mezsgy\u00e9k nemr\u00e9g m\u00e9g zsongtak a m\u00e9hekt\u0151l, lepk\u00e9kt\u0151l, bogarakt\u00f3l; gyakori volt a f\u00fcrj, a mezei pacsirta, a b\u00edbic, a billeget\u0151k \u00e9s a mezei verebek. Az \u00e9l\u0151l\u00e9nyeknek ez a hatalmas t\u00f6mege m\u00e1ra nagyon megfogyatkozott, olyannyira, hogy m\u00e9g a gyomn\u00f6v\u00e9nyek k\u00f6z\u00fcl is v\u00e9dett\u00e9 kellett nyilv\u00e1n\u00edtani n\u00e9h\u00e1nyat, annyira megritkultak. Ahhoz, hogy megments\u00fck, amit m\u00e9g lehet, halad\u00e9ktalanul \u00e1t kell alak\u00edtani a vegyszereken alapul\u00f3, intenz\u00edv, monokult\u00far\u00e1s mez\u0151gazdas\u00e1got. A megold\u00e1s az \u00f6kol\u00f3giai szeml\u00e9let\u0171 gazd\u00e1lkod\u00e1s, amellyel eg\u00e9szs\u00e9ges \u00e9lelmiszert lehet el\u0151\u00e1ll\u00edtani \u00fagy, hogy a termel\u00e9s nem k\u00e1ros\u00edtja az eg\u00e9szs\u00e9g\u00fcnket, nem puszt\u00edtja, hanem ink\u00e1bb seg\u00edti az \u00e9l\u0151vil\u00e1g gy\u00f3gyul\u00e1s\u00e1t, \u00e9s nem s\u00falyosb\u00edtja a kl\u00edmav\u00e1ls\u00e1got.<\/p>\n\n<p>A Greenpeace Magyarorsz\u00e1g tavasszal <a href=\"https:\/\/sites.greenpeace.hu\/vedjuk-meg-termeszeti-kincseinket\/?_ga=2.242685442.141634261.1633950580-115927511.1582724978\" target=\"_blank\" rel=\"noreferrer noopener\">pet\u00edci\u00f3t ind\u00edtott egy er\u0151s Nemzeti Biodiverzit\u00e1s Strat\u00e9gi\u00e1\u00e9rt<\/a>, amelyben azt k\u00e9rj\u00fck, hogy 2030-ig n\u00f6velj\u00e9k 25%-ra az \u00e9l\u0151vil\u00e1got k\u00edm\u00e9l\u0151 \u00f6kogazd\u00e1lkod\u00e1s ar\u00e1ny\u00e1t itthon is, az uni\u00f3s c\u00e9llal \u00f6sszhangban. Pet\u00edci\u00f3nkkal tov\u00e1bb\u00e1 azt szeretn\u00e9nk el\u00e9rni, hogy az \u00f6sszes mez\u0151gazdas\u00e1gi ter\u00fcletb\u0151l 10%-ot adjanak vissza a term\u00e9szetnek, a beporz\u00f3k v\u00e9delm\u00e9ben pedig a k\u00e1ros n\u00f6v\u00e9nyv\u00e9d\u0151 szerek haszn\u00e1lat\u00e1t legal\u00e1bb 50%-kal cs\u00f6kkents\u00e9k 2030-ig. A pet\u00edci\u00f3t m\u00e1r majdnem 37 000-en al\u00e1\u00edrt\u00e1k. Csatlakozz te is al\u00e1\u00edr\u00e1soddal.<\/p>\n","protected":false},"excerpt":{"rendered":"<p>Az uni\u00f3s Z\u00f6ld Meg\u00e1llapod\u00e1s (Green Deal) \u00e9rtelm\u00e9ben 2030-ig fel\u00e9re kell cs\u00f6kkenteni Eur\u00f3p\u00e1ban a k\u00e9miai n\u00f6v\u00e9nyv\u00e9d\u0151 szerek (peszticidek) haszn\u00e1lat\u00e1t ahhoz, hogy meg\u00f3vjuk a term\u00e9szetet \u00e9s a saj\u00e1t eg\u00e9szs\u00e9g\u00fcnket. A Helmholtz K\u00f6rnyezetv\u00e9delmi&hellip;<\/p>\n","protected":false},"author":32,"featured_media":8732,"comment_status":"closed","ping_status":"closed","sticky":false,"template":"","format":"standard","meta":{"ep_exclude_from_search":false,"p4_og_title":"","p4_og_description":"","p4_og_image":"","p4_og_image_id":"","p4_seo_canonical_url":"","p4_campaign_name":"not set","p4_local_project":"not set","p4_basket_name":"not set","p4_department":"","footnotes":""},"categories":[3],"tags":[19,20],"p4-page-type":[40],"class_list":["post-8729","post","type-post","status-publish","format-standard","has-post-thumbnail","hentry","category-termeszet-kornyezet","tag-egeszseg","tag-elovilag","p4-page-type-blog"],"_links":{"self":[{"href":"https:\/\/www.greenpeace.org\/hungary\/wp-json\/wp\/v2\/posts\/8729","targetHints":{"allow":["GET"]}}],"collection":[{"href":"https:\/\/www.greenpeace.org\/hungary\/wp-json\/wp\/v2\/posts"}],"about":[{"href":"https:\/\/www.greenpeace.org\/hungary\/wp-json\/wp\/v2\/types\/post"}],"author":[{"embeddable":true,"href":"https:\/\/www.greenpeace.org\/hungary\/wp-json\/wp\/v2\/users\/32"}],"replies":[{"embeddable":true,"href":"https:\/\/www.greenpeace.org\/hungary\/wp-json\/wp\/v2\/comments?post=8729"}],"version-history":[{"count":5,"href":"https:\/\/www.greenpeace.org\/hungary\/wp-json\/wp\/v2\/posts\/8729\/revisions"}],"predecessor-version":[{"id":8738,"href":"https:\/\/www.greenpeace.org\/hungary\/wp-json\/wp\/v2\/posts\/8729\/revisions\/8738"}],"wp:featuredmedia":[{"embeddable":true,"href":"https:\/\/www.greenpeace.org\/hungary\/wp-json\/wp\/v2\/media\/8732"}],"wp:attachment":[{"href":"https:\/\/www.greenpeace.org\/hungary\/wp-json\/wp\/v2\/media?parent=8729"}],"wp:term":[{"taxonomy":"category","embeddable":true,"href":"https:\/\/www.greenpeace.org\/hungary\/wp-json\/wp\/v2\/categories?post=8729"},{"taxonomy":"post_tag","embeddable":true,"href":"https:\/\/www.greenpeace.org\/hungary\/wp-json\/wp\/v2\/tags?post=8729"},{"taxonomy":"p4-page-type","embeddable":true,"href":"https:\/\/www.greenpeace.org\/hungary\/wp-json\/wp\/v2\/p4-page-type?post=8729"}],"curies":[{"name":"wp","href":"https:\/\/api.w.org\/{rel}","templated":true}]}}