{"id":9642,"date":"2022-05-06T08:09:08","date_gmt":"2022-05-06T06:09:08","guid":{"rendered":"https:\/\/www.greenpeace.org\/hungary\/?p=9642"},"modified":"2022-05-06T08:09:11","modified_gmt":"2022-05-06T06:09:11","slug":"a-mol-haborus-extraprofitjat-vedi-az-allam-brusszelben","status":"publish","type":"post","link":"https:\/\/www.greenpeace.org\/hungary\/sajtokozlemeny\/9642\/a-mol-haborus-extraprofitjat-vedi-az-allam-brusszelben\/","title":{"rendered":"A MOL h\u00e1bor\u00fas extraprofitj\u00e1t v\u00e9di az \u00e1llam Br\u00fcsszelben"},"content":{"rendered":"\n<p><strong>Budapest, 2022. m\u00e1jus 6. \u2013 Hamis \u00e9rvekre hivatkozva ak\u00e1r az eg\u00e9sz EU-t elg\u00e1ncsoln\u00e1 a korm\u00e1ny, csak a MOL nyeres\u00e9g\u00e9t ne vesz\u00e9lyeztesse semmi, amit az olcs\u00f3 orosz olajon zsebel be. A c\u00e9g ma hajnalban megjelent els\u0151 negyed\u00e9ves p\u00e9nz\u00fcgyi jelent\u00e9s\u00e9b\u0151l kider\u00fcl, hogy 38%-kal n\u00f6vekedett a profitja 2021 els\u0151 h\u00e1rom h\u00f3napj\u00e1hoz k\u00e9pest. Ek\u00f6zben az orosz olajimport tervezett eur\u00f3pai embarg\u00f3j\u00e1nak \u00fcgy\u00e9ben a h\u00e9t v\u00e9g\u00e9ig v\u00e1rhat\u00f3 d\u00f6nt\u00e9s. A magyar korm\u00e1ny gazdas\u00e1gi szempontokra hivatkozva meg akarja v\u00e9t\u00f3zni a javaslatot, pedig Br\u00fcsszel m\u00e9g egy \u00e9ves extra halad\u00e9kot is felaj\u00e1nlott, kiz\u00e1r\u00f3lag haz\u00e1nk \u00e9s Szlov\u00e1kia sz\u00e1m\u00e1ra. A Greenpeace szerint nem csak mor\u00e1lisan v\u00e1llalhatatlan a magyar korm\u00e1ny \u00e1ll\u00e1spontja, de kl\u00edmav\u00e9delmi szempontb\u00f3l is a radik\u00e1lis takar\u00e9koss\u00e1g lenne az egyetlen \u00fat el\u0151re. A Greenpeace ez\u00e9rt a MOL sz\u00e1zhalombattai k\u0151olaj-finom\u00edt\u00f3j\u00e1ra kivet\u00edtett V\u00c9RES PROFIT: SZ\u00c9GYEN felirattal \u00fczent a korm\u00e1nynak.<\/strong><\/p>\n\n<p>Mik\u00f6zben a MOL profitja <a rel=\"noreferrer noopener\" href=\"https:\/\/molgroup.info\/storage\/documents\/publikaciok\/negyedeves_jelentesek\/2022\/q1_2022_results_call.pdf\" target=\"_blank\">38%-kal n\u0151tt<\/a> az els\u0151 negyed\u00e9vben 2021-hez k\u00e9pest, ell\u00e1t\u00e1sbiztons\u00e1gi kifog\u00e1sokra \u00e9s egy\u00e9b cs\u00fasztat\u00e1sokra hivatkozva akarja megv\u00e9t\u00f3zni Magyarorsz\u00e1g a v\u00e9gre elfogad\u00e1s el\u0151tt \u00e1ll\u00f3 eur\u00f3pai embarg\u00f3t, amelyet az orosz nyersolajra \u00e9s finom\u00edtott olajterm\u00e9kekre vezetn\u00e9nek be az tag\u00e1llamok. Pedig <a rel=\"noreferrer noopener\" href=\"https:\/\/hu.euronews.com\/2022\/05\/03\/felmentest-kaphat-magyarorszag-es-szlovakia-az-orosz-olajembargo-alol\" target=\"_blank\">a h\u00edrek szerint<\/a> az EU m\u00e9g nagyvonal\u00fa aj\u00e1nlatot is tett a magyar \u00e9s szlov\u00e1k korm\u00e1nynak: a t\u00f6bbi \u00e1llamra vonatkoz\u00f3 6-8 h\u00f3napos felk\u00e9sz\u00fcl\u00e9si id\u0151szakon t\u00fal plusz egy \u00e9vnyi halad\u00e9kot kaphatn\u00e1nk, \u00edgy csak 2024 elej\u00e9t\u0151l kellene orosz helyett m\u00e1s forr\u00e1sb\u00f3l beszerezn\u00fcnk a k\u0151olajat.<\/p>\n\n<figure class=\"wp-block-image size-large  caption-alignment-right\"><img loading=\"lazy\" decoding=\"async\" width=\"1024\" height=\"682\" src=\"https:\/\/www.greenpeace.org\/static\/planet4-hungary-stateless\/2022\/05\/8d8364be-mg_4078_pslr_2000-1024x682.jpg\" alt=\"\" class=\"wp-image-9643\" srcset=\"https:\/\/www.greenpeace.org\/static\/planet4-hungary-stateless\/2022\/05\/8d8364be-mg_4078_pslr_2000-1024x682.jpg 1024w, https:\/\/www.greenpeace.org\/static\/planet4-hungary-stateless\/2022\/05\/8d8364be-mg_4078_pslr_2000-300x200.jpg 300w, https:\/\/www.greenpeace.org\/static\/planet4-hungary-stateless\/2022\/05\/8d8364be-mg_4078_pslr_2000-768x512.jpg 768w, https:\/\/www.greenpeace.org\/static\/planet4-hungary-stateless\/2022\/05\/8d8364be-mg_4078_pslr_2000-1536x1024.jpg 1536w, https:\/\/www.greenpeace.org\/static\/planet4-hungary-stateless\/2022\/05\/8d8364be-mg_4078_pslr_2000-510x340.jpg 510w, https:\/\/www.greenpeace.org\/static\/planet4-hungary-stateless\/2022\/05\/8d8364be-mg_4078_pslr_2000.jpg 2000w\" sizes=\"auto, (max-width: 1024px) 100vw, 1024px\" \/><figcaption>Fot\u00f3: D\u00f6rg\u0151 Zsuzsi \/ Greenpeace<\/figcaption><\/figure>\n\n<p><em>\u201eK\u00e9t \u00e9s f\u00e9l h\u00f3napja folyik a h\u00e1bor\u00fa Ukrajn\u00e1ban, ezalatt sz\u00e1mos korm\u00e1ny m\u00e9ly leveg\u0151t vett \u00e9s elkezdte keresni a kiutat az orosz g\u00e1z- \u00e9s olajf\u00fcgg\u0151s\u00e9gb\u0151l, mert mindenki \u00e9rzi, hogy ez az egyetlen mor\u00e1lisan j\u00e1rhat\u00f3 \u00fat. Ehhez k\u00e9pest a magyar korm\u00e1ny m\u00e1st sem tesz, mint kifog\u00e1sokat keres \u00e9s hazug \u00e9rveket gy\u00e1rt arra, hogy mi\u00e9rt j\u00f3 minden \u00fagy, ahogy van, a MOL pedig hatalmas profitot zsebel be azon, hogy a vil\u00e1gpiaci k\u0151olaj\u00e1rn\u00e1l a h\u00e1bor\u00fa kezdete \u00f3ta j\u00f3val olcs\u00f3bb orosz k\u0151olajat veszi. Az eur\u00f3pai embarg\u00f3 megv\u00e9t\u00f3z\u00e1s\u00e1val a magyar korm\u00e1ny \u00fajra az orosz agresszort t\u00e1mogatn\u00e1, \u00e9s azt, hogy az uni\u00f3s orsz\u00e1gok tov\u00e1bbra is olajv\u00e1s\u00e1rl\u00e1ssal finansz\u00edrozz\u00e1k Oroszorsz\u00e1g ukrajnai h\u00e1bor\u00faj\u00e1t.\u201d<\/em> \u2013 mondta el Perger Andr\u00e1s, a Greenpeace Magyarorsz\u00e1g kl\u00edma- \u00e9s energiakamp\u00e1nyosa.<\/p>\n\n<p>A Greenpeace hamisnak tartja az korm\u00e1ny azon \u00e9rvel\u00e9s\u00e9t is, amely szerint az orosz g\u00e1z- \u00e9s k\u0151olaj biztos\u00edtan\u00e1 haz\u00e1nk energiabiztons\u00e1g\u00e1t. Nem csin\u00e1lhatunk \u00fagy, mintha nem lenne a szomsz\u00e9dban egy olyan h\u00e1bor\u00fa, amely nagyon sok szempontb\u00f3l vesz\u00e9lyezteti az ell\u00e1t\u00e1sunkat. Ezekre a vesz\u00e9lyekre, kock\u00e1zatokra az olaj eset\u00e9ben els\u0151sorban a k\u00f6zleked\u00e9si szektor \u00e1talak\u00edt\u00e1s\u00e1val, k\u00fcl\u00f6nb\u00f6z\u0151 takar\u00e9koss\u00e1gi \u00e9s m\u00e1s, a felhaszn\u00e1l\u00e1st cs\u00f6kkent\u0151 int\u00e9zked\u00e9sekkel fel kell k\u00e9sz\u00fclni, magyar \u00e9s uni\u00f3s szinten egyar\u00e1nt. A Greenpeace szerint 5 int\u00e9zked\u00e9s kombin\u00e1ci\u00f3j\u00e1val n\u00e9h\u00e1ny h\u00f3nap alatt az orosz import mintegy 28%-\u00e1nak megfelel\u0151 mennyis\u00e9g\u0171 k\u0151olajat <a href=\"https:\/\/www.greenpeace.org\/hungary\/sajtokozlemeny\/9618\/a-kozlekedes-atalakitasaval-28-kal-csokkenthetne-az-eu-az-orosz-olajimportot\/\" target=\"_blank\" rel=\"noreferrer noopener\">lehetne megtakar\u00edtani<\/a> uni\u00f3s szinten. A Greenpeace ezen fel\u00fcl arra is figyelmeztet, hogy kl\u00edmav\u00e1ls\u00e1g miatt mihamarabb cs\u00f6kkenten\u00fcnk kell a fosszilisek felhaszn\u00e1l\u00e1s\u00e1t, \u00e9s fel kell gyors\u00edtani az \u00e1tmenetet a meg\u00fajul\u00f3kra.<\/p>\n\n<p><em>\u201eNem az a megold\u00e1s, hogy Oroszorsz\u00e1g helyett m\u00e1s besz\u00e1ll\u00edt\u00f3t keres\u00fcnk. Radik\u00e1lis takar\u00e9koss\u00e1gra van sz\u00fcks\u00e9g, ehhez pedig a rendszereink \u00e1talak\u00edt\u00e1s\u00e1ra \u00e9s a szok\u00e1saink \u00fajragondol\u00e1s\u00e1ra. K\u00e9t \u00e9s f\u00e9l h\u00f3napja zajlik a h\u00e1bor\u00fa, ez id\u0151 alatt m\u00e9g csak t\u00e1rsadalmi vita se indult arr\u00f3l, hogyan tudn\u00e1nk cs\u00f6kkenteni puszt\u00edt\u00f3 olaj- \u00e9s g\u00e1zf\u00fcgg\u0151s\u00e9g\u00fcnket. A korm\u00e1ny az Ukrajn\u00e1ban foly\u00f3 v\u00e9ront\u00e1ssal nem t\u00f6r\u0151dve csak azon \u00fcgyk\u00f6dik, hogy biztos\u00edtsa a megszokott \u00fcgymenetet: az orosz k\u0151olajimportot, \u00e9s a mesters\u00e9gesen lenyomott \u00fczemanyag\u00e1rakkal a fogyaszt\u00e1st.\u201d<\/em> \u2013 tette hozz\u00e1 Perger Andr\u00e1s.<\/p>\n\n<p>Mindek\u00f6zben a MOL rengeteg p\u00e9nzt keres azon, hogy a h\u00e1bor\u00fa kit\u00f6r\u00e9se \u00f3ta jelent\u0151sen, jelenleg mintegy <a href=\"https:\/\/www.neste.com\/investors\/market-data\/urals-brent-price-difference#3e7c1a7e\" target=\"_blank\" rel=\"noreferrer noopener\">harmad\u00e1val<\/a> alacsonyabb \u00e1ron szerzi be az orosz (Ural) olajat az Eur\u00f3p\u00e1ban m\u00e9rvad\u00f3 Brent olajhoz k\u00e9pest (<a href=\"https:\/\/www.neste.com\/investors\/market-data\/crude-oil-prices\" target=\"_blank\" rel=\"noreferrer noopener\">~109 \u00e9s 73 USD\/bbl<\/a>). Ez \u00f3ri\u00e1si versenyel\u0151nyt biztos\u00edt a MOL-nak a t\u00f6bbi, nem orosz olajat v\u00e1s\u00e1rl\u00f3 olajc\u00e9ghez k\u00e9pest. A MOL r\u00e1ad\u00e1sul, <a href=\"https:\/\/www.reuters.com\/business\/energy\/who-is-still-buying-russian-crude-oil-2022-03-21\/\" target=\"_blank\" rel=\"noreferrer noopener\">ellent\u00e9tben sok m\u00e1s olajc\u00e9ggel<\/a> vagy m\u00e1s ipar\u00e1gakban \u00e9rdekelt c\u00e9gekkel ellent\u00e9tben, <a href=\"https:\/\/som.yale.edu\/story\/2022\/almost-1000-companies-have-curtailed-operations-russia-some-remain\" target=\"_blank\" rel=\"noreferrer noopener\">nem hagyott fel<\/a> az oroszorsz\u00e1gi <a href=\"https:\/\/molgroup.info\/hu\/uzleteink\/upstream\/oroszorszag\" target=\"_blank\" rel=\"noreferrer noopener\">tev\u00e9kenys\u00e9g\u00e9vel<\/a>, s\u0151t, m\u00e9g n\u00f6velte is az oroszorsz\u00e1gi olajtermel\u00e9s\u00e9t.<\/p>\n\n<p>A korm\u00e1ny \u00e1ll\u00edt\u00e1saival ellent\u00e9tben minden lehet\u0151s\u00e9g\u00fcnk meglenne r\u00e1, hogy m\u00e1st\u00f3l v\u00e1s\u00e1roljunk olajat, ami hi\u00e1nyzik, az a politikai akarat. Az <a href=\"https:\/\/www.gem.wiki\/Adria_Oil_Pipeline\" target=\"_blank\" rel=\"noreferrer noopener\">Adria vezet\u00e9ken<\/a> mintegy 10 milli\u00f3 tonna nyersolajat lehet \u00e9vente behozni, ami nagys\u00e1grendileg ugyanannyi, mint amennyit jelenleg a Bar\u00e1ts\u00e1g vezet\u00e9ken kereszt\u00fcl Oroszorsz\u00e1gb\u00f3l import\u00e1lunk. A korm\u00e1ny \u00e1ll\u00edt\u00e1saival szemben pedig szint\u00e9n nem igaz \u00f6nmag\u00e1ban, hogy a sz\u00e1zhalombattai k\u0151olaj-finom\u00edt\u00f3t csak \u00e9vek munk\u00e1j\u00e1val \u00e9s s\u00falyos befektet\u00e9sek \u00e1r\u00e1n lehetne alkalmass\u00e1 tenni arra, hogy m\u00e1shonnan \u00e9rkez\u0151 nyersolaj finom\u00edt\u00e1s\u00e1ra is alkalmas legyen, hiszen <a href=\"https:\/\/hvg.hu\/kkv\/20220331_orosz_energia_olaj_gaz_LNG_haboru\" target=\"_blank\" rel=\"noreferrer noopener\">lehet<\/a> az oroszhoz hasonl\u00f3 olajokat is <a href=\"https:\/\/www.nepszava.hu\/3155427_orosz-olaj-putyin-orban-kormany-mol-olajfinomito-szazhalombatta\" target=\"_blank\" rel=\"noreferrer noopener\">beszerezni<\/a> a nemzetk\u00f6zi <a href=\"https:\/\/g7.hu\/vallalat\/20220423\/nem-okoz-ellatasi-problemat-az-orosz-olajembargo-magyarorszagon-legfeljebb-a-mol-profitja-csokken\/\" target=\"_blank\" rel=\"noreferrer noopener\">piacr\u00f3l<\/a>. A b\u00e9ke \u00e9s a kl\u00edmav\u00e9delem z\u00e1loga azonban az, ha min\u00e9l el\u0151bb felhagyunk a fosszilis f\u00fcgg\u0151s\u00e9g\u00fcnkkel, \u00e9s a tiszta meg\u00fajul\u00f3kra alapozzuk energiaig\u00e9ny\u00fcnket.<\/p>\n","protected":false},"excerpt":{"rendered":"<p>Hamis \u00e9rvekre hivatkozva ak\u00e1r az eg\u00e9sz EU-t elg\u00e1ncsoln\u00e1 a korm\u00e1ny, csak a MOL nyeres\u00e9g\u00e9t ne vesz\u00e9lyeztesse semmi, amit az olcs\u00f3 orosz olajon zsebel be.<\/p>\n","protected":false},"author":25,"featured_media":9643,"comment_status":"closed","ping_status":"closed","sticky":false,"template":"","format":"standard","meta":{"ep_exclude_from_search":false,"p4_og_title":"","p4_og_description":"","p4_og_image":"","p4_og_image_id":"","p4_seo_canonical_url":"","p4_campaign_name":"not set","p4_local_project":"not set","p4_basket_name":"not set","p4_department":"","footnotes":""},"categories":[2],"tags":[26],"p4-page-type":[37],"class_list":["post-9642","post","type-post","status-publish","format-standard","has-post-thumbnail","hentry","category-klima-energia","tag-fosszilis","p4-page-type-sajtokozlemeny"],"_links":{"self":[{"href":"https:\/\/www.greenpeace.org\/hungary\/wp-json\/wp\/v2\/posts\/9642","targetHints":{"allow":["GET"]}}],"collection":[{"href":"https:\/\/www.greenpeace.org\/hungary\/wp-json\/wp\/v2\/posts"}],"about":[{"href":"https:\/\/www.greenpeace.org\/hungary\/wp-json\/wp\/v2\/types\/post"}],"author":[{"embeddable":true,"href":"https:\/\/www.greenpeace.org\/hungary\/wp-json\/wp\/v2\/users\/25"}],"replies":[{"embeddable":true,"href":"https:\/\/www.greenpeace.org\/hungary\/wp-json\/wp\/v2\/comments?post=9642"}],"version-history":[{"count":1,"href":"https:\/\/www.greenpeace.org\/hungary\/wp-json\/wp\/v2\/posts\/9642\/revisions"}],"predecessor-version":[{"id":9644,"href":"https:\/\/www.greenpeace.org\/hungary\/wp-json\/wp\/v2\/posts\/9642\/revisions\/9644"}],"wp:featuredmedia":[{"embeddable":true,"href":"https:\/\/www.greenpeace.org\/hungary\/wp-json\/wp\/v2\/media\/9643"}],"wp:attachment":[{"href":"https:\/\/www.greenpeace.org\/hungary\/wp-json\/wp\/v2\/media?parent=9642"}],"wp:term":[{"taxonomy":"category","embeddable":true,"href":"https:\/\/www.greenpeace.org\/hungary\/wp-json\/wp\/v2\/categories?post=9642"},{"taxonomy":"post_tag","embeddable":true,"href":"https:\/\/www.greenpeace.org\/hungary\/wp-json\/wp\/v2\/tags?post=9642"},{"taxonomy":"p4-page-type","embeddable":true,"href":"https:\/\/www.greenpeace.org\/hungary\/wp-json\/wp\/v2\/p4-page-type?post=9642"}],"curies":[{"name":"wp","href":"https:\/\/api.w.org\/{rel}","templated":true}]}}