{"id":9656,"date":"2022-05-20T07:10:15","date_gmt":"2022-05-20T05:10:15","guid":{"rendered":"https:\/\/www.greenpeace.org\/hungary\/?p=9656"},"modified":"2022-05-20T07:15:54","modified_gmt":"2022-05-20T05:15:54","slug":"az-olajembargo-vetojaval-orban-szegyent-hoz-a-magyarokra-es-a-klimavedelmet-is-veszelyezteti","status":"publish","type":"post","link":"https:\/\/www.greenpeace.org\/hungary\/sajtokozlemeny\/9656\/az-olajembargo-vetojaval-orban-szegyent-hoz-a-magyarokra-es-a-klimavedelmet-is-veszelyezteti\/","title":{"rendered":"Az olajembarg\u00f3 v\u00e9t\u00f3j\u00e1val Orb\u00e1n sz\u00e9gyent hoz a magyarokra, \u00e9s a kl\u00edmav\u00e9delmet is vesz\u00e9lyezteti"},"content":{"rendered":"\n<p><strong>Budapest, 2022. m\u00e1jus 20. \u2013 Az Oroszorsz\u00e1g agresszi\u00f3ja elleni k\u00f6z\u00f6s uni\u00f3s fell\u00e9p\u00e9st akad\u00e1lyozza azzal Orb\u00e1n Viktor, hogy nem szavazza meg az EU-s orosz olajembarg\u00f3t. A magyar korm\u00e1ny ellenzi a leghangosabban az embarg\u00f3t az\u00e1ltal, hogy semmilyen er\u0151fesz\u00edt\u00e9sre nem hajland\u00f3 az orosz olajf\u00fcgg\u00e9s cs\u00f6kkent\u00e9s\u00e9re. Az orosz olajr\u00f3l val\u00f3 lev\u00e1l\u00e1s az egyed\u00fcli v\u00e1llalhat\u00f3 \u00fat mor\u00e1lisan, emellett az \u00e9ghajlatv\u00e9delem miatt is sz\u00fcks\u00e9g van r\u00e1, \u00e9s a magyar emberek \u00e9rdeke is ezt dikt\u00e1lja. A Greenpeace azt k\u00f6veteli a korm\u00e1nyt\u00f3l, hogy minden er\u0151forr\u00e1s\u00e1t ford\u00edtsa az olajfelhaszn\u00e1l\u00e1s cs\u00f6kkent\u00e9s\u00e9re, \u00e9s a kl\u00edmabar\u00e1t energiabiztons\u00e1g megteremt\u00e9s\u00e9re. A z\u00f6ld szervezet ez\u00e9rt Budapesten, a K\u00e9pvisel\u0151i Irodah\u00e1zra kivet\u00edtett felirattal \u00fczente a korm\u00e1nyf\u0151nek: \u201eEl\u00e9g a v\u00e9res olajb\u00f3l!\u201d.<\/strong><\/p>\n\n<figure class=\"wp-block-image size-large  caption-alignment-right\"><img loading=\"lazy\" decoding=\"async\" width=\"1024\" height=\"682\" src=\"https:\/\/www.greenpeace.org\/static\/planet4-hungary-stateless\/2022\/05\/3ef2efc5-49a7333_2000-1024x682.jpg\" alt=\"\" class=\"wp-image-9657\" srcset=\"https:\/\/www.greenpeace.org\/static\/planet4-hungary-stateless\/2022\/05\/3ef2efc5-49a7333_2000-1024x682.jpg 1024w, https:\/\/www.greenpeace.org\/static\/planet4-hungary-stateless\/2022\/05\/3ef2efc5-49a7333_2000-300x200.jpg 300w, https:\/\/www.greenpeace.org\/static\/planet4-hungary-stateless\/2022\/05\/3ef2efc5-49a7333_2000-768x512.jpg 768w, https:\/\/www.greenpeace.org\/static\/planet4-hungary-stateless\/2022\/05\/3ef2efc5-49a7333_2000-1536x1024.jpg 1536w, https:\/\/www.greenpeace.org\/static\/planet4-hungary-stateless\/2022\/05\/3ef2efc5-49a7333_2000-510x340.jpg 510w, https:\/\/www.greenpeace.org\/static\/planet4-hungary-stateless\/2022\/05\/3ef2efc5-49a7333_2000.jpg 2000w\" sizes=\"auto, (max-width: 1024px) 100vw, 1024px\" \/><figcaption>Fot\u00f3: J\u00e1rd\u00e1ny Bence \/ Greenpeace<\/figcaption><\/figure>\n\n<p>Orb\u00e1n Viktornak \u00fczent a Greenpeace: \u201eEl\u00e9g a v\u00e9res olajb\u00f3l!\u201d. A z\u00f6ld szervezet azt k\u00f6veteli a magyar minisztereln\u00f6kt\u0151l, hogy ne g\u00e1tolja tov\u00e1bb az uni\u00f3s orosz olajembarg\u00f3t, \u00e9s tegyen int\u00e9zked\u00e9seket, hogy miel\u0151bb megszabaduljon haz\u00e1nk a kl\u00edmarombol\u00f3, v\u00e9res fosszilisekt\u0151l.<\/p>\n\n<p><em>\u201eA magyar minisztereln\u00f6k hetek \u00f3ta blokkolja az orosz k\u0151olajra tervezett embarg\u00f3t, amivel az orosz agresszi\u00f3 elleni egys\u00e9ges uni\u00f3s fell\u00e9p\u00e9st h\u00e1tr\u00e1ltatja. Orb\u00e1n Viktor ezzel sz\u00e9gyent hoz minden magyarra, \u00e9ljen Ukrajn\u00e1ban, Magyarorsz\u00e1gon vagy b\u00e1rhol a vil\u00e1gon. R\u00e1ad\u00e1sul, mik\u00f6zben <a href=\"https:\/\/qubit.hu\/2020\/07\/09\/wmo-ot-even-belul-atlephetjuk-az-15-celsius-fokos-klimacelt\" target=\"_blank\" rel=\"noreferrer noopener\">m\u00e1r csak egy hajsz\u00e1l v\u00e1laszt el minket<\/a> att\u00f3l, hogy visszaford\u00edthatatlan folyamatokat ind\u00edtson be a kl\u00edmav\u00e1ls\u00e1g, abszurd, hogy a magyar minisztereln\u00f6k a fosszilis infrastrukt\u00fara fejleszt\u00e9s\u00e9re k\u00e9r t\u00f6bb sz\u00e1z milli\u00f3 eur\u00f3t, \u00e9s egyetlen l\u00e9p\u00e9st sem tesz az\u00e9rt, hogy cs\u00f6kkentse az orsz\u00e1g olajfelhaszn\u00e1l\u00e1s\u00e1t\u201d<\/em> \u2013 jelentette ki Perger Andr\u00e1s, a Greenpeace Magyarorsz\u00e1g kl\u00edma- \u00e9s energiakamp\u00e1ny\u00e1nak felel\u0151se.<\/p>\n\n<p>Mik\u00f6zben a tag\u00e1llamok t\u00f6bbs\u00e9ge k\u00e9szen \u00e1ll arra, hogy k\u00f6z\u00f6sen terheket v\u00e1llaljon az orosz agresszi\u00f3 visszaszor\u00edt\u00e1sa \u00e9rdek\u00e9ben, a magyar korm\u00e1ny <a href=\"https:\/\/www.portfolio.hu\/gazdasag\/20220516\/szijjarto-peter-magyarorszag-nem-enged-15-milliard-euroert-mondana-csak-le-az-orosz-olajrol-545075\" target=\"_blank\" rel=\"noreferrer noopener\">t\u00f6bb sz\u00e1z milli\u00f3 eur\u00f3t k\u00f6vetel<\/a> az Eur\u00f3pai Bizotts\u00e1gt\u00f3l a kl\u00edmarombol\u00f3 olajinfrastrukt\u00fara, azaz a sz\u00e1zhalombattai finom\u00edt\u00f3 \u00e9s az Adria-k\u0151olajvezet\u00e9k fejleszt\u00e9s\u00e9re. A k\u00f6vetel\u00e9s h\u00e1tter\u00e9ben azonban nem a magyar emberek, hanem a MOL profitj\u00e1nak v\u00e9delme \u00e1ll, a magyar olajc\u00e9g ugyanis <a href=\"https:\/\/www.greenpeace.org\/hungary\/sajtokozlemeny\/9642\/a-mol-haborus-extraprofitjat-vedi-az-allam-brusszelben\/\">bus\u00e1s haszonra tesz szert<\/a> az olcs\u00f3 orosz olaj importj\u00e1val.<\/p>\n\n<p>A magyar korm\u00e1ny semmilyen l\u00e9p\u00e9st nem tesz az olajig\u00e9ny cs\u00f6kkent\u00e9s\u00e9re, valamint arra, hogy felgyors\u00edtsa a tiszta, meg\u00fajul\u00f3 energiarendszer ki\u00e9p\u00edt\u00e9s\u00e9t, amely biztons\u00e1got garant\u00e1l\u00f3 energiaf\u00fcggetlens\u00e9get hozna az orsz\u00e1gnak. A Greenpeace <a href=\"https:\/\/greenpeace.at\/assets\/uploads\/pdf\/report-unhooking-europe-from-oil-27042022.pdf\" target=\"_blank\" rel=\"noreferrer noopener\">legfrissebb elemz\u00e9se<\/a> szerint a k\u00f6zleked\u00e9s \u00e1talak\u00edt\u00e1s\u00e1val az Eur\u00f3pai Uni\u00f3 ak\u00e1r h\u00f3napokon bel\u00fcl le tudn\u00e1 cs\u00f6kkenteni az \u00e9ves olajfelhaszn\u00e1l\u00e1s\u00e1t mintegy 40 milli\u00f3 tonn\u00e1val. Ez a mennyis\u00e9g az orosz k\u0151olajimport 28%-\u00e1nak felel meg. Ezekkel az int\u00e9zked\u00e9sekkel egy\u00fattal az \u00fcvegh\u00e1zg\u00e1z-kibocs\u00e1t\u00e1st is drasztikusan lehetne cs\u00f6kkenteni, \u00e9s ebben a magyar korm\u00e1nynak is szerepet kell v\u00e1llalnia, hogy miel\u0151bb megszabaduljunk a kl\u00edmarombol\u00f3, v\u00e9res fosszilisekt\u0151l.<\/p>\n\n<p><em>\u201eAz orosz olajhoz \u00e1rtatlan emberek v\u00e9re tapad, mik\u00f6zben az orosz energiaf\u00fcgg\u0151s\u00e9g fenntart\u00e1sa vesz\u00e9lyezteti Magyarorosz\u00e1g energiabiztons\u00e1g\u00e1t. A magyar korm\u00e1ny v\u00e9t\u00f3ja r\u00e1ad\u00e1sul nem csak mor\u00e1lisan v\u00e1llalhatatlan, hiszen kl\u00edmav\u00e9delmi szempontb\u00f3l is a radik\u00e1lis takar\u00e9koss\u00e1g lenne az egyetlen elfogadhat\u00f3 megold\u00e1s\u201d<\/em> \u2013 tette hozz\u00e1 Perger Andr\u00e1s.<\/p>\n\n<p>Tov\u00e1bbi fot\u00f3k <a href=\"https:\/\/www.flickr.com\/photos\/greenpeacehu\/albums\/72177720299095701\" target=\"_blank\" rel=\"noreferrer noopener\">ezen a linken<\/a> \u00e9rhet\u0151k el.<\/p>\n","protected":false},"excerpt":{"rendered":"<p>A Greenpeace azt k\u00f6veteli a korm\u00e1nyt\u00f3l, hogy minden er\u0151forr\u00e1s\u00e1t ford\u00edtsa az olajfelhaszn\u00e1l\u00e1s cs\u00f6kkent\u00e9s\u00e9re, \u00e9s a kl\u00edmabar\u00e1t energiabiztons\u00e1g megteremt\u00e9s\u00e9re. A z\u00f6ld szervezet ez\u00e9rt Budapesten, a K\u00e9pvisel\u0151i Irodah\u00e1zra kivet\u00edtett felirattal \u00fczente a korm\u00e1nyf\u0151nek: \u201eEl\u00e9g a v\u00e9res olajb\u00f3l!\u201d<\/p>\n","protected":false},"author":25,"featured_media":9657,"comment_status":"closed","ping_status":"closed","sticky":false,"template":"","format":"standard","meta":{"ep_exclude_from_search":false,"p4_og_title":"","p4_og_description":"","p4_og_image":"","p4_og_image_id":"","p4_seo_canonical_url":"","p4_campaign_name":"not set","p4_local_project":"not set","p4_basket_name":"not set","p4_department":"","footnotes":""},"categories":[2],"tags":[26,6,18],"p4-page-type":[37],"class_list":["post-9656","post","type-post","status-publish","format-standard","has-post-thumbnail","hentry","category-klima-energia","tag-fosszilis","tag-klimavedelem","tag-beke","p4-page-type-sajtokozlemeny"],"_links":{"self":[{"href":"https:\/\/www.greenpeace.org\/hungary\/wp-json\/wp\/v2\/posts\/9656","targetHints":{"allow":["GET"]}}],"collection":[{"href":"https:\/\/www.greenpeace.org\/hungary\/wp-json\/wp\/v2\/posts"}],"about":[{"href":"https:\/\/www.greenpeace.org\/hungary\/wp-json\/wp\/v2\/types\/post"}],"author":[{"embeddable":true,"href":"https:\/\/www.greenpeace.org\/hungary\/wp-json\/wp\/v2\/users\/25"}],"replies":[{"embeddable":true,"href":"https:\/\/www.greenpeace.org\/hungary\/wp-json\/wp\/v2\/comments?post=9656"}],"version-history":[{"count":4,"href":"https:\/\/www.greenpeace.org\/hungary\/wp-json\/wp\/v2\/posts\/9656\/revisions"}],"predecessor-version":[{"id":9661,"href":"https:\/\/www.greenpeace.org\/hungary\/wp-json\/wp\/v2\/posts\/9656\/revisions\/9661"}],"wp:featuredmedia":[{"embeddable":true,"href":"https:\/\/www.greenpeace.org\/hungary\/wp-json\/wp\/v2\/media\/9657"}],"wp:attachment":[{"href":"https:\/\/www.greenpeace.org\/hungary\/wp-json\/wp\/v2\/media?parent=9656"}],"wp:term":[{"taxonomy":"category","embeddable":true,"href":"https:\/\/www.greenpeace.org\/hungary\/wp-json\/wp\/v2\/categories?post=9656"},{"taxonomy":"post_tag","embeddable":true,"href":"https:\/\/www.greenpeace.org\/hungary\/wp-json\/wp\/v2\/tags?post=9656"},{"taxonomy":"p4-page-type","embeddable":true,"href":"https:\/\/www.greenpeace.org\/hungary\/wp-json\/wp\/v2\/p4-page-type?post=9656"}],"curies":[{"name":"wp","href":"https:\/\/api.w.org\/{rel}","templated":true}]}}