{"id":9712,"date":"2022-06-23T16:24:04","date_gmt":"2022-06-23T14:24:04","guid":{"rendered":"https:\/\/www.greenpeace.org\/hungary\/?p=9712"},"modified":"2022-06-23T16:32:47","modified_gmt":"2022-06-23T14:32:47","slug":"nem-faradunk-megvedjuk-a-ferto-tavat","status":"publish","type":"post","link":"https:\/\/www.greenpeace.org\/hungary\/blog\/9712\/nem-faradunk-megvedjuk-a-ferto-tavat\/","title":{"rendered":"Nem f\u00e1radunk, megv\u00e9dj\u00fck a Fert\u0151 tavat!"},"content":{"rendered":"\n<p><strong>Alig p\u00e1r hete, m\u00e1jus v\u00e9g\u00e9n ind\u00edtottunk \u00fajabb pert a fert\u0151 tavi nagyberuh\u00e1z\u00e1s le\u00e1ll\u00edt\u00e1sa, a t\u00f3 \u00e9l\u0151vil\u00e1g\u00e1nak v\u00e9delme \u00e9rdek\u00e9ben. Erre az\u00e9rt volt sz\u00fcks\u00e9g, mert a Gy\u0151r-Moson-Sopron Megyei Korm\u00e1nyhivatal gyakorlatilag kivette a Natura 2000 ter\u00fcletek k\u00f6z\u00fcl az eg\u00e9sz beruh\u00e1z\u00e1s ter\u00fclet\u00e9t. Most a perben egy \u00fajabb beadv\u00e1nnyal kellett \u00e9ln\u00fcnk, miut\u00e1n a Korm\u00e1nyhivatal igazi ellen\u00e9rvet nem tartalmaz\u00f3 v\u00e1laszt ny\u00fajtott be a kereset\u00fcnkkel szemben.<\/strong><\/p>\n\n<p>Nemr\u00e9g sz\u00e1moltunk be r\u00f3la, hogy tov\u00e1bb folytatjuk a Fert\u0151 t\u00f3 megment\u00e9s\u00e9\u00e9rt ind\u00edtott k\u00fczdelmet. Egy m\u00e1sodik pert ind\u00edtottunk, hogy b\u00edr\u00f3s\u00e1gon szerezz\u00fcnk \u00e9rv\u00e9nyt azoknak a hazai \u00e9s nemzetk\u00f6zi jogszab\u00e1lyoknak, amelyeket a Gy\u0151r-Moson-Sopron Megyei Korm\u00e1nyhivatal a hat\u00e1rozat\u00e1val szerint\u00fcnk semmibe vett.<\/p>\n\n<p>A Hivatal ugyanis egy elj\u00e1r\u00e1s sor\u00e1n megpr\u00f3b\u00e1lta korrig\u00e1lni az \u00f3ri\u00e1sberuh\u00e1z\u00e1s sorozatosan felt\u00e1rt t\u00f6rv\u00e9nys\u00e9rt\u00e9seit, egy \u00fan. k\u00f6rnyezetv\u00e9delmi m\u0171k\u00f6d\u00e9si enged\u00e9ly kiad\u00e1s\u00e1val. <a href=\"https:\/\/www.greenpeace.org\/hungary\/sajtokozlemeny\/9673\/a-greenpeace-ujabb-pert-inditott-a-ferto-to-vedelmeben\/\" target=\"_blank\" rel=\"noopener\">Megt\u00e1madtuk ezt a d\u00f6nt\u00e9st<\/a>, \u00e9s a k\u00f6zigazgat\u00e1si hat\u00e1rozat hat\u00e1lyon k\u00edv\u00fcl helyez\u00e9s\u00e9t k\u00e9rt\u00fck a b\u00edr\u00f3s\u00e1gt\u00f3l.<\/p>\n\n<figure class=\"wp-block-image size-large  caption-alignment-right\"><img loading=\"lazy\" decoding=\"async\" width=\"1024\" height=\"683\" src=\"https:\/\/www.greenpeace.org\/static\/planet4-hungary-stateless\/2022\/06\/7a4e6145-greenpeace-akcio-a-fertonel-1024x683.jpg\" title=\"Greenpeace akci\u00f3 a Fert\u0151n\u00e9l\" alt=\"Greenpeace akci\u00f3 a Fert\u0151n\u00e9l\" class=\"wp-image-9716\" srcset=\"https:\/\/www.greenpeace.org\/static\/planet4-hungary-stateless\/2022\/06\/7a4e6145-greenpeace-akcio-a-fertonel-1024x683.jpg 1024w, https:\/\/www.greenpeace.org\/static\/planet4-hungary-stateless\/2022\/06\/7a4e6145-greenpeace-akcio-a-fertonel-300x200.jpg 300w, https:\/\/www.greenpeace.org\/static\/planet4-hungary-stateless\/2022\/06\/7a4e6145-greenpeace-akcio-a-fertonel-768x512.jpg 768w, https:\/\/www.greenpeace.org\/static\/planet4-hungary-stateless\/2022\/06\/7a4e6145-greenpeace-akcio-a-fertonel-1536x1024.jpg 1536w, https:\/\/www.greenpeace.org\/static\/planet4-hungary-stateless\/2022\/06\/7a4e6145-greenpeace-akcio-a-fertonel-510x340.jpg 510w, https:\/\/www.greenpeace.org\/static\/planet4-hungary-stateless\/2022\/06\/7a4e6145-greenpeace-akcio-a-fertonel.jpg 2048w\" sizes=\"auto, (max-width: 1024px) 100vw, 1024px\" \/><figcaption>Fot\u00f3: J\u00e1rd\u00e1ny Bence \/ Greenpeace<\/figcaption><\/figure>\n\n<p>Most a Hivatal egy \u00fan. v\u00e9diratot ny\u00fajtott be, amivel a kereset\u00fcnkben megfogalmazott jogi \u00e9rveink ellen k\u00edv\u00e1ntak v\u00e9dekezni. A v\u00e9dirat \u00e9rt\u00e9kel\u00e9s\u00fcnk szerint nem tartalmazott val\u00f3di ellen\u00e9rveket, de mi nem f\u00e1radunk, \u00e9s<a href=\"https:\/\/www.greenpeace.org\/static\/planet4-hungary-stateless\/2022\/06\/7c6044ac-valaszirat_vediratra_20220623-online.pdf\" target=\"_blank\" rel=\"noopener\"> egy \u00fajabb beadv\u00e1ny beny\u00fajt\u00e1s\u00e1val<\/a> igyeksz\u00fcnk h\u00e1r\u00edtani a Hivatal \u00e9rvel\u00e9s\u00e9t.<\/p>\n\n<p>A Fert\u0151 t\u00f3 kiemelt jelent\u0151s\u00e9g\u0171 nemzeti \u00e9s nemzetk\u00f6zi kincs\u00fcnk, Ausztri\u00e1val k\u00f6z\u00f6s nemzeti parkunk, amelyet a magyar \u00e1llam k\u00f6zp\u00e9nzb\u0151l finansz\u00edrozott \u00f3ri\u00e1sberuh\u00e1z\u00e1ssal tesz t\u00f6nkre. 60 hekt\u00e1ros ter\u00fcletet szak\u00edtottak ki \u00e9s taroltak le egy olyan hazai \u00e9s nemzetk\u00f6zi jogszab\u00e1lyok \u00e1ltal v\u00e9dett, \u00e9rt\u00e9kes vizes \u00e9l\u0151helyb\u0151l, amely \u00e1llat- \u00e9s n\u00f6v\u00e9nyfajok ezreinek adott otthont \u00e9s madarak sz\u00e1zezreinek biztos\u00edtott t\u00e1pl\u00e1lkoz\u00f3-, f\u00e9szkel\u0151- \u00e9s v\u00e1ndorl\u00e1suk sor\u00e1n pihen\u0151ter\u00fcletet.<\/p>\n\n<p>Eg\u00e9sz orsz\u00e1gunk dr\u00e1maian sz\u00e1razodik. Ezr\u00e9vel t\u0171nnek el haz\u00e1nk kisebb-nagyobb tavai, foly\u00f3vizeink harmada kisz\u00e1rad\u00f3ban van. \u00c9s nemcsak a glob\u00e1lis felmeleged\u00e9s s\u00fajtja orsz\u00e1gunkat, hanem az \u00e9l\u0151vil\u00e1g egyre gyorsul\u00f3 pusztul\u00e1sa is. Egy ilyen v\u00e1ls\u00e1gos helyzetben a d\u00f6nt\u00e9shoz\u00f3k, a korm\u00e1ny legfontosabb feladata az kellene, hogy legyen, hogy mindent megtesz a m\u00e9g megmaradt vizes \u00e9l\u0151helyek v\u00e9delm\u00e9ben, s\u0151t, megpr\u00f3b\u00e1lja a m\u00e1r t\u00f6nkrement ter\u00fcleteket is \u00fajra\u00e9leszteni.<\/p>\n\n<p>Mindezek t\u00fckr\u00e9ben m\u00e9g felh\u00e1bor\u00edt\u00f3bb \u00f6nz\u00e9s, v\u00e9giggondolatlan, \u00e9rtelmetlen puszt\u00edt\u00e1s az, ami jelenleg a Fert\u0151 tavon zajlik. Megd\u00f6bbent\u0151 az is, hogy mind a hazai, mind a nemzetk\u00f6zi tud\u00f3sok, term\u00e9szetv\u00e9delmi szervezetek tiltakoz\u00e1s\u00e1t semmibe v\u00e9ve, folytatj\u00e1k az eleve gazdas\u00e1gi kudarcra is \u00edt\u00e9lt beruh\u00e1z\u00e1st. Hiszen a Fert\u0151 t\u00f3 is egyre er\u0151sebben sz\u00e1rad, \u00e9s m\u00e1r most is, de k\u00e9s\u0151bb k\u00fcl\u00f6n\u00f6sen alkalmatlann\u00e1 v\u00e1lik arra, hogy vitorl\u00e1sok sz\u00e1zait fogadja, illetve az oda \u00e9p\u00fcl\u0151 sz\u00e1lloda \u00e9s a beruh\u00e1z\u00e1s egy\u00e9b elemeihez k\u00f6thet\u0151 \u00f3ri\u00e1si forgalmat kiel\u00e9g\u00edtse.Hogy mit tett a Greenpeace eddig a Fert\u0151 t\u00f3 v\u00e9delm\u00e9ben, azt <a href=\"https:\/\/sites.greenpeace.hu\/ferto-termeszetpusztitas-kozpenzbol?&amp;_ga=2.198539119.1196661522.1655991388-1298301901.1655369109#ferto-tortenet\" target=\"_blank\" rel=\"noopener\">ezen az id\u0151vonalon<\/a> lehet v\u00e9gigk\u00f6vetni.<\/p>\n","protected":false},"excerpt":{"rendered":"<p>Alig p\u00e1r hete, m\u00e1jus v\u00e9g\u00e9n ind\u00edtottunk \u00fajabb pert a fert\u0151 tavi nagyberuh\u00e1z\u00e1s le\u00e1ll\u00edt\u00e1sa, a t\u00f3 \u00e9l\u0151vil\u00e1g\u00e1nak v\u00e9delme \u00e9rdek\u00e9ben. Erre az\u00e9rt volt sz\u00fcks\u00e9g, mert a Gy\u0151r-Moson-Sopron Megyei Korm\u00e1nyhivatal gyakorlatilag kivette a&hellip;<\/p>\n","protected":false},"author":25,"featured_media":9716,"comment_status":"closed","ping_status":"closed","sticky":false,"template":"","format":"standard","meta":{"ep_exclude_from_search":false,"p4_og_title":"","p4_og_description":"","p4_og_image":"","p4_og_image_id":"","p4_seo_canonical_url":"","p4_campaign_name":"not set","p4_local_project":"not set","p4_basket_name":"not set","p4_department":"","footnotes":""},"categories":[3],"tags":[20],"p4-page-type":[40],"class_list":["post-9712","post","type-post","status-publish","format-standard","has-post-thumbnail","hentry","category-termeszet-kornyezet","tag-elovilag","p4-page-type-blog"],"_links":{"self":[{"href":"https:\/\/www.greenpeace.org\/hungary\/wp-json\/wp\/v2\/posts\/9712","targetHints":{"allow":["GET"]}}],"collection":[{"href":"https:\/\/www.greenpeace.org\/hungary\/wp-json\/wp\/v2\/posts"}],"about":[{"href":"https:\/\/www.greenpeace.org\/hungary\/wp-json\/wp\/v2\/types\/post"}],"author":[{"embeddable":true,"href":"https:\/\/www.greenpeace.org\/hungary\/wp-json\/wp\/v2\/users\/25"}],"replies":[{"embeddable":true,"href":"https:\/\/www.greenpeace.org\/hungary\/wp-json\/wp\/v2\/comments?post=9712"}],"version-history":[{"count":6,"href":"https:\/\/www.greenpeace.org\/hungary\/wp-json\/wp\/v2\/posts\/9712\/revisions"}],"predecessor-version":[{"id":9719,"href":"https:\/\/www.greenpeace.org\/hungary\/wp-json\/wp\/v2\/posts\/9712\/revisions\/9719"}],"wp:featuredmedia":[{"embeddable":true,"href":"https:\/\/www.greenpeace.org\/hungary\/wp-json\/wp\/v2\/media\/9716"}],"wp:attachment":[{"href":"https:\/\/www.greenpeace.org\/hungary\/wp-json\/wp\/v2\/media?parent=9712"}],"wp:term":[{"taxonomy":"category","embeddable":true,"href":"https:\/\/www.greenpeace.org\/hungary\/wp-json\/wp\/v2\/categories?post=9712"},{"taxonomy":"post_tag","embeddable":true,"href":"https:\/\/www.greenpeace.org\/hungary\/wp-json\/wp\/v2\/tags?post=9712"},{"taxonomy":"p4-page-type","embeddable":true,"href":"https:\/\/www.greenpeace.org\/hungary\/wp-json\/wp\/v2\/p4-page-type?post=9712"}],"curies":[{"name":"wp","href":"https:\/\/api.w.org\/{rel}","templated":true}]}}