{"id":9933,"date":"2022-09-22T12:13:48","date_gmt":"2022-09-22T10:13:48","guid":{"rendered":"https:\/\/www.greenpeace.org\/hungary\/?p=9933"},"modified":"2022-09-26T16:52:44","modified_gmt":"2022-09-26T14:52:44","slug":"nem-csak-az-automentes-napon-van-szukseg-energiatakarekossagra","status":"publish","type":"post","link":"https:\/\/www.greenpeace.org\/hungary\/blog\/9933\/nem-csak-az-automentes-napon-van-szukseg-energiatakarekossagra\/","title":{"rendered":"Nem csak az aut\u00f3mentes napon van sz\u00fcks\u00e9g energia<wbr>takar\u00e9koss\u00e1gra!"},"content":{"rendered":"\n<p><strong>Az idei aut\u00f3mentes napnak k\u00fcl\u00f6nleges aktualit\u00e1st ad az \u00e9let\u00fcnk minden ter\u00fclet\u00e9re begy\u0171r\u0171z\u0151 energiav\u00e1ls\u00e1g. Ugyan mindannyian l\u00e1thatjuk, hogy ezt a v\u00e1ls\u00e1got csak \u00fagy lehet megoldani, ha gyorsan \u00e9s nagym\u00e9rt\u00e9kben cs\u00f6kkentj\u00fck az energiafogyaszt\u00e1st, Magyarorsz\u00e1gon m\u00e9gis harmad\u00e1val n\u00f6vekedett 2022-ben az el\u0151z\u0151 \u00e9vhez k\u00e9pest a k\u00f6zleked\u00e9sben felhaszn\u00e1lt \u00fczemanyag mennyis\u00e9ge. Ahhoz, hogy ez a tendencia megforduljon, radik\u00e1lis energiatakar\u00e9koss\u00e1gra van sz\u00fcks\u00e9g az \u00e1llam \u00e9s a mag\u00e1nszem\u00e9lyek r\u00e9sz\u00e9r\u0151l is. Bejegyz\u00e9s\u00fcnkben ahhoz szeretn\u00e9nk tippeket adni, hogy ez hogyan val\u00f3s\u00edthat\u00f3 meg a h\u00e9tk\u00f6znapokon is, nem csak a maihoz hasonl\u00f3 k\u00fcl\u00f6nleges alkalmakon.<\/strong><\/p>\n\n<figure class=\"wp-block-image size-large  caption-alignment-right\"><img loading=\"lazy\" decoding=\"async\" width=\"1024\" height=\"683\" src=\"https:\/\/www.greenpeace.org\/static\/planet4-hungary-stateless\/2022\/09\/d4ccff84-gphu-automentes-blog-220922-2-1024x683.jpg\" alt=\"\" class=\"wp-image-9934\" srcset=\"https:\/\/www.greenpeace.org\/static\/planet4-hungary-stateless\/2022\/09\/d4ccff84-gphu-automentes-blog-220922-2-1024x683.jpg 1024w, https:\/\/www.greenpeace.org\/static\/planet4-hungary-stateless\/2022\/09\/d4ccff84-gphu-automentes-blog-220922-2-300x200.jpg 300w, https:\/\/www.greenpeace.org\/static\/planet4-hungary-stateless\/2022\/09\/d4ccff84-gphu-automentes-blog-220922-2-768x512.jpg 768w, https:\/\/www.greenpeace.org\/static\/planet4-hungary-stateless\/2022\/09\/d4ccff84-gphu-automentes-blog-220922-2-1536x1024.jpg 1536w, https:\/\/www.greenpeace.org\/static\/planet4-hungary-stateless\/2022\/09\/d4ccff84-gphu-automentes-blog-220922-2-510x340.jpg 510w, https:\/\/www.greenpeace.org\/static\/planet4-hungary-stateless\/2022\/09\/d4ccff84-gphu-automentes-blog-220922-2.jpg 1999w\" sizes=\"auto, (max-width: 1024px) 100vw, 1024px\" \/><figcaption>Fot\u00f3: J\u00e1rd\u00e1ny Bence \/ Greenpeace<\/figcaption><\/figure>\n\n<p>Az aut\u00f3mentes nap alkalm\u00e1b\u00f3l a Technol\u00f3giai \u00e9s Ipari Miniszt\u00e9rium \u00e1llamtitk\u00e1ra egy \u00faj akci\u00f3t jelentett be: \u201eha egy utas cs\u00fct\u00f6rt\u00f6kre b\u00e1rmilyen t\u00e1vra sz\u00f3l\u00f3 helyk\u00f6zi M\u00c1V-Start-, Vol\u00e1nbusz-, GYSEV-, M\u00c1V-H\u00c9V-jegyet v\u00e1lt, azzal eg\u00e9sz nap, b\u00e1rmilyen hossz\u00fa t\u00e1von, tetsz\u0151leges sz\u00e1mban lehet utazni Magyarorsz\u00e1g ter\u00fclet\u00e9n a nap v\u00e9g\u00e9ig\u201d. Sz\u00e9p kezdem\u00e9nyez\u00e9s, de az \u00e9v t\u00f6bbi napj\u00e1n sajnos kev\u00e9s t\u00f6rekv\u00e9st l\u00e1tunk arra, hogy a k\u00f6z\u00f6ss\u00e9gi k\u00f6zleked\u00e9st mindenki sz\u00e1m\u00e1ra megfizethet\u0151v\u00e9 \u00e9s el\u00e9rhet\u0151v\u00e9 tegy\u00e9k.&nbsp;<\/p>\n\n<p>A k\u00f6z\u00f6ss\u00e9gi k\u00f6zleked\u00e9s a kulcs ahhoz, hogy mindenki fenntarthat\u00f3 m\u00f3don el\u00e9g\u00edthesse ki a napi k\u00f6zleked\u00e9si ig\u00e9nyeit, ak\u00e1r a munk\u00e1ba jut\u00e1st, ak\u00e1r egy orvos felkeres\u00e9s\u00e9t, ak\u00e1r a nagybev\u00e1s\u00e1rl\u00e1s lebonyol\u00edt\u00e1s\u00e1t. Az\u00e9rt, hogy ez val\u00f3ban mindenki sz\u00e1m\u00e1ra el\u00e9rhet\u0151 legyen, a Greenpeace eur\u00f3pai szinten s\u00fcrgeti a kl\u00edmajegyek bevezet\u00e9s\u00e9t a vas\u00fatra \u00e9s m\u00e1s t\u00f6megk\u00f6zleked\u00e9si eszk\u00f6z\u00f6kre. A c\u00e9l nem lehet kevesebb, mint hogy senki ne szoruljon aut\u00f3- vagy rep\u00fcl\u0151g\u00e9p haszn\u00e1latra puszt\u00e1n az\u00e9rt, mert az megfizethet\u0151bb vagy k\u00f6nnyebben el\u00e9rhet\u0151.&nbsp;<\/p>\n\n<p>Ahogy arra a h\u00e9t eleji akci\u00f3nkban is <a href=\"https:\/\/www.greenpeace.org\/hungary\/sajtokozlemeny\/9928\/a-kozlekedes-azonnali-reformjat-szigorubb-sebessegkorlatozast-surget-a-greenpeace\/\">felh\u00edvtuk a figyelmet<\/a>, a k\u00f6zleked\u00e9s reformj\u00e1val \u00e9s szigor\u00fabb sebess\u00e9gkorl\u00e1toz\u00e1ssal is nagy m\u00e9rt\u00e9kben, uni\u00f3s szinten <a href=\"https:\/\/bit.ly\/TransportSectorSolutions\">13 sz\u00e1zal\u00e9kkal lehetne cs\u00f6kkenteni<\/a> az energiaig\u00e9nyt. Az aut\u00f3sok sz\u00e1m\u00e1ra a legl\u00e1tv\u00e1nyosabb eredm\u00e9ny az aut\u00f3p\u00e1ly\u00e1kon mutatkozna meg, a sebess\u00e9gnek 130-r\u00f3l 100 km\/\u00f3r\u00e1ra val\u00f3 cs\u00f6kkent\u00e9se ugyanis kb. <a href=\"https:\/\/www.vcoe.at\/service\/fragen-und-antworten\/welche-wirkung-hat-tempo-100-statt-130#:~:text=Geringerer%20Spritverbrauch,als%20bei%20100%20km%2Fh.\">23%-kal alacsonyabb<\/a> fogyaszt\u00e1st eredm\u00e9nyez. Az olajra \u00e9hes k\u00f6zleked\u00e9si rendszer\u00fcnk egyszerre n\u00f6veli a kl\u00edma- \u00e9s az energiav\u00e1ls\u00e1got, mik\u00f6zben hozz\u00e1j\u00e1rul az ukrajnai h\u00e1bor\u00fa finansz\u00edroz\u00e1s\u00e1hoz is. Mikor v\u00e1ltoztassunk ezen, \u00e9s kezdj\u00fck el radik\u00e1lisan cs\u00f6kkenteni az energiaig\u00e9ny\u00fcnket, ha nem most?<\/p>\n\n<figure class=\"wp-block-image size-full  caption-alignment-right\"><img loading=\"lazy\" decoding=\"async\" width=\"800\" height=\"449\" src=\"https:\/\/www.greenpeace.org\/static\/planet4-hungary-stateless\/2022\/09\/0880427b-gphu-automentes-blog-220922-3.jpg\" alt=\"\" class=\"wp-image-9936\" srcset=\"https:\/\/www.greenpeace.org\/static\/planet4-hungary-stateless\/2022\/09\/0880427b-gphu-automentes-blog-220922-3.jpg 800w, https:\/\/www.greenpeace.org\/static\/planet4-hungary-stateless\/2022\/09\/0880427b-gphu-automentes-blog-220922-3-300x168.jpg 300w, https:\/\/www.greenpeace.org\/static\/planet4-hungary-stateless\/2022\/09\/0880427b-gphu-automentes-blog-220922-3-768x431.jpg 768w, https:\/\/www.greenpeace.org\/static\/planet4-hungary-stateless\/2022\/09\/0880427b-gphu-automentes-blog-220922-3-510x286.jpg 510w\" sizes=\"auto, (max-width: 800px) 100vw, 800px\" \/><figcaption>Fot\u00f3: P\u00e1pai Gerg\u0151 \/ Greenpeace<\/figcaption><\/figure>\n\n<p>Az aut\u00f3mentess\u00e9get az otthoni munkav\u00e9gz\u00e9s t\u00e1mogat\u00e1s\u00e1val lehetne az egyik legk\u00e9zenfekv\u0151bb m\u00f3don t\u00e1mogatni. Uni\u00f3s szinten 27 \u00e9s 47 sz\u00e1zal\u00e9k <a href=\"https:\/\/ec.europa.eu\/eurostat\/statistics-explained\/index.php?title=Passenger_mobility_statistics\">k\u00f6z\u00e9 tehet\u0151<\/a> a vizsg\u00e1lt orsz\u00e1gokban az ar\u00e1nya annak, amit naponta az \u00f6sszes megtett t\u00e1vols\u00e1gb\u00f3l a munk\u00e1ba t\u00f6rt\u00e9n\u0151 eljut\u00e1s tesz ki. Ennek egy r\u00e9sz\u00e9t mindenk\u00e9ppen meg lehetne sp\u00f3rolni azzal, ha a korm\u00e1nyok folytatn\u00e1k, vagy pedig \u00fajra bevezetn\u00e9k azokat a szab\u00e1lyokat az otthoni munkav\u00e9gz\u00e9sre, amiket a koronav\u00edrus-j\u00e1rv\u00e1ny miatt egyszer m\u00e1r \u00fagyis meghoztak. Ha pedig mindenk\u00e9ppen aut\u00f3ba kell \u00fclni, akkor lehetne jav\u00edtani az aut\u00f3k kihaszn\u00e1lts\u00e1g\u00e1n is: jelenleg uni\u00f3s szinten <a href=\"https:\/\/www.eea.europa.eu\/data-and-maps\/indicators\/occupancy-rates-of-passenger-vehicles\/occupancy-rates-of-passenger-vehicles\">1,45 utas haszn\u00e1l<\/a> \u00e1tlagosan egy aut\u00f3t. Az aut\u00f3megoszt\u00e1st olyan \u00f6szt\u00f6nz\u0151k bevezet\u00e9s\u00e9vel lehetne t\u00e1mogatni, mint az olcs\u00f3bb parkol\u00e1s, vagy a buszs\u00e1vok haszn\u00e1lat\u00e1nak enged\u00e9lyez\u00e9se olyan aut\u00f3k sz\u00e1m\u00e1ra, amelyek tele vannak utasokkal.&nbsp;<\/p>\n\n<p>Ha pedig a v\u00e1rosi k\u00f6zleked\u00e9sr\u0151l van sz\u00f3, \u00e9rtelemszer\u0171en a kibocs\u00e1t\u00e1smentes k\u00f6zleked\u00e9si megold\u00e1sokat kellene \u00f6szt\u00f6n\u00f6zni, legyen az ker\u00e9kp\u00e1r, gyalogl\u00e1s, vagy b\u00e1rmilyen m\u00e1s mikromobilit\u00e1si lehet\u0151s\u00e9g (g\u00f6rkorcsolya, roller, e-robog\u00f3, segway stb.). Ezekkel nem csak az energiafelhaszn\u00e1l\u00e1st cs\u00f6kkenthetj\u00fck, hanem v\u00e1rosaink leveg\u0151j\u00e9nek tisztas\u00e1ga is sokat javulna.<\/p>\n\n<figure class=\"wp-block-image size-full  caption-alignment-right\"><img loading=\"lazy\" decoding=\"async\" width=\"799\" height=\"533\" src=\"https:\/\/www.greenpeace.org\/static\/planet4-hungary-stateless\/2022\/09\/74ed74a3-gphu-automentes-blog-220922-1.jpg\" alt=\"\" class=\"wp-image-9935\" srcset=\"https:\/\/www.greenpeace.org\/static\/planet4-hungary-stateless\/2022\/09\/74ed74a3-gphu-automentes-blog-220922-1.jpg 799w, https:\/\/www.greenpeace.org\/static\/planet4-hungary-stateless\/2022\/09\/74ed74a3-gphu-automentes-blog-220922-1-300x200.jpg 300w, https:\/\/www.greenpeace.org\/static\/planet4-hungary-stateless\/2022\/09\/74ed74a3-gphu-automentes-blog-220922-1-768x512.jpg 768w, https:\/\/www.greenpeace.org\/static\/planet4-hungary-stateless\/2022\/09\/74ed74a3-gphu-automentes-blog-220922-1-510x340.jpg 510w\" sizes=\"auto, (max-width: 799px) 100vw, 799px\" \/><figcaption>Fot\u00f3: J\u00e1rd\u00e1ny Bence \/ Greenpeace<\/figcaption><\/figure>\n\n<p>Az \u00e1rucikkek sz\u00e1ll\u00edt\u00e1sa is egy olyan ter\u00fclet, amely szinte teljesen az olajfelhaszn\u00e1l\u00e1sra t\u00e1maszkodik. Vannak m\u00e1r pozit\u00edv p\u00e9ld\u00e1k arra, hogy hogyan lehet elmozdulni a vas\u00fati sz\u00e1ll\u00edt\u00e1s ir\u00e1ny\u00e1ba. <a href=\"https:\/\/www.bmk.gv.at\/dam\/jcr:c2030b63-e2c1-4ab4-b1dd-529249af0199\/digitale_Abfrageplattform_Berechn_bsp_220715.pdf\">Ausztria p\u00e9ld\u00e1ul betiltotta<\/a> a szem\u00e9tsz\u00e1ll\u00edt\u00e1st 100 kilom\u00e9tern\u00e9l hosszabb t\u00e1von azokon az utakon, ahol a vas\u00fati sz\u00e1ll\u00edt\u00e1s val\u00f3di alternat\u00edv\u00e1t jelent. A c\u00e9geket ad\u00f3kedvezm\u00e9nyekkel lehetne \u00f6szt\u00f6n\u00f6zni arra, hogy az utak helyett a vasutakat v\u00e1lasszak a sz\u00e1ll\u00edt\u00e1skor. Persze ahhoz, hogy ez itthon is re\u00e1lis megold\u00e1s legyen, term\u00e9szetesen j\u00f3val t\u00f6bb forr\u00e1st kellene ford\u00edtani a vas\u00fati k\u00f6zleked\u00e9s fejleszt\u00e9s\u00e9re, mint jelenleg.&nbsp;<\/p>\n\n<p>Az aut\u00f3mentes nap csak egy napra sz\u00f3l, az aut\u00f3mentess\u00e9gnek viszont eg\u00e9sz \u00e9vben a szem\u00fcnk el\u0151tt kell lebegnie. Csak ez jelenthet megold\u00e1st az energia- \u00e9s a kl\u00edmav\u00e1ls\u00e1g lek\u00fczd\u00e9s\u00e9re, csak \u00edgy \u00e9rthet\u0151 el, hogy elnyom\u00f3 diktat\u00far\u00e1k kevesebb profitra tegyenek szert az olajb\u00f3l. Z\u00f6ld energi\u00e1t, tiszta leveg\u0151t, \u00e9lhet\u0151 v\u00e1rosokat!<\/p>\n","protected":false},"excerpt":{"rendered":"<p>Az idei aut\u00f3mentes napnak k\u00fcl\u00f6nleges aktualit\u00e1st ad az \u00e9let\u00fcnk minden ter\u00fclet\u00e9re begy\u0171r\u0171z\u0151 energiav\u00e1ls\u00e1g. Ugyan mindannyian l\u00e1thatjuk, hogy ezt a v\u00e1ls\u00e1got csak \u00fagy lehet megoldani, ha gyorsan \u00e9s nagym\u00e9rt\u00e9kben cs\u00f6kkentj\u00fck az&hellip;<\/p>\n","protected":false},"author":25,"featured_media":9934,"comment_status":"closed","ping_status":"closed","sticky":false,"template":"","format":"standard","meta":{"ep_exclude_from_search":false,"p4_og_title":"","p4_og_description":"","p4_og_image":"","p4_og_image_id":"","p4_seo_canonical_url":"","p4_campaign_name":"not set","p4_local_project":"not set","p4_basket_name":"not set","p4_department":"","footnotes":""},"categories":[4,2],"tags":[34,6,26],"p4-page-type":[40],"class_list":["post-9933","post","type-post","status-publish","format-standard","has-post-thumbnail","hentry","category-ember-tarsadalom","category-klima-energia","tag-levego","tag-klimavedelem","tag-fosszilis","p4-page-type-blog"],"_links":{"self":[{"href":"https:\/\/www.greenpeace.org\/hungary\/wp-json\/wp\/v2\/posts\/9933","targetHints":{"allow":["GET"]}}],"collection":[{"href":"https:\/\/www.greenpeace.org\/hungary\/wp-json\/wp\/v2\/posts"}],"about":[{"href":"https:\/\/www.greenpeace.org\/hungary\/wp-json\/wp\/v2\/types\/post"}],"author":[{"embeddable":true,"href":"https:\/\/www.greenpeace.org\/hungary\/wp-json\/wp\/v2\/users\/25"}],"replies":[{"embeddable":true,"href":"https:\/\/www.greenpeace.org\/hungary\/wp-json\/wp\/v2\/comments?post=9933"}],"version-history":[{"count":6,"href":"https:\/\/www.greenpeace.org\/hungary\/wp-json\/wp\/v2\/posts\/9933\/revisions"}],"predecessor-version":[{"id":9943,"href":"https:\/\/www.greenpeace.org\/hungary\/wp-json\/wp\/v2\/posts\/9933\/revisions\/9943"}],"wp:featuredmedia":[{"embeddable":true,"href":"https:\/\/www.greenpeace.org\/hungary\/wp-json\/wp\/v2\/media\/9934"}],"wp:attachment":[{"href":"https:\/\/www.greenpeace.org\/hungary\/wp-json\/wp\/v2\/media?parent=9933"}],"wp:term":[{"taxonomy":"category","embeddable":true,"href":"https:\/\/www.greenpeace.org\/hungary\/wp-json\/wp\/v2\/categories?post=9933"},{"taxonomy":"post_tag","embeddable":true,"href":"https:\/\/www.greenpeace.org\/hungary\/wp-json\/wp\/v2\/tags?post=9933"},{"taxonomy":"p4-page-type","embeddable":true,"href":"https:\/\/www.greenpeace.org\/hungary\/wp-json\/wp\/v2\/p4-page-type?post=9933"}],"curies":[{"name":"wp","href":"https:\/\/api.w.org\/{rel}","templated":true}]}}