{"id":6,"count":213,"description":"Egyre t\u00f6bben szenved\u00fcnk a kl\u00edmav\u00e1ls\u00e1g k\u00f6vetkezt\u00e9ben sz\u00e9ls\u0151s\u00e9gess\u00e9 v\u00e1l\u00f3 id\u0151j\u00e1r\u00e1s miatt. A h\u0151hull\u00e1mok, \u00e1rad\u00e1sok, viharok \u00e9s asz\u00e1lyok mind t\u00f6bb\u00fcnk \u00e9let\u00e9t keser\u00edtik meg. De a folyamat meg\u00e1ll\u00edthat\u00f3! Egy\u00fctt meg tudjuk akad\u00e1lyozni, hogy a F\u00f6ld h\u0151m\u00e9rs\u00e9klete tov\u00e1bb emelkedjen.\r\n\r\nSok f\u00fcgg a politikusokt\u00f3l \u00e9s a c\u00e9gvezet\u0151kt\u0151l \u2013 h\u00e1t b\u00edrjuk \u0151ket r\u00e1 a felel\u0151s l\u00e9p\u00e9sekre!. K\u00f6vetelj\u00fck az eddigiekn\u00e9l is hangosabban, hogy v\u00e9dj\u00e9k meg term\u00e9szeti kincseinket, \u00f3vj\u00e1k meg az \u00e9l\u0151vil\u00e1got \u00e9s \u00e1lljanak \u00e1t meg\u00fajul\u00f3 energi\u00e1kra.\r\n\r\nTegy\u00fcnk mindennap mi is valamit a kl\u00edm\u00e1\u00e9rt \u2013 takar\u00e9koskodjunk az energi\u00e1val, fogyasszunk helyben termesztett bio\u00e9lelmiszereket, egy\u00fcnk kevesebb h\u00fast, v\u00e1lasszunk kisebb k\u00e1rosanyag-kibocs\u00e1t\u00e1ssal j\u00e1r\u00f3 k\u00f6zleked\u00e9si lehet\u0151s\u00e9geket.\r\n\r\nCsak rajtunk m\u00falik! M\u00e9g id\u0151ben vagyunk, hogy meg\u00e1ll\u00edtsuk az elszabadul\u00f3 kl\u00edmav\u00e1ltoz\u00e1st. Hozzunk l\u00e9tre egy\u00fctt egy biztons\u00e1gosabb, z\u00f6ldebb \u00e9s igazs\u00e1gosabb vil\u00e1got!","link":"https:\/\/www.greenpeace.org\/hungary\/tag\/klimavedelem\/","name":"Kl\u00edmav\u00e9delem","slug":"klimavedelem","taxonomy":"post_tag","meta":[],"_links":{"self":[{"href":"https:\/\/www.greenpeace.org\/hungary\/wp-json\/wp\/v2\/tags\/6","targetHints":{"allow":["GET"]}}],"collection":[{"href":"https:\/\/www.greenpeace.org\/hungary\/wp-json\/wp\/v2\/tags"}],"about":[{"href":"https:\/\/www.greenpeace.org\/hungary\/wp-json\/wp\/v2\/taxonomies\/post_tag"}],"wp:post_type":[{"href":"https:\/\/www.greenpeace.org\/hungary\/wp-json\/wp\/v2\/posts?tags=6"},{"href":"https:\/\/www.greenpeace.org\/hungary\/wp-json\/wp\/v2\/pages?tags=6"},{"href":"https:\/\/www.greenpeace.org\/hungary\/wp-json\/wp\/v2\/p4_action?tags=6"}],"curies":[{"name":"wp","href":"https:\/\/api.w.org\/{rel}","templated":true}]}}