{"id":2674,"date":"2019-04-12T16:01:12","date_gmt":"2019-04-12T09:01:12","guid":{"rendered":"https:\/\/master.k8s.p4.greenpeace.org\/indonesia\/?p=2674"},"modified":"2021-12-01T19:31:26","modified_gmt":"2021-12-01T12:31:26","slug":"pidato-direktur-eksekutif-greenpeace-international-di-hadapan-petinggi-nestle","status":"publish","type":"post","link":"https:\/\/www.greenpeace.org\/indonesia\/cerita\/2674\/pidato-direktur-eksekutif-greenpeace-international-di-hadapan-petinggi-nestle\/","title":{"rendered":"Pidato Direktur Eksekutif Greenpeace International di Hadapan Petinggi Nestl\u00e9"},"content":{"rendered":"<p><b>Rapat Umum Tahunan Nestl\u00e9 yang ke-152<\/b><br \/>\n<b>Kamis, 11 April 2019, 14.30<\/b><br \/>\n<b>Beaulieu\/Lausanne, Swiss.<\/b><\/p>\n<p>&nbsp;<\/p>\n<p><img loading=\"lazy\" decoding=\"async\" class=\"alignnone wp-image-2675 size-full\" src=\"https:\/\/www.greenpeace.org\/static\/planet4-indonesia-stateless\/2019\/04\/cb9dab53-gp0stt7ej_medium_res_with_credit_line.jpg\" alt=\"\" width=\"1152\" height=\"560\" srcset=\"https:\/\/www.greenpeace.org\/static\/planet4-indonesia-stateless\/2019\/04\/cb9dab53-gp0stt7ej_medium_res_with_credit_line.jpg 1152w, https:\/\/www.greenpeace.org\/static\/planet4-indonesia-stateless\/2019\/04\/cb9dab53-gp0stt7ej_medium_res_with_credit_line-300x146.jpg 300w, https:\/\/www.greenpeace.org\/static\/planet4-indonesia-stateless\/2019\/04\/cb9dab53-gp0stt7ej_medium_res_with_credit_line-768x373.jpg 768w, https:\/\/www.greenpeace.org\/static\/planet4-indonesia-stateless\/2019\/04\/cb9dab53-gp0stt7ej_medium_res_with_credit_line-1024x498.jpg 1024w, https:\/\/www.greenpeace.org\/static\/planet4-indonesia-stateless\/2019\/04\/cb9dab53-gp0stt7ej_medium_res_with_credit_line-510x248.jpg 510w\" sizes=\"auto, (max-width: 1152px) 100vw, 1152px\" \/><\/p>\n<p>&nbsp;<\/p>\n<p><b>Selamat siang. <\/b><span style=\"font-weight: 400;\">Kalian semua sadar akan gambaran nyata dunia ini &#8211; kemasan plastik mencekik penyu, membuat burung terperangkap dan menyumbat bagian perut dalam paus yang mati terdampar.<\/span><\/p>\n<p><span style=\"font-weight: 400;\">Plastik mencemari sungai dan lautan kita, memenuhi daratan, melepaskan material beracun apabila dibakar, serta merusak kehidupan masyarakat. Dan dampaknya paling terlihat di Asia Tenggara.<\/span><\/p>\n<p><b>Polusi plastik adalah bencana untuk lingkungan kita. <\/b><span style=\"font-weight: 400;\">Ini pertanda bahwa ada sesuatu yang tidak benar dan sistem ekonomi sekali pakai yang saat ini terjadi, berdasarkan konsumsi yang tak ada habisnya, tidak bisa dilanjutkan lagi.<\/span><\/p>\n<p><span style=\"font-weight: 400;\">September lalu, bersama dengan gerakan Break Free From Plastic, <\/span><a href=\"https:\/\/www.breakfreefromplastic.org\/globalbrandauditreport2018\/\"><span style=\"font-weight: 400;\">kami menemukan bahwa Nestl\u00e9 adalah salah satu perusahaan yang kemasan plastiknya paling banyak mencemari pantai<\/span><\/a><span style=\"font-weight: 400;\">, perairan, dan masyarakat di enam benua.<\/span><\/p>\n<p><span style=\"font-weight: 400;\">Kita tahu kemana plastik berakhir: kita melihatnya dengan mata kepala sendiri. Sekarang jutaan orang di seluruh dunia tahu dari mana plastik-plastik ini berasal &#8211; dari Nestl\u00e9.<\/span><\/p>\n<p><span style=\"font-weight: 400;\">Plastik terbuat dari bahan kimia yang berbahaya, kini telah memasuki makanan dan perairan kita. <\/span><a href=\"https:\/\/www.thelancet.com\/journals\/lanplh\/article\/PIIS2542-5196(17)30121-3\/fulltext\"><span style=\"font-weight: 400;\">Ilmuwan mempublikasikan hasil penelitiannya mengenai bahaya plastik terhadap kesehatan manusia dan mulai memahami implikasi besar di balik itu<\/span><\/a><span style=\"font-weight: 400;\">. <\/span><b>Sekarang semakin banyak orang yang mendesak agar masalah ini segera diselesaikan, tanpa ditunda-tunda lagi.<\/b><\/p>\n<p><span style=\"font-weight: 400;\">Namun tahun lalu, Nestl\u00e9 memproduksi 1,7 juta ton kemasan plastik &#8212; <\/span><b>13% lebih banyak dibanding tahun sebelumnya<\/b><span style=\"font-weight: 400;\">.<\/span><\/p>\n<p><span style=\"font-weight: 400;\">Sudah seharusnya Nestl\u00e9 memikirkan kekhawatiran publik yang semakin besar mengenai polusi plastik. Semakin banyak orang yang mengerti peran kalian dalam krisis ini.<\/span><\/p>\n<p><span style=\"font-weight: 400;\">Ini adalah kesempatan untuk kalian menunjukkan bahwa kalian siap berada di lini terdepan dalam menangani bencana global ini, sesuatu yang telah kalian nyatakan sebagai tujuan kalian &#8212; <\/span><b>untuk menjadi yang terdepan di industri ini.<\/b><\/p>\n<p><span style=\"font-weight: 400;\">Namun, kepemimpinan bukan berarti mengganti plastik dengan bahan sekali pakai lainnya seperti kertas atau bioplastik, yang artinya hanya akan mengalihkan dampak destruktif pada hutan dan tanah perkebunan, atau <\/span><b>bersikeras pada mitos bahwa daur ulang akan memperbaiki bencana plastik yang telah terjadi.<\/b><\/p>\n<p><span style=\"font-weight: 400;\">Kepemimpinan yang sejati berarti menjadi yang terdepan untuk melawan budaya sekali pakai yang selama ini melekat pada model bisnis Nestl\u00e9 yang sekarang.<\/span><\/p>\n<p><span style=\"font-weight: 400;\">Artinya, terus bergerak menuju solusi dengan kemasan yang berkelanjutan &#8212; alternatif pengiriman produk yang fokus pada pengisian ulang dan penggunaan kembali.<\/span><\/p>\n<p><span style=\"font-weight: 400;\">Artinya, terbuka dan transparan mengenai jejak plastik kalian. Artinya segera berkomitmen untuk menyudahi produksi dan penggunaan plastik sekali pakai, dan membuat target pengurangan kemasan sekali pakai sebagai tujuan utama strategi kalian.<\/span><\/p>\n<p><span style=\"font-weight: 400;\">Sama sekali tidak dapat diterima jika sebuah perusahaan memproduksi ratusan miliar plastik setiap tahunnya yang hanya digunakan beberapa detik lalu kemudian dibiarkan meracuni masyarakat, rantai makanan dan ekosistem selama beberapa generasi.<\/span><\/p>\n<p><span style=\"font-weight: 400;\">Jadi, pertanyaannya jelas: apakah Nestl\u00e9 akan muncul sebagai pemimpin yang sebenarnya atau tetap akan berkutat pada model bisnis kuno dan destruktif yang punya dampak negatif terhadap kita semua?<\/span><\/p>\n<p><span style=\"font-weight: 400;\">Greenpeace akan tetap mendesak kalian untuk bertanggung jawab dengan mengganti sistem yang dibutuhkan, untuk berinvestasi pada inovasi dan memimpin kita semua menuju masa depan yang lebih berkelanjutan.<\/span><\/p>\n<p><span style=\"font-weight: 400;\">Masyarakat mengawasi kalian.<\/span><\/p>\n<p>&nbsp;<\/p>\n<p>Jennifer Morgan<\/p>\n<div class=\"EmptyMessage\">Block content is empty. Check the block&#8217;s settings or remove it.<\/div>","protected":false},"excerpt":{"rendered":"<p>Direktur Eksekutif Greenpeace International, Jennifer Morgan, berbicara di hadapan petinggi Nestl\u00e9 di rapat umum tahunan Nestl\u00e9 untuk mendesak Nestl\u00e9 agar meninggalkan kemasan sekali pakai.<\/p>\n","protected":false},"author":28,"featured_media":2675,"comment_status":"open","ping_status":"open","sticky":false,"template":"","format":"standard","meta":{"ep_exclude_from_search":false,"p4_og_title":"","p4_og_description":"","p4_og_image":"","p4_og_image_id":"","p4_seo_canonical_url":"","p4_campaign_name":"","p4_local_project":"","p4_basket_name":"","p4_department":"","footnotes":""},"categories":[3],"tags":[23],"p4-page-type":[16],"class_list":["post-2674","post","type-post","status-publish","format-standard","has-post-thumbnail","hentry","category-ciptakan-perubahan","tag-pantang-plastik","p4-page-type-cerita"],"yoast_head":"<!-- This site is optimized with the Yoast SEO plugin v21.9.1 - https:\/\/yoast.com\/wordpress\/plugins\/seo\/ -->\n<title>Pidato Direktur Eksekutif Greenpeace International di Hadapan Petinggi Nestl\u00e9 - Greenpeace Indonesia<\/title>\n<meta name=\"robots\" content=\"index, follow, max-snippet:-1, max-image-preview:large, max-video-preview:-1\" \/>\n<link rel=\"canonical\" href=\"https:\/\/www.greenpeace.org\/indonesia\/cerita\/2674\/pidato-direktur-eksekutif-greenpeace-international-di-hadapan-petinggi-nestle\/\" \/>\n<meta property=\"og:locale\" content=\"id_ID\" \/>\n<meta property=\"og:type\" content=\"article\" \/>\n<meta property=\"og:title\" content=\"Pidato Direktur Eksekutif Greenpeace International di Hadapan Petinggi Nestl\u00e9 - Greenpeace Indonesia\" \/>\n<meta property=\"og:description\" content=\"Direktur Eksekutif Greenpeace International, Jennifer Morgan, berbicara di hadapan petinggi Nestl\u00e9 di rapat umum tahunan Nestl\u00e9 untuk mendesak Nestl\u00e9 agar meninggalkan kemasan sekali pakai.\" \/>\n<meta property=\"og:url\" content=\"https:\/\/www.greenpeace.org\/indonesia\/cerita\/2674\/pidato-direktur-eksekutif-greenpeace-international-di-hadapan-petinggi-nestle\/\" \/>\n<meta property=\"og:site_name\" content=\"Greenpeace Indonesia\" \/>\n<meta property=\"article:publisher\" content=\"https:\/\/www.facebook.com\/GreenpeaceIndonesia\" \/>\n<meta property=\"article:published_time\" content=\"2019-04-12T09:01:12+00:00\" \/>\n<meta property=\"article:modified_time\" content=\"2021-12-01T12:31:26+00:00\" \/>\n<meta property=\"og:image\" content=\"https:\/\/www.greenpeace.org\/static\/planet4-indonesia-stateless\/2019\/04\/cb9dab53-gp0stt7ej_medium_res_with_credit_line.jpg\" \/>\n\t<meta property=\"og:image:width\" content=\"1152\" \/>\n\t<meta property=\"og:image:height\" content=\"560\" \/>\n\t<meta property=\"og:image:type\" content=\"image\/jpeg\" \/>\n<meta name=\"author\" content=\"Medina Basaib\" \/>\n<meta name=\"twitter:card\" content=\"summary_large_image\" \/>\n<meta name=\"twitter:creator\" content=\"@GreenpeaceID\" \/>\n<meta name=\"twitter:site\" content=\"@GreenpeaceID\" \/>\n<meta name=\"twitter:label1\" content=\"Written by\" \/>\n\t<meta name=\"twitter:data1\" content=\"Medina Basaib\" \/>\n\t<meta name=\"twitter:label2\" content=\"Est. reading time\" \/>\n\t<meta name=\"twitter:data2\" content=\"2 menit\" \/>\n<script type=\"application\/ld+json\" class=\"yoast-schema-graph\">{\"@context\":\"https:\/\/schema.org\",\"@graph\":[{\"@type\":\"Article\",\"@id\":\"https:\/\/www.greenpeace.org\/indonesia\/cerita\/2674\/pidato-direktur-eksekutif-greenpeace-international-di-hadapan-petinggi-nestle\/#article\",\"isPartOf\":{\"@id\":\"https:\/\/www.greenpeace.org\/indonesia\/cerita\/2674\/pidato-direktur-eksekutif-greenpeace-international-di-hadapan-petinggi-nestle\/\"},\"author\":{\"name\":\"Medina Basaib\",\"@id\":\"https:\/\/www.greenpeace.org\/indonesia\/#\/schema\/person\/5c84669a210b642c397ab6b83fe5b00c\"},\"headline\":\"Pidato Direktur Eksekutif Greenpeace International di Hadapan Petinggi Nestl\u00e9\",\"datePublished\":\"2019-04-12T09:01:12+00:00\",\"dateModified\":\"2021-12-01T12:31:26+00:00\",\"mainEntityOfPage\":{\"@id\":\"https:\/\/www.greenpeace.org\/indonesia\/cerita\/2674\/pidato-direktur-eksekutif-greenpeace-international-di-hadapan-petinggi-nestle\/\"},\"wordCount\":487,\"commentCount\":0,\"publisher\":{\"@id\":\"https:\/\/www.greenpeace.org\/indonesia\/#organization\"},\"keywords\":[\"PantangPlastik\"],\"articleSection\":[\"Ciptakan Perubahan\"],\"inLanguage\":\"id\",\"potentialAction\":[{\"@type\":\"CommentAction\",\"name\":\"Comment\",\"target\":[\"https:\/\/www.greenpeace.org\/indonesia\/cerita\/2674\/pidato-direktur-eksekutif-greenpeace-international-di-hadapan-petinggi-nestle\/#respond\"]}]},{\"@type\":\"WebPage\",\"@id\":\"https:\/\/www.greenpeace.org\/indonesia\/cerita\/2674\/pidato-direktur-eksekutif-greenpeace-international-di-hadapan-petinggi-nestle\/\",\"url\":\"https:\/\/www.greenpeace.org\/indonesia\/cerita\/2674\/pidato-direktur-eksekutif-greenpeace-international-di-hadapan-petinggi-nestle\/\",\"name\":\"Pidato Direktur Eksekutif Greenpeace International di Hadapan Petinggi Nestl\u00e9 - Greenpeace Indonesia\",\"isPartOf\":{\"@id\":\"https:\/\/www.greenpeace.org\/indonesia\/#website\"},\"datePublished\":\"2019-04-12T09:01:12+00:00\",\"dateModified\":\"2021-12-01T12:31:26+00:00\",\"breadcrumb\":{\"@id\":\"https:\/\/www.greenpeace.org\/indonesia\/cerita\/2674\/pidato-direktur-eksekutif-greenpeace-international-di-hadapan-petinggi-nestle\/#breadcrumb\"},\"inLanguage\":\"id\",\"potentialAction\":[{\"@type\":\"ReadAction\",\"target\":[\"https:\/\/www.greenpeace.org\/indonesia\/cerita\/2674\/pidato-direktur-eksekutif-greenpeace-international-di-hadapan-petinggi-nestle\/\"]}]},{\"@type\":\"BreadcrumbList\",\"@id\":\"https:\/\/www.greenpeace.org\/indonesia\/cerita\/2674\/pidato-direktur-eksekutif-greenpeace-international-di-hadapan-petinggi-nestle\/#breadcrumb\",\"itemListElement\":[{\"@type\":\"ListItem\",\"position\":1,\"name\":\"Home\",\"item\":\"https:\/\/www.greenpeace.org\/indonesia\/\"},{\"@type\":\"ListItem\",\"position\":2,\"name\":\"Pidato Direktur Eksekutif Greenpeace International di Hadapan Petinggi Nestl\u00e9\"}]},{\"@type\":\"WebSite\",\"@id\":\"https:\/\/www.greenpeace.org\/indonesia\/#website\",\"url\":\"https:\/\/www.greenpeace.org\/indonesia\/\",\"name\":\"Greenpeace Indonesia\",\"description\":\"Greenpeace\",\"publisher\":{\"@id\":\"https:\/\/www.greenpeace.org\/indonesia\/#organization\"},\"potentialAction\":[{\"@type\":\"SearchAction\",\"target\":{\"@type\":\"EntryPoint\",\"urlTemplate\":\"https:\/\/www.greenpeace.org\/indonesia\/?s={search_term_string}\"},\"query-input\":\"required name=search_term_string\"}],\"inLanguage\":\"id\"},{\"@type\":\"Organization\",\"@id\":\"https:\/\/www.greenpeace.org\/indonesia\/#organization\",\"name\":\"Greenpeace Indonesia\",\"url\":\"https:\/\/www.greenpeace.org\/indonesia\/\",\"logo\":{\"@type\":\"ImageObject\",\"inLanguage\":\"id\",\"@id\":\"https:\/\/www.greenpeace.org\/indonesia\/#\/schema\/logo\/image\/\",\"url\":\"https:\/\/www.greenpeace.org\/static\/planet4-indonesia-stateless\/2023\/11\/23919a5e-gp_avatar_whiteongreen.png\",\"contentUrl\":\"https:\/\/www.greenpeace.org\/static\/planet4-indonesia-stateless\/2023\/11\/23919a5e-gp_avatar_whiteongreen.png\",\"width\":500,\"height\":500,\"caption\":\"Greenpeace Indonesia\"},\"image\":{\"@id\":\"https:\/\/www.greenpeace.org\/indonesia\/#\/schema\/logo\/image\/\"},\"sameAs\":[\"https:\/\/www.facebook.com\/GreenpeaceIndonesia\",\"https:\/\/twitter.com\/GreenpeaceID\",\"https:\/\/www.instagram.com\/greenpeaceid\/\"]},{\"@type\":\"Person\",\"@id\":\"https:\/\/www.greenpeace.org\/indonesia\/#\/schema\/person\/5c84669a210b642c397ab6b83fe5b00c\",\"name\":\"Medina Basaib\",\"image\":{\"@type\":\"ImageObject\",\"inLanguage\":\"id\",\"@id\":\"https:\/\/www.greenpeace.org\/indonesia\/#\/schema\/person\/image\/\",\"url\":\"https:\/\/secure.gravatar.com\/avatar\/b6490c7fa05af90341007e4a5328ec69b7061b61d6abbe8c752a2b5da6fde30b?s=96&d=mm&r=g\",\"contentUrl\":\"https:\/\/secure.gravatar.com\/avatar\/b6490c7fa05af90341007e4a5328ec69b7061b61d6abbe8c752a2b5da6fde30b?s=96&d=mm&r=g\",\"caption\":\"Medina Basaib\"},\"url\":\"https:\/\/www.greenpeace.org\/indonesia\/author\/mbasaib\/\"}]}<\/script>\n<!-- \/ Yoast SEO plugin. -->","yoast_head_json":{"title":"Pidato Direktur Eksekutif Greenpeace International di Hadapan Petinggi Nestl\u00e9 - Greenpeace Indonesia","robots":{"index":"index","follow":"follow","max-snippet":"max-snippet:-1","max-image-preview":"max-image-preview:large","max-video-preview":"max-video-preview:-1"},"canonical":"https:\/\/www.greenpeace.org\/indonesia\/cerita\/2674\/pidato-direktur-eksekutif-greenpeace-international-di-hadapan-petinggi-nestle\/","og_locale":"id_ID","og_type":"article","og_title":"Pidato Direktur Eksekutif Greenpeace International di Hadapan Petinggi Nestl\u00e9 - Greenpeace Indonesia","og_description":"Direktur Eksekutif Greenpeace International, Jennifer Morgan, berbicara di hadapan petinggi Nestl\u00e9 di rapat umum tahunan Nestl\u00e9 untuk mendesak Nestl\u00e9 agar meninggalkan kemasan sekali pakai.","og_url":"https:\/\/www.greenpeace.org\/indonesia\/cerita\/2674\/pidato-direktur-eksekutif-greenpeace-international-di-hadapan-petinggi-nestle\/","og_site_name":"Greenpeace Indonesia","article_publisher":"https:\/\/www.facebook.com\/GreenpeaceIndonesia","article_published_time":"2019-04-12T09:01:12+00:00","article_modified_time":"2021-12-01T12:31:26+00:00","og_image":[{"width":1152,"height":560,"url":"https:\/\/www.greenpeace.org\/static\/planet4-indonesia-stateless\/2019\/04\/cb9dab53-gp0stt7ej_medium_res_with_credit_line.jpg","type":"image\/jpeg"}],"author":"Medina Basaib","twitter_card":"summary_large_image","twitter_creator":"@GreenpeaceID","twitter_site":"@GreenpeaceID","twitter_misc":{"Written by":"Medina Basaib","Est. reading time":"2 menit"},"schema":{"@context":"https:\/\/schema.org","@graph":[{"@type":"Article","@id":"https:\/\/www.greenpeace.org\/indonesia\/cerita\/2674\/pidato-direktur-eksekutif-greenpeace-international-di-hadapan-petinggi-nestle\/#article","isPartOf":{"@id":"https:\/\/www.greenpeace.org\/indonesia\/cerita\/2674\/pidato-direktur-eksekutif-greenpeace-international-di-hadapan-petinggi-nestle\/"},"author":{"name":"Medina Basaib","@id":"https:\/\/www.greenpeace.org\/indonesia\/#\/schema\/person\/5c84669a210b642c397ab6b83fe5b00c"},"headline":"Pidato Direktur Eksekutif Greenpeace International di Hadapan Petinggi Nestl\u00e9","datePublished":"2019-04-12T09:01:12+00:00","dateModified":"2021-12-01T12:31:26+00:00","mainEntityOfPage":{"@id":"https:\/\/www.greenpeace.org\/indonesia\/cerita\/2674\/pidato-direktur-eksekutif-greenpeace-international-di-hadapan-petinggi-nestle\/"},"wordCount":487,"commentCount":0,"publisher":{"@id":"https:\/\/www.greenpeace.org\/indonesia\/#organization"},"keywords":["PantangPlastik"],"articleSection":["Ciptakan Perubahan"],"inLanguage":"id","potentialAction":[{"@type":"CommentAction","name":"Comment","target":["https:\/\/www.greenpeace.org\/indonesia\/cerita\/2674\/pidato-direktur-eksekutif-greenpeace-international-di-hadapan-petinggi-nestle\/#respond"]}]},{"@type":"WebPage","@id":"https:\/\/www.greenpeace.org\/indonesia\/cerita\/2674\/pidato-direktur-eksekutif-greenpeace-international-di-hadapan-petinggi-nestle\/","url":"https:\/\/www.greenpeace.org\/indonesia\/cerita\/2674\/pidato-direktur-eksekutif-greenpeace-international-di-hadapan-petinggi-nestle\/","name":"Pidato Direktur Eksekutif Greenpeace International di Hadapan Petinggi Nestl\u00e9 - Greenpeace Indonesia","isPartOf":{"@id":"https:\/\/www.greenpeace.org\/indonesia\/#website"},"datePublished":"2019-04-12T09:01:12+00:00","dateModified":"2021-12-01T12:31:26+00:00","breadcrumb":{"@id":"https:\/\/www.greenpeace.org\/indonesia\/cerita\/2674\/pidato-direktur-eksekutif-greenpeace-international-di-hadapan-petinggi-nestle\/#breadcrumb"},"inLanguage":"id","potentialAction":[{"@type":"ReadAction","target":["https:\/\/www.greenpeace.org\/indonesia\/cerita\/2674\/pidato-direktur-eksekutif-greenpeace-international-di-hadapan-petinggi-nestle\/"]}]},{"@type":"BreadcrumbList","@id":"https:\/\/www.greenpeace.org\/indonesia\/cerita\/2674\/pidato-direktur-eksekutif-greenpeace-international-di-hadapan-petinggi-nestle\/#breadcrumb","itemListElement":[{"@type":"ListItem","position":1,"name":"Home","item":"https:\/\/www.greenpeace.org\/indonesia\/"},{"@type":"ListItem","position":2,"name":"Pidato Direktur Eksekutif Greenpeace International di Hadapan Petinggi Nestl\u00e9"}]},{"@type":"WebSite","@id":"https:\/\/www.greenpeace.org\/indonesia\/#website","url":"https:\/\/www.greenpeace.org\/indonesia\/","name":"Greenpeace Indonesia","description":"Greenpeace","publisher":{"@id":"https:\/\/www.greenpeace.org\/indonesia\/#organization"},"potentialAction":[{"@type":"SearchAction","target":{"@type":"EntryPoint","urlTemplate":"https:\/\/www.greenpeace.org\/indonesia\/?s={search_term_string}"},"query-input":"required name=search_term_string"}],"inLanguage":"id"},{"@type":"Organization","@id":"https:\/\/www.greenpeace.org\/indonesia\/#organization","name":"Greenpeace Indonesia","url":"https:\/\/www.greenpeace.org\/indonesia\/","logo":{"@type":"ImageObject","inLanguage":"id","@id":"https:\/\/www.greenpeace.org\/indonesia\/#\/schema\/logo\/image\/","url":"https:\/\/www.greenpeace.org\/static\/planet4-indonesia-stateless\/2023\/11\/23919a5e-gp_avatar_whiteongreen.png","contentUrl":"https:\/\/www.greenpeace.org\/static\/planet4-indonesia-stateless\/2023\/11\/23919a5e-gp_avatar_whiteongreen.png","width":500,"height":500,"caption":"Greenpeace Indonesia"},"image":{"@id":"https:\/\/www.greenpeace.org\/indonesia\/#\/schema\/logo\/image\/"},"sameAs":["https:\/\/www.facebook.com\/GreenpeaceIndonesia","https:\/\/twitter.com\/GreenpeaceID","https:\/\/www.instagram.com\/greenpeaceid\/"]},{"@type":"Person","@id":"https:\/\/www.greenpeace.org\/indonesia\/#\/schema\/person\/5c84669a210b642c397ab6b83fe5b00c","name":"Medina Basaib","image":{"@type":"ImageObject","inLanguage":"id","@id":"https:\/\/www.greenpeace.org\/indonesia\/#\/schema\/person\/image\/","url":"https:\/\/secure.gravatar.com\/avatar\/b6490c7fa05af90341007e4a5328ec69b7061b61d6abbe8c752a2b5da6fde30b?s=96&d=mm&r=g","contentUrl":"https:\/\/secure.gravatar.com\/avatar\/b6490c7fa05af90341007e4a5328ec69b7061b61d6abbe8c752a2b5da6fde30b?s=96&d=mm&r=g","caption":"Medina Basaib"},"url":"https:\/\/www.greenpeace.org\/indonesia\/author\/mbasaib\/"}]}},"_links":{"self":[{"href":"https:\/\/www.greenpeace.org\/indonesia\/wp-json\/wp\/v2\/posts\/2674","targetHints":{"allow":["GET"]}}],"collection":[{"href":"https:\/\/www.greenpeace.org\/indonesia\/wp-json\/wp\/v2\/posts"}],"about":[{"href":"https:\/\/www.greenpeace.org\/indonesia\/wp-json\/wp\/v2\/types\/post"}],"author":[{"embeddable":true,"href":"https:\/\/www.greenpeace.org\/indonesia\/wp-json\/wp\/v2\/users\/28"}],"replies":[{"embeddable":true,"href":"https:\/\/www.greenpeace.org\/indonesia\/wp-json\/wp\/v2\/comments?post=2674"}],"version-history":[{"count":3,"href":"https:\/\/www.greenpeace.org\/indonesia\/wp-json\/wp\/v2\/posts\/2674\/revisions"}],"predecessor-version":[{"id":45732,"href":"https:\/\/www.greenpeace.org\/indonesia\/wp-json\/wp\/v2\/posts\/2674\/revisions\/45732"}],"wp:featuredmedia":[{"embeddable":true,"href":"https:\/\/www.greenpeace.org\/indonesia\/wp-json\/wp\/v2\/media\/2675"}],"wp:attachment":[{"href":"https:\/\/www.greenpeace.org\/indonesia\/wp-json\/wp\/v2\/media?parent=2674"}],"wp:term":[{"taxonomy":"category","embeddable":true,"href":"https:\/\/www.greenpeace.org\/indonesia\/wp-json\/wp\/v2\/categories?post=2674"},{"taxonomy":"post_tag","embeddable":true,"href":"https:\/\/www.greenpeace.org\/indonesia\/wp-json\/wp\/v2\/tags?post=2674"},{"taxonomy":"p4-page-type","embeddable":true,"href":"https:\/\/www.greenpeace.org\/indonesia\/wp-json\/wp\/v2\/p4-page-type?post=2674"}],"curies":[{"name":"wp","href":"https:\/\/api.w.org\/{rel}","templated":true}]}}