{"id":19789,"date":"2018-12-04T17:44:12","date_gmt":"2018-12-04T17:44:12","guid":{"rendered":"https:\/\/www.greenpeace.org\/international\/?p=19789"},"modified":"2021-12-01T13:51:02","modified_gmt":"2021-12-01T12:51:02","slug":"why-were-not-done-fighting-for-justice-for-berta-caceres","status":"publish","type":"post","link":"https:\/\/www.greenpeace.org\/international\/story\/19789\/why-were-not-done-fighting-for-justice-for-berta-caceres\/","title":{"rendered":"Why we\u2019re not done fighting for justice for Berta C\u00e1ceres"},"content":{"rendered":"<div id=\"attachment_18385\" style=\"width: 1210px\" class=\"wp-caption alignnone\"><img loading=\"lazy\" decoding=\"async\" aria-describedby=\"caption-attachment-18385\" class=\"size-full wp-image-18385\" src=\"https:\/\/www.greenpeace.org\/static\/planet4-international-stateless\/2018\/09\/9271acac-2015_bertacaceres_04-e1536909258554.jpg\" alt=\"Indigenous Environmental Activist Berta C\u00e1ceres \u00a9 Goldman Environmental Prize\" width=\"1200\" height=\"875\" \/><p id=\"caption-attachment-18385\" class=\"wp-caption-text\">Berta C\u00e1ceres next to the Gualcarque River, which she fought most of her life to defend from a destructive megadam project.<\/p><\/div>\n<p><span style=\"font-weight: 400;\">In the final days of her killers\u2019 trial, Berta C\u00e1ceres\u2019 daughter <\/span><a href=\"https:\/\/copinh.org\/2018\/11\/laura-zuniga-caceres\/\"><span style=\"font-weight: 400;\">Laura stood before the court<\/span><\/a><span style=\"font-weight: 400;\"> and said, \u201cI must speak out today, even though I did not want to. Nobody really wants to speak when their mother has been murdered. But I must, because it is an injustice that we, her family, have not been allowed to participate in this process.\u201d<\/span><\/p>\n<p><span style=\"font-weight: 400;\">More than two years after her assassination, a Honduran court has finally convicted seven men for the murder of Indigenous environmental activist Berta C\u00e1ceres. Among them are an active Honduran military official, hired assassins, and former employees of DESA, the company behind the Agua Zarca megadam that Berta spent her career opposing. They are expected to be sentenced in February 2019.<\/span><\/p>\n<p><span style=\"font-weight: 400;\">But despite the verdict, we must continue fighting in Berta\u2019s memory. As her family, their lawyers, and human rights watchdogs have repeatedly decried, this trial has been marred from the beginning by barriers to justice. Lack of transparency, the arbitrary exclusion of Berta\u2019s family and colleagues, and insufficient media attention have clouded what should have been an unmistakable message to companies and governments that threaten environmental activists. <\/span><\/p>\n<p><span style=\"font-weight: 400;\">And that\u2019s a message we desperately need, because Berta\u2019s murder was not an isolated incident. Every day, in every corner of the globe, companies and governments use violence and intimidation to silence those who use their voices to fight for the environment and human rights. According to Global Witness, at least <\/span><a href=\"https:\/\/www.globalwitness.org\/en\/campaigns\/environmental-activists\/at-what-cost\/\"><span style=\"font-weight: 400;\">207 environmental defenders were killed in 2017<\/span><\/a><span style=\"font-weight: 400;\"> \u2014 up from 201 in 2016 and 154 in 2015. The real total is likely much higher due to the number of deaths that have gone unrecorded. Many of these defenders are, like Berta, Indigenous women.<\/span><\/p>\n<div id=\"attachment_19791\" style=\"width: 1210px\" class=\"wp-caption alignnone\"><img loading=\"lazy\" decoding=\"async\" aria-describedby=\"caption-attachment-19791\" class=\"wp-image-19791\" src=\"https:\/\/www.greenpeace.org\/static\/planet4-international-stateless\/2018\/12\/c75e479e-27944272204_c4ede8e206_k.jpg\" alt=\"Laura Z\u00fa\u00f1iga C\u00e1ceres, daughter of Berta C\u00e1ceres \u00a9 Bob Simpson \/ Creative Commons\" width=\"1200\" height=\"800\" srcset=\"https:\/\/www.greenpeace.org\/static\/planet4-international-stateless\/2018\/12\/c75e479e-27944272204_c4ede8e206_k.jpg 2048w, https:\/\/www.greenpeace.org\/static\/planet4-international-stateless\/2018\/12\/c75e479e-27944272204_c4ede8e206_k-300x200.jpg 300w, https:\/\/www.greenpeace.org\/static\/planet4-international-stateless\/2018\/12\/c75e479e-27944272204_c4ede8e206_k-768x512.jpg 768w, https:\/\/www.greenpeace.org\/static\/planet4-international-stateless\/2018\/12\/c75e479e-27944272204_c4ede8e206_k-1024x683.jpg 1024w, https:\/\/www.greenpeace.org\/static\/planet4-international-stateless\/2018\/12\/c75e479e-27944272204_c4ede8e206_k-510x340.jpg 510w\" sizes=\"auto, (max-width: 1200px) 100vw, 1200px\" \/><p id=\"caption-attachment-19791\" class=\"wp-caption-text\">Berta&#8217;s daughter Laura Z\u00fa\u00f1iga C\u00e1ceres speaks during a rally shortly following her mother&#8217;s murder in 2016.<\/p><\/div>\n<p><span style=\"font-weight: 400;\">In 2015, Berta won the Goldman Environmental Prize for her peaceful opposition to the Agua Zarca project, which, if built, would threaten the livelihood of the Lenca Indigenous community. Less than a year later, she was murdered in her home in La Esperanza. The investigation into her murder revealed that it was planned and executed with DESA\u2019s \u201cfull knowledge and consent\u201d in order to eliminate her opposition to the megadam. <\/span><\/p>\n<p><span style=\"font-weight: 400;\">But this verdict only punishes those who took the orders, allowing the architects of Berta\u2019s killing to remain free. In fact, Honduran officials have not even taken steps to identify those who planned and ordered her murder, let alone bring them to justice. <\/span><\/p>\n<p><span style=\"font-weight: 400;\">So we must not rest. Not until the masterminds of Berta\u2019s assassination have been found and brought to justice, and the rights of environmental defenders around the globe are protected. While the outcome of this trial has left me with a bitter taste in my mouth, I continue to draw inspiration from Berta\u2019s family, her colleagues at COPINH, and her Lenca community, who continue to fight for their environment with love and dignity.<\/span><\/p>\n<p><span style=\"font-weight: 400;\">As Berta\u2019s daughter Laura said before the court last week, \u201cthe fight for justice for my mother will not end here. We will continue to appeal until these institutions respond, as they should, with justice. We will not be passive victims. We will continue to act, because my mother and the Lenca people deserve it. Because even now they are still chasing us, and because the criminal enterprise that killed my mother is still active. This too, we are going to defeat.\u201d<\/span><\/p>\n<p><span style=\"font-weight: 400;\">So, like Laura and the rest of Berta\u2019s community, Greenpeace will continue to fight. <\/span><b>Share this post<\/b><span style=\"font-weight: 400;\"> with <\/span><a href=\"https:\/\/twitter.com\/hashtag\/justiceforberta\"><span style=\"font-weight: 400;\">#JusticeForBerta<\/span><\/a><span style=\"font-weight: 400;\"> if you\u2019re going to fight, too. <\/span><\/p>\n<p><i><span style=\"font-weight: 400;\">Miguel \u00c1ngel Soto is a senior campaigner for Greenpeace Spain<\/span><\/i><\/p>\n<div class=\"EmptyMessage\">Block content is empty. Check the block&#8217;s settings or remove it.<\/div>","protected":false},"excerpt":{"rendered":"<p>Last week, seven men were found guilty of murdering the award-winning activist, but the struggle to protect environmental defenders is nowhere near over. <\/p>\n","protected":false},"author":42,"featured_media":18385,"comment_status":"open","ping_status":"closed","sticky":false,"template":"","format":"standard","meta":{"_planet4_optimize_post_is_variant":false,"_planet4_optimize_experiment_name":"","_planet4_optimize_variant_name":"","ep_exclude_from_search":false,"p4_og_title":"","p4_og_description":"","p4_og_image":"","p4_og_image_id":"","p4_seo_canonical_url":"","p4_campaign_name":"","p4_local_project":"","p4_basket_name":"","p4_department":"","footnotes":""},"categories":[73],"tags":[90],"p4-page-type":[59],"class_list":["post-19789","post","type-post","status-publish","format-standard","has-post-thumbnail","hentry","category-social-and-economic-systems","tag-peace","p4-page-type-story"],"_links":{"self":[{"href":"https:\/\/www.greenpeace.org\/international\/wp-json\/wp\/v2\/posts\/19789","targetHints":{"allow":["GET"]}}],"collection":[{"href":"https:\/\/www.greenpeace.org\/international\/wp-json\/wp\/v2\/posts"}],"about":[{"href":"https:\/\/www.greenpeace.org\/international\/wp-json\/wp\/v2\/types\/post"}],"author":[{"embeddable":true,"href":"https:\/\/www.greenpeace.org\/international\/wp-json\/wp\/v2\/users\/42"}],"replies":[{"embeddable":true,"href":"https:\/\/www.greenpeace.org\/international\/wp-json\/wp\/v2\/comments?post=19789"}],"version-history":[{"count":3,"href":"https:\/\/www.greenpeace.org\/international\/wp-json\/wp\/v2\/posts\/19789\/revisions"}],"predecessor-version":[{"id":51267,"href":"https:\/\/www.greenpeace.org\/international\/wp-json\/wp\/v2\/posts\/19789\/revisions\/51267"}],"wp:featuredmedia":[{"embeddable":true,"href":"https:\/\/www.greenpeace.org\/international\/wp-json\/wp\/v2\/media\/18385"}],"wp:attachment":[{"href":"https:\/\/www.greenpeace.org\/international\/wp-json\/wp\/v2\/media?parent=19789"}],"wp:term":[{"taxonomy":"category","embeddable":true,"href":"https:\/\/www.greenpeace.org\/international\/wp-json\/wp\/v2\/categories?post=19789"},{"taxonomy":"post_tag","embeddable":true,"href":"https:\/\/www.greenpeace.org\/international\/wp-json\/wp\/v2\/tags?post=19789"},{"taxonomy":"p4-page-type","embeddable":true,"href":"https:\/\/www.greenpeace.org\/international\/wp-json\/wp\/v2\/p4-page-type?post=19789"}],"curies":[{"name":"wp","href":"https:\/\/api.w.org\/{rel}","templated":true}]}}