{"id":23725,"date":"2019-08-09T03:00:51","date_gmt":"2019-08-09T01:00:51","guid":{"rendered":"https:\/\/www.greenpeace.org\/international\/?p=23725"},"modified":"2023-05-23T16:59:42","modified_gmt":"2023-05-23T14:59:42","slug":"celebrating-indigenous-resistance-around-the-world","status":"publish","type":"post","link":"https:\/\/www.greenpeace.org\/international\/story\/23725\/celebrating-indigenous-resistance-around-the-world\/","title":{"rendered":"Celebrating Indigenous resistance around the world"},"content":{"rendered":"\n<p><span style=\"font-weight: 400;\">My people are native to the lands that make up present day Mexico. They are some of the last in North America to maintain their pre-Columbian cultural traditions. But with every year that passes, my people lose more and more of themselves and the culture they have protected for millennia, as well as the lands they have stewarded.&nbsp;<\/span><\/p>\n\n<p><span style=\"font-weight: 400;\">Our legacies on our lands are being swept away as the Mexican government builds new highways and other forms of development on them. This is not a unique story, but a tragically common experience with Indigenous Peoples in every corner of the earth.<\/span><\/p>\n\n<figure class=\"wp-block-image alignnone  caption-style-blue-overlay caption-alignment-center\"><img loading=\"lazy\" decoding=\"async\" width=\"1200\" height=\"900\" src=\"https:\/\/www.greenpeace.org\/static\/planet4-international-stateless\/2019\/08\/86d2d69e-gp0stp42g.jpg\" title=\"Audrey vs The Machine in Pacific Ocean. \u00a9 Greenpeace \/ Emily Hunter\" alt=\"Audrey vs The Machine in Pacific Ocean. \u00a9 Greenpeace \/ Emily Hunter\" class=\"wp-image-23726\" srcset=\"https:\/\/www.greenpeace.org\/static\/planet4-international-stateless\/2019\/08\/86d2d69e-gp0stp42g.jpg 1200w, https:\/\/www.greenpeace.org\/static\/planet4-international-stateless\/2019\/08\/86d2d69e-gp0stp42g-300x225.jpg 300w, https:\/\/www.greenpeace.org\/static\/planet4-international-stateless\/2019\/08\/86d2d69e-gp0stp42g-768x576.jpg 768w, https:\/\/www.greenpeace.org\/static\/planet4-international-stateless\/2019\/08\/86d2d69e-gp0stp42g-1024x768.jpg 1024w, https:\/\/www.greenpeace.org\/static\/planet4-international-stateless\/2019\/08\/86d2d69e-gp0stp42g-453x340.jpg 453w\" sizes=\"auto, (max-width: 1200px) 100vw, 1200px\" \/><figcaption class=\"wp-element-caption\">Audrey Siegl, a Musqueam woman from British Columbia, Canada, stands in defiance of Shell&#8217;s oil rig<span style=\"font-size: 16px;\">.<\/span><div class=\"credit icon-left\"> \u00a9 Greenpeace \/ Emily Hunter<\/div><\/figcaption><\/figure>\n\n<p><span style=\"font-weight: 400;\">Nature is found at the intersection of most Indigenous Peoples\u2019 identity, religion, culture, and community. We are therefore compelled to protect it. We hold many elements of the natural world as sacred; plants, animals, water, land, rain, wind, the seas. Indigenous roots have always and will always run deep in the lands that colonialism has stolen.<\/span><\/p>\n\n<p><span style=\"font-weight: 400;\">All around the world, from the United States to Finland, Brazil to Morocco, Indigenous People have been rising and resisting for centuries to protect their culture, which includes their lands. The land is our culture and a vital piece of our legacy.&nbsp;<\/span><\/p>\n\n<p><span style=\"font-weight: 400;\">And today, Indigenous People are on the frontlines of the climate crisis, protecting some of the most endangered lands, as well as the water, animals, and people to which they provide a home.<\/span><\/p>\n\n<figure class=\"wp-block-image alignnone  caption-style-blue-overlay caption-alignment-center\"><img loading=\"lazy\" decoding=\"async\" width=\"1200\" height=\"800\" src=\"https:\/\/www.greenpeace.org\/static\/planet4-international-stateless\/2019\/08\/337b4311-gp0stql2t.jpg\" title=\"Thousands Rally in Support of Native Nation in Washington D.C. \u00a9 Amanda J. Mason \/ Greenpeace\" alt=\"Thousands Rally in Support of Native Nation in Washington D.C. \u00a9 Amanda J. Mason \/ Greenpeace\" class=\"wp-image-23727\" srcset=\"https:\/\/www.greenpeace.org\/static\/planet4-international-stateless\/2019\/08\/337b4311-gp0stql2t.jpg 1200w, https:\/\/www.greenpeace.org\/static\/planet4-international-stateless\/2019\/08\/337b4311-gp0stql2t-300x200.jpg 300w, https:\/\/www.greenpeace.org\/static\/planet4-international-stateless\/2019\/08\/337b4311-gp0stql2t-768x512.jpg 768w, https:\/\/www.greenpeace.org\/static\/planet4-international-stateless\/2019\/08\/337b4311-gp0stql2t-1024x683.jpg 1024w, https:\/\/www.greenpeace.org\/static\/planet4-international-stateless\/2019\/08\/337b4311-gp0stql2t-510x340.jpg 510w\" sizes=\"auto, (max-width: 1200px) 100vw, 1200px\" \/><figcaption class=\"wp-element-caption\">Native nations gather to stand up for Indigenous rights in the US.<div class=\"credit icon-left\"> \u00a9 Amanda J. Mason \/ Greenpeace<\/div><\/figcaption><\/figure>\n\n<p><span style=\"font-weight: 400;\">At Greenpeace, we know that climate justice means Indigenous sovereignty. Traditional Indigenous territories encompass approximately <\/span><a href=\"https:\/\/siteresources.worldbank.org\/INTBIODIVERSITY\/Resources\/RoleofIndigenousPeoplesinBiodiversityConservation.pdf\"><span style=\"font-weight: 400;\">22% of the world\u2019s land surface, yet they hold 80% of the world\u2019s terrestrial biodiversity<\/span><\/a><span style=\"font-weight: 400;\">. This biodiversity is under threat from mining, fossil fuel extraction, agriculture, deforestation, and climate change.&nbsp;<\/span><\/p>\n\n<p><span style=\"font-weight: 400;\">Maintaining the covenant between humans and the natural world is essential to our survival, and it begins with protecting and affirming the collective and individual rights of Indigenous Peoples.<\/span><\/p>\n\n<p><span style=\"font-weight: 400;\">This protection of fundamental rights of Indigenous Peoples and other communities is essential to achieve solutions to the climate breakdown and other massive environmental problems. Greenpeace International and other allies are organizing the <\/span><a href=\"https:\/\/www.greenpeace.org\/international\/story\/23274\/announcing-the-first-ever-global-summit-on-human-rights-and-climate-change\/\"><span style=\"font-weight: 400;\">first-ever global summit<\/span><\/a><span style=\"font-weight: 400;\"> on human rights and climate change in September, stressing that the current climate crisis must be addressed in a way that respects, protects and fulfils human rights, including Indigenous rights.<\/span><\/p>\n\n<p><span style=\"font-weight: 400;\">Greenpeace stands in solidarity with our Indigenous allies in this movement.<\/span><\/p>\n\n<figure class=\"wp-block-image alignnone  caption-style-blue-overlay caption-alignment-center\"><img loading=\"lazy\" decoding=\"async\" width=\"1200\" height=\"802\" src=\"https:\/\/www.greenpeace.org\/static\/planet4-international-stateless\/2019\/08\/66799939-gp0str0wf.jpg\" title=\"Indigenous Community Builds Tiny House in Pipeline\u2019s Path in Canada. \u00a9 Ian Willms \/ Greenpeace\" alt=\"Indigenous Community Builds Tiny House in Pipeline\u2019s Path in Canada. \u00a9 Ian Willms \/ Greenpeace\" class=\"wp-image-23728\" srcset=\"https:\/\/www.greenpeace.org\/static\/planet4-international-stateless\/2019\/08\/66799939-gp0str0wf.jpg 1200w, https:\/\/www.greenpeace.org\/static\/planet4-international-stateless\/2019\/08\/66799939-gp0str0wf-300x201.jpg 300w, https:\/\/www.greenpeace.org\/static\/planet4-international-stateless\/2019\/08\/66799939-gp0str0wf-768x513.jpg 768w, https:\/\/www.greenpeace.org\/static\/planet4-international-stateless\/2019\/08\/66799939-gp0str0wf-1024x684.jpg 1024w, https:\/\/www.greenpeace.org\/static\/planet4-international-stateless\/2019\/08\/66799939-gp0str0wf-510x340.jpg 510w\" sizes=\"auto, (max-width: 1200px) 100vw, 1200px\" \/><figcaption class=\"wp-element-caption\"><a href=\"http:\/\/tinyhousewarriors.com\/\"><span style=\"font-weight: 400;\">Tiny House Warriors<\/span><\/a><span style=\"font-weight: 400;\"> in Canada, whose mission is to stop the Trans Mountain pipeline from crossing unceded Secwepemc Territory by building ten tiny houses strategically placed along the 518 km Trans Mountain pipeline. <\/span>The house is a symbol of the home they are fighting to protect, creating hope and community in the face of destruction.<div class=\"credit icon-left\"> \u00a9 Ian Willms \/ Greenpeace<\/div><\/figcaption><\/figure>\n\n<ul class=\"wp-block-list\">\n<li><a href=\"https:\/\/www.ienearth.org\/\"><span style=\"font-weight: 400;\">Indigenous Environmental Network<\/span><\/a><span style=\"font-weight: 400;\"> in the United States, an alliance working to protect the sacredness of our Earth Mother from contamination and exploitation by strengthening, maintaining and respecting Indigenous teachings and natural laws.<\/span><\/li>\n<\/ul>\n\n<figure class=\"wp-block-image alignnone size-full  caption-style-blue-overlay caption-alignment-center\"><img decoding=\"async\" src=\"https:\/\/www.greenpeace.org\/static\/planet4-international-stateless\/2018\/08\/8a8edf6b-gp0stq9vd_medium_res.jpg\" title=\"Protest at Standing Rock Dakota Access Pipeline in the US, 2016.<div class=\"credit icon-left\"> \u00a9 Richard Bluecloud Castaneda \/ Greenpeace<\/div> \u00a9 Richard Bluecloud Castaneda \/ Greenpeace&#8221; alt=&#8221;Protest at Standing Rock Dakota Access Pipeline in the US, 2016.<div class=\"credit icon-left\"> \u00a9 Richard Bluecloud Castaneda \/ Greenpeace<\/div> \u00a9 Richard Bluecloud Castaneda \/ Greenpeace&#8221; class=&#8221;wp-image-18080&#8243;\/><figcaption class=\"wp-element-caption\">Protest at Standing Rock Dakota Access Pipeline in the US, 2016.<div class=\"credit icon-left\"> \u00a9 Richard Bluecloud Castaneda \/ Greenpeace<\/div><\/figcaption><\/figure>\n\n<ul class=\"wp-block-list\">\n<li><a href=\"https:\/\/ip3action.org\/\"><span style=\"font-weight: 400;\">Indigenous Peoples Power Project<\/span><\/a><span style=\"font-weight: 400;\"> in the United States, who work to offer non-violent direct action training, action support, and network building for Native activists that is customized to fit the traditions of Indigenous communities.<\/span><\/li>\n\n\n\n<li><a href=\"http:\/\/www.honorearth.org\"><span style=\"font-weight: 400;\">Honor the Earth<\/span><\/a><span style=\"font-weight: 400;\"> in the United States, whose mission is to create awareness and support for Native environmental issues and to develop needed financial and political resources for the survival of sustainable Native communities by using music, the arts, the media, and Indigenous wisdom.<\/span><\/li>\n<\/ul>\n\n<figure class=\"wp-block-image alignnone  caption-style-blue-overlay caption-alignment-center\"><img loading=\"lazy\" decoding=\"async\" width=\"1200\" height=\"800\" src=\"https:\/\/www.greenpeace.org\/static\/planet4-international-stateless\/2019\/08\/7b9efc5e-gp0stpy3t.jpg\" title=\"Cacique Valto Datie with Solar Panels at Dace Watpu Village. \u00a9 Ot\u00e1vio Almeida \/ Greenpeace\" alt=\"Cacique Valto Datie with Solar Panels at Dace Watpu Village. \u00a9 Ot\u00e1vio Almeida \/ Greenpeace\" class=\"wp-image-23729\" srcset=\"https:\/\/www.greenpeace.org\/static\/planet4-international-stateless\/2019\/08\/7b9efc5e-gp0stpy3t.jpg 1200w, https:\/\/www.greenpeace.org\/static\/planet4-international-stateless\/2019\/08\/7b9efc5e-gp0stpy3t-300x200.jpg 300w, https:\/\/www.greenpeace.org\/static\/planet4-international-stateless\/2019\/08\/7b9efc5e-gp0stpy3t-768x512.jpg 768w, https:\/\/www.greenpeace.org\/static\/planet4-international-stateless\/2019\/08\/7b9efc5e-gp0stpy3t-1024x683.jpg 1024w, https:\/\/www.greenpeace.org\/static\/planet4-international-stateless\/2019\/08\/7b9efc5e-gp0stpy3t-510x340.jpg 510w\" sizes=\"auto, (max-width: 1200px) 100vw, 1200px\" \/><figcaption class=\"wp-element-caption\">Greenpeace activists and Munduruku people install solar panels at Dace Watpu village<div class=\"credit icon-left\"> \u00a9 Ot\u00e1vio Almeida \/ Greenpeace<\/div><\/figcaption><\/figure>\n\n<ul class=\"wp-block-list\">\n<li><a href=\"http:\/\/apib.info\/apib\/?lang=en\"><span style=\"font-weight: 400;\">Articula\u00e7\u00e3o dos Povos Ind\u00edgenas<\/span><\/a><span style=\"font-weight: 400;\"> in Brazil, a national movement to unite, strengthen , and mobilize Indigenous Peoples against threats and attacks on Indigenous rights.<\/span><\/li>\n\n\n\n<li><a href=\"https:\/\/www.facebook.com\/VozDosPovos\/?ref=py_c\"><span style=\"font-weight: 400;\">M\u00eddia \u00cdndia<\/span><\/a><span style=\"font-weight: 400;\"> in Brazil, a communication network of young Indigenous activists strengthening the voices and changing the narrative of Indigenous Peoples on social networks.<\/span><\/li>\n\n\n\n<li><a href=\"https:\/\/www.facebook.com\/XAWVNKO\/\"><span style=\"font-weight: 400;\">Confederaci\u00f3n Mapuche de Neuqu\u00e9n<\/span><\/a><span style=\"font-weight: 400;\"> in Argentina, who are working to strengthen the exercise of Indigenous human rights by the indigenous communities of the Mapuche people.<\/span><\/li>\n<\/ul>\n\n<figure class=\"wp-block-image alignnone  caption-style-blue-overlay caption-alignment-center\"><img loading=\"lazy\" decoding=\"async\" width=\"1199\" height=\"769\" src=\"https:\/\/www.greenpeace.org\/static\/planet4-international-stateless\/2019\/08\/82d0294f-gp0k8l.jpg\" title=\"Baka man (pygme tribe) in rainforest of Cameroon. \u00a9 Steve Morgan \/ Greenpeace\" alt=\"Baka man (pygme tribe) in rainforest of Cameroon. \u00a9 Steve Morgan \/ Greenpeace\" class=\"wp-image-23730\" srcset=\"https:\/\/www.greenpeace.org\/static\/planet4-international-stateless\/2019\/08\/82d0294f-gp0k8l.jpg 1199w, https:\/\/www.greenpeace.org\/static\/planet4-international-stateless\/2019\/08\/82d0294f-gp0k8l-300x192.jpg 300w, https:\/\/www.greenpeace.org\/static\/planet4-international-stateless\/2019\/08\/82d0294f-gp0k8l-768x493.jpg 768w, https:\/\/www.greenpeace.org\/static\/planet4-international-stateless\/2019\/08\/82d0294f-gp0k8l-1024x657.jpg 1024w, https:\/\/www.greenpeace.org\/static\/planet4-international-stateless\/2019\/08\/82d0294f-gp0k8l-510x327.jpg 510w\" sizes=\"auto, (max-width: 1199px) 100vw, 1199px\" \/><figcaption class=\"wp-element-caption\">Baka (pygme tribe) man in rainforest. Cameroon.<div class=\"credit icon-left\"> \u00a9 Steve Morgan \/ Greenpeace<\/div><\/figcaption><\/figure>\n\n<ul class=\"wp-block-list\">\n<li><span style=\"font-weight: 400;\">The Baka people in south Cameroon, who are standing up against the<\/span> <a href=\"https:\/\/www.greenpeace.org\/africa\/en\/blogs\/6143\/sudcam-bleeding-the-forest-and-its-dependent-communities\/\"><span style=\"font-weight: 400;\">displacement and massive deforestation<\/span><\/a> <span style=\"font-weight: 400;\">caused by rubber company Sudcam (Halycon Agri)<\/span><span style=\"font-weight: 400;\">.<\/span><\/li>\n\n\n\n<li><span style=\"font-weight: 400;\">The <\/span><a href=\"https:\/\/greenpeace-africa.africa-newsroom.com\/press\/scientists-confirm-presence-of-peatlands-in-democratic-republic-of-congo\"><span style=\"font-weight: 400;\">Indigenous Peoples from Lokolama Village<\/span><\/a><span style=\"font-weight: 400;\"> in The Democratic Republic of the Congo, who work with Greenpeace Africa to secure concessions for community forest <\/span><span style=\"font-weight: 400;\">management &#8211; in lieu of destructive industrial logging activities.&nbsp;&nbsp;<\/span><\/li>\n<\/ul>\n\n<figure class=\"wp-block-image alignnone  caption-style-blue-overlay caption-alignment-center\"><img loading=\"lazy\" decoding=\"async\" width=\"1200\" height=\"800\" src=\"https:\/\/www.greenpeace.org\/static\/planet4-international-stateless\/2019\/08\/5794eef0-gp0stqebj.jpg\" title=\"Attika School Microgrid in Tahala. \u00a9 Zakaria Wakrim \/ Greenpeace\" alt=\"Attika School Microgrid in Tahala. \u00a9 Zakaria Wakrim \/ Greenpeace\" class=\"wp-image-23731\" srcset=\"https:\/\/www.greenpeace.org\/static\/planet4-international-stateless\/2019\/08\/5794eef0-gp0stqebj.jpg 1200w, https:\/\/www.greenpeace.org\/static\/planet4-international-stateless\/2019\/08\/5794eef0-gp0stqebj-300x200.jpg 300w, https:\/\/www.greenpeace.org\/static\/planet4-international-stateless\/2019\/08\/5794eef0-gp0stqebj-768x512.jpg 768w, https:\/\/www.greenpeace.org\/static\/planet4-international-stateless\/2019\/08\/5794eef0-gp0stqebj-1024x683.jpg 1024w, https:\/\/www.greenpeace.org\/static\/planet4-international-stateless\/2019\/08\/5794eef0-gp0stqebj-510x340.jpg 510w\" sizes=\"auto, (max-width: 1200px) 100vw, 1200px\" \/><figcaption class=\"wp-element-caption\">Solar panels in the remote southern village of Tahala, Souss-Massa-Dr\u00e2a region, Morocco.<div class=\"credit icon-left\"> \u00a9 Zakaria Wakrim \/ Greenpeace<\/div><\/figcaption><\/figure>\n\n<ul class=\"wp-block-list\">\n<li><span style=\"font-weight: 400;\">A tiny remote village of Irig N\u2019Tahala, in Morocco\u2019s southern Tiznit province, has long suffered from power cuts and poor living conditions. But a decentralised intelligent solar energy network now provides Tahala residents with clean and free energy. Since 2016, the impact on life in Tahala has been huge &#8211; powering the mosque, school and other local amenities.<\/span><\/li>\n<\/ul>\n\n<figure class=\"wp-block-image alignnone  caption-style-blue-overlay caption-alignment-center\"><img loading=\"lazy\" decoding=\"async\" width=\"1200\" height=\"800\" src=\"https:\/\/www.greenpeace.org\/static\/planet4-international-stateless\/2019\/08\/45a02bab-gp03ts7.jpg\" title=\"Indigenous Community in Western Siberia\" alt=\"Indigenous Community in Western Siberia. \u00a9 Greenpeace\" class=\"wp-image-23732\" srcset=\"https:\/\/www.greenpeace.org\/static\/planet4-international-stateless\/2019\/08\/45a02bab-gp03ts7.jpg 1200w, https:\/\/www.greenpeace.org\/static\/planet4-international-stateless\/2019\/08\/45a02bab-gp03ts7-300x200.jpg 300w, https:\/\/www.greenpeace.org\/static\/planet4-international-stateless\/2019\/08\/45a02bab-gp03ts7-768x512.jpg 768w, https:\/\/www.greenpeace.org\/static\/planet4-international-stateless\/2019\/08\/45a02bab-gp03ts7-1024x683.jpg 1024w, https:\/\/www.greenpeace.org\/static\/planet4-international-stateless\/2019\/08\/45a02bab-gp03ts7-510x340.jpg 510w\" sizes=\"auto, (max-width: 1200px) 100vw, 1200px\" \/><figcaption class=\"wp-element-caption\">Indigenous community living near Noyabrsk the largest oil town of the Yamalo-Nenets Region, Western Siberia.<div class=\"credit icon-left\"> \u00a9 Greenpeace<\/div><\/figcaption><\/figure>\n\n<ul class=\"wp-block-list\">\n<li><a href=\"http:\/\/www.csipn.ru\/about\"><span style=\"font-weight: 400;\">Center for Support of Indigenous Peoples of the North<\/span><\/a><span style=\"font-weight: 400;\"> in Russia, an NGO providing training and development in practical activities, capacity building, institution strengthening, traditional knowledge, and cultural heritage for Indigenous Peoples.<\/span><\/li>\n\n\n\n<li><a href=\"http:\/\/savepechora.ru\"><span style=\"font-weight: 400;\">Pechora Rescue Committee<\/span><\/a><span style=\"font-weight: 400;\"> in Russia, working to protect the Pechora River Basin in the Komi Republic.<\/span><\/li>\n\n\n\n<li><a href=\"https:\/\/www.facebook.com\/BataniFund\/\"><span style=\"font-weight: 400;\">International Indigenous Fund for Development and Solidarity &#8220;Batani&#8221;<\/span><\/a><span style=\"font-weight: 400;\"> in Russia, which promotes cooperation and solidarity among Indigenous Peoples.<\/span><\/li>\n\n\n\n<li><a href=\"https:\/\/arctic-consult.com\/\"><span style=\"font-weight: 400;\">Arctic Consult<\/span><\/a><span style=\"font-weight: 400;\"> in Russia, a consulting company that provides advising to communities of Indigenous Peoples of the Russian North, Siberia and the Far East on land rights, resources, and self-determination.<\/span><\/li>\n<\/ul>\n\n<figure class=\"wp-block-image alignnone  caption-style-blue-overlay caption-alignment-center\"><img loading=\"lazy\" decoding=\"async\" width=\"1200\" height=\"800\" src=\"https:\/\/www.greenpeace.org\/static\/planet4-international-stateless\/2019\/08\/2c7d8b4b-gp0vtk.jpg\" title=\"Traditional Mud Men Dance. \u00a9 Greenpeace \/ Natalie Behring\" alt=\"Traditional Mud Men Dance. \u00a9 Greenpeace \/ Natalie Behring\" class=\"wp-image-23733\" srcset=\"https:\/\/www.greenpeace.org\/static\/planet4-international-stateless\/2019\/08\/2c7d8b4b-gp0vtk.jpg 1200w, https:\/\/www.greenpeace.org\/static\/planet4-international-stateless\/2019\/08\/2c7d8b4b-gp0vtk-300x200.jpg 300w, https:\/\/www.greenpeace.org\/static\/planet4-international-stateless\/2019\/08\/2c7d8b4b-gp0vtk-768x512.jpg 768w, https:\/\/www.greenpeace.org\/static\/planet4-international-stateless\/2019\/08\/2c7d8b4b-gp0vtk-1024x683.jpg 1024w, https:\/\/www.greenpeace.org\/static\/planet4-international-stateless\/2019\/08\/2c7d8b4b-gp0vtk-510x340.jpg 510w\" sizes=\"auto, (max-width: 1200px) 100vw, 1200px\" \/><figcaption class=\"wp-element-caption\">&#8220;Mud men&#8221; in the Western Province of Papua New Guinea perform a traditional dance to welcome the arrival of the Greenpeace flagship the Rainbow Warrior.<div class=\"credit icon-left\"> \u00a9 Greenpeace \/ Natalie Behring<\/div><\/figcaption><\/figure>\n\n<ul class=\"wp-block-list\">\n<li><a href=\"http:\/\/www.aman.or.id\"><span style=\"font-weight: 400;\">Aman Papua<\/span><\/a><span style=\"font-weight: 400;\"> in Indonesia, who are working at the local, national, and international levels to advocate for Indonesia\u2019s 2,373 Indigenous communities and their 17 million people.<\/span><\/li>\n\n\n\n<li><a href=\"http:\/\/bentarapapua.org\"><span style=\"font-weight: 400;\">Bentara Papua<\/span><\/a><span style=\"font-weight: 400;\"> in Indonesia, who are building just, sustainable, and empowered Indigenous communities.<\/span><\/li>\n<\/ul>\n\n<p><span style=\"font-weight: 400;\">Let us join in celebrating the brave activists and defenders who are standing on the frontlines of environmental protection. Their struggles are local, but on this International Day of the World&#8217;s Indigenous People we carry the same global message: Environmental justice and social justice are one.<\/span><\/p>\n\n<p><span style=\"font-weight: 400;\">The future is Indigenous.<\/span><\/p>\n\n<p><i><span style=\"font-weight: 400;\">Kaitlin Grable is a Digital Campaigner with Greenpeace USA. She is an Indigenous woman working to amplify the voices of the marginalized and underrepresented in the environmental movement.<\/span><\/i><\/p>\n","protected":false},"excerpt":{"rendered":"<p>All around the world, from the United States to Finland, Brazil to Morocco, Indigenous People have been rising and resisting for centuries to protect their culture.<\/p>\n","protected":false},"author":32,"featured_media":23727,"comment_status":"open","ping_status":"closed","sticky":false,"template":"","format":"standard","meta":{"_planet4_optimize_post_is_variant":false,"_planet4_optimize_experiment_name":"","_planet4_optimize_variant_name":"","ep_exclude_from_search":false,"p4_og_title":"","p4_og_description":"","p4_og_image":"","p4_og_image_id":"","p4_seo_canonical_url":"","p4_campaign_name":"not set","p4_local_project":"","p4_basket_name":"not set","p4_department":"","footnotes":""},"categories":[69,70,73],"tags":[84,87],"p4-page-type":[59],"class_list":["post-23725","post","type-post","status-publish","format-standard","has-post-thumbnail","hentry","category-energy","category-nature","category-social-and-economic-systems","tag-forests","tag-oil","p4-page-type-story"],"_links":{"self":[{"href":"https:\/\/www.greenpeace.org\/international\/wp-json\/wp\/v2\/posts\/23725","targetHints":{"allow":["GET"]}}],"collection":[{"href":"https:\/\/www.greenpeace.org\/international\/wp-json\/wp\/v2\/posts"}],"about":[{"href":"https:\/\/www.greenpeace.org\/international\/wp-json\/wp\/v2\/types\/post"}],"author":[{"embeddable":true,"href":"https:\/\/www.greenpeace.org\/international\/wp-json\/wp\/v2\/users\/32"}],"replies":[{"embeddable":true,"href":"https:\/\/www.greenpeace.org\/international\/wp-json\/wp\/v2\/comments?post=23725"}],"version-history":[{"count":4,"href":"https:\/\/www.greenpeace.org\/international\/wp-json\/wp\/v2\/posts\/23725\/revisions"}],"predecessor-version":[{"id":59928,"href":"https:\/\/www.greenpeace.org\/international\/wp-json\/wp\/v2\/posts\/23725\/revisions\/59928"}],"wp:featuredmedia":[{"embeddable":true,"href":"https:\/\/www.greenpeace.org\/international\/wp-json\/wp\/v2\/media\/23727"}],"wp:attachment":[{"href":"https:\/\/www.greenpeace.org\/international\/wp-json\/wp\/v2\/media?parent=23725"}],"wp:term":[{"taxonomy":"category","embeddable":true,"href":"https:\/\/www.greenpeace.org\/international\/wp-json\/wp\/v2\/categories?post=23725"},{"taxonomy":"post_tag","embeddable":true,"href":"https:\/\/www.greenpeace.org\/international\/wp-json\/wp\/v2\/tags?post=23725"},{"taxonomy":"p4-page-type","embeddable":true,"href":"https:\/\/www.greenpeace.org\/international\/wp-json\/wp\/v2\/p4-page-type?post=23725"}],"curies":[{"name":"wp","href":"https:\/\/api.w.org\/{rel}","templated":true}]}}