{"id":29540,"date":"2020-03-23T18:44:42","date_gmt":"2020-03-23T17:44:42","guid":{"rendered":"https:\/\/www.greenpeace.org\/international\/?p=29540"},"modified":"2021-09-16T12:03:35","modified_gmt":"2021-09-16T10:03:35","slug":"covid-19-compasion-cooperacion-valentia-y-eleccion","status":"publish","type":"post","link":"https:\/\/www.greenpeace.org\/international\/story\/29540\/covid-19-compasion-cooperacion-valentia-y-eleccion\/","title":{"rendered":"Covid-19: compasi\u00f3n, cooperaci\u00f3n, valent\u00eda y elecci\u00f3n!"},"content":{"rendered":"\n<p>Queridos amigos,<\/p>\n\n<p>Las consecuencias de la pandemia de covid-19 son y ser\u00e1n definidas por elecciones. Elecciones que deben estar fundadas en valores \u00e9ticos, no financieros: compasi\u00f3n, valent\u00eda y cooperaci\u00f3n. Esos valores siempre fueron<a href=\"https:\/\/www.greenpeace.org\/international\/explore\/about\/values\/\"> nuestros<\/a>.&nbsp; Apoy\u00e9monos en ellos en este momento.&nbsp;<\/p>\n\n<p>La lucha para contener al coronavirus es nuestra prioridad n\u00famero 1 como personas y como organizaci\u00f3n. Y no es solo el personal m\u00e9dico que toma decisiones de vida o muerte sino tambi\u00e9n cada persona, mientras practicamos la distanciaci\u00f3n f\u00edsica. Juntos, podemos hacer las elecciones correctas.&nbsp;<\/p>\n\n<p>Greenpeace es una familia. Y como cada miembro de la familia, nosotras tambi\u00e9n enfrentamos nuestros propios desaf\u00edos ligados al Coronavirus. Ambas vivimos en pa\u00edses de adopci\u00f3n &#8211; Alemania y Francia -, nacidas en USA y en Argentina. Nuestra preocupaci\u00f3n de ver a nuestros padres y madres, hermanos y hermanas, sobrinos y sobrinas aumenta con la distancia y sistemas de salud que por distintas razones, pueden no ser capaces de ayudarlos. Es dif\u00edcil encontrar equilibrio en estos momentos de turbulencia. Pero como todos ustedes, tambi\u00e9n encontramos cosas que nos calman. Descubrimos que en momentos de crisis nuestros dos livings se convierten en salas de danza para nuestras familias,&nbsp; al son de nuestras canciones preferidas! Esperamos que ustedes puedan tambi\u00e9n encontrar su equilibrio, calma y momentos de catarsis.&nbsp;&nbsp;<\/p>\n\n<p>Tom\u00e9monos el tiempo necesario: demos prioridad a nuestras familias y comunidades. Cuidemos a nuestros hijos y enfermos. Y a <a href=\"https:\/\/www.greenpeace.org\/philippines\/story\/4248\/how-to-stay-healthy-in-the-time-of-covid-19\/\">nosotros mismos<\/a>.&nbsp;<\/p>\n\n<p>Somos testigos de muchos actos de <a href=\"https:\/\/twitter.com\/Greenpeace\/status\/1241650826138902534?s=20\">valent\u00eda<\/a>, <a href=\"https:\/\/www.greenpeace.org\/international\/story\/29371\/11-simple-ways-to-care-for-each-other-during-the-covid-19-coronavirus-pandemic\/?utm_campaign=general&amp;utm_source=facebook.com&amp;utm_medium=social&amp;utm_content=link&amp;utm_term=yes&amp;fbclid=IwAR1t-FWunq5J-nV1s7WGFgb9BSg2mcexElSMiFcRI644Pf6Gum-gHvDk5uE\">compasi\u00f3n<\/a> y <a href=\"https:\/\/www.greenpeace.org\/international\/story\/29371\/11-simple-ways-to-care-for-each-other-during-the-covid-19-coronavirus-pandemic\/?utm_campaign=general&amp;utm_source=facebook.com&amp;utm_medium=social&amp;utm_content=link&amp;utm_term=yes&amp;fbclid=IwAR1t-FWunq5J-nV1s7WGFgb9BSg2mcexElSMiFcRI644Pf6Gum-gHvDk5uE\">comunidad<\/a>, que nos est\u00e1n inspirando y muestran el poder de la gente organizada. Podemos ver el deseo claro no solo de sobrevivir sino de vivir plenamente. Sigamos sumandonos a los que celebran la colaboraci\u00f3n y lo mejor de la humanidad en este momento de adversidad. <\/p>\n\n<p>Asegur\u00e9monos que contamos <a href=\"https:\/\/covereddish.org\/\">historias<\/a> de compasi\u00f3n por los m\u00e1s vulnerables, de gente trabajando junta, contra el miedo y las acusaciones.&nbsp;<\/p>\n\n<p>Y mientras avanzamos con compasi\u00f3n, seamos tambi\u00e9n cuidadosos.&nbsp;<\/p>\n\n<p>En las crisis, sabemos que lo imposible se vuelve posible. Para bien y para mal.&nbsp;<\/p>\n\n<p>Todos sabemos que respondiendo a esta aguda crisis sanitaria y los correspondientes shocks econ\u00f3micos, se est\u00e1n tomando decisiones que pueden tener un impacto profundo en nuestra cr\u00f3nica emergencia clim\u00e1tica.&nbsp;<\/p>\n\n<p><strong>Debemos impedir que se invierta en las industrias que ya <\/strong><a href=\"https:\/\/www.greenpeace.org\/usa\/news\/trump-takes-first-step-toward-ill-fated-oil-industry-bailout-in-response-to-covid-19-pandemic\/?_ga=2.70580820.571740550.1584876657-615057489.1583699030\"><strong>estaban destruyendo el planeta y la salud<\/strong><\/a><strong>. <\/strong>Y con el 2030 pisandonos los talones, esas inversiones tienen que ir hacia <a href=\"https:\/\/www.greenpeace.org.uk\/news\/covid-19-coronavirus-needs-our-attention-right-now-recovery-measures-could-be-part-of-the-solution-for-climate-nature-emergency\/\">la salud del planeta y la gente<\/a>. El dinero que hasta hace nada no estaba \u201cdisponible\u201d tiene que ir a apoyar una <a href=\"https:\/\/www.greenpeace.org\/new-zealand\/story\/jacinda-ardern-coronavirus-stimulus-package-crowdsourcing\/?_ga=2.92901977.571740550.1584876657-615057489.1583699030\">transici\u00f3n justa hacia un mundo mejor<\/a>, donde las personas y el planeta viven en armon\u00eda, donde cada ser vivo pueda vivir plenamente. <a href=\"https:\/\/www.greenpeace.org\/usa\/news\/trump-takes-first-step-toward-ill-fated-oil-industry-bailout-in-response-to-covid-19-pandemic\/\">Debemos pedir cuentas a nuestros l\u00edderes.&nbsp;<\/a><\/p>\n\n<p>Debemos tambi\u00e9n ser cuidadosos contra las tentativas de las empresas de usar a los trabajadores, en su mayor\u00eda explotados en sueldos de miseria o expuestos a sustancias mortales, de capturar y redirigir el apoyo p\u00fablico. La llamada <a href=\"https:\/\/theintercept.com\/2020\/03\/16\/coronavirus-capitalism\/\">Doctrina del Shock<\/a> avanza, con trillones de d\u00f3lares, euros, yenes, dirigidos a la econom\u00eda para salvarla del impacto del virus. Tambi\u00e9n con decisiones adoptadas sin consentimiento.&nbsp;<\/p>\n\n<p><a href=\"https:\/\/www.greenpeace.org.uk\/news\/covid-19-coronavirus-needs-our-attention-right-now-recovery-measures-could-be-part-of-the-solution-for-climate-nature-emergency\/\">Debemos pedir que se invierta en el futuro<\/a>. En vez de explicarlo por comparaci\u00f3n al pasado, tenemos que mostrar el mundo que podemos construir. Un futuro que es abierto, cooperativo, igualitario, pacifico, en armon\u00eda con la naturaleza y con el bien com\u00fan como fuerza motriz.&nbsp;<\/p>\n\n<p>Este virus no tiene nacionalidad, ni agenda, ni afiliaci\u00f3n pol\u00edtica. Existe y se multiplica donde, cuando y como puede! Lo \u00fanico que puede frenarlo es la cooperaci\u00f3n y la solidaridad.&nbsp;<\/p>\n\n<p>Este no es momento para acusaciones o divisiones. Hay muchas fuerzas en el mundo haciendo eso por <a href=\"https:\/\/www.theguardian.com\/us-news\/2017\/jul\/06\/naomi-klein-how-power-profits-from-disaster\">poder o por dinero<\/a>. Lideren con el ejemplo, compartiendo nuestros valores, plataformas y conocimiento con otros, especialmente los m\u00e1s vulnerables en la sociedad. Tal vez esto construya alianzas inesperadas, en el momento m\u00e1s inesperado, o nos lleve a hacer cosas por fuera de nuestra zona de confort o de los convencidos.&nbsp;<\/p>\n\n<p>Queremos, necesitamos y merecemos que en este nuevo cap\u00edtulo de la historia del planeta, se aprendan lecciones r\u00e1pido, se responda a las causas profundas y que se establezcan nuevas formas de liderazgo pol\u00edtico. <\/p>\n\n<p>Cuando esta pandemia pase, nuestro car\u00e1cter colectivo y nuestro potencial futuro ser\u00e1n definidos por las decisiones que tomemos para proteger a los m\u00e1s vulnerables, no para proteger a las industrias. Ser\u00e1 tambi\u00e9n reforzado por lo que habremos aprendido. Cada uno de nosotros tiene una pieza del mundo que necesitamos, donde la compasi\u00f3n y la cooperaci\u00f3n son las claves de un mundo m\u00e1s justo y seguro.&nbsp;<\/p>\n\n<p>Hay un futuro para escribir. Escrib\u00e1moslo juntos y con todo &#8211; con el alma, con nuestra humanidad entera.&nbsp;<\/p>\n\n<p>Jennifer Morgan y Anabella Rosemberg<\/p>\n\n<p><em>Jennifer Morgan y Anabella Rosemberg son la Directora Ejecutiva y la Directora de Programas de Greenpeace International, respectivamente.<\/em><br><\/p>\n","protected":false},"excerpt":{"rendered":"<p>Las consecuencias de la pandemia de covid-19 son y ser\u00e1n definidas por elecciones. Elecciones que deben estar fundadas en valores \u00e9ticos, no financieros: compasi\u00f3n, valent\u00eda y cooperaci\u00f3n. <\/p>\n","protected":false},"author":43,"featured_media":29537,"comment_status":"open","ping_status":"closed","sticky":false,"template":"","format":"standard","meta":{"_planet4_optimize_post_is_variant":false,"_planet4_optimize_experiment_name":"","_planet4_optimize_variant_name":"","ep_exclude_from_search":false,"p4_og_title":"Covid-19 - compasi\u00f3n, cooperaci\u00f3n, valent\u00eda y elecci\u00f3n!","p4_og_description":"<p>Las consecuencias de la pandemia de covid-19 son y ser\u00e1n definidas por elecciones. Elecciones que deben estar fundadas en valores \u00e9ticos, no financieros: compasi\u00f3n, valent\u00eda y cooperaci\u00f3n.<\/p>","p4_og_image":"","p4_og_image_id":"","p4_seo_canonical_url":"","p4_campaign_name":"Covid-19 Response","p4_local_project":"","p4_basket_name":"not set","p4_department":"","footnotes":""},"categories":[73],"tags":[],"p4-page-type":[59],"class_list":["post-29540","post","type-post","status-publish","format-standard","has-post-thumbnail","hentry","category-social-and-economic-systems","p4-page-type-story"],"_links":{"self":[{"href":"https:\/\/www.greenpeace.org\/international\/wp-json\/wp\/v2\/posts\/29540","targetHints":{"allow":["GET"]}}],"collection":[{"href":"https:\/\/www.greenpeace.org\/international\/wp-json\/wp\/v2\/posts"}],"about":[{"href":"https:\/\/www.greenpeace.org\/international\/wp-json\/wp\/v2\/types\/post"}],"author":[{"embeddable":true,"href":"https:\/\/www.greenpeace.org\/international\/wp-json\/wp\/v2\/users\/43"}],"replies":[{"embeddable":true,"href":"https:\/\/www.greenpeace.org\/international\/wp-json\/wp\/v2\/comments?post=29540"}],"version-history":[{"count":15,"href":"https:\/\/www.greenpeace.org\/international\/wp-json\/wp\/v2\/posts\/29540\/revisions"}],"predecessor-version":[{"id":29706,"href":"https:\/\/www.greenpeace.org\/international\/wp-json\/wp\/v2\/posts\/29540\/revisions\/29706"}],"wp:featuredmedia":[{"embeddable":true,"href":"https:\/\/www.greenpeace.org\/international\/wp-json\/wp\/v2\/media\/29537"}],"wp:attachment":[{"href":"https:\/\/www.greenpeace.org\/international\/wp-json\/wp\/v2\/media?parent=29540"}],"wp:term":[{"taxonomy":"category","embeddable":true,"href":"https:\/\/www.greenpeace.org\/international\/wp-json\/wp\/v2\/categories?post=29540"},{"taxonomy":"post_tag","embeddable":true,"href":"https:\/\/www.greenpeace.org\/international\/wp-json\/wp\/v2\/tags?post=29540"},{"taxonomy":"p4-page-type","embeddable":true,"href":"https:\/\/www.greenpeace.org\/international\/wp-json\/wp\/v2\/p4-page-type?post=29540"}],"curies":[{"name":"wp","href":"https:\/\/api.w.org\/{rel}","templated":true}]}}