{"id":69878,"date":"2024-09-30T18:00:00","date_gmt":"2024-09-30T16:00:00","guid":{"rendered":"https:\/\/www.greenpeace.org\/international\/?p=69878"},"modified":"2024-12-16T16:05:44","modified_gmt":"2024-12-16T15:05:44","slug":"munduruku-indigenous-people-land-demarcation-brazil-sawre-muybu","status":"publish","type":"post","link":"https:\/\/www.greenpeace.org\/international\/story\/69878\/munduruku-indigenous-people-land-demarcation-brazil-sawre-muybu\/","title":{"rendered":"Sawr\u00e9 Muybu: A historic victory for the Munduruku People and the ongoing struggle for a living forest"},"content":{"rendered":"\n<p>Sawr\u00e9 Muybu is an Indigenous Land located in the Tapaj\u00f3s River Basin, in the state of Par\u00e1, Brazil, in the heart of the Amazon rainforest. Covering 178,173 hectares \u2014 an area almost the size of 250,000 soccer fields \u2014 the territory is rich in fauna and flora, and home to the Munduruku People. Protecting it means ensuring the continuity of an ancestral, spiritual and cultural way of life that has always been in harmony with the forest.<\/p>\n\n<figure class=\"wp-block-image\"><img loading=\"lazy\" decoding=\"async\" width=\"1199\" height=\"798\" src=\"https:\/\/www.greenpeace.org\/static\/planet4-international-stateless\/2024\/09\/a881a5c8-gp1stod5.jpg\" title=\"Munduruku and Greenpeace Demarcate Indigenous Lands in the Amazon. \u00a9 Anderson Barbosa \/ Greenpeace\" alt=\"Two Munduruku men walk along a river, holding spears \u00a9 Anderson Barbosa \/ Greenpeace\" class=\"wp-image-69879\" srcset=\"https:\/\/www.greenpeace.org\/static\/planet4-international-stateless\/2024\/09\/a881a5c8-gp1stod5.jpg 1199w, https:\/\/www.greenpeace.org\/static\/planet4-international-stateless\/2024\/09\/a881a5c8-gp1stod5-300x200.jpg 300w, https:\/\/www.greenpeace.org\/static\/planet4-international-stateless\/2024\/09\/a881a5c8-gp1stod5-1024x682.jpg 1024w, https:\/\/www.greenpeace.org\/static\/planet4-international-stateless\/2024\/09\/a881a5c8-gp1stod5-768x511.jpg 768w, https:\/\/www.greenpeace.org\/static\/planet4-international-stateless\/2024\/09\/a881a5c8-gp1stod5-510x340.jpg 510w\" sizes=\"auto, (max-width: 1199px) 100vw, 1199px\" \/><figcaption class=\"wp-element-caption\">Two Munduruku men walk along a river while holding spears. The Munduruku People have inhabited the Sawr\u00e9 Muybu for generations, and have been demanding the demarcation of their territory for almost 20 years.<div class=\"credit icon-left\"> \u00a9 Anderson Barbosa \/ Greenpeace<\/div><\/figcaption><\/figure>\n\n<p>The Munduruku People have been fighting for the rights to a land that has always belonged to them but is threatened by mining, illegal logging, and infrastructure projects. Now, it\u2019s time to celebrate a historic and profoundly symbolic victory not only for the Munduruku, but for all Indigenous Peoples of the Amazon and Brazil. On September 25, 2024, the Sawr\u00e9 Muybu territory was officially demarcated.&nbsp;<\/p>\n\n<h2 class=\"wp-block-heading\"><strong>A long process<\/strong><\/h2>\n\n<p>The demarcation process for Sawr\u00e9 Muybu began in 2007. However, it was stalled for a long time due to political issues and mainly due to the economic influence of mining in the region.<\/p>\n\n<p>In 2014, the Munduruku people self-demarcated their territory, placing signs at the borders of the Indigenous Land, and pushing invaders out. This act had significant political implications and became a reference for Indigenous movements, inspiring various Indigenous Peoples across Brazil to do the same in their territories \u2014 a powerful, brave, and inspiring gesture of autonomy and independence.<\/p>\n\n<p>10 years later, the demarcation process has finally been signed into decree by the Brazilian Minister of Justice. However, this does not mean that the demarcation process is complete. Now, the Brazilian government needs to mark the physical boundaries and remove the illegal occupants within the territory. After that, the Brazilian President will ratify the territory, completing the process.<\/p>\n\n<figure class=\"wp-block-image\"><img loading=\"lazy\" decoding=\"async\" width=\"1200\" height=\"802\" src=\"https:\/\/www.greenpeace.org\/static\/planet4-international-stateless\/2024\/09\/9c297c52-gp0stpwg7.jpg\" title=\"Munduruku and Greenpeace Demarcate Indigenous Lands in the Amazon. \u00a9 Rog\u00e9rio Assis \/ Greenpeace\" alt=\"Munduruku People stand in front of signs to self-demarcate their Indigenous Land in the Amazon. \u00a9 Rog\u00e9rio Assis \/ Greenpeace\" class=\"wp-image-69880\" srcset=\"https:\/\/www.greenpeace.org\/static\/planet4-international-stateless\/2024\/09\/9c297c52-gp0stpwg7.jpg 1200w, https:\/\/www.greenpeace.org\/static\/planet4-international-stateless\/2024\/09\/9c297c52-gp0stpwg7-300x201.jpg 300w, https:\/\/www.greenpeace.org\/static\/planet4-international-stateless\/2024\/09\/9c297c52-gp0stpwg7-1024x684.jpg 1024w, https:\/\/www.greenpeace.org\/static\/planet4-international-stateless\/2024\/09\/9c297c52-gp0stpwg7-768x513.jpg 768w, https:\/\/www.greenpeace.org\/static\/planet4-international-stateless\/2024\/09\/9c297c52-gp0stpwg7-510x340.jpg 510w\" sizes=\"auto, (max-width: 1200px) 100vw, 1200px\" \/><figcaption class=\"wp-element-caption\">Munduruku Indigenous people set up signs to self-demarcate their land.<div class=\"credit icon-left\"> \u00a9 Rog\u00e9rio Assis \/ Greenpeace<\/div><\/figcaption><\/figure>\n\n<p>But even at this stage, the recognition of the Sawr\u00e9 Muybu Land right can have significant repercussions for large-scale projects in the area, such a <a href=\"https:\/\/www.reuters.com\/world\/americas\/indigenous-people-protest-brazil-not-protecting-ancestral-lands-2024-04-25\/\">Ferrogr\u00e3o<\/a>, a railway project that would cut through the Sawr\u00e9 Muybu Land, and the <a href=\"https:\/\/www.greenpeace.org\/international\/story\/16189\/the-map-of-life-how-one-indigenous-group-is-fighting-for-the-right-to-protect-its-territory\/\">S\u00e3o Luiz do Tapaj\u00f3s hydro dam<\/a>. The dam project was shelved by the Brazilian environmental agency Ibama in 2016, but recent studies by Brazilian power company Eletrobr\u00e1s this year shows that the struggle is not over. The recognition of the Sawr\u00e9 Muybu Land represents a major obstacle to any project that ignores the rights and self-determination of Indigenous Peoples.<\/p>\n\n<h2 class=\"wp-block-heading\"><strong>People Power<\/strong><\/h2>\n\n<p>The signing of the decree is an achievement, but it was only possible thanks to the strength, wisdom, and persistence of the Munduruku People, who never gave up fighting for what is rightfully theirs. Over 17 years, efforts by the Munduruku People ranged from international pressure to collaborations with Brazilian authorities and environmental and human rights organizations.&nbsp;<\/p>\n\n<figure class=\"wp-block-image\"><img loading=\"lazy\" decoding=\"async\" width=\"1200\" height=\"800\" src=\"https:\/\/www.greenpeace.org\/static\/planet4-international-stateless\/2024\/09\/f9493ada-gp0stqd5o.jpg\" title=\"Demarcation Demand for Munduruku Protest in Brasilia. \u00a9 Ot\u00e1vio Almeida \/ Greenpeace\" alt=\"Demarcation Demand for Munduruku Protest in Brasilia. \u00a9 Ot\u00e1vio Almeida \/ Greenpeace\" class=\"wp-image-69881\" srcset=\"https:\/\/www.greenpeace.org\/static\/planet4-international-stateless\/2024\/09\/f9493ada-gp0stqd5o.jpg 1200w, https:\/\/www.greenpeace.org\/static\/planet4-international-stateless\/2024\/09\/f9493ada-gp0stqd5o-300x200.jpg 300w, https:\/\/www.greenpeace.org\/static\/planet4-international-stateless\/2024\/09\/f9493ada-gp0stqd5o-1024x683.jpg 1024w, https:\/\/www.greenpeace.org\/static\/planet4-international-stateless\/2024\/09\/f9493ada-gp0stqd5o-768x512.jpg 768w, https:\/\/www.greenpeace.org\/static\/planet4-international-stateless\/2024\/09\/f9493ada-gp0stqd5o-510x340.jpg 510w\" sizes=\"auto, (max-width: 1200px) 100vw, 1200px\" \/><figcaption class=\"wp-element-caption\">Munduruku Indigenous People demonstrate in front of the Brazilian Supreme Court to demand the demarcation of the Sawr\u00e9 Muybu Indigenous Land on the Tapaj\u00f3s River in the Amazon, in November 2016<div class=\"credit icon-left\"> \u00a9 Ot\u00e1vio Almeida \/ Greenpeace<\/div><\/figcaption><\/figure>\n\n<p>A partnership between Greenpeace Brazil and the Munduruku People has been established since the Munduruku opened their villages to Greenpeace in 2013. The decision to support the Munduruku resistance against the S\u00e3o Luiz do Tapaj\u00f3s dam was not only due to the environmental impact, but also out of an ethical commitment to the autonomy and self-determination of the Forest Peoples. The struggle for the forest and the rights of Indigenous Peoples is the same. After over 4,000 days of resistance, now is a moment of celebration and recognition of the collective strength of all of those who have been supporting this cause.<\/p>\n\n<p>But Munduruku\u2019s struggle is not over. In a statement on social media, Indigenous leader <a href=\"https:\/\/www.instagram.com\/alessandra_korap\/\">Alessandra Munduruku<\/a> \u2014 the winner of the <a href=\"https:\/\/www.goldmanprize.org\/recipient\/alessandra-korap-munduruku\/\">Goldman Environmental Prize Award in 2023<\/a> \u2014 celebrated the signing of the decree but reminded everyone that her people still face many challenges:<\/p>\n\n<p><em>&#8220;It was a tough fight \u2014 self-demarcations, pressure on the National Foundation for Indigenous People (Funai), the Ministry of Justice. We organized movements to show that the territory is ours. A previous government wanted to build a hydroelectric dam in our Land, but we stood firm and said it was ours and the dam would not happen. We carried out self-demarcations and discussed consultation protocols. There were many police and researchers in our area studying the hydro dam project, but we stopped them. I am grateful to those who believed in our people&#8217;s struggle and our shamans&#8217; power, who always told us to listen to the forest and our ancestors. Congratulations to all of us. But the struggle is not over \u2014 we are still suffering today, with droughts and fires, and our wells drying up.&#8221;<\/em><\/p>\n\n<p>Greenpeace continues to learn from Indigenous Peoples that the struggle for the forest is multidimensional. It is a battle against deforestation, land grabbing, and illegal mining, but also a fight for human rights and Indigenous Peoples&#8217; sovereignty. The demarcation of Sawr\u00e9 Muybu is a victory that transcends borders. It reinforces the idea that we can protect the Amazon with persistence and solidarity. More than ever, we have reason to celebrate and continue the fight. Saw\u00e9!<\/p>\n\n<p><em>Jorge Oliveira is a Comms Coordinator for the Indigenous Peoples Front at Greenpeace Brazil<\/em><\/p>\n","protected":false},"excerpt":{"rendered":"<p>After almost 20 years of struggle, the official recognition of Sawr\u00e9 Muybu Indigenous Land by the Brazilian government represents a triumph for the Amazon and the rights of Indigenous Peoples.<\/p>\n","protected":false},"author":43,"featured_media":69880,"comment_status":"closed","ping_status":"closed","sticky":false,"template":"","format":"standard","meta":{"_planet4_optimize_post_is_variant":false,"_planet4_optimize_experiment_name":"","_planet4_optimize_variant_name":"","ep_exclude_from_search":false,"p4_og_title":"","p4_og_description":"","p4_og_image":"","p4_og_image_id":"","p4_seo_canonical_url":"","p4_campaign_name":"","p4_local_project":"","p4_basket_name":"","p4_department":"","footnotes":""},"categories":[70,73],"tags":[84],"p4-page-type":[59],"class_list":["post-69878","post","type-post","status-publish","format-standard","has-post-thumbnail","hentry","category-nature","category-social-and-economic-systems","tag-forests","p4-page-type-story"],"_links":{"self":[{"href":"https:\/\/www.greenpeace.org\/international\/wp-json\/wp\/v2\/posts\/69878","targetHints":{"allow":["GET"]}}],"collection":[{"href":"https:\/\/www.greenpeace.org\/international\/wp-json\/wp\/v2\/posts"}],"about":[{"href":"https:\/\/www.greenpeace.org\/international\/wp-json\/wp\/v2\/types\/post"}],"author":[{"embeddable":true,"href":"https:\/\/www.greenpeace.org\/international\/wp-json\/wp\/v2\/users\/43"}],"replies":[{"embeddable":true,"href":"https:\/\/www.greenpeace.org\/international\/wp-json\/wp\/v2\/comments?post=69878"}],"version-history":[{"count":2,"href":"https:\/\/www.greenpeace.org\/international\/wp-json\/wp\/v2\/posts\/69878\/revisions"}],"predecessor-version":[{"id":69894,"href":"https:\/\/www.greenpeace.org\/international\/wp-json\/wp\/v2\/posts\/69878\/revisions\/69894"}],"wp:featuredmedia":[{"embeddable":true,"href":"https:\/\/www.greenpeace.org\/international\/wp-json\/wp\/v2\/media\/69880"}],"wp:attachment":[{"href":"https:\/\/www.greenpeace.org\/international\/wp-json\/wp\/v2\/media?parent=69878"}],"wp:term":[{"taxonomy":"category","embeddable":true,"href":"https:\/\/www.greenpeace.org\/international\/wp-json\/wp\/v2\/categories?post=69878"},{"taxonomy":"post_tag","embeddable":true,"href":"https:\/\/www.greenpeace.org\/international\/wp-json\/wp\/v2\/tags?post=69878"},{"taxonomy":"p4-page-type","embeddable":true,"href":"https:\/\/www.greenpeace.org\/international\/wp-json\/wp\/v2\/p4-page-type?post=69878"}],"curies":[{"name":"wp","href":"https:\/\/api.w.org\/{rel}","templated":true}]}}