{"id":11644,"date":"2020-05-28T13:47:08","date_gmt":"2020-05-28T11:47:08","guid":{"rendered":"https:\/\/www.greenpeace.org\/italy\/?p=11644"},"modified":"2024-02-23T10:13:06","modified_gmt":"2024-02-23T09:13:06","slug":"enel-annuncia-chiusure-anticipate-di-centrali-a-carbone-greenpeace-unottima-notizia-ma-a-brindisi-si-punti-su-rinnovabili-e-non-su-gas","status":"publish","type":"post","link":"https:\/\/www.greenpeace.org\/italy\/comunicato-stampa\/11644\/enel-annuncia-chiusure-anticipate-di-centrali-a-carbone-greenpeace-unottima-notizia-ma-a-brindisi-si-punti-su-rinnovabili-e-non-su-gas\/","title":{"rendered":"Enel annuncia chiusure anticipate di centrali a carbone. Greenpeace: \u00abUn\u2019ottima notizia, ma a Brindisi si punti su rinnovabili e non su gas\u00bb"},"content":{"rendered":"\n<p>Commentando la richiesta di Enel di anticipare la chiusura del Gruppo 2 della centrale termoelettrica Enel \u201cFederico II\u201d di Brindisi a partire dal primo gennaio 2021 e di chiudere le proprie centrali a carbone in Cile &#8211; con un piano per completare 2 GW di capacit\u00e0 rinnovabile nel Paese attraverso Enel Green Power Chile \u2013 Alessandro Giann\u00ec, direttore delle Campagne di Greenpeace Italia, dichiara:<\/p>\n\n<p>\u00abLa decisione di Enel di voler anticipare la chiusura delle centrali a carbone in Cile e in Italia \u00e8 un\u2019ottima notizia, attesa a lungo da chi ha a cuore le sorti del clima del Pianeta e da chi subisce direttamente, e quotidianamente, gli impatti dei combustibili fossili, ovvero chi vive nei pressi di questi impianti. \u00c8 ormai tempo che il carbone vada in pensione, ma \u00e8 importante che al suo posto si punti sulle energie rinnovabili, e non su altri combustibili fossili inquinanti come il gas\u00bb.<\/p>\n\n<p>In Cile ENEL ha richiesto la chiusura dell\u2019Unit\u00e0 I dell\u2019impianto di Bocamina entro il 31 dicembre 2020 e l\u2019Unit\u00e0 II del medesimo impianto entro il 31 maggio 2022. A Brindisi, una nota del Ministero dello Sviluppo Economico ha autorizzato ENEL a chiudere il gruppo 2 di Brindisi Torre Cerano il primo gennaio del 2021. Greenpeace ritieni che i piani di Enel relativi alla trasformazione dell\u2019impianto in una centrale a gas siano per\u00f2 assolutamente negativi.<\/p>\n\n<p>\u00abLa scelta di iniziare a chiudere la centrale a carbone di Brindisi, una delle pi\u00f9 inquinanti d\u2019Europa, a partire dal primo gennaio 2021 \u00e8 senza dubbio positiva, purtroppo per\u00f2 rovinata dalla volont\u00e0 dell\u2019azienda di convertire l\u2019impianto a gas fossile\u00bb, continua Giann\u00ec. \u00abDa un punto di vista climatico, passare dal carbone al gas significa non&nbsp;accelerare come necessario&nbsp;verso&nbsp;la&nbsp;vera soluzione, ovvero energie rinnovabili, efficienza energetica e sistemi di accumulo. Cittadine e cittadini di Brindisi meritano un&nbsp;futuro diverso. Dopo decenni di inquinamento legato al carbone, per la citt\u00e0 occorrerebbe una transizione energetica che metta al centro i lavoratori e l\u2019ambiente\u00bb.<\/p>\n","protected":false},"excerpt":{"rendered":"<p>Commentando la richiesta di Enel di anticipare la chiusura del Gruppo 2 della centrale termoelettrica Enel \u201cFederico II\u201d di Brindisi a partire dal primo gennaio 2021 e di chiudere le&hellip;<\/p>\n","protected":false},"author":33,"featured_media":11646,"comment_status":"closed","ping_status":"open","sticky":false,"template":"","format":"standard","meta":{"ep_exclude_from_search":false,"p4_og_title":"","p4_og_description":"","p4_og_image":"","p4_og_image_id":"","p4_seo_canonical_url":"","p4_campaign_name":"not set","p4_local_project":"not set","p4_basket_name":"not set","p4_department":"","footnotes":""},"categories":[20,17],"tags":[29,32],"p4-page-type":[23],"class_list":["post-11644","post","type-post","status-publish","format-standard","has-post-thumbnail","hentry","category-denuncia","category-proteggi","tag-clima","tag-energia","p4-page-type-comunicato-stampa"],"_links":{"self":[{"href":"https:\/\/www.greenpeace.org\/italy\/wp-json\/wp\/v2\/posts\/11644","targetHints":{"allow":["GET"]}}],"collection":[{"href":"https:\/\/www.greenpeace.org\/italy\/wp-json\/wp\/v2\/posts"}],"about":[{"href":"https:\/\/www.greenpeace.org\/italy\/wp-json\/wp\/v2\/types\/post"}],"author":[{"embeddable":true,"href":"https:\/\/www.greenpeace.org\/italy\/wp-json\/wp\/v2\/users\/33"}],"replies":[{"embeddable":true,"href":"https:\/\/www.greenpeace.org\/italy\/wp-json\/wp\/v2\/comments?post=11644"}],"version-history":[{"count":1,"href":"https:\/\/www.greenpeace.org\/italy\/wp-json\/wp\/v2\/posts\/11644\/revisions"}],"predecessor-version":[{"id":11647,"href":"https:\/\/www.greenpeace.org\/italy\/wp-json\/wp\/v2\/posts\/11644\/revisions\/11647"}],"wp:featuredmedia":[{"embeddable":true,"href":"https:\/\/www.greenpeace.org\/italy\/wp-json\/wp\/v2\/media\/11646"}],"wp:attachment":[{"href":"https:\/\/www.greenpeace.org\/italy\/wp-json\/wp\/v2\/media?parent=11644"}],"wp:term":[{"taxonomy":"category","embeddable":true,"href":"https:\/\/www.greenpeace.org\/italy\/wp-json\/wp\/v2\/categories?post=11644"},{"taxonomy":"post_tag","embeddable":true,"href":"https:\/\/www.greenpeace.org\/italy\/wp-json\/wp\/v2\/tags?post=11644"},{"taxonomy":"p4-page-type","embeddable":true,"href":"https:\/\/www.greenpeace.org\/italy\/wp-json\/wp\/v2\/p4-page-type?post=11644"}],"curies":[{"name":"wp","href":"https:\/\/api.w.org\/{rel}","templated":true}]}}