{"id":11659,"date":"2020-06-03T13:32:26","date_gmt":"2020-06-03T11:32:26","guid":{"rendered":"https:\/\/www.greenpeace.org\/italy\/?p=11659"},"modified":"2021-12-01T13:38:58","modified_gmt":"2021-12-01T12:38:58","slug":"sondaggio-post-lockdown-piu-di-16-000-persone-chiedono-mobilita-sostenibile-e-piu-verde-pubblico","status":"publish","type":"post","link":"https:\/\/www.greenpeace.org\/italy\/storia\/11659\/sondaggio-post-lockdown-piu-di-16-000-persone-chiedono-mobilita-sostenibile-e-piu-verde-pubblico\/","title":{"rendered":"Sondaggio post Lockdown: pi\u00f9 di 16.000 persone chiedono mobilit\u00e0 sostenibile e pi\u00f9 verde pubblico."},"content":{"rendered":"\n<figure class=\"wp-block-image size-large  caption-style-blue-overlay caption-alignment-center\"><img loading=\"lazy\" decoding=\"async\" width=\"1024\" height=\"683\" src=\"https:\/\/www.greenpeace.org\/static\/planet4-italy-stateless\/2020\/06\/94bb387f-qk0a8418-1024x683.jpg\" alt=\"\" class=\"wp-image-11662\" srcset=\"https:\/\/www.greenpeace.org\/static\/planet4-italy-stateless\/2020\/06\/94bb387f-qk0a8418-1024x683.jpg 1024w, https:\/\/www.greenpeace.org\/static\/planet4-italy-stateless\/2020\/06\/94bb387f-qk0a8418-300x200.jpg 300w, https:\/\/www.greenpeace.org\/static\/planet4-italy-stateless\/2020\/06\/94bb387f-qk0a8418-768x512.jpg 768w, https:\/\/www.greenpeace.org\/static\/planet4-italy-stateless\/2020\/06\/94bb387f-qk0a8418-510x340.jpg 510w, https:\/\/www.greenpeace.org\/static\/planet4-italy-stateless\/2020\/06\/94bb387f-qk0a8418.jpg 1200w\" sizes=\"auto, (max-width: 1024px) 100vw, 1024px\" \/><\/figure>\n\n<h4 class=\"wp-block-heading\">I risultati della nostra indagine. Per il 90% degli intervistati i politici non fanno abbastanza!<\/h4>\n\n<p>Se vogliamo risolvere la <strong>crisi <\/strong>che abbiamo di fronte: ambientale, sanitaria ed economica, dobbiamo cambiare il modo in cui <strong>consumiamo <\/strong>e viviamo gli <strong>spazi urbani<\/strong>, partendo dalle <strong>periferie<\/strong>.<\/p>\n\n<p>Lo avevamo capito gi\u00e0 prima dell&#8217;emergenza Covid-19, ma in un momento in cui siamo chiamati a ripensare totalmente alle nostre abitudini di vita e al nostro modo di vivere gli spazi, questa esigenza \u00e8 ancora pi\u00f9 forte ed evidente per tutti. <\/p>\n\n<p>In questi giorni abbiamo condotto un sondaggio per chiedere alle persone dove e in che modo ripartire, per immaginare una nuova fase delle nostre citt\u00e0. Hanno risposto in pi\u00f9 di 16mila, confermando la volont\u00e0 di citt\u00e0 pi\u00f9 <strong>verdi<\/strong>, <strong>sostenibili <\/strong>e vivibili.<\/p>\n\n<p>Dalle risposte di oltre 16.000 intervistati emerge che oltre il 70% delle persone non \u00e8 soddisfatto degli investimenti del governo per rendere le nostre citt\u00e0 pi\u00f9 <strong>ecologiche<\/strong> e <strong>sostenibili<\/strong>. Oltre il 90% esprime preoccupazione per il fatto che i politici sottovalutano il rischio che le nostre citt\u00e0 potrebbero affrontare a causa di eventi estremi dovuti ai <strong>cambiamenti climatici<\/strong>, come avvenuto prima della pandemia.<\/p>\n\n<figure class=\"wp-block-image size-large  caption-style-blue-overlay caption-alignment-center\"><img loading=\"lazy\" decoding=\"async\" width=\"1024\" height=\"671\" src=\"https:\/\/www.greenpeace.org\/static\/planet4-italy-stateless\/2020\/06\/43d1c63b-schermata-2020-06-01-alle-08.36.09-1024x671.png\" alt=\"\" class=\"wp-image-11660\" srcset=\"https:\/\/www.greenpeace.org\/static\/planet4-italy-stateless\/2020\/06\/43d1c63b-schermata-2020-06-01-alle-08.36.09-1024x671.png 1024w, https:\/\/www.greenpeace.org\/static\/planet4-italy-stateless\/2020\/06\/43d1c63b-schermata-2020-06-01-alle-08.36.09-300x197.png 300w, https:\/\/www.greenpeace.org\/static\/planet4-italy-stateless\/2020\/06\/43d1c63b-schermata-2020-06-01-alle-08.36.09-768x503.png 768w, https:\/\/www.greenpeace.org\/static\/planet4-italy-stateless\/2020\/06\/43d1c63b-schermata-2020-06-01-alle-08.36.09-510x334.png 510w, https:\/\/www.greenpeace.org\/static\/planet4-italy-stateless\/2020\/06\/43d1c63b-schermata-2020-06-01-alle-08.36.09.png 1114w\" sizes=\"auto, (max-width: 1024px) 100vw, 1024px\" \/><\/figure>\n\n<p>Abbiamo anche chiesto alle persone cosa farebbero se amministrassero la propria citt\u00e0: pi\u00f9 <strong>piste ciclabili<\/strong> il 13,54%, pi\u00f9 investimenti in <strong>trasporto pubblico<\/strong> il 14,56%, pi\u00f9 <strong>aree verdi<\/strong> il 20,38% e tutte queste cose, ma dando la priorit\u00e0 alle <strong>periferie <\/strong>il 37%.<\/p>\n\n<figure class=\"wp-block-image size-large  caption-style-blue-overlay caption-alignment-center\"><img loading=\"lazy\" decoding=\"async\" width=\"1024\" height=\"597\" src=\"https:\/\/www.greenpeace.org\/static\/planet4-italy-stateless\/2020\/06\/83c9b55b-schermata-2020-06-01-alle-08.35.53-1024x597.png\" alt=\"\" class=\"wp-image-11663\" srcset=\"https:\/\/www.greenpeace.org\/static\/planet4-italy-stateless\/2020\/06\/83c9b55b-schermata-2020-06-01-alle-08.35.53-1024x597.png 1024w, https:\/\/www.greenpeace.org\/static\/planet4-italy-stateless\/2020\/06\/83c9b55b-schermata-2020-06-01-alle-08.35.53-300x175.png 300w, https:\/\/www.greenpeace.org\/static\/planet4-italy-stateless\/2020\/06\/83c9b55b-schermata-2020-06-01-alle-08.35.53-768x448.png 768w, https:\/\/www.greenpeace.org\/static\/planet4-italy-stateless\/2020\/06\/83c9b55b-schermata-2020-06-01-alle-08.35.53-510x297.png 510w, https:\/\/www.greenpeace.org\/static\/planet4-italy-stateless\/2020\/06\/83c9b55b-schermata-2020-06-01-alle-08.35.53.png 1502w\" sizes=\"auto, (max-width: 1024px) 100vw, 1024px\" \/><\/figure>\n\n<p>Pi\u00f9 del 90% degli intervistati, infine, pensa che la politica debba agire, ma anche i cittadini devono fare la loro parte, a partire dalle <strong>abitudini quotidiane<\/strong>.<\/p>\n\n<h4 class=\"wp-block-heading\">Le nostre citt\u00e0 non sono pi\u00f9 sostenibili<\/h4>\n\n<p>Oggi il 55% della popolazione mondiale vive in <strong>contesti urbani<\/strong>, e si prevede che questa quota salir\u00e0 al 68% entro il 2050. Secondo l&#8217;Agenzia per l&#8217;Ambiente dell&#8217;ONU (UNEP),\u00a0il 75% delle emissioni globali di <strong>gas serra<\/strong> viene proprio dalle citt\u00e0. Solo a Roma ogni anno si trascorrono 166 ore imbottigliati nel <strong>traffico<\/strong>, e l\u2019Italia \u00e8 il Paese con il maggior numero di morti premature dovute all\u2019i<strong>nquinamento atmosferico<\/strong> in Europa, con pi\u00f9 di 76 mila decessi all\u2019anno. <\/p>\n\n<p>Per citt\u00e0 pi\u00f9 <strong>sostenibili <\/strong>e <strong>resilienti <\/strong>alle crisi, la direzione che emerge dalle risposte al sondaggio \u00e8 chiara: cibo prodotto localmente e in modo <strong>ecologico<\/strong>, modelli di <strong>mobilit\u00e0 alternativa<\/strong>, pubblica e condivisa, <strong>spazi verdi<\/strong> sicuri e accessibili a tutti, dal centro alle periferie delle nostre citt\u00e0.<\/p>\n\n<h4 class=\"wp-block-heading\">#RESTART_ ripensiamo le citt\u00e0!<\/h4>\n\n<figure class=\"wp-block-image size-large  caption-style-blue-overlay caption-alignment-center\"><img loading=\"lazy\" decoding=\"async\" width=\"1024\" height=\"683\" src=\"https:\/\/www.greenpeace.org\/static\/planet4-italy-stateless\/2020\/06\/9e401c71-gp_29_05_2020_milano_802-1024x683.jpg\" alt=\"\" class=\"wp-image-11664\" srcset=\"https:\/\/www.greenpeace.org\/static\/planet4-italy-stateless\/2020\/06\/9e401c71-gp_29_05_2020_milano_802-1024x683.jpg 1024w, https:\/\/www.greenpeace.org\/static\/planet4-italy-stateless\/2020\/06\/9e401c71-gp_29_05_2020_milano_802-300x200.jpg 300w, https:\/\/www.greenpeace.org\/static\/planet4-italy-stateless\/2020\/06\/9e401c71-gp_29_05_2020_milano_802-768x512.jpg 768w, https:\/\/www.greenpeace.org\/static\/planet4-italy-stateless\/2020\/06\/9e401c71-gp_29_05_2020_milano_802-510x340.jpg 510w, https:\/\/www.greenpeace.org\/static\/planet4-italy-stateless\/2020\/06\/9e401c71-gp_29_05_2020_milano_802.jpg 1200w\" sizes=\"auto, (max-width: 1024px) 100vw, 1024px\" \/><\/figure>\n\n<p>Per questo, lanciamo oggi il progetto <strong>#RESTART<\/strong>, per coinvolgere le persone in alcune grandi citt\u00e0 come Roma, Madrid, Bogot\u00e0 e Citt\u00e0 del Messico e ripensare insieme il modo in cui viviamo le citt\u00e0 nel nuovo scenario imposto dal Covid19. Il nostro obiettivo \u00e8 quello di coinvolgere quante pi\u00f9 persone possibili non solo per adottare comportamenti pi\u00f9 <strong>sostenibili<\/strong>, ma soprattutto nel farsi parte attiva nelle richieste di <strong>cambiamento <\/strong>verso le amministrazioni locali.<\/p>\n\n<p>Alcuni sindaci, da Milano a Roma, stanno gi\u00e0 muovendo i primi passi in questa fase di ripartenza verso un modello pi\u00f9 sostenibile di citt\u00e0, annunciando la creazione di nuove <strong>bike lane<\/strong>. Questo \u00e8 un bene, ma da solo non basta. Perch\u00e9 servono coperture economiche necessarie ed interventi permanenti nella <strong>mobilit\u00e0 sostenibile<\/strong> e condivisa a 360 gradi, per vedere realizzati in maniera concreta questi annunci.<\/p>\n\n<p>Con il nostro nuovo progetto vogliamo coinvolgere quante pi\u00f9 persone possibili per garantire che queste iniziative siano portate a termine e per promuoverne delle altre, per ripensare insieme i nostri <strong>spazi urbani<\/strong> e per non ritrovarci di nuovo in citt\u00e0 invase dalle auto e con aria irrespirabile!<\/p>\n<div class=\"EmptyMessage\">Block content is empty. Check the block&#8217;s settings or remove it.<\/div>","protected":false},"excerpt":{"rendered":"<p>I risultati della nostra indagine. Per il 90% degli intervistati i politici non fanno abbastanza. <\/p>\n","protected":false},"author":33,"featured_media":11664,"comment_status":"closed","ping_status":"open","sticky":false,"template":"","format":"standard","meta":{"ep_exclude_from_search":false,"p4_og_title":"","p4_og_description":"","p4_og_image":"","p4_og_image_id":"","p4_seo_canonical_url":"","p4_campaign_name":"not set","p4_local_project":"not set","p4_basket_name":"not set","p4_department":"","footnotes":""},"categories":[20,17,24,1],"tags":[21,30,31],"p4-page-type":[19],"class_list":["post-11659","post","type-post","status-publish","format-standard","has-post-thumbnail","hentry","category-denuncia","category-proteggi","category-scegli","category-uncategorized","tag-inquinamento","tag-salute","tag-volontariato","p4-page-type-storia"],"_links":{"self":[{"href":"https:\/\/www.greenpeace.org\/italy\/wp-json\/wp\/v2\/posts\/11659","targetHints":{"allow":["GET"]}}],"collection":[{"href":"https:\/\/www.greenpeace.org\/italy\/wp-json\/wp\/v2\/posts"}],"about":[{"href":"https:\/\/www.greenpeace.org\/italy\/wp-json\/wp\/v2\/types\/post"}],"author":[{"embeddable":true,"href":"https:\/\/www.greenpeace.org\/italy\/wp-json\/wp\/v2\/users\/33"}],"replies":[{"embeddable":true,"href":"https:\/\/www.greenpeace.org\/italy\/wp-json\/wp\/v2\/comments?post=11659"}],"version-history":[{"count":5,"href":"https:\/\/www.greenpeace.org\/italy\/wp-json\/wp\/v2\/posts\/11659\/revisions"}],"predecessor-version":[{"id":14721,"href":"https:\/\/www.greenpeace.org\/italy\/wp-json\/wp\/v2\/posts\/11659\/revisions\/14721"}],"wp:featuredmedia":[{"embeddable":true,"href":"https:\/\/www.greenpeace.org\/italy\/wp-json\/wp\/v2\/media\/11664"}],"wp:attachment":[{"href":"https:\/\/www.greenpeace.org\/italy\/wp-json\/wp\/v2\/media?parent=11659"}],"wp:term":[{"taxonomy":"category","embeddable":true,"href":"https:\/\/www.greenpeace.org\/italy\/wp-json\/wp\/v2\/categories?post=11659"},{"taxonomy":"post_tag","embeddable":true,"href":"https:\/\/www.greenpeace.org\/italy\/wp-json\/wp\/v2\/tags?post=11659"},{"taxonomy":"p4-page-type","embeddable":true,"href":"https:\/\/www.greenpeace.org\/italy\/wp-json\/wp\/v2\/p4-page-type?post=11659"}],"curies":[{"name":"wp","href":"https:\/\/api.w.org\/{rel}","templated":true}]}}