{"id":11795,"date":"2020-06-15T13:43:17","date_gmt":"2020-06-15T11:43:17","guid":{"rendered":"https:\/\/www.greenpeace.org\/italy\/?p=11795"},"modified":"2025-01-08T16:52:47","modified_gmt":"2025-01-08T15:52:47","slug":"eletto-presidente-ivan-novelli-il-momento-storico-che-viviamo-e-quello-della-risposta-globale-alla-crisi-climatica","status":"publish","type":"post","link":"https:\/\/www.greenpeace.org\/italy\/comunicato-stampa\/11795\/eletto-presidente-ivan-novelli-il-momento-storico-che-viviamo-e-quello-della-risposta-globale-alla-crisi-climatica\/","title":{"rendered":"Eletto presidente Ivan Novelli"},"content":{"rendered":"\n<p>Greenpeace Italia ha un nuovo presidente, Ivan Novelli.<\/p>\n\n<p>\u201c<em>Desidero ringraziare Andrea Purgatori, che ha concluso il suo secondo mandato, per la disponibilit\u00e0 dimostrata in questi anni di crescita per Greenpeace. Il consiglio direttivo ha eletto il nuovo presidente e quello di Novelli \u00e8 davvero un gradito ritorno<\/em>\u201d dichiara Giuseppe Onufrio, direttore esecutivo di Greenpeace Italia.<\/p>\n\n<p>Ivan Novelli, giornalista, 64 anni, dopo aver militato nel Partito Radicale, \u00e8 in Greenpeace dal 1990: \u00e8 stato direttore delle campagne e della comunicazione nel 1995 e presidente dal 2009 al 2014. \u00c8 stato presidente di RomaNatura, l\u2019ente per la gestione dei parchi naturali di Roma, dal 1998 al 2004. Ha scritto \u201cLa guerra nonviolenta\u201d (Gammalibri, 1983, con Paolo Pietrosanti) e ha curato \u201cClima. Il rapporto di Greenpeace sul riscaldamento globale\u201d (Editori Del Grifo, 1992) e nel 2018 &#8220;Greenpeace. I Guerrieri dell&#8217;Arcobaleno in Italia&#8221; (Edizioni Minerva). Attualmente \u00e8 responsabile dell\u2019Archivio Gastone Novelli.<\/p>\n\n<p>\u201c<em>Il momento storico che viviamo \u00e8 quello della risposta globale alla crisi climatica. Il coronavirus ha messo in crisi in maniera eclatante il modello di sviluppo dell&#8217;intero pianeta. \u00c8 ora di passare dalle parole ai fatti<\/em>\u201d dichiara Ivan Novelli. \u201c<em>Anche grazie alle ingenti somme che saranno a disposizione di governi e aziende nei prossimi mesi, Greenpeace si batter\u00e0 affinch\u00e9 questo sia il secolo del sole, del vento, delle tecnologie pulite e di una nuova stagione di cooperazione internazionale e di pace. L&#8217;Italia pu\u00f2 e deve essere in prima linea<\/em>\u201d.<\/p>\n\n<p>Nel Consiglio direttivo di Greenpeace, oltre a Novelli figurano Laura Maywald, vicepresidentessa e consulente di fundraising, Patrizia Cuonzo, imprenditrice nel settore alimentare, Paolo Vaccari, formatore Protezione Civile e Liliana Cori neoeletta consigliere, ricercatrice Cnr esperta nella comunicazione del rischio.<\/p>\n\n<p>Greenpeace Italia conta oggi su quasi 90 mila sostenitori, circa 1.300 tra volontari e attivisti e oltre 870 mila cyberattivisti.<\/p>\n\n<p>L\u2019associazione \u00e8 indipendente e non accetta fonti da enti pubblici, aziende o partiti politici, contando solo sui propri sostenitori. Il contributo del 5 x 1000 \u00e8 quindi molto importante per Greenpeace, che ha appena lanciato una <a href=\"https:\/\/youtu.be\/DLdKEwj6R30\">nuova campagna di comunicazione <\/a> basata sul cambiamento necessario nella fase post pandemia. Qual \u00e8 il futuro che vogliamo? \u201c<em>La salute del pianeta \u00e8 la nostra salute. La normalit\u00e0 di cui abbiamo bisogno \u00e8 vivere in equilibrio con il pianeta<\/em>\u201d.<\/p>\n\n<p>Il <a href=\"https:\/\/youtu.be\/DLdKEwj6R30\">video<\/a> della campagna \u00e8 visibile su youtube.<\/p>\n","protected":false},"excerpt":{"rendered":"<p>Greenpeace Italia ha un nuovo presidente, Ivan Novelli.<\/p>\n","protected":false},"author":33,"featured_media":11796,"comment_status":"closed","ping_status":"open","sticky":false,"template":"","format":"standard","meta":{"ep_exclude_from_search":false,"p4_og_title":"","p4_og_description":"","p4_og_image":"","p4_og_image_id":"","p4_seo_canonical_url":"","p4_campaign_name":"not set","p4_local_project":"not set","p4_basket_name":"not set","p4_department":"","footnotes":""},"categories":[1],"tags":[],"p4-page-type":[23],"class_list":["post-11795","post","type-post","status-publish","format-standard","has-post-thumbnail","hentry","category-uncategorized","p4-page-type-comunicato-stampa"],"_links":{"self":[{"href":"https:\/\/www.greenpeace.org\/italy\/wp-json\/wp\/v2\/posts\/11795","targetHints":{"allow":["GET"]}}],"collection":[{"href":"https:\/\/www.greenpeace.org\/italy\/wp-json\/wp\/v2\/posts"}],"about":[{"href":"https:\/\/www.greenpeace.org\/italy\/wp-json\/wp\/v2\/types\/post"}],"author":[{"embeddable":true,"href":"https:\/\/www.greenpeace.org\/italy\/wp-json\/wp\/v2\/users\/33"}],"replies":[{"embeddable":true,"href":"https:\/\/www.greenpeace.org\/italy\/wp-json\/wp\/v2\/comments?post=11795"}],"version-history":[{"count":3,"href":"https:\/\/www.greenpeace.org\/italy\/wp-json\/wp\/v2\/posts\/11795\/revisions"}],"predecessor-version":[{"id":26010,"href":"https:\/\/www.greenpeace.org\/italy\/wp-json\/wp\/v2\/posts\/11795\/revisions\/26010"}],"wp:featuredmedia":[{"embeddable":true,"href":"https:\/\/www.greenpeace.org\/italy\/wp-json\/wp\/v2\/media\/11796"}],"wp:attachment":[{"href":"https:\/\/www.greenpeace.org\/italy\/wp-json\/wp\/v2\/media?parent=11795"}],"wp:term":[{"taxonomy":"category","embeddable":true,"href":"https:\/\/www.greenpeace.org\/italy\/wp-json\/wp\/v2\/categories?post=11795"},{"taxonomy":"post_tag","embeddable":true,"href":"https:\/\/www.greenpeace.org\/italy\/wp-json\/wp\/v2\/tags?post=11795"},{"taxonomy":"p4-page-type","embeddable":true,"href":"https:\/\/www.greenpeace.org\/italy\/wp-json\/wp\/v2\/p4-page-type?post=11795"}],"curies":[{"name":"wp","href":"https:\/\/api.w.org\/{rel}","templated":true}]}}