{"id":11965,"date":"2020-06-24T12:19:00","date_gmt":"2020-06-24T10:19:00","guid":{"rendered":"https:\/\/www.greenpeace.org\/italy\/?p=11965"},"modified":"2020-06-26T10:30:10","modified_gmt":"2020-06-26T08:30:10","slug":"mobilita-sostenibile-a-roma-oggi-la-societa-civile-passa-allazione-e-mobilit-azione","status":"publish","type":"post","link":"https:\/\/www.greenpeace.org\/italy\/comunicato-stampa\/11965\/mobilita-sostenibile-a-roma-oggi-la-societa-civile-passa-allazione-e-mobilit-azione\/","title":{"rendered":"Mobilit\u00e0 sostenibile a Roma: oggi la societ\u00e0 civile passa all&#8217;azione. \u00c8 mobilit-azione"},"content":{"rendered":"\n<p>In questo momento,\u00a048 associazioni e comitati\u00a0della societ\u00e0 civile stanno lanciando\u00a0la pi\u00f9 grande azione di massa digitale mai coordinata a Roma\u00a0in tema di\u00a0mobilit\u00e0 sostenibile, ciclabilit\u00e0, trasporto pubblico, sicurezza stradale, ambiente e spazi urbani.<\/p>\n\n<p>La Sindaca Virginia Raggi, l\u2019Assessore alla Citt\u00e0 in movimento Pietro Calabrese, l\u2019Assessora alle Infrastrutture a Linda Meleo, l\u2019Assessora alle Politiche del verde a Laura Fiorini, il Presidente della Commissione III \u2013 Mobilit\u00e0 Enrico Stef\u00e0no e i presidenti di tutti i Municipi stanno ricevendo nello stesso momento\u00a0la stessa <a href=\"https:\/\/drive.google.com\/file\/d\/1tkCElandNz1Atkjoe4oMF03laDWldLHY\/view?usp=sharing\">Lettera per la Mobilit\u00e0 Sostenibile<\/a>.<\/p>\n\n<p>Per&nbsp;1250 volte&nbsp;nella caselle mail di chi ha in mano le sorti della Citt\u00e0 comparir\u00e0 un documento elaborato insieme da una rete di associazioni e comitati attivi a Roma nei settori della mobilit\u00e0 e dell\u2019ambientalismo, riunite per la prima volta \u2013 cos\u00ec numerose &#8211; per una Mobilit-azione comune.<\/p>\n\n<p>La Lettera per la Mobilit\u00e0 Sostenibile non \u00e8 l\u2019ennesimo&nbsp;<em>cahier de dol\u00e9ance,<\/em>&nbsp;ma un&nbsp;programma di richieste e proposte concrete elaborato intorno a 7 punti:<\/p>\n\n<p>Potenziamento del Trasporto pubblico \u2013 Mobilit\u00e0 pedonale \u2013 Mobilit\u00e0 ciclabile e micromobilit\u00e0 \u2013 Intermodalit\u00e0 \u2013 Demotorizzazione dell\u2019area urbana \u2013 Spazi verdi e aree pedonali \u2013 Campagna informativa su mobilit\u00e0 sostenibile e sicurezza stradale.<\/p>\n\n<p><em>\u201cSi chiede di agire subito, con coraggio e determinazione, per contrastare l\u2019abuso dell\u2019auto e di altri mezzi a motore privati, e per promuovere e potenziare la rete dei trasporti pubblici, la mobilit\u00e0 attiva (pedonale, ciclabile), la micromobilit\u00e0, l\u2019intermodalit\u00e0 e la mobilit\u00e0 condivisa.&nbsp;<\/em><\/p>\n\n<p><em>Chiediamo di&nbsp;promuovere e attuare una mobilit\u00e0 sostenibile nel territorio di Roma, in tutte le zone e per tutti i cittadini, come unica possibile per il futuro della citt\u00e0.<\/em><\/p>\n\n<p><em>Attendiamo un riscontro nei fatti alle nostre richieste, a beneficio di tutti, e ci rendiamo disponibili alla collaborazione e ad un incontro.\u201d<\/em><\/p>\n\n<p>L\u2019Italia detiene il triste primato per morti riconducibili a inquinamento atmosferico, pi\u00f9 di 76.000 ogni anno. I cittadini romani sono cronicamente esposti a sostanze inquinanti che superano le soglie definite dall\u2019OMS. I veicoli a motore sono i responsabili dei quasi 12.000 sinistri stradali con lesioni che avvengono ogni anno sulle strade della capitale: 215 morti e di 20.257 feriti nel solo 2018.\u00a0Un terzo dei morti su strada delle metropoli italiane si verifica a Roma. Secondo il \u201cGlobal Traffic Scorecard\u201d 2019, Roma \u00e8 la sesta citt\u00e0 al mondo per congestione del traffico ed \u00e8 stata terza per ore perse al volante (166 ore annue). Secondo il \u201cRapporto Mobilit\u00e0 Roma 2019\u201d, nella capitale ci sono mediamente 75 veicoli per 100 abitanti, anche se la velocit\u00e0 media dell\u2019auto privata in citt\u00e0 (17,8 km\/h) \u00e8 di poco superiore a quella dei mezzi pubblici (14 km\/h).\u00a0<\/p>\n\n<p>Il momento di cambiare \u00e8 ORA. La societ\u00e0 civile si attiva e vigiler\u00e0 perch\u00e9 ci\u00f2 avvenga. L\u2019azione di oggi \u00e8 solo il primo passo. Prossimo appuntamento dopodomani, venerd\u00ec 26 giugno.<\/p>\n\n<p>La lettera \u00e8 stata sottoscritta da 48 associazioni:<\/p>\n\n<p><em>Greenpeace Italia, Salvaiciclisti Roma A.p.s., Fridays For Future Roma, Legambiente Lazio, Extinction Rebellion Roma, Bike4City, FIAB Roma Ruotalibera, Kyoto Club, WWF Lazio &#8211; Gruppo Mobilit\u00e0 Sostenibile, Esperti Promotori Mobilit\u00e0 Ciclistica (EPMC), Bike to School, Casetta Verde, Casetta Rossa, Ciclogenitori, Metrovia &#8211; l&#8217;idea che muove Roma, Vivinstrada, VediRomaInBici, ADP &#8211; Associazione diritti dei pedoni di Roma e del Lazio, G.D.P. , Cittadini per l\u2019aria, Genitori Antismog, Studenti Alla Terza (S3), Rete Studenti Medi Roma, Unione degli Universitari Roma (UdU), Demos-Sapienza, UniRete Tor Vergata, Nonna Roma, Baobab Experience, LIPU, Istituto Nazionale di Urbanistica &#8211; Sezione Lazio, Associazione Europea Consumatori Indipendenti (AECI), Konsumer Italia, Fondazione Luigi Guccione &#8211; Ente Morale, Associazione Guida Sicura Italia, NONSOLOCHIARA ONLUS, FIAB Roma BiciLibera Tutti, Comitato di Zona Via Vincenzo Tieri, FIAB BiciChigi, Comitato Mura Latine APS, Associazione Consumatori e Famiglie aps, Pontieri del Dialogo, AFVS Associazione Familiari e Vittime della Strada basta sangue sulle strade onlus, CALMA &#8211; Coordinamento associazioni del Lazio per la mobilit\u00e0 alternativa, Odissea Quotidiana (Treno RomaGiardinetti &#8211; Treno Romalido), Retake Roma, Coordinamento CdQ Municipio Roma IX Eur, Movimento per la Decrescita Felice &#8211; Circolo di Roma, Comitato Parchi Colombo<\/em><\/p>\n\n<p>La lettera completa \u00e8 disponibile <a href=\"https:\/\/drive.google.com\/file\/d\/1tkCElandNz1Atkjoe4oMF03laDWldLHY\/view?usp=sharing\">qui.<\/a><\/p>\n\n<p>Per informazioni sulla Mobilit-Azione del 26 giugno 2020:\u00a0https:\/\/www.facebook.com\/MobilitaSostenibileRoma\/  <\/p>\n","protected":false},"excerpt":{"rendered":"<p>48 associazioni e comitati\u00a0della societ\u00e0 civile lanciano la pi\u00f9 grande azione di massa digitale mai coordinata a Roma\u00a0in tema di\u00a0mobilit\u00e0 sostenibile.<\/p>\n","protected":false},"author":33,"featured_media":11523,"comment_status":"closed","ping_status":"open","sticky":false,"template":"","format":"standard","meta":{"ep_exclude_from_search":false,"p4_og_title":"","p4_og_description":"","p4_og_image":"","p4_og_image_id":"","p4_seo_canonical_url":"","p4_campaign_name":"not set","p4_local_project":"not set","p4_basket_name":"not set","p4_department":"","footnotes":""},"categories":[20,24],"tags":[21,31],"p4-page-type":[23],"class_list":["post-11965","post","type-post","status-publish","format-standard","has-post-thumbnail","hentry","category-denuncia","category-scegli","tag-inquinamento","tag-volontariato","p4-page-type-comunicato-stampa"],"_links":{"self":[{"href":"https:\/\/www.greenpeace.org\/italy\/wp-json\/wp\/v2\/posts\/11965","targetHints":{"allow":["GET"]}}],"collection":[{"href":"https:\/\/www.greenpeace.org\/italy\/wp-json\/wp\/v2\/posts"}],"about":[{"href":"https:\/\/www.greenpeace.org\/italy\/wp-json\/wp\/v2\/types\/post"}],"author":[{"embeddable":true,"href":"https:\/\/www.greenpeace.org\/italy\/wp-json\/wp\/v2\/users\/33"}],"replies":[{"embeddable":true,"href":"https:\/\/www.greenpeace.org\/italy\/wp-json\/wp\/v2\/comments?post=11965"}],"version-history":[{"count":1,"href":"https:\/\/www.greenpeace.org\/italy\/wp-json\/wp\/v2\/posts\/11965\/revisions"}],"predecessor-version":[{"id":11966,"href":"https:\/\/www.greenpeace.org\/italy\/wp-json\/wp\/v2\/posts\/11965\/revisions\/11966"}],"wp:featuredmedia":[{"embeddable":true,"href":"https:\/\/www.greenpeace.org\/italy\/wp-json\/wp\/v2\/media\/11523"}],"wp:attachment":[{"href":"https:\/\/www.greenpeace.org\/italy\/wp-json\/wp\/v2\/media?parent=11965"}],"wp:term":[{"taxonomy":"category","embeddable":true,"href":"https:\/\/www.greenpeace.org\/italy\/wp-json\/wp\/v2\/categories?post=11965"},{"taxonomy":"post_tag","embeddable":true,"href":"https:\/\/www.greenpeace.org\/italy\/wp-json\/wp\/v2\/tags?post=11965"},{"taxonomy":"p4-page-type","embeddable":true,"href":"https:\/\/www.greenpeace.org\/italy\/wp-json\/wp\/v2\/p4-page-type?post=11965"}],"curies":[{"name":"wp","href":"https:\/\/api.w.org\/{rel}","templated":true}]}}