{"id":12468,"date":"2020-10-05T14:37:06","date_gmt":"2020-10-05T12:37:06","guid":{"rendered":"https:\/\/www.greenpeace.org\/italy\/?p=12468"},"modified":"2025-07-02T09:28:18","modified_gmt":"2025-07-02T07:28:18","slug":"cresce-la-rete-mare-caldo-per-monitorare-gli-impatti-dei-cambiamenti-climatici-sul-mare","status":"publish","type":"post","link":"https:\/\/www.greenpeace.org\/italy\/storia\/12468\/cresce-la-rete-mare-caldo-per-monitorare-gli-impatti-dei-cambiamenti-climatici-sul-mare\/","title":{"rendered":"Cresce la rete Mare Caldo per monitorare gli impatti dei cambiamenti climatici sul mare"},"content":{"rendered":"\n<figure class=\"wp-block-embed-youtube wp-block-embed is-type-video is-provider-youtube wp-embed-aspect-16-9 wp-has-aspect-ratio\"><div class=\"wp-block-embed__wrapper\">\n<lite-youtube style=\"background-image: url('https:\/\/i.ytimg.com\/vi\/NtUK5Wfw5jQ\/hqdefault.jpg');\" videoid=\"NtUK5Wfw5jQ\" params=\"rel=0\"><\/lite-youtube>\n<\/div><\/figure>\n\n<p>Prosegue il nostro <a rel=\"noreferrer noopener\" href=\"https:\/\/www.greenpeace.org\/italy\/rapporto\/6680\/mare-greenpeace-rapporto-mare-caldo-per-misurare-gli-impatti-dei-cambiamenti-climatici-sui-nostri-mari\/  oppure link news: https:\/\/www.greenpeace.org\/italy\/storia\/6687\/operazione-mare-caldo-i-cambiamenti-climatici-sono-anche-sottacqua\/\" target=\"_blank\">progetto \u201cMare caldo\u201d che, avviato a novembre 2019<\/a> con una stazione pilota per il monitoraggio delle temperature marine all\u2019Isola d\u2019Elba, vede oggi l\u2019adesione di ben quattro aree marine protette: il Plemmirio in Sicilia, Capo Carbonara \u2013 Villasimius e Tavolara &#8211; Punta Coda Cavallo in Sardegna, Portofino in Liguria. L\u2019obiettivo del progetto \u00e8 quello di studiare gli impatti dei cambiamenti climatici in mare e sviluppare una rete che possa monitorare nel tempo cosa succede nei mari italiani.<\/p>\n\n<p><a href=\"https:\/\/www.greenpeace.org\/italy\/storia\/12158\/i-cambiamenti-climatici-sono-gia-nel-mar-tirreno-la-conferma-dai-nostri-rilevamenti\/\" target=\"_blank\" rel=\"noreferrer noopener\">Dopo il mare dell\u2019Isola d\u2019Elba<\/a> e quello di Portofino abbiamo svolto i primi monitoraggi nell\u2019<strong>Area Marina Protetta del Plemmirio<\/strong> (Siracusa), la pi\u00f9 meridionale del progetto, insieme ai ricercatori del DiSTAV dell\u2019Universit\u00e0 di Genova e rilevato a met\u00e0 settembre temperature medie intorno ai 25 gradi centigradi fino a 25 metri di profondit\u00e0 e un ambiente ricco di specie termofile, cio\u00e8 specie tipiche di ambienti pi\u00f9 caldi.<\/p>\n\n<p>Sebbene meno evidenti rispetto alle altre aree gi\u00e0 studiate dal progetto \u201c<strong>Mare Caldo<\/strong>\u201d anche <strong>nel Plemmirio si possono osservare i primi impatti dell\u2019aumento delle temperature<\/strong>. In particolare, lo sbiancamento di alcune alghe corallinacee incrostanti in tutti i siti monitorati tra i 6 e i 30 metri di profondit\u00e0, l\u2019assenza del grosso bivalve <em>Pinna nobilis<\/em>, colpito anche qui negli anni passati da una moria di massa, e l\u2019abbondanza di specie termofile, la cui presenza, normale in queste aree pi\u00f9 meridionali, si sta facendo sempre pi\u00f9 massiccia con il rischio di alterare gli equilibri della biodiversit\u00e0.<\/p>\n\n<p>Preoccupa l\u2019ampia presenza dell\u2019alga verde <em>Caulerpa cylindracea<\/em>, specie aliena di origini australiane, osservata in tutti i siti di immersione studiati dal progetto ma che qui \u00e8 arrivata a ricoprire quasi totalmente i fondali dai 20 ai 40 metri, e del vermocane, un verme urticante che negli ultimi anni ha avuto una crescita esponenziale, particolarmente abbondante negli strati pi\u00f9 superficiali ma presente fino ai 40 metri di profondit\u00e0. I ricercatori hanno rilevato inoltre un aumento in numero e dimensioni del pesce pappagallo e l\u2019avvistamento per la prima volta in zona A della AMP di pesci flauto, specie aliena originaria del Mar Rosso da alcuni anni presente nei mari siciliani.<\/p>\n\n<p><strong>I dati ad oggi raccolti confermano che\u00a0i nostri mari stanno cambiando a causa dell\u2019aumento delle temperature, e che i cambiamenti climatici acuiscono la crisi di un ecosistema gi\u00e0 sottopressione<\/strong>. Non c\u2019\u00e8 pi\u00f9 tempo da perdere, se da un lato \u00a0\u00e8 fondamentale un taglio netto delle emissioni di gas serra, dall\u2019altro \u00e8 necessario rafforzare e ampliare la rete di aree protette in linea con l\u2019impegno preso dall\u2019Italia di tutelare il 30% dei propri mari entro il 2030: solo tutelando le aree pi\u00f9 sensibili potremo permettere ai nostri mari di adattarsi e sopravvivere a un cambiamento che \u00e8 gi\u00e0 in atto.<\/p>\n\n<figure class=\"wp-block-image size-large  caption-style-blue-overlay caption-alignment-center\"><img loading=\"lazy\" decoding=\"async\" width=\"1024\" height=\"690\" src=\"https:\/\/www.greenpeace.org\/static\/planet4-italy-stateless\/2020\/10\/c708d8c0-day2prima-10-1024x690.jpg\" alt=\"\" class=\"wp-image-12470\" srcset=\"https:\/\/www.greenpeace.org\/static\/planet4-italy-stateless\/2020\/10\/c708d8c0-day2prima-10-1024x690.jpg 1024w, https:\/\/www.greenpeace.org\/static\/planet4-italy-stateless\/2020\/10\/c708d8c0-day2prima-10-300x202.jpg 300w, https:\/\/www.greenpeace.org\/static\/planet4-italy-stateless\/2020\/10\/c708d8c0-day2prima-10-768x518.jpg 768w, https:\/\/www.greenpeace.org\/static\/planet4-italy-stateless\/2020\/10\/c708d8c0-day2prima-10-504x340.jpg 504w, https:\/\/www.greenpeace.org\/static\/planet4-italy-stateless\/2020\/10\/c708d8c0-day2prima-10.jpg 1200w\" sizes=\"auto, (max-width: 1024px) 100vw, 1024px\" \/><\/figure>\n\t\t\t<section\n\t\t\tclass=\"boxout post-5144 \"\n\t\t\t\n\t\t>\n\t\t\t<a\n\t\t\t\tdata-ga-category=\"Take Action Boxout\"\n\t\t\t\tdata-ga-action=\"Image\"\n\t\t\t\tdata-ga-label=\"n\/a\"\n\t\t\t\tclass=\"cover-card-overlay\"\n\t\t\t\thref=\"https:\/\/www.greenpeace.org\/italy\/attivati\/proteggi-gli-oceani\/\" \n\t\t\t><\/a>\n\t\t\t\t\t\t\t<img\n\t\t\t\t\t\tsrc=\"https:\/\/www.greenpeace.org\/static\/planet4-italy-stateless\/2019\/04\/9b422b65-proteggiamo-gli-oceani-1024x557.jpg\"\n\t\t\t\t\t\tsrcset=\"https:\/\/www.greenpeace.org\/static\/planet4-italy-stateless\/2019\/04\/9b422b65-proteggiamo-gli-oceani-300x163.jpg 300w, https:\/\/www.greenpeace.org\/static\/planet4-italy-stateless\/2019\/04\/9b422b65-proteggiamo-gli-oceani-768x418.jpg 768w, https:\/\/www.greenpeace.org\/static\/planet4-italy-stateless\/2019\/04\/9b422b65-proteggiamo-gli-oceani-1024x557.jpg 1024w, https:\/\/www.greenpeace.org\/static\/planet4-italy-stateless\/2019\/04\/9b422b65-proteggiamo-gli-oceani-510x278.jpg 510w, https:\/\/www.greenpeace.org\/static\/planet4-italy-stateless\/2019\/04\/9b422b65-proteggiamo-gli-oceani.jpg 1200w\"\n\t\t\t\t\t\tsizes=\"(min-width: 1000px) 358px, (min-width: 780px) 313px, 88px\"\n\t\t\t\t\t\talt=\"\" title=\"\"\n\t\t\t\t\/>\n            \t\t\t<div class=\"boxout-content\">\n\t\t\t\t\t\t\t\t\t<a\n\t\t\t\t\t\tclass=\"boxout-heading medium\"\n\t\t\t\t\t\tdata-ga-category=\"Take Action Boxout\"\n\t\t\t\t\t\tdata-ga-action=\"Title\"\n\t\t\t\t\t\tdata-ga-label=\"n\/a\"\n\t\t\t\t\t\thref=\"https:\/\/www.greenpeace.org\/italy\/attivati\/proteggi-gli-oceani\/\"\n\t\t\t\t\t\t\n\t\t\t\t\t>\n\t\t\t\t\t\tProteggi gli Oceani\n\t\t\t\t\t<\/a>\n\t\t\t\t\t\t\t\t\t\t\t\t\t<p class=\"boxout-excerpt\">Cambiamenti climatici, pesca eccessiva, estrazioni minerarie, trivellazioni, plastica: i nostri oceani subiscono di tutto per colpa dell\u2019avidit\u00e0 umana. Spesso sono proprio le zone d\u2019Alto Mare, al di fuori della giurisdizione degli Stati costieri,  a diventare prede degli interessi di pochi Stati ricchi e potenti o di aziende spregiudicate. Lontano dagli occhi, lontano dal cuore? Non possiamo accettarlo: per difendere il fragile e meraviglioso ecosistema marino, serve creare una rete di Santuari d\u2019Alto mare su scala planetaria.<\/p>\n\t\t\t\t                                    <a\n                        class=\"btn btn-primary\"\n                        data-ga-category=\"Take Action Boxout\"\n                        data-ga-action=\"Call to Action\"\n                        data-ga-label=\"n\/a\"\n                        href=\"https:\/\/www.greenpeace.org\/italy\/attivati\/proteggi-gli-oceani\/\"\n                        \n                    >\n                        Partecipa\n                    <\/a>\n                \t\t\t<\/div>\n\t\t\t\t\t<\/section>\n\t","protected":false},"excerpt":{"rendered":"<p>I nostri mari sempre pi\u00f9 pieni di specie marine &#8211; tipiche di acque pi\u00f9 calde &#8211; pericolose per la biodiversit\u00e0<\/p>\n","protected":false},"author":33,"featured_media":12470,"comment_status":"closed","ping_status":"open","sticky":false,"template":"","format":"standard","meta":{"ep_exclude_from_search":false,"p4_og_title":"","p4_og_description":"","p4_og_image":"","p4_og_image_id":"","p4_seo_canonical_url":"","p4_campaign_name":"not set","p4_local_project":"not set","p4_basket_name":"not set","p4_department":"","footnotes":""},"categories":[17],"tags":[18,22,29],"p4-page-type":[19],"class_list":["post-12468","post","type-post","status-publish","format-standard","has-post-thumbnail","hentry","category-proteggi","tag-mare","tag-biodiversita","tag-clima","p4-page-type-storia"],"_links":{"self":[{"href":"https:\/\/www.greenpeace.org\/italy\/wp-json\/wp\/v2\/posts\/12468","targetHints":{"allow":["GET"]}}],"collection":[{"href":"https:\/\/www.greenpeace.org\/italy\/wp-json\/wp\/v2\/posts"}],"about":[{"href":"https:\/\/www.greenpeace.org\/italy\/wp-json\/wp\/v2\/types\/post"}],"author":[{"embeddable":true,"href":"https:\/\/www.greenpeace.org\/italy\/wp-json\/wp\/v2\/users\/33"}],"replies":[{"embeddable":true,"href":"https:\/\/www.greenpeace.org\/italy\/wp-json\/wp\/v2\/comments?post=12468"}],"version-history":[{"count":4,"href":"https:\/\/www.greenpeace.org\/italy\/wp-json\/wp\/v2\/posts\/12468\/revisions"}],"predecessor-version":[{"id":28173,"href":"https:\/\/www.greenpeace.org\/italy\/wp-json\/wp\/v2\/posts\/12468\/revisions\/28173"}],"wp:featuredmedia":[{"embeddable":true,"href":"https:\/\/www.greenpeace.org\/italy\/wp-json\/wp\/v2\/media\/12470"}],"wp:attachment":[{"href":"https:\/\/www.greenpeace.org\/italy\/wp-json\/wp\/v2\/media?parent=12468"}],"wp:term":[{"taxonomy":"category","embeddable":true,"href":"https:\/\/www.greenpeace.org\/italy\/wp-json\/wp\/v2\/categories?post=12468"},{"taxonomy":"post_tag","embeddable":true,"href":"https:\/\/www.greenpeace.org\/italy\/wp-json\/wp\/v2\/tags?post=12468"},{"taxonomy":"p4-page-type","embeddable":true,"href":"https:\/\/www.greenpeace.org\/italy\/wp-json\/wp\/v2\/p4-page-type?post=12468"}],"curies":[{"name":"wp","href":"https:\/\/api.w.org\/{rel}","templated":true}]}}