{"id":12590,"date":"2020-10-30T17:10:00","date_gmt":"2020-10-30T16:10:00","guid":{"rendered":"https:\/\/www.greenpeace.org\/italy\/?p=12590"},"modified":"2020-10-31T12:14:32","modified_gmt":"2020-10-31T11:14:32","slug":"greenpeace-giornata-mondiale-delle-citta-presentata-una-struttura-per-studiare-in-sicurezza-allaperto","status":"publish","type":"post","link":"https:\/\/www.greenpeace.org\/italy\/comunicato-stampa\/12590\/greenpeace-giornata-mondiale-delle-citta-presentata-una-struttura-per-studiare-in-sicurezza-allaperto\/","title":{"rendered":"Greenpeace: Giornata Mondiale delle Citt\u00e0, presentata una struttura per studiare in sicurezza all&#8217;aperto"},"content":{"rendered":"\n<p>In occasione della Giornata mondiale delle Citt\u00e0, proclamata dalle Nazioni Unite per il 31 ottobre, in diverse citt\u00e0 del mondo come Roma, Bogot\u00e0, Madrid e Citt\u00e0 del Messico, Greenpeace insieme a movimenti urbani e comunit\u00e0 cittadine <a>chiede una visione comune per la rigenerazione urbana che metta al centro le persone e l\u2019ambiente.<\/a><\/p>\n\n<p>A Roma, domani, insieme a movimenti urbani come Scomodo e comunit\u00e0 come Spin Time Labs e con il contributo di realt\u00e0 del quartiere Esquilino come l\u2019Associazione Genitori Di Donato e MaTeM\u00f9\/CIES Greenpeace presenter\u00e0 il progetto di una struttura modulare in legno che consentir\u00e0 di fare attivit\u00e0 didattica all\u2019aria aperta e in sicurezza oltre a poter ospitare molteplici iniziative culturali.<\/p>\n\n<p>La struttura, progettata dagli architetti Tommaso Marenaci e Roberto Fioretti legati al gruppo di Architetti G124 fondato da Renzo Piano, verr\u00e0 realizzata in un\u2019area verde del quartiere Esquilino.<\/p>\n\n<p>Contemporaneamente nel parco di via Statilia e nei giardini di Viale Carlo Felice, attivisti e attiviste di Scomodo e Greenpeace installeranno due \u201cbox per i desideri di cittadinanza\u201d realizzati in collaborazione con il ricercatore territorialista Filippo Tantillo. Attraverso la lettura di un QR code chi vuole potr\u00e0 rispondere a un breve questionario per raccontare la propria visione di citt\u00e0 sostenibile e a misura di persone. I risultati verranno messi a disposizione agli amministratori del Municipio I e delle associazioni di quartiere. I box, dopo un mese di permanenza nei parchi, verranno rimossi e&nbsp; completamente riutilizzati per la realizzazione della struttura definitiva.<\/p>\n\n<p>Oggi il 55 per cento della popolazione mondiale vive nelle aree urbane e si prevede che questo numero aumenter\u00e0 fino a quasi il 70 per cento entro il 2050. Le citt\u00e0 sono i centri dell&#8217;attivit\u00e0 economica e sono responsabili di oltre i due terzi delle emissioni globali. Man mano che le citt\u00e0 continuano a crescere, anche questi numeri cresceranno. Per Greenpeace questo significa che le citt\u00e0 e i loro cittadini devono essere in prima linea negli sforzi per prevenire l&#8217;emergenza climatica e la crisi economica che il mondo sta vivendo.<\/p>\n\n<p>&#8220;<a>Negli ultimi mesi, la vita nelle nostre citt\u00e0 \u00e8 cambiata radicalmente a causa dell&#8217;impatto del COVID-19. Le fasi di lockdown e le restrizioni a cui abbiamo dovuto adattare la nostra vita ci hanno dato l&#8217;opportunit\u00e0 di riflettere sulle nostre citt\u00e0 e sul loro futuro<\/a>. Tuttavia, nella routine quotidiana \u00e8 facile dimenticare ci\u00f2 che abbiamo imparato. La Giornata Mondiale delle citt\u00e0 \u00e8 il momento per rendere le citt\u00e0 pi\u00f9 resistenti alle crisi future\u201d dichiara Chiara Campione, responsabile progetto Hack Your City di Greenpeace. \u201cLe amministrazioni locali dovrebbero ascoltare i cittadini e concentrarsi su politiche ambiziose per trasformare le citt\u00e0 in luoghi migliori e sostenibili. <a>Il futuro del nostro Pianeta e della nostra economia dipendono da come gestiamo lo sviluppo urbano e gli investimenti, servono trasporti pubblici migliori, pi\u00f9 piste ciclabili, accesso al cibo prodotto localmente, pi\u00f9 spazi verdi<\/a>\u201d.<\/p>\n","protected":false},"excerpt":{"rendered":"<p>Greenpeace insieme a movimenti urbani e comunit\u00e0 cittadine chiede una visione comune per la rigenerazione urbana che metta persone e ambiente al centro.<\/p>\n","protected":false},"author":33,"featured_media":12591,"comment_status":"closed","ping_status":"open","sticky":false,"template":"","format":"standard","meta":{"ep_exclude_from_search":false,"p4_og_title":"","p4_og_description":"","p4_og_image":"","p4_og_image_id":"","p4_seo_canonical_url":"","p4_campaign_name":"not set","p4_local_project":"not set","p4_basket_name":"not set","p4_department":"","footnotes":""},"categories":[17,24],"tags":[29,30,31],"p4-page-type":[23],"class_list":["post-12590","post","type-post","status-publish","format-standard","has-post-thumbnail","hentry","category-proteggi","category-scegli","tag-clima","tag-salute","tag-volontariato","p4-page-type-comunicato-stampa"],"_links":{"self":[{"href":"https:\/\/www.greenpeace.org\/italy\/wp-json\/wp\/v2\/posts\/12590","targetHints":{"allow":["GET"]}}],"collection":[{"href":"https:\/\/www.greenpeace.org\/italy\/wp-json\/wp\/v2\/posts"}],"about":[{"href":"https:\/\/www.greenpeace.org\/italy\/wp-json\/wp\/v2\/types\/post"}],"author":[{"embeddable":true,"href":"https:\/\/www.greenpeace.org\/italy\/wp-json\/wp\/v2\/users\/33"}],"replies":[{"embeddable":true,"href":"https:\/\/www.greenpeace.org\/italy\/wp-json\/wp\/v2\/comments?post=12590"}],"version-history":[{"count":1,"href":"https:\/\/www.greenpeace.org\/italy\/wp-json\/wp\/v2\/posts\/12590\/revisions"}],"predecessor-version":[{"id":12592,"href":"https:\/\/www.greenpeace.org\/italy\/wp-json\/wp\/v2\/posts\/12590\/revisions\/12592"}],"wp:featuredmedia":[{"embeddable":true,"href":"https:\/\/www.greenpeace.org\/italy\/wp-json\/wp\/v2\/media\/12591"}],"wp:attachment":[{"href":"https:\/\/www.greenpeace.org\/italy\/wp-json\/wp\/v2\/media?parent=12590"}],"wp:term":[{"taxonomy":"category","embeddable":true,"href":"https:\/\/www.greenpeace.org\/italy\/wp-json\/wp\/v2\/categories?post=12590"},{"taxonomy":"post_tag","embeddable":true,"href":"https:\/\/www.greenpeace.org\/italy\/wp-json\/wp\/v2\/tags?post=12590"},{"taxonomy":"p4-page-type","embeddable":true,"href":"https:\/\/www.greenpeace.org\/italy\/wp-json\/wp\/v2\/p4-page-type?post=12590"}],"curies":[{"name":"wp","href":"https:\/\/api.w.org\/{rel}","templated":true}]}}