{"id":12658,"date":"2020-11-11T13:06:53","date_gmt":"2020-11-11T12:06:53","guid":{"rendered":"https:\/\/www.greenpeace.org\/italy\/?p=12658"},"modified":"2021-12-01T13:38:11","modified_gmt":"2021-12-01T12:38:11","slug":"vittoria-amazzonia-brasiliana-diminuisce-la-deforestazione-nelle-terre-dei-karipuna","status":"publish","type":"post","link":"https:\/\/www.greenpeace.org\/italy\/storia\/12658\/vittoria-amazzonia-brasiliana-diminuisce-la-deforestazione-nelle-terre-dei-karipuna\/","title":{"rendered":"Vittoria! Amazzonia brasiliana: diminuisce la deforestazione nelle terre dei Karipuna"},"content":{"rendered":"\n<p>I Popoli Indigeni sono i veri guardiani delle <strong>foreste<\/strong>, lo diciamo spesso e oggi vogliamo darvi una bella notizia che riguarda <a href=\"https:\/\/www.greenpeace.org\/italy\/storia\/6360\/greenpeace-accanto-ai-popoli-indigeni-del-brasile-guardiani-delle-foreste\/\">la battaglia del Popolo Karipuna per proteggere le loro terre<\/a>, nell\u2019Amazzonia brasiliana.<\/p>\n\n<p>Gli <strong>Indigeni Karipuna<\/strong> vivono nel nord dello stato di Rond\u00f4nia, in <strong>Brasile<\/strong>, in un\u2019area di foresta di circa 150 mila ettari che il governo brasiliano ha riconosciuto essere esclusivamente di loro propriet\u00e0 gi\u00e0 nel 1998. Nonostante ci\u00f2, hanno sempre dovuto lottare contro le costanti <strong>invasioni<\/strong> di sicari dell\u2019industria del <strong>legname<\/strong> e di aziende che vorrebbero trarre profitto dalla distruzione della foresta, anche a costo di agire illegalmente e persino uccidere chi vorrebbe proteggerla.<\/p>\n\n<p>Tra agosto 2017 e luglio 2018, nelle terre dei Karipuna \u00e8 stato raggiunto un picco di deforestazione preoccupante, che ha comportato numerose invasioni e la <strong>perdita di 1.400 ettari di foresta<\/strong>. Per porre fine a questa devastazione, i Karipuna deciso di collaborare con Greenpeace e con il Consiglio Indigeno Missionario (CIMI). In questi anni, insieme, abbiamo denunciato la <strong>deforestazione illegale<\/strong> avvenuta nelle loro terre e chiesto alle autorit\u00e0 di intervenire tempestivamente. Il lavoro congiunto ha funzionato: la polizia \u00e8 intervenuta per fermare le <strong>invasioni<\/strong>, sequestrare il materiale utilizzato per distruggere la foresta e arrestare i responsabili.<\/p>\n\n<figure class=\"wp-block-image size-full  caption-style-medium caption-alignment-center\"><img loading=\"lazy\" decoding=\"async\" width=\"800\" height=\"533\" src=\"https:\/\/www.greenpeace.org\/static\/planet4-italy-stateless\/2020\/11\/a7684533-gp1sujkx_web_size_with_credit_line.jpg\" alt=\"\" class=\"wp-image-12659\" srcset=\"https:\/\/www.greenpeace.org\/static\/planet4-italy-stateless\/2020\/11\/a7684533-gp1sujkx_web_size_with_credit_line.jpg 800w, https:\/\/www.greenpeace.org\/static\/planet4-italy-stateless\/2020\/11\/a7684533-gp1sujkx_web_size_with_credit_line-300x200.jpg 300w, https:\/\/www.greenpeace.org\/static\/planet4-italy-stateless\/2020\/11\/a7684533-gp1sujkx_web_size_with_credit_line-768x512.jpg 768w, https:\/\/www.greenpeace.org\/static\/planet4-italy-stateless\/2020\/11\/a7684533-gp1sujkx_web_size_with_credit_line-510x340.jpg 510w\" sizes=\"auto, (max-width: 800px) 100vw, 800px\" \/><figcaption>Greenpeace monitors deforested areas in the Karipuna Indigenous Land, registered in overflights in September, 2020. <\/figcaption><\/figure>\n\n<h3 class=\"wp-block-heading\"><strong>Cosa significa?<\/strong><\/h3>\n\n<p>Secondo una recente analisi di <strong>immagini satellitari <\/strong>effettuata da Greenpeace Brasile, tra tra agosto 2019 e luglio 2020 nell\u2019area in cui vivono i Karipuna sono stati distrutti solo <strong>532 ettari di foresta<\/strong>: il 49,1% in meno rispetto allo stesso periodo dell&#8217;anno precedente.<\/p>\n\n<p>Questa notizia arriva in un momento in cui i tassi di deforestazione continuano ad aumentare drammaticamente in tutta l&#8217;<strong>Amazzonia brasiliana<\/strong> e dimostra che supportare i Popoli Indigeni nel monitoraggio della foresta cos\u00ec come nel perseguire azioni legali contro <strong>l\u2019accaparramento<\/strong> <strong>di terre<\/strong> \u00e8 un metodo efficace per proteggere le foreste.<\/p>\n\n<p>Invece di cercare di nascondere la verit\u00e0 sulla distruzione dell\u2019Amazzonia e di altri biomi di grande importanza importanza per il Pianeta (come il Pantanal e il Cerrado), il governo <strong>Bolsonaro<\/strong> dovrebbe adempiere al suo dovere costituzionale e proteggere le terre indigene da coloro che continuano a minacciare le foreste e chi le abita.<\/p>\n\n<h3 class=\"wp-block-heading\"><strong>Vorresti fare qualcosa in prima persona per fermare la deforestazione?<\/strong><\/h3>\n\n<p>Fino al 10 Dicembre 2020 i cittadini europei possono partecipare alla <strong>consultazione pubblica<\/strong> per chiedere una legge che impedisca la circolazione nell&#8217;Ue di qualsiasi tipo di <strong>prodotto<\/strong> legato alla deforestazione, al degrado delle foreste, alla distruzione di altri ecosistemi e alle violazioni dei diritti umani. <a href=\"https:\/\/attivati.greenpeace.it\/petizioni\/consultazione-europea-foreste\/#:~:text=Dal%203%20Settembre%20al%2010,e%20alle%20violazioni%20dei%20diritti\">Partecipa anche tu cliccando QUI!<\/a><\/p>\n\n<figure class=\"wp-block-image size-large  caption-style-medium caption-alignment-center\"><img loading=\"lazy\" decoding=\"async\" width=\"800\" height=\"533\" src=\"https:\/\/www.greenpeace.org\/static\/planet4-italy-stateless\/2020\/11\/1fa827df-gp1sujkr_web_size_with_credit_line.jpg\" alt=\"\" class=\"wp-image-12660\" srcset=\"https:\/\/www.greenpeace.org\/static\/planet4-italy-stateless\/2020\/11\/1fa827df-gp1sujkr_web_size_with_credit_line.jpg 800w, https:\/\/www.greenpeace.org\/static\/planet4-italy-stateless\/2020\/11\/1fa827df-gp1sujkr_web_size_with_credit_line-300x200.jpg 300w, https:\/\/www.greenpeace.org\/static\/planet4-italy-stateless\/2020\/11\/1fa827df-gp1sujkr_web_size_with_credit_line-768x512.jpg 768w, https:\/\/www.greenpeace.org\/static\/planet4-italy-stateless\/2020\/11\/1fa827df-gp1sujkr_web_size_with_credit_line-510x340.jpg 510w\" sizes=\"auto, (max-width: 800px) 100vw, 800px\" \/><figcaption>Deforested area on the edge of the Karipuna Indigenous Land, in the Amazon, registered in overflights in September 2020 <\/figcaption><\/figure>\n\t\t\t<section\n\t\t\tclass=\"boxout post-5612 \"\n\t\t\t\n\t\t>\n\t\t\t<a\n\t\t\t\tdata-ga-category=\"Take Action Boxout\"\n\t\t\t\tdata-ga-action=\"Image\"\n\t\t\t\tdata-ga-label=\"n\/a\"\n\t\t\t\tclass=\"cover-card-overlay\"\n\t\t\t\thref=\"https:\/\/www.greenpeace.org\/italy\/attivati\/le-foreste-stanno-svanendo\/\" \n\t\t\t><\/a>\n\t\t\t\t\t\t\t<img\n\t\t\t\t\t\tsrc=\"https:\/\/www.greenpeace.org\/static\/planet4-italy-stateless\/2019\/06\/064cb29a-gp0stqfkj_high_res-1024x684.jpg\"\n\t\t\t\t\t\tsrcset=\"https:\/\/www.greenpeace.org\/static\/planet4-italy-stateless\/2019\/06\/064cb29a-gp0stqfkj_high_res-300x200.jpg 300w, https:\/\/www.greenpeace.org\/static\/planet4-italy-stateless\/2019\/06\/064cb29a-gp0stqfkj_high_res-768x513.jpg 768w, https:\/\/www.greenpeace.org\/static\/planet4-italy-stateless\/2019\/06\/064cb29a-gp0stqfkj_high_res-1024x684.jpg 1024w, https:\/\/www.greenpeace.org\/static\/planet4-italy-stateless\/2019\/06\/064cb29a-gp0stqfkj_high_res-510x340.jpg 510w, https:\/\/www.greenpeace.org\/static\/planet4-italy-stateless\/2019\/06\/064cb29a-gp0stqfkj_high_res.jpg 1200w\"\n\t\t\t\t\t\tsizes=\"(min-width: 1000px) 358px, (min-width: 780px) 313px, 88px\"\n\t\t\t\t\t\talt=\"\" title=\"\"\n\t\t\t\t\/>\n            \t\t\t<div class=\"boxout-content\">\n\t\t\t\t\t\t\t\t\t<a\n\t\t\t\t\t\tclass=\"boxout-heading medium\"\n\t\t\t\t\t\tdata-ga-category=\"Take Action Boxout\"\n\t\t\t\t\t\tdata-ga-action=\"Title\"\n\t\t\t\t\t\tdata-ga-label=\"n\/a\"\n\t\t\t\t\t\thref=\"https:\/\/www.greenpeace.org\/italy\/attivati\/le-foreste-stanno-svanendo\/\"\n\t\t\t\t\t\t\n\t\t\t\t\t>\n\t\t\t\t\t\tLe foreste stanno svanendo nel nulla\n\t\t\t\t\t<\/a>\n\t\t\t\t\t\t\t\t\t\t\t\t\t<p class=\"boxout-excerpt\">Le foreste, vitali per il clima e la biodiversit\u00e0, stanno scomparendo. Se vogliamo proteggere il pianeta e noi stessi, dobbiamo fermare la deforestazione. <\/p>\n\t\t\t\t                                    <a\n                        class=\"btn btn-primary\"\n                        data-ga-category=\"Take Action Boxout\"\n                        data-ga-action=\"Call to Action\"\n                        data-ga-label=\"n\/a\"\n                        href=\"https:\/\/www.greenpeace.org\/italy\/attivati\/le-foreste-stanno-svanendo\/\"\n                        \n                    >\n                        Partecipa\n                    <\/a>\n                \t\t\t<\/div>\n\t\t\t\t\t<\/section>\n\t","protected":false},"excerpt":{"rendered":"<p>Una bella notizia che riguarda la battaglia del Popolo Karipuna per proteggere le loro terre da industria del legname e da altre aziende<\/p>\n","protected":false},"author":33,"featured_media":12662,"comment_status":"closed","ping_status":"open","sticky":false,"template":"","format":"standard","meta":{"ep_exclude_from_search":false,"p4_og_title":"","p4_og_description":"","p4_og_image":"","p4_og_image_id":"","p4_seo_canonical_url":"","p4_campaign_name":"not set","p4_local_project":"not set","p4_basket_name":"not set","p4_department":"","footnotes":""},"categories":[17,24],"tags":[26,31,36],"p4-page-type":[19],"class_list":["post-12658","post","type-post","status-publish","format-standard","has-post-thumbnail","hentry","category-proteggi","category-scegli","tag-cibo","tag-volontariato","tag-foreste","p4-page-type-storia"],"_links":{"self":[{"href":"https:\/\/www.greenpeace.org\/italy\/wp-json\/wp\/v2\/posts\/12658","targetHints":{"allow":["GET"]}}],"collection":[{"href":"https:\/\/www.greenpeace.org\/italy\/wp-json\/wp\/v2\/posts"}],"about":[{"href":"https:\/\/www.greenpeace.org\/italy\/wp-json\/wp\/v2\/types\/post"}],"author":[{"embeddable":true,"href":"https:\/\/www.greenpeace.org\/italy\/wp-json\/wp\/v2\/users\/33"}],"replies":[{"embeddable":true,"href":"https:\/\/www.greenpeace.org\/italy\/wp-json\/wp\/v2\/comments?post=12658"}],"version-history":[{"count":2,"href":"https:\/\/www.greenpeace.org\/italy\/wp-json\/wp\/v2\/posts\/12658\/revisions"}],"predecessor-version":[{"id":14662,"href":"https:\/\/www.greenpeace.org\/italy\/wp-json\/wp\/v2\/posts\/12658\/revisions\/14662"}],"wp:featuredmedia":[{"embeddable":true,"href":"https:\/\/www.greenpeace.org\/italy\/wp-json\/wp\/v2\/media\/12662"}],"wp:attachment":[{"href":"https:\/\/www.greenpeace.org\/italy\/wp-json\/wp\/v2\/media?parent=12658"}],"wp:term":[{"taxonomy":"category","embeddable":true,"href":"https:\/\/www.greenpeace.org\/italy\/wp-json\/wp\/v2\/categories?post=12658"},{"taxonomy":"post_tag","embeddable":true,"href":"https:\/\/www.greenpeace.org\/italy\/wp-json\/wp\/v2\/tags?post=12658"},{"taxonomy":"p4-page-type","embeddable":true,"href":"https:\/\/www.greenpeace.org\/italy\/wp-json\/wp\/v2\/p4-page-type?post=12658"}],"curies":[{"name":"wp","href":"https:\/\/api.w.org\/{rel}","templated":true}]}}