{"id":13134,"date":"2021-02-22T11:11:14","date_gmt":"2021-02-22T10:11:14","guid":{"rendered":"https:\/\/www.greenpeace.org\/italy\/?p=13134"},"modified":"2021-02-22T11:11:21","modified_gmt":"2021-02-22T10:11:21","slug":"generali-non-assicurera-la-centrale-di-pocerady-repubblica-ceca-greenpeace-e-recommon-buona-notizia-ora-lasci-il-carbone-in-repubblica-ceca-e-polonia","status":"publish","type":"post","link":"https:\/\/www.greenpeace.org\/italy\/comunicato-stampa\/13134\/generali-non-assicurera-la-centrale-di-pocerady-repubblica-ceca-greenpeace-e-recommon-buona-notizia-ora-lasci-il-carbone-in-repubblica-ceca-e-polonia\/","title":{"rendered":"Generali non assicurer\u00e0 la centrale di Po\u010derady (Repubblica Ceca). Greenpeace e Re:Common: \u00abBuona notizia, ora lasci il carbone in Repubblica Ceca e Polonia\u00bb"},"content":{"rendered":"\n<p>Generali ha comunicato ufficialmente a Greenpeace e Re:Common che non assicurer\u00e0 la centrale a carbone di Po\u010derady, dal momento che dal 1 gennaio 2021 l\u2019impianto non \u00e8 pi\u00f9 oggetto di copertura assicurativa da parte del gruppo di Trieste.<\/p>\n\n<p>Il 31 dicembre 2020 la centrale \u00e8 passata di propriet\u00e0 dal gruppo ceco \u010cEZ a Sev.en, societ\u00e0 privata che ha posto al centro della sua politica aziendale l\u2019acquisto di centrali a carbone obsolete o in fase di dismissione. Configurandosi dunque come copertura assicurativa di una centrale a carbone appartenente a un nuovo cliente, in ottemperanza della propria <em>policy<\/em> sul carbone Generali ha quindi escluso l\u2019offerta di assicurazione.<\/p>\n\n<p>Greenpeace e Re:Common esprimono soddisfazione per la scelta di Generali, che ora per\u00f2 deve assolutamente interrompere le proprie relazioni con \u010cEZ, societ\u00e0 a controllo statale della Repubblica Ceca, e i cui piani di decarbonizzazione non sono assolutamente in linea con gli Accordi di Parigi.<\/p>\n\n<p>\u00ab\u00c8 una buona notizia che Generali non assicuri pi\u00f9 la centrale di Po\u010derady. Se il Leone di Trieste vuol prendere sul serio il suo impegno per contrastare il cambiamento climatico, \u00e8 per\u00f2 ora che abbandoni definitivamente il settore del carbone in Repubblica Ceca e Polonia, rafforzando inoltre la sua <em>policy<\/em> con una data di <em>phase-out<\/em> dalla fonte fossile pi\u00f9 dannosa per il clima entro il 2030, come gi\u00e0 fatto da tanti altri attori finanziari a livello europeo\u00bb, dichiarano Re:Common e Greenpeace.<\/p>\n\n<p>In occasione dell\u2019Assemblea degli azionisti 2019, Generali aveva espresso soddisfazione per lo scambio instaurato con alcune societ\u00e0 del settore del carbone in merito alla loro azione climatica, tra queste proprio la ceca \u010cEZ. Un anno dopo, lo scambio con \u010cEZ risultava ancora in corso, e il gruppo faceva sapere che <a href=\"https:\/\/bit.ly\/3b4uhbG\">\u201culteriori approfondimenti [\u2026] verranno valutati entro la fine del 2020, anche in considerazione dell\u2019evoluzione delle politiche energetiche nazionali dei Paesi dove le societ\u00e0 hanno sede\u201d<\/a>. A due anni di distanza la situazione pare immutata, e &nbsp;\u010cEZ rischia di confermarsi una pericolosa <a href=\"https:\/\/www.recommon.org\/cs-report-insuring-our-future\/\">\u201ceccezione\u201d<\/a>, che si aggiunge a quella della societ\u00e0 carbonifera polacca PGE, che potrebbe inficiare il lavoro del gruppo assicurativo sul tema della sostenibilit\u00e0.<\/p>\n\n<p>Proprio in questi giorni, inoltre, il governo della Repubblica Ceca sta valutando di implementare un <em>phase-out<\/em> completo dal carbone solo entro il <a href=\"https:\/\/www.reuters.com\/article\/czech-coal-idUSL1N2K71GG\">2038<\/a>, in aperto contrasto con l\u2019obiettivo degli Accordi di Parigi di mantenere l\u2019aumento medio della temperatura globale al di sotto di 1,5 gradi Celsius.<\/p>\n","protected":false},"excerpt":{"rendered":"<p>Generali ha comunicato ufficialmente a Greenpeace e Re:Common che non assicurer\u00e0 la centrale a carbone di Po\u010derady, dal momento che dal 1 gennaio 2021 l\u2019impianto non \u00e8 pi\u00f9 oggetto di&hellip;<\/p>\n","protected":false},"author":33,"featured_media":2996,"comment_status":"closed","ping_status":"open","sticky":false,"template":"","format":"standard","meta":{"ep_exclude_from_search":false,"p4_og_title":"","p4_og_description":"","p4_og_image":"","p4_og_image_id":"","p4_seo_canonical_url":"","p4_campaign_name":"not set","p4_local_project":"not set","p4_basket_name":"not set","p4_department":"","footnotes":""},"categories":[20,17],"tags":[21,29,32],"p4-page-type":[23],"class_list":["post-13134","post","type-post","status-publish","format-standard","has-post-thumbnail","hentry","category-denuncia","category-proteggi","tag-inquinamento","tag-clima","tag-energia","p4-page-type-comunicato-stampa"],"_links":{"self":[{"href":"https:\/\/www.greenpeace.org\/italy\/wp-json\/wp\/v2\/posts\/13134","targetHints":{"allow":["GET"]}}],"collection":[{"href":"https:\/\/www.greenpeace.org\/italy\/wp-json\/wp\/v2\/posts"}],"about":[{"href":"https:\/\/www.greenpeace.org\/italy\/wp-json\/wp\/v2\/types\/post"}],"author":[{"embeddable":true,"href":"https:\/\/www.greenpeace.org\/italy\/wp-json\/wp\/v2\/users\/33"}],"replies":[{"embeddable":true,"href":"https:\/\/www.greenpeace.org\/italy\/wp-json\/wp\/v2\/comments?post=13134"}],"version-history":[{"count":2,"href":"https:\/\/www.greenpeace.org\/italy\/wp-json\/wp\/v2\/posts\/13134\/revisions"}],"predecessor-version":[{"id":13136,"href":"https:\/\/www.greenpeace.org\/italy\/wp-json\/wp\/v2\/posts\/13134\/revisions\/13136"}],"wp:featuredmedia":[{"embeddable":true,"href":"https:\/\/www.greenpeace.org\/italy\/wp-json\/wp\/v2\/media\/2996"}],"wp:attachment":[{"href":"https:\/\/www.greenpeace.org\/italy\/wp-json\/wp\/v2\/media?parent=13134"}],"wp:term":[{"taxonomy":"category","embeddable":true,"href":"https:\/\/www.greenpeace.org\/italy\/wp-json\/wp\/v2\/categories?post=13134"},{"taxonomy":"post_tag","embeddable":true,"href":"https:\/\/www.greenpeace.org\/italy\/wp-json\/wp\/v2\/tags?post=13134"},{"taxonomy":"p4-page-type","embeddable":true,"href":"https:\/\/www.greenpeace.org\/italy\/wp-json\/wp\/v2\/p4-page-type?post=13134"}],"curies":[{"name":"wp","href":"https:\/\/api.w.org\/{rel}","templated":true}]}}