{"id":13427,"date":"2021-04-09T16:51:34","date_gmt":"2021-04-09T14:51:34","guid":{"rendered":"https:\/\/www.greenpeace.org\/italy\/?p=13427"},"modified":"2024-02-23T10:17:05","modified_gmt":"2024-02-23T09:17:05","slug":"il-governo-da-il-via-libera-ad-altre-trivelle-e-questa-la-transizione-ecologica","status":"publish","type":"post","link":"https:\/\/www.greenpeace.org\/italy\/storia\/13427\/il-governo-da-il-via-libera-ad-altre-trivelle-e-questa-la-transizione-ecologica\/","title":{"rendered":"Il governo d\u00e0 il via libera ad altre trivelle. \u00c8 questa la transizione ecologica?"},"content":{"rendered":"\n<figure class=\"wp-block-image size-large\"><img loading=\"lazy\" decoding=\"async\" width=\"1024\" height=\"683\" src=\"https:\/\/www.greenpeace.org\/static\/planet4-italy-stateless\/2018\/11\/f6be54a0-gp0stpk3z-1024x683.jpg\" title=\"Action at Italian Oil Platform &quot;Sarago Mare&quot; in the Adriatic Sea. \u00a9 Francesco Alesi\" alt=\"Action at Italian Oil Platform &quot;Sarago Mare&quot; in the Adriatic Sea. \u00a9 Francesco Alesi\" class=\"wp-image-2280\" srcset=\"https:\/\/www.greenpeace.org\/static\/planet4-italy-stateless\/2018\/11\/f6be54a0-gp0stpk3z-1024x683.jpg 1024w, https:\/\/www.greenpeace.org\/static\/planet4-italy-stateless\/2018\/11\/f6be54a0-gp0stpk3z-300x200.jpg 300w, https:\/\/www.greenpeace.org\/static\/planet4-italy-stateless\/2018\/11\/f6be54a0-gp0stpk3z-768x512.jpg 768w, https:\/\/www.greenpeace.org\/static\/planet4-italy-stateless\/2018\/11\/f6be54a0-gp0stpk3z-510x340.jpg 510w, https:\/\/www.greenpeace.org\/static\/planet4-italy-stateless\/2018\/11\/f6be54a0-gp0stpk3z.jpg 1200w\" sizes=\"auto, (max-width: 1024px) 100vw, 1024px\" \/><figcaption>Greenpeace activists protest in front of the Italian oil platform &#8220;Sarago Mare&#8221; in the Adriatic Sea, at 3 nautical miles from the shore. The activists act like tourists in front of the oil rig to highlight how in the future the view from the Italian coast could be. The activists also unfurl a floating banner with the text &#8220;Stop Trivelle&#8221; (&#8220;Stop Oil Drilling\u201d). \n\nGreenpeace asks the Italian government to stop all the new concessions for oil drilling and to start investing money in renewable energy.<\/figcaption><figcaption><div class=\"credit icon-left\"> \u00a9 Francesco Alesi<\/div><\/figcaption><\/figure>\n\n<p>\u00c8 notizia di queste ore il via libera da parte del <strong>Ministero della Transizione Ecologica<\/strong> a 9 progetti di sfruttamento di giacimenti di <strong>petrolio<\/strong> e <strong>gas fossile<\/strong> a terra e in mare, in <strong>Adriatico<\/strong> \u2013 tra <strong>Veneto<\/strong> e <strong>Abruzzo<\/strong> &#8211; e al largo della costa meridionale della <strong>Sicilia<\/strong>.<\/p>\n\n<p>Come riporta <em>Il Sole 24 Ore<\/em>, l\u2019<strong>Unmig<\/strong> \u2013 ovvero l\u2019Ufficio nazionale minerario per gli idrocarburi e le georisorse, passato dal <strong>Ministero dello Sviluppo Economico<\/strong> a quello della Transizione Ecologica dopo la nascita di quest\u2019ultimo \u2013 ha inoltre \u201d<em>prorogato la concessione a 13 giacimenti in mare, di cui 12 dell\u2019<strong>Eni <\/strong>e uno dell\u2019<strong>Energean<\/strong><\/em>\u201d.<\/p>\n\n<p>Ci stiamo dunque chiedendo: come possono coesistere questi nuovi progetti con gli annunci che abbiamo sentito nelle ultime settimane? \u00c8 questo che il <strong>governo Draghi<\/strong> intende per transizione ecologica? Ancora petrolio e gas fossile?<\/p>\n\n<p>Seppur riferite a procedimenti in corso da anni, queste nuove autorizzazioni non sono accettabili. Anche se a livello formale non ricadono nella moratoria prorogata sino a fine settembre solo qualche settimana fa, di fatto assistiamo a un nuovo assalto al nostro territorio, al nostro mare, che non va nella direzione necessaria per la <strong>decarbonizzazione<\/strong> di cui abbiamo bisogno.<\/p>\n\n<p>Come abbiamo ribadito insieme a <strong>WWF<\/strong> e <strong>Legambiente<\/strong>, in Italia continua a mancare una legge analoga a quelle approvate in <strong>Francia<\/strong> e, recentemente, in <strong>Danimarca<\/strong> (uno dei maggiori produttori di petrolio della <strong>Ue<\/strong>) che stabilisca un chiaro termine ultimo di validit\u00e0 delle concessioni di coltivazioni in essere. E che preveda, di conseguenza, un fermo di tutte le attivit\u00e0 ad esse correlate, oltre che un fermo delle autorizzazioni per nuove attivit\u00e0 di <strong>ricerca<\/strong> e <strong>prospezione<\/strong> degli <strong>idrocarburi<\/strong>.&nbsp;<\/p>\n\n<p>Non \u00e8 certo provando a sfruttare le (poche) riserve nazionali di gas fossile e petrolio che riusciremo a centrare gli obiettivi ambientali e climatici che il nostro Paese dice di voler raggiungere.<\/p>\n\n<p>Abbiamo invece bisogno di una rapida, giusta e reale transizione energetica basata sulla creazione di una filiera italiana di <strong>rinnovabili<\/strong> e <strong>accumuli<\/strong>. Una rivoluzione che porterebbe benefici a <strong>clima<\/strong>, <strong>ambiente<\/strong> ed <strong>economia<\/strong>, con la creazione di migliaia di nuovi posti di lavoro, <a href=\"https:\/\/www.greenpeace.org\/italy\/comunicato-stampa\/11852\/clima-nuovo-report-di-greenpeace-unitalia-a-emissioni-zero-e-possibile-e-porterebbe-vantaggi-economici-occupazionali-e-ambientali\/\">come abbiamo dimostrato nel nostro rapporto \u201cItalia 1.5<\/a>\u201d.<\/p>\n<div class=\"EmptyMessage\">Block content is empty. Check the block&#8217;s settings or remove it.<\/div>","protected":false},"excerpt":{"rendered":"<p>\u00c8 notizia di queste ore il via libera da parte del Ministero della Transizione Ecologica a 9 progetti di sfruttamento di giacimenti di petrolio e gas a terra e in&hellip;<\/p>\n","protected":false},"author":33,"featured_media":2280,"comment_status":"closed","ping_status":"open","sticky":false,"template":"","format":"standard","meta":{"ep_exclude_from_search":false,"p4_og_title":"","p4_og_description":"","p4_og_image":"","p4_og_image_id":"","p4_seo_canonical_url":"","p4_campaign_name":"not set","p4_local_project":"not set","p4_basket_name":"not set","p4_department":"","footnotes":""},"categories":[20,17],"tags":[18,29,32],"p4-page-type":[19],"class_list":["post-13427","post","type-post","status-publish","format-standard","has-post-thumbnail","hentry","category-denuncia","category-proteggi","tag-mare","tag-clima","tag-energia","p4-page-type-storia"],"_links":{"self":[{"href":"https:\/\/www.greenpeace.org\/italy\/wp-json\/wp\/v2\/posts\/13427","targetHints":{"allow":["GET"]}}],"collection":[{"href":"https:\/\/www.greenpeace.org\/italy\/wp-json\/wp\/v2\/posts"}],"about":[{"href":"https:\/\/www.greenpeace.org\/italy\/wp-json\/wp\/v2\/types\/post"}],"author":[{"embeddable":true,"href":"https:\/\/www.greenpeace.org\/italy\/wp-json\/wp\/v2\/users\/33"}],"replies":[{"embeddable":true,"href":"https:\/\/www.greenpeace.org\/italy\/wp-json\/wp\/v2\/comments?post=13427"}],"version-history":[{"count":3,"href":"https:\/\/www.greenpeace.org\/italy\/wp-json\/wp\/v2\/posts\/13427\/revisions"}],"predecessor-version":[{"id":14601,"href":"https:\/\/www.greenpeace.org\/italy\/wp-json\/wp\/v2\/posts\/13427\/revisions\/14601"}],"wp:featuredmedia":[{"embeddable":true,"href":"https:\/\/www.greenpeace.org\/italy\/wp-json\/wp\/v2\/media\/2280"}],"wp:attachment":[{"href":"https:\/\/www.greenpeace.org\/italy\/wp-json\/wp\/v2\/media?parent=13427"}],"wp:term":[{"taxonomy":"category","embeddable":true,"href":"https:\/\/www.greenpeace.org\/italy\/wp-json\/wp\/v2\/categories?post=13427"},{"taxonomy":"post_tag","embeddable":true,"href":"https:\/\/www.greenpeace.org\/italy\/wp-json\/wp\/v2\/tags?post=13427"},{"taxonomy":"p4-page-type","embeddable":true,"href":"https:\/\/www.greenpeace.org\/italy\/wp-json\/wp\/v2\/p4-page-type?post=13427"}],"curies":[{"name":"wp","href":"https:\/\/api.w.org\/{rel}","templated":true}]}}