{"id":13581,"date":"2021-04-29T13:38:14","date_gmt":"2021-04-29T11:38:14","guid":{"rendered":"https:\/\/www.greenpeace.org\/italy\/?p=13581"},"modified":"2024-02-23T10:16:27","modified_gmt":"2024-02-23T09:16:27","slug":"il-pnrr-del-governo-draghi-una-finzione-ecologica","status":"publish","type":"post","link":"https:\/\/www.greenpeace.org\/italy\/storia\/13581\/il-pnrr-del-governo-draghi-una-finzione-ecologica\/","title":{"rendered":"Il PNRR del governo Draghi? Una finzione ecologica!"},"content":{"rendered":"\n<div class=\"wp-block-image\"><figure class=\"aligncenter size-large\"><img loading=\"lazy\" decoding=\"async\" width=\"1024\" height=\"684\" src=\"https:\/\/www.greenpeace.org\/static\/planet4-italy-stateless\/2021\/04\/98e20b1e-ministeri-2-1024x684.jpg\" alt=\"\" class=\"wp-image-13582\" srcset=\"https:\/\/www.greenpeace.org\/static\/planet4-italy-stateless\/2021\/04\/98e20b1e-ministeri-2-1024x684.jpg 1024w, https:\/\/www.greenpeace.org\/static\/planet4-italy-stateless\/2021\/04\/98e20b1e-ministeri-2-300x200.jpg 300w, https:\/\/www.greenpeace.org\/static\/planet4-italy-stateless\/2021\/04\/98e20b1e-ministeri-2-768x513.jpg 768w, https:\/\/www.greenpeace.org\/static\/planet4-italy-stateless\/2021\/04\/98e20b1e-ministeri-2-510x340.jpg 510w, https:\/\/www.greenpeace.org\/static\/planet4-italy-stateless\/2021\/04\/98e20b1e-ministeri-2.jpg 1227w\" sizes=\"auto, (max-width: 1024px) 100vw, 1024px\" \/><\/figure><\/div>\n\n<p>Stamattina abbiamo dato ai Ministeri a Roma i nomi che meritano, apponendo nuove targhe e rinominandoli simbolicamente.<\/p>\n\n<p>Il Ministero della Transizione Ecologica di Cingolani \u00e8 cos\u00ec diventato il \u201c<em>Ministero della Finzione Ecologica<\/em>\u201d,&nbsp;il Ministero delle Infrastrutture e della mobilit\u00e0 sostenibili di Giovannini il \u201c<em>Ministero dei Treni Persi e dell\u2019Immobilit\u00e0 elettrica<\/em>\u201d, il Ministero delle politiche agricole, alimentari e forestali di Patuanelli si \u00e8 trasformato nel \u201c<em>Ministero per gli Allevamenti Intensivi ed Altre Attivit\u00e0 Inquinanti<\/em>\u201d e il Ministero dello Sviluppo Economico di&nbsp;Giorgetti&nbsp; nel \u201c<em>Ministero dello Sviluppo che Distrugge il Pianeta<\/em>\u201d.<\/p>\n\n<div class=\"wp-block-image\"><figure class=\"aligncenter size-large\"><img loading=\"lazy\" decoding=\"async\" width=\"1024\" height=\"684\" src=\"https:\/\/www.greenpeace.org\/static\/planet4-italy-stateless\/2021\/04\/3bd37bf2-ministeri-4-1024x684.jpg\" alt=\"\" class=\"wp-image-13583\" srcset=\"https:\/\/www.greenpeace.org\/static\/planet4-italy-stateless\/2021\/04\/3bd37bf2-ministeri-4-1024x684.jpg 1024w, https:\/\/www.greenpeace.org\/static\/planet4-italy-stateless\/2021\/04\/3bd37bf2-ministeri-4-300x200.jpg 300w, https:\/\/www.greenpeace.org\/static\/planet4-italy-stateless\/2021\/04\/3bd37bf2-ministeri-4-768x513.jpg 768w, https:\/\/www.greenpeace.org\/static\/planet4-italy-stateless\/2021\/04\/3bd37bf2-ministeri-4-510x340.jpg 510w, https:\/\/www.greenpeace.org\/static\/planet4-italy-stateless\/2021\/04\/3bd37bf2-ministeri-4.jpg 1227w\" sizes=\"auto, (max-width: 1024px) 100vw, 1024px\" \/><\/figure><\/div>\n\n<p>Il PNRR di Draghi &nbsp;infatti&nbsp;&#8211; ad eccezione di alcuni buoni passaggi come smart grid, accumuli per rinnovabili e solare agrivoltaico &#8211; su ambiente e clima <a href=\"https:\/\/www.greenpeace.org\/italy\/rapporto\/13569\/valutazione-pnrr-del-governo-draghi\/\" target=\"_blank\" rel=\"noreferrer noopener\">\u00e8 davvero deludente<\/a>! <\/p>\n\n<p>Nessuna vera priorit\u00e0 per le rinnovabili, briciole alla mobilit\u00e0 urbana sostenibile e per la cura della biodiversit\u00e0, nessun intervento serio per l\u2019agricoltura ecologica, ma in compenso una porta spalancata per l&#8217;idrogeno blu&nbsp;di ENI (prodotto da gas e usando tecniche rischiose e neppure convenienti come il famoso&nbsp;<em>Carbon Capture and Storage<\/em>)! Nel PNRR insomma della transizione ecologica si vede a malapena l\u2019ombra.<\/p>\n\n<p>Doveva essere la svolta verde di un governo che si era impegnato a lasciare un buon Pianeta e avrebbe dovuto condurre il Paese verso un futuro pi\u00f9 sostenibile, da protagonisti della lotta alla crisi climatica: quel futuro al momento \u00e8 solo un miraggio.<\/p>\n\n<p>Eppure sono tantissime le persone che chiedono e si aspettano dalla politica un vero cambiamento! Nelle ultime settimane, mentre in tanti hanno aderito alla <a href=\"https:\/\/www.greenpeace.org\/italy\/storia\/13373\/il-pianeta-si-salva-ad-aprile-maratona-social-per-fare-dellitalia-un-paese-green\/\" target=\"_blank\" rel=\"noreferrer noopener\">maratona social #IlPianetaSiSalvaAdAprile<\/a>, pi\u00f9 di centomila persone hanno firmato la nostra petizione Restart chiedendo al nuovo governo\u00a010 scelte coraggiose e urgenti\u00a0per rendere concreta la transizione ecologica.<\/p>\n\n<div class=\"wp-block-image\"><figure class=\"aligncenter size-large\"><img loading=\"lazy\" decoding=\"async\" width=\"1024\" height=\"665\" src=\"https:\/\/www.greenpeace.org\/static\/planet4-italy-stateless\/2021\/04\/5d5b742d-ministeri-6-1024x665.jpg\" alt=\"\" class=\"wp-image-13584\" srcset=\"https:\/\/www.greenpeace.org\/static\/planet4-italy-stateless\/2021\/04\/5d5b742d-ministeri-6-1024x665.jpg 1024w, https:\/\/www.greenpeace.org\/static\/planet4-italy-stateless\/2021\/04\/5d5b742d-ministeri-6-300x195.jpg 300w, https:\/\/www.greenpeace.org\/static\/planet4-italy-stateless\/2021\/04\/5d5b742d-ministeri-6-768x499.jpg 768w, https:\/\/www.greenpeace.org\/static\/planet4-italy-stateless\/2021\/04\/5d5b742d-ministeri-6-510x331.jpg 510w, https:\/\/www.greenpeace.org\/static\/planet4-italy-stateless\/2021\/04\/5d5b742d-ministeri-6.jpg 1088w\" sizes=\"auto, (max-width: 1024px) 100vw, 1024px\" \/><\/figure><\/div>\n\n<div class=\"wp-block-image\"><figure class=\"aligncenter size-large\"><img loading=\"lazy\" decoding=\"async\" width=\"1024\" height=\"684\" src=\"https:\/\/www.greenpeace.org\/static\/planet4-italy-stateless\/2021\/04\/d0e011aa-ministeri-10-1024x684.jpg\" alt=\"\" class=\"wp-image-13585\" srcset=\"https:\/\/www.greenpeace.org\/static\/planet4-italy-stateless\/2021\/04\/d0e011aa-ministeri-10-1024x684.jpg 1024w, https:\/\/www.greenpeace.org\/static\/planet4-italy-stateless\/2021\/04\/d0e011aa-ministeri-10-300x200.jpg 300w, https:\/\/www.greenpeace.org\/static\/planet4-italy-stateless\/2021\/04\/d0e011aa-ministeri-10-768x513.jpg 768w, https:\/\/www.greenpeace.org\/static\/planet4-italy-stateless\/2021\/04\/d0e011aa-ministeri-10-510x340.jpg 510w, https:\/\/www.greenpeace.org\/static\/planet4-italy-stateless\/2021\/04\/d0e011aa-ministeri-10.jpg 1227w\" sizes=\"auto, (max-width: 1024px) 100vw, 1024px\" \/><\/figure><\/div>\n<div class=\"EmptyMessage\">Block content is empty. Check the block&#8217;s settings or remove it.<\/div>","protected":false},"excerpt":{"rendered":"<p>E i nostri attivisti cambiano nome ai Ministeri<\/p>\n","protected":false},"author":33,"featured_media":13586,"comment_status":"closed","ping_status":"open","sticky":false,"template":"","format":"standard","meta":{"ep_exclude_from_search":false,"p4_og_title":"","p4_og_description":"","p4_og_image":"","p4_og_image_id":"","p4_seo_canonical_url":"","p4_campaign_name":"not set","p4_local_project":"not set","p4_basket_name":"not set","p4_department":"","footnotes":""},"categories":[20,17,24],"tags":[18,21,22,25,26,27,29,31,32],"p4-page-type":[19],"class_list":["post-13581","post","type-post","status-publish","format-standard","has-post-thumbnail","hentry","category-denuncia","category-proteggi","category-scegli","tag-mare","tag-inquinamento","tag-biodiversita","tag-consumi","tag-cibo","tag-agricoltura","tag-clima","tag-volontariato","tag-energia","p4-page-type-storia"],"_links":{"self":[{"href":"https:\/\/www.greenpeace.org\/italy\/wp-json\/wp\/v2\/posts\/13581","targetHints":{"allow":["GET"]}}],"collection":[{"href":"https:\/\/www.greenpeace.org\/italy\/wp-json\/wp\/v2\/posts"}],"about":[{"href":"https:\/\/www.greenpeace.org\/italy\/wp-json\/wp\/v2\/types\/post"}],"author":[{"embeddable":true,"href":"https:\/\/www.greenpeace.org\/italy\/wp-json\/wp\/v2\/users\/33"}],"replies":[{"embeddable":true,"href":"https:\/\/www.greenpeace.org\/italy\/wp-json\/wp\/v2\/comments?post=13581"}],"version-history":[{"count":3,"href":"https:\/\/www.greenpeace.org\/italy\/wp-json\/wp\/v2\/posts\/13581\/revisions"}],"predecessor-version":[{"id":14590,"href":"https:\/\/www.greenpeace.org\/italy\/wp-json\/wp\/v2\/posts\/13581\/revisions\/14590"}],"wp:featuredmedia":[{"embeddable":true,"href":"https:\/\/www.greenpeace.org\/italy\/wp-json\/wp\/v2\/media\/13586"}],"wp:attachment":[{"href":"https:\/\/www.greenpeace.org\/italy\/wp-json\/wp\/v2\/media?parent=13581"}],"wp:term":[{"taxonomy":"category","embeddable":true,"href":"https:\/\/www.greenpeace.org\/italy\/wp-json\/wp\/v2\/categories?post=13581"},{"taxonomy":"post_tag","embeddable":true,"href":"https:\/\/www.greenpeace.org\/italy\/wp-json\/wp\/v2\/tags?post=13581"},{"taxonomy":"p4-page-type","embeddable":true,"href":"https:\/\/www.greenpeace.org\/italy\/wp-json\/wp\/v2\/p4-page-type?post=13581"}],"curies":[{"name":"wp","href":"https:\/\/api.w.org\/{rel}","templated":true}]}}