{"id":1363,"date":"2016-07-19T00:00:00","date_gmt":"2016-07-19T00:00:00","guid":{"rendered":"https:\/\/www.greenpeace.org\/italy\/uncategorized\/1363\/una-mostra-fotografica-e-un-film-a-roma-per-festeggiare-i-nostri-30-anni\/"},"modified":"2019-11-06T09:53:35","modified_gmt":"2019-11-06T08:53:35","slug":"30-anni-storia-greenpeace-italia","status":"publish","type":"post","link":"https:\/\/www.greenpeace.org\/italy\/storia\/1363\/30-anni-storia-greenpeace-italia\/","title":{"rendered":"I nostri 30 anni!"},"content":{"rendered":"<div class=\"leader\">Era il 30 luglio 1986, <strong>Greenpeace<\/strong> apriva un piccolo ufficio a Roma. Da allora l\u2019organizzazione non ha mai smesso di crescere e in Italia conta oggi 77 mila sostenitori, oltre 600 mila cyberattivisti e una trentina di gruppi locali in tutta Italia. Non abbiamo mai abbandonato il nostro Dna e ci battiamo in Italia e nel mondo per le foreste, gli oceani, l\u2019agricoltura sostenibile, le energie pulite, contro il cambiamento climatico e l\u2019inquinamento, per un futuro di pace.<\/div>\n<div>\n<p><img decoding=\"async\" style=\"margin: 5px;\" src=\"https:\/\/www.greenpeace.org\/static\/planet4-italy-stateless\/2018\/11\/d8b2f66f-d8b2f66f-schermata-2016-07-12-alle-12.06.16.png\" alt=\"\" width=\"100%\" height=\"371\" \/><\/p>\n<p>Da sempre preferiamo agire invece di parlare. Per questo scegliamo di far parlare le immagini. Fino al 28 luglio al MAXXI, Museo nazionale delle arti del XXI secolo, di Roma (via Guido Reni, 4 ) si tiene la mostra fotografica \u201c30 ANNI E NON METTIAMO LA TESTA A POSTO\u201d, che sar\u00e0 esposta in seguito in alcune citt\u00e0 italiane.<\/p>\n<p>Per dirla col fotografo della Magnum Josef\u00a0Koudelka,\u00a0\u201cSe una foto \u00e8 buona racconta molte storie diverse\u201d. E c\u2019\u00e8 tutto il mondo di <strong>Greenpeace<\/strong> in queste foto. Ci sono i volti degli attivisti arrampicati sulle ciminiere, dei volontari e dei sostenitori che marciano in piazza per un futuro migliore, ma anche delle persone insieme alle quali e per le quali conduciamo le nostre battaglie, come gli apicoltori in difficolt\u00e0 per i pesticidi immessi nell\u2019ambiente o le vittime dell\u2019inquinamento industriale.<\/p>\n<p>Sempre a Roma, all\u2019Isola Tiberina, nell\u2019ambito della rassegna \u201cL\u2019Isola del Cinema\u201d, marted\u00ec 26 luglio, alle 21,15, ci sar\u00e0 la possibilit\u00e0 di conoscere la storia della fondazione di Greenpeace in Canada 45 anni fa. Verr\u00e0 proiettato gratuitamente il film \u201c<strong>How to change the world<\/strong>\u201d, che ha vinto diversi premi cinematografici, sia al Festival Cinemambiente di Torino che al prestigioso Sundance Film Festival statunitense.<\/p>\n<\/div>\n","protected":false},"excerpt":{"rendered":"<p>Tante iniziative per un grande compleanno<\/p>\n","protected":false},"author":33,"featured_media":1364,"comment_status":"closed","ping_status":"open","sticky":false,"template":"","format":"standard","meta":{"ep_exclude_from_search":false,"p4_og_title":"","p4_og_description":"","p4_og_image":"","p4_og_image_id":"","p4_seo_canonical_url":"","p4_campaign_name":"","p4_local_project":"","p4_basket_name":"","p4_department":"","footnotes":""},"categories":[20,17,24],"tags":[35],"p4-page-type":[19],"class_list":["post-1363","post","type-post","status-publish","format-standard","has-post-thumbnail","hentry","category-denuncia","category-proteggi","category-scegli","tag-sostienici","p4-page-type-storia"],"_links":{"self":[{"href":"https:\/\/www.greenpeace.org\/italy\/wp-json\/wp\/v2\/posts\/1363","targetHints":{"allow":["GET"]}}],"collection":[{"href":"https:\/\/www.greenpeace.org\/italy\/wp-json\/wp\/v2\/posts"}],"about":[{"href":"https:\/\/www.greenpeace.org\/italy\/wp-json\/wp\/v2\/types\/post"}],"author":[{"embeddable":true,"href":"https:\/\/www.greenpeace.org\/italy\/wp-json\/wp\/v2\/users\/33"}],"replies":[{"embeddable":true,"href":"https:\/\/www.greenpeace.org\/italy\/wp-json\/wp\/v2\/comments?post=1363"}],"version-history":[{"count":3,"href":"https:\/\/www.greenpeace.org\/italy\/wp-json\/wp\/v2\/posts\/1363\/revisions"}],"predecessor-version":[{"id":2770,"href":"https:\/\/www.greenpeace.org\/italy\/wp-json\/wp\/v2\/posts\/1363\/revisions\/2770"}],"wp:featuredmedia":[{"embeddable":true,"href":"https:\/\/www.greenpeace.org\/italy\/wp-json\/wp\/v2\/media\/1364"}],"wp:attachment":[{"href":"https:\/\/www.greenpeace.org\/italy\/wp-json\/wp\/v2\/media?parent=1363"}],"wp:term":[{"taxonomy":"category","embeddable":true,"href":"https:\/\/www.greenpeace.org\/italy\/wp-json\/wp\/v2\/categories?post=1363"},{"taxonomy":"post_tag","embeddable":true,"href":"https:\/\/www.greenpeace.org\/italy\/wp-json\/wp\/v2\/tags?post=1363"},{"taxonomy":"p4-page-type","embeddable":true,"href":"https:\/\/www.greenpeace.org\/italy\/wp-json\/wp\/v2\/p4-page-type?post=1363"}],"curies":[{"name":"wp","href":"https:\/\/api.w.org\/{rel}","templated":true}]}}