{"id":13704,"date":"2021-05-22T09:41:52","date_gmt":"2021-05-22T07:41:52","guid":{"rendered":"https:\/\/www.greenpeace.org\/italy\/?p=13704"},"modified":"2025-07-02T09:27:41","modified_gmt":"2025-07-02T07:27:41","slug":"proteggere-la-biodiversita-significa-tutelare-la-salute","status":"publish","type":"post","link":"https:\/\/www.greenpeace.org\/italy\/storia\/13704\/proteggere-la-biodiversita-significa-tutelare-la-salute\/","title":{"rendered":"Proteggere la biodiversit\u00e0 significa tutelare la salute"},"content":{"rendered":"\n<div class=\"wp-block-image\"><figure class=\"aligncenter size-large\"><img loading=\"lazy\" decoding=\"async\" width=\"800\" height=\"534\" src=\"https:\/\/www.greenpeace.org\/static\/planet4-italy-stateless\/2021\/05\/02406221-gp0stpoc0_web_size_with_credit_line.jpg\" alt=\"\" class=\"wp-image-13705\" srcset=\"https:\/\/www.greenpeace.org\/static\/planet4-italy-stateless\/2021\/05\/02406221-gp0stpoc0_web_size_with_credit_line.jpg 800w, https:\/\/www.greenpeace.org\/static\/planet4-italy-stateless\/2021\/05\/02406221-gp0stpoc0_web_size_with_credit_line-300x200.jpg 300w, https:\/\/www.greenpeace.org\/static\/planet4-italy-stateless\/2021\/05\/02406221-gp0stpoc0_web_size_with_credit_line-768x513.jpg 768w, https:\/\/www.greenpeace.org\/static\/planet4-italy-stateless\/2021\/05\/02406221-gp0stpoc0_web_size_with_credit_line-510x340.jpg 510w\" sizes=\"auto, (max-width: 800px) 100vw, 800px\" \/><figcaption>Tapaj\u00f3s river, next to Sawr\u00e9 Muybu Indigenous Land, home to the Munduruku people, Par\u00e1 state, Brazil. <\/figcaption><\/figure><\/div>\n\n<p>Oggi, 22 maggio \u00e8 la <strong>Giornata mondiale della biodiversit\u00e0<\/strong>. La pandemia ci ha mostrato quanto la distruzione della natura possa condizionare la <strong>salute <\/strong>umana. <\/p>\n\n<p>Purtroppo non si tratta di un evento isolato: l\u2019anno scorso <a href=\"https:\/\/ipbes.net\/pandemics-marquee\" target=\"_blank\" rel=\"noreferrer noopener\">l\u2019IPBES<\/a> (<em>Intergovernmental Science-Policy Platform on Biodiversity and Ecosystem Services<\/em>), organismo scientifico delle Nazioni Unite che si occupa di <strong>biodiversit\u00e0<\/strong> e servizi ecosistemici, avvertiva dell\u2019esistenza di circa <strong>850 mila virus<\/strong> che potrebbero avere la capacit\u00e0 di trasferirsi alle persone, come avvenuto con\u00a0<strong>Sars-Cov2<\/strong>.\u00a0<\/p>\n\n<div class=\"wp-block-image\"><figure class=\"aligncenter size-large\"><img loading=\"lazy\" decoding=\"async\" width=\"800\" height=\"534\" src=\"https:\/\/www.greenpeace.org\/static\/planet4-italy-stateless\/2021\/05\/b0ba8f86-gp1su5ae_web_size_with_credit_line.jpg\" alt=\"\" class=\"wp-image-13707\" srcset=\"https:\/\/www.greenpeace.org\/static\/planet4-italy-stateless\/2021\/05\/b0ba8f86-gp1su5ae_web_size_with_credit_line.jpg 800w, https:\/\/www.greenpeace.org\/static\/planet4-italy-stateless\/2021\/05\/b0ba8f86-gp1su5ae_web_size_with_credit_line-300x200.jpg 300w, https:\/\/www.greenpeace.org\/static\/planet4-italy-stateless\/2021\/05\/b0ba8f86-gp1su5ae_web_size_with_credit_line-768x513.jpg 768w, https:\/\/www.greenpeace.org\/static\/planet4-italy-stateless\/2021\/05\/b0ba8f86-gp1su5ae_web_size_with_credit_line-510x340.jpg 510w\" sizes=\"auto, (max-width: 800px) 100vw, 800px\" \/><figcaption>Forest remainders burning in an area registered by the last Prodes (Brazilian Amazon Satellite Monitoring Project), in Juara, Mato Grosso state. <\/figcaption><\/figure><\/div>\n\n<p>Nel mondo, ogni due secondi un\u2019area di <strong>foresta<\/strong> grande come un campo da calcio viene rasa al suolo soprattutto per produrre soia destinata alla mangimistica e far spazio a <strong>pascoli<\/strong> di bovini. Cos\u00ec, piante e animali unici rischiano di scomparire, la <strong>biodiversit\u00e0<\/strong> viene distrutta e l\u2019equilibrio naturale del nostro Pianeta viene compromesso in modo irreversibile. Secondo l&#8217;IPCC <em>(Intergovernmental Panel on Climate Change<\/em>), braccio scientifico delle Nazioni Unite sui <strong>cambiamenti<\/strong> <strong>climatici<\/strong>, sono gi\u00e0 un milione le specie animali e vegetali a rischio estinzione e l&#8217;80 per cento degli <strong>uccelli<\/strong> e dei <strong>mammiferi<\/strong> rischia di sparire proprio a causa della distruzione dei propri <strong>habitat<\/strong>, provocata dal comparto agricolo.&nbsp;<\/p>\n\n<p>Questa devastazione \u00e8 particolarmente evidente in alcuni paesi, come il <strong>Brasile<\/strong>, dove per altro \u00e8 appena iniziata la stagione secca, che dura fino a ottobre. \u00c8 la pi\u00f9 critica per la <strong>foresta<\/strong>, perch\u00e9 gli incendi, spesso appiccati dolosamente per fare spazio a nuove piantagioni e bestiame, si estendono pi\u00f9 facilmente. Nei primi dieci giorni di maggio 2021 sono stati disboscati 1.157 chilometri quadrati di <strong>Foresta<\/strong> <strong>Amazzonica<\/strong>, il 43 per cento in pi\u00f9 rispetto al mese scorso (aprile 2021). E tra cinque mesi <strong>l\u2019Amazzonia<\/strong> potrebbe registrare un nuovo record negativo, dopo quello dell\u2019anno scorso che fu il pi\u00f9 alto dal 2008.&nbsp;<\/p>\n\n<p>L\u2019OMS (Organizzazione Mondiale della Sanit\u00e0) avverte che il rischio di epidemie virali cresce in un mondo dove il delicato equilibrio tra esseri umani e microbi viene alterato da diversi fattori, tra i quali i cambiamenti del <strong>clima<\/strong> e la distruzione degli <strong>ecosistemi<\/strong>. I salti di specie (<strong>spillover<\/strong>) infatti, possono verificarsi con maggiore probabilit\u00e0 quanto gli equilibri naturali vengono messi a rischio. Ecco perch\u00e9 per proteggere la nostra <strong>salute<\/strong> dobbiamo fermare la distruzione della <strong>foreste<\/strong> del Pianeta.&nbsp;<\/p>\n\n<p>Cosa possiamo fare per fermare la distruzione e la perdita di <strong>biodiversit\u00e0<\/strong>? <\/p>\n\n<p>Innanzi tutto, possiamo <strong>ridurre la produzione e il consumo di carne<\/strong>. Inoltre, dobbiamo pretendere che l\u2019Unione europea approvi una normativa che impedisca il commercio di prodotti e materie prime, come <strong>carne<\/strong> e <strong>soia<\/strong>, legate alla <strong>distruzione di ecosistemi<\/strong> di grande valore e alla violazione dei diritti umani.<\/p>\n\n<div class=\"wp-block-image\"><figure class=\"aligncenter size-large\"><img loading=\"lazy\" decoding=\"async\" width=\"800\" height=\"533\" src=\"https:\/\/www.greenpeace.org\/static\/planet4-italy-stateless\/2021\/05\/39c9cc58-gp0stuss9_web_size_with_credit_line.jpg\" alt=\"\" class=\"wp-image-13706\" srcset=\"https:\/\/www.greenpeace.org\/static\/planet4-italy-stateless\/2021\/05\/39c9cc58-gp0stuss9_web_size_with_credit_line.jpg 800w, https:\/\/www.greenpeace.org\/static\/planet4-italy-stateless\/2021\/05\/39c9cc58-gp0stuss9_web_size_with_credit_line-300x200.jpg 300w, https:\/\/www.greenpeace.org\/static\/planet4-italy-stateless\/2021\/05\/39c9cc58-gp0stuss9_web_size_with_credit_line-768x512.jpg 768w, https:\/\/www.greenpeace.org\/static\/planet4-italy-stateless\/2021\/05\/39c9cc58-gp0stuss9_web_size_with_credit_line-510x340.jpg 510w\" sizes=\"auto, (max-width: 800px) 100vw, 800px\" \/><figcaption>International Amazon Day  2020 and Global Day of Action #ActForAmazon: Greenpeace Italy&#8217;s volunteers in Rome with a barbecue, a fake men\u00f9, a flag (&#8216;Europe grilling, Amazon burning&#8217;) and a big hamburger &#8220;stuffed with deforestation&#8221; (logs, cows and a farm tractor).<\/figcaption><\/figure><\/div>\n\n<p><\/p>\n\t\t\t<section\n\t\t\tclass=\"boxout post-5612 \"\n\t\t\t\n\t\t>\n\t\t\t<a\n\t\t\t\tdata-ga-category=\"Take Action Boxout\"\n\t\t\t\tdata-ga-action=\"Image\"\n\t\t\t\tdata-ga-label=\"n\/a\"\n\t\t\t\tclass=\"cover-card-overlay\"\n\t\t\t\thref=\"https:\/\/www.greenpeace.org\/italy\/attivati\/le-foreste-stanno-svanendo\/\" \n\t\t\t><\/a>\n\t\t\t\t\t\t\t<img\n\t\t\t\t\t\tsrc=\"https:\/\/www.greenpeace.org\/static\/planet4-italy-stateless\/2019\/06\/064cb29a-gp0stqfkj_high_res-1024x684.jpg\"\n\t\t\t\t\t\tsrcset=\"https:\/\/www.greenpeace.org\/static\/planet4-italy-stateless\/2019\/06\/064cb29a-gp0stqfkj_high_res-300x200.jpg 300w, https:\/\/www.greenpeace.org\/static\/planet4-italy-stateless\/2019\/06\/064cb29a-gp0stqfkj_high_res-768x513.jpg 768w, https:\/\/www.greenpeace.org\/static\/planet4-italy-stateless\/2019\/06\/064cb29a-gp0stqfkj_high_res-1024x684.jpg 1024w, https:\/\/www.greenpeace.org\/static\/planet4-italy-stateless\/2019\/06\/064cb29a-gp0stqfkj_high_res-510x340.jpg 510w, https:\/\/www.greenpeace.org\/static\/planet4-italy-stateless\/2019\/06\/064cb29a-gp0stqfkj_high_res.jpg 1200w\"\n\t\t\t\t\t\tsizes=\"(min-width: 1000px) 358px, (min-width: 780px) 313px, 88px\"\n\t\t\t\t\t\talt=\"\" title=\"\"\n\t\t\t\t\/>\n            \t\t\t<div class=\"boxout-content\">\n\t\t\t\t\t\t\t\t\t<a\n\t\t\t\t\t\tclass=\"boxout-heading medium\"\n\t\t\t\t\t\tdata-ga-category=\"Take Action Boxout\"\n\t\t\t\t\t\tdata-ga-action=\"Title\"\n\t\t\t\t\t\tdata-ga-label=\"n\/a\"\n\t\t\t\t\t\thref=\"https:\/\/www.greenpeace.org\/italy\/attivati\/le-foreste-stanno-svanendo\/\"\n\t\t\t\t\t\t\n\t\t\t\t\t>\n\t\t\t\t\t\tLe foreste stanno svanendo nel nulla\n\t\t\t\t\t<\/a>\n\t\t\t\t\t\t\t\t\t\t\t\t\t<p class=\"boxout-excerpt\">Le foreste, vitali per il clima e la biodiversit\u00e0, stanno scomparendo. Se vogliamo proteggere il pianeta e noi stessi, dobbiamo fermare la deforestazione. <\/p>\n\t\t\t\t                                    <a\n                        class=\"btn btn-primary\"\n                        data-ga-category=\"Take Action Boxout\"\n                        data-ga-action=\"Call to Action\"\n                        data-ga-label=\"n\/a\"\n                        href=\"https:\/\/www.greenpeace.org\/italy\/attivati\/le-foreste-stanno-svanendo\/\"\n                        \n                    >\n                        Partecipa\n                    <\/a>\n                \t\t\t<\/div>\n\t\t\t\t\t<\/section>\n\t","protected":false},"excerpt":{"rendered":"<p>La pandemia ci ha mostrato quanto la distruzione della natura possa condizionare la salute umana<\/p>\n","protected":false},"author":37,"featured_media":13705,"comment_status":"closed","ping_status":"open","sticky":false,"template":"","format":"standard","meta":{"ep_exclude_from_search":false,"p4_og_title":"","p4_og_description":"","p4_og_image":"","p4_og_image_id":"","p4_seo_canonical_url":"","p4_campaign_name":"not set","p4_local_project":"not set","p4_basket_name":"not set","p4_department":"","footnotes":""},"categories":[1],"tags":[],"p4-page-type":[19],"class_list":["post-13704","post","type-post","status-publish","format-standard","has-post-thumbnail","hentry","category-uncategorized","p4-page-type-storia"],"_links":{"self":[{"href":"https:\/\/www.greenpeace.org\/italy\/wp-json\/wp\/v2\/posts\/13704","targetHints":{"allow":["GET"]}}],"collection":[{"href":"https:\/\/www.greenpeace.org\/italy\/wp-json\/wp\/v2\/posts"}],"about":[{"href":"https:\/\/www.greenpeace.org\/italy\/wp-json\/wp\/v2\/types\/post"}],"author":[{"embeddable":true,"href":"https:\/\/www.greenpeace.org\/italy\/wp-json\/wp\/v2\/users\/37"}],"replies":[{"embeddable":true,"href":"https:\/\/www.greenpeace.org\/italy\/wp-json\/wp\/v2\/comments?post=13704"}],"version-history":[{"count":5,"href":"https:\/\/www.greenpeace.org\/italy\/wp-json\/wp\/v2\/posts\/13704\/revisions"}],"predecessor-version":[{"id":28164,"href":"https:\/\/www.greenpeace.org\/italy\/wp-json\/wp\/v2\/posts\/13704\/revisions\/28164"}],"wp:featuredmedia":[{"embeddable":true,"href":"https:\/\/www.greenpeace.org\/italy\/wp-json\/wp\/v2\/media\/13705"}],"wp:attachment":[{"href":"https:\/\/www.greenpeace.org\/italy\/wp-json\/wp\/v2\/media?parent=13704"}],"wp:term":[{"taxonomy":"category","embeddable":true,"href":"https:\/\/www.greenpeace.org\/italy\/wp-json\/wp\/v2\/categories?post=13704"},{"taxonomy":"post_tag","embeddable":true,"href":"https:\/\/www.greenpeace.org\/italy\/wp-json\/wp\/v2\/tags?post=13704"},{"taxonomy":"p4-page-type","embeddable":true,"href":"https:\/\/www.greenpeace.org\/italy\/wp-json\/wp\/v2\/p4-page-type?post=13704"}],"curies":[{"name":"wp","href":"https:\/\/api.w.org\/{rel}","templated":true}]}}