{"id":13727,"date":"2021-05-26T17:56:23","date_gmt":"2021-05-26T15:56:23","guid":{"rendered":"https:\/\/www.greenpeace.org\/italy\/?p=13727"},"modified":"2025-07-02T09:27:40","modified_gmt":"2025-07-02T07:27:40","slug":"vittoria-storica-per-il-clima-una-corte-dei-paesi-bassi-ordina-a-shell-di-ridurre-drasticamente-le-emissioni-di-co2","status":"publish","type":"post","link":"https:\/\/www.greenpeace.org\/italy\/storia\/13727\/vittoria-storica-per-il-clima-una-corte-dei-paesi-bassi-ordina-a-shell-di-ridurre-drasticamente-le-emissioni-di-co2\/","title":{"rendered":"Vittoria storica per il clima! Una corte dei Paesi Bassi ordina a Shell di ridurre drasticamente le emissioni di CO2"},"content":{"rendered":"\n<p>Con un verdetto storico, questo pomeriggio un tribunale dei Paesi Bassi ha stabilito che Shell \u00e8 responsabile di aver danneggiato il clima del Pianeta. \u00c8 la prima volta che una grande compagnia di combustibili fossili viene ritenuta responsabile di aver contribuito ai cambiamenti climatici e le viene imposto di ridurre le proprie emissioni<\/p>\n\n<p>Secondo il verdetto, Shell &#8211; una delle 10 compagnie pi\u00f9 inquinanti del mondo &#8211; deve ora cambiare radicalmente rotta e ridurre le sue emissioni di CO<sub>2<\/sub> del 45% entro il 2030, in linea con l\u2019obiettivo di mantenere l\u2019aumento medio della temperatura globale entro 1,5 gradi Centigradi. Non superare questa soglia \u00e8 infatti essenziale per minimizzare i rischi di un\u2019emergenza climatica che potrebbe diventare irreversibile e catastrofica. Questa causa sul clima \u00e8 stata portata avanti da Friends of the Earth Netherlands (Milieudefensie), insieme a Greenpeace Netherlands, ActionAid, Both ENDS, Fossielvrij NL, Jongeren Milieu Actief, il Waddenvereniging e 17.379 singoli co-ricorrenti.<\/p>\n\n<p>Si tratta di una vittoria storica per il clima e per tutti coloro che affrontano le conseguenze della crisi climatica. Una battaglia il cui merito va a Milieudefensie e a tutte le altre persone che hanno portato avanti questa causa. Shell non pu\u00f2 continuare a violare i diritti umani e mettere il profitto al di sopra delle persone e del Pianeta. Quello di oggi \u00e8 un chiaro segnale per l&#8217;industria dei combustibili fossili. Il carbone, il petrolio e il gas devono rimanere dove sono, sottoterra.<\/p>\n\n<p>Con sempre maggior forza, cittadine e cittadini di tutto il mondo chiedono giustizia sul clima. E oggi la corte ha confermato che l&#8217;industria dei combustibili fossili non pu\u00f2 continuare a emettere gas serra e contribuire ad aggravare l\u2019emergenza climatica. Possiamo ritenere le multinazionali di tutto il mondo responsabili del riscaldamento globale.<\/p>\n\n<p>Pochi giorni fa l\u2019Agenzia Internazionale per l\u2019Energia ha dichiarato ufficialmente in un suo studio che non si devono pi\u00f9 cercare e bruciare gas e petrolio se vogliamo contrastare la crisi climatica. Oggi la Corte olandese obbliga Shell, una multinazionale del gas e del petrolio, ad abbattere drasticamente le proprie emissioni entro questo decennio, poich\u00e9 ha dei piani climatici non abbastanza ambiziosi. Una situazione che ricorda quella dell\u2019italiana ENI, azienda il cui business principale \u00e8 proprio il gas, nonch\u00e9 uno dei pi\u00f9 grandi emettitori a livello mondiale. Ebbene il Cane a sei zampe ha recentemente ha presentato un piano di decarbonizzazione che prevede di abbattere di appena il 25% le proprie emissioni entro il 2030. Speriamo che quanto accaduto oggi sia un monito anche per le aziende italiane come ENI: occorre che rivedano presto i propri obiettivi allineandosi alle richieste degli scienziati.<\/p>\n<div class=\"EmptyMessage\">Block content is empty. Check the block&#8217;s settings or remove it.<\/div>","protected":false},"excerpt":{"rendered":"<p>Con un verdetto storico, questo pomeriggio un tribunale dei Paesi Bassi ha stabilito che Shell \u00e8 responsabile di aver danneggiato il clima del Pianeta. \u00c8 la prima volta che una&hellip;<\/p>\n","protected":false},"author":33,"featured_media":13728,"comment_status":"closed","ping_status":"open","sticky":false,"template":"","format":"standard","meta":{"ep_exclude_from_search":false,"p4_og_title":"","p4_og_description":"","p4_og_image":"","p4_og_image_id":"","p4_seo_canonical_url":"","p4_campaign_name":"not set","p4_local_project":"not set","p4_basket_name":"not set","p4_department":"","footnotes":""},"categories":[20,17],"tags":[29,32],"p4-page-type":[19],"class_list":["post-13727","post","type-post","status-publish","format-standard","has-post-thumbnail","hentry","category-denuncia","category-proteggi","tag-clima","tag-energia","p4-page-type-storia"],"_links":{"self":[{"href":"https:\/\/www.greenpeace.org\/italy\/wp-json\/wp\/v2\/posts\/13727","targetHints":{"allow":["GET"]}}],"collection":[{"href":"https:\/\/www.greenpeace.org\/italy\/wp-json\/wp\/v2\/posts"}],"about":[{"href":"https:\/\/www.greenpeace.org\/italy\/wp-json\/wp\/v2\/types\/post"}],"author":[{"embeddable":true,"href":"https:\/\/www.greenpeace.org\/italy\/wp-json\/wp\/v2\/users\/33"}],"replies":[{"embeddable":true,"href":"https:\/\/www.greenpeace.org\/italy\/wp-json\/wp\/v2\/comments?post=13727"}],"version-history":[{"count":5,"href":"https:\/\/www.greenpeace.org\/italy\/wp-json\/wp\/v2\/posts\/13727\/revisions"}],"predecessor-version":[{"id":28163,"href":"https:\/\/www.greenpeace.org\/italy\/wp-json\/wp\/v2\/posts\/13727\/revisions\/28163"}],"wp:featuredmedia":[{"embeddable":true,"href":"https:\/\/www.greenpeace.org\/italy\/wp-json\/wp\/v2\/media\/13728"}],"wp:attachment":[{"href":"https:\/\/www.greenpeace.org\/italy\/wp-json\/wp\/v2\/media?parent=13727"}],"wp:term":[{"taxonomy":"category","embeddable":true,"href":"https:\/\/www.greenpeace.org\/italy\/wp-json\/wp\/v2\/categories?post=13727"},{"taxonomy":"post_tag","embeddable":true,"href":"https:\/\/www.greenpeace.org\/italy\/wp-json\/wp\/v2\/tags?post=13727"},{"taxonomy":"p4-page-type","embeddable":true,"href":"https:\/\/www.greenpeace.org\/italy\/wp-json\/wp\/v2\/p4-page-type?post=13727"}],"curies":[{"name":"wp","href":"https:\/\/api.w.org\/{rel}","templated":true}]}}