{"id":13764,"date":"2021-06-05T08:30:00","date_gmt":"2021-06-05T06:30:00","guid":{"rendered":"https:\/\/www.greenpeace.org\/italy\/?p=13764"},"modified":"2021-12-01T13:36:11","modified_gmt":"2021-12-01T12:36:11","slug":"e-online-la-nostra-eco-mappa-per-vivere-la-citta-in-modo-sostenibile","status":"publish","type":"post","link":"https:\/\/www.greenpeace.org\/italy\/storia\/13764\/e-online-la-nostra-eco-mappa-per-vivere-la-citta-in-modo-sostenibile\/","title":{"rendered":"\u00c8 online la nostra Eco-mappa per vivere la citt\u00e0 in modo sostenibile"},"content":{"rendered":"\n<p>Nella <strong>Giornata Mondiale dell\u2019Ambiente<\/strong>, lanciamo una mappa digitale per ripensare il modo in cui viviamo le nostre citt\u00e0 e scoprire il loro lato pi\u00f9 <em>green<\/em>.&nbsp; Si tratta di una <a href=\"https:\/\/attivati.greenpeace.it\/petizioni\/ecomappa\/\">guida navigabile <\/a>da computer e smartphone per trovare le <strong>aree verdi e i servizi di bike sharing<\/strong> pi\u00f9 vicini, <strong>i punti vendita di prodotti sfusi o usati, i mercati contadini e gli orti urbani<\/strong>. Ma anche per sapere quali aree della citt\u00e0 sono collegate da <strong>piste ciclabili<\/strong>, se ci sono <strong>ciclofficine <\/strong>nel nostro quartiere, dove trovare <strong>fontanelle ed erogatori di acqua potabile<\/strong>, e orientarsi tra <strong>parchi, giardini e negozi di artigianato<\/strong>. L\u2019obiettivo \u00e8 promuovere uno stile di vita pi\u00f9 sostenibile e offrire a tutte e tutti uno strumento per ridurre il nostro impatto ambientale in citt\u00e0, <strong>dai trasporti ai consumi<\/strong>.&nbsp;<\/p>\n\n<h2 class=\"wp-block-heading\"><strong>Come funziona&nbsp;<\/strong><\/h2>\n\n<p>Grazie alle nostre volontarie e ai nostri volontari, abbiamo <strong>censito e verificato<\/strong> le alternative gi\u00e0 esistenti nei nostri <strong>centri urbani <\/strong>e raccolto tutte le soluzioni in unico strumento online. L\u2019<a href=\"https:\/\/attivati.greenpeace.it\/petizioni\/ecomappa\/\">ecomappa \u00e8 online da oggi<\/a> e include 11 citt\u00e0 pilota: <strong>Roma, Milano, Napoli, Torino, Bologna, Palermo, Firenze, Lucca, Pisa, Bari e Cagliari.\u00a0<\/strong><\/p>\n\n<figure class=\"wp-block-embed is-type-video is-provider-youtube wp-block-embed-youtube wp-embed-aspect-16-9 wp-has-aspect-ratio\"><div class=\"wp-block-embed__wrapper\">\n<lite-youtube style=\"background-image: url('https:\/\/i.ytimg.com\/vi\/aI9CfcPc5aA\/hqdefault.jpg');\" videoid=\"aI9CfcPc5aA\" params=\"rel=0\"><\/lite-youtube>\n<\/div><\/figure>\n\n<p>Ma il progetto non finisce qui: la mappa \u00e8 in <strong>continuo aggiornamento<\/strong>, grazie al lavoro dei Gruppi Locali di Greenpeace nelle diverse citt\u00e0 e alle <strong>segnalazioni<\/strong> di tutti coloro che vorranno contribuire attivamente al progetto. L&#8217;ecomappa sar\u00e0 via via <strong>estesa anche ad altre citt\u00e0 italiane<\/strong>  con l&#8217;obiettivo di promuovere <strong>una nuova visione dei nostri centri urbani<\/strong>, pi\u00f9 verde e a misura di persona.&nbsp;<\/p>\n\n<h2 class=\"wp-block-heading\"><strong>Bisogna ripensare le nostre citt\u00e0<\/strong><\/h2>\n\n<p>Oggi ben 4,2 miliardi di persone, cio\u00e8 circa<strong> il 55% della popolazione mondiale<\/strong>, vive nelle citt\u00e0, centri nevralgici di molte attivit\u00e0 economiche ma anche <strong>responsabili del 70% delle emissioni globali di gas serra<\/strong>. Le restrizioni imposte dalla pandemia di COVID-19 ci hanno portato a riflettere <strong>sulle citt\u00e0 e il loro futuro<\/strong> e a riconoscere la necessit\u00e0 di <strong>ripensare gli spazi in cui viviamo<\/strong>, renderli pi\u00f9 verdi e sostenibili.<\/p>\n\n<p>Citt\u00e0 pi\u00f9 sostenibili sono necessarie per <strong>affrontare la crisi climatica in corso,<\/strong> ma sono anche indispensabili nella risposta alla <strong>crisi economica e sociale post-Covid e <a href=\"https:\/\/www.greenpeace.org\/italy\/rapporto\/13734\/greening-the-city-gli-impatti-su-salute-e-benessere-degli-spazi-verdi-nelle-citta\/\">alleate della nostra salute<\/a>. <\/strong>Per questo, \u00e8 fondamentale che le citt\u00e0 e i suoi abitanti siano in prima linea negli sforzi per affrontare e prevenire future crisi.&nbsp; <\/p>\n\n<p>Speriamo che il progetto Eco-mappa cresca nel tempo, con la partecipazione di tutte e tutti, ispirando la nascita di <strong>abitudini ed esperienze verso citt\u00e0 sempre pi\u00f9 vivibili e resilienti!<\/strong><\/p>\n\n<p>Inizia da subito: <strong>naviga<\/strong> e fai conoscere <a href=\"https:\/\/attivati.greenpeace.it\/petizioni\/ecomappa\/\">l\u2019ecomappa<\/a>!&nbsp;<\/p>\n<div class=\"EmptyMessage\">Block content is empty. Check the block&#8217;s settings or remove it.<\/div>","protected":false},"excerpt":{"rendered":"<p>Nella giornata mondiale dell\u2019ambiente, lanciamo una mappa digitale per ripensare il modo in cui viviamo le nostre citt\u00e0!<\/p>\n","protected":false},"author":33,"featured_media":13765,"comment_status":"closed","ping_status":"open","sticky":false,"template":"","format":"standard","meta":{"ep_exclude_from_search":false,"p4_og_title":"","p4_og_description":"","p4_og_image":"","p4_og_image_id":"","p4_seo_canonical_url":"","p4_campaign_name":"not set","p4_local_project":"not set","p4_basket_name":"not set","p4_department":"","footnotes":""},"categories":[24],"tags":[25,26,30,31],"p4-page-type":[19],"class_list":["post-13764","post","type-post","status-publish","format-standard","has-post-thumbnail","hentry","category-scegli","tag-consumi","tag-cibo","tag-salute","tag-volontariato","p4-page-type-storia"],"_links":{"self":[{"href":"https:\/\/www.greenpeace.org\/italy\/wp-json\/wp\/v2\/posts\/13764","targetHints":{"allow":["GET"]}}],"collection":[{"href":"https:\/\/www.greenpeace.org\/italy\/wp-json\/wp\/v2\/posts"}],"about":[{"href":"https:\/\/www.greenpeace.org\/italy\/wp-json\/wp\/v2\/types\/post"}],"author":[{"embeddable":true,"href":"https:\/\/www.greenpeace.org\/italy\/wp-json\/wp\/v2\/users\/33"}],"replies":[{"embeddable":true,"href":"https:\/\/www.greenpeace.org\/italy\/wp-json\/wp\/v2\/comments?post=13764"}],"version-history":[{"count":4,"href":"https:\/\/www.greenpeace.org\/italy\/wp-json\/wp\/v2\/posts\/13764\/revisions"}],"predecessor-version":[{"id":14579,"href":"https:\/\/www.greenpeace.org\/italy\/wp-json\/wp\/v2\/posts\/13764\/revisions\/14579"}],"wp:featuredmedia":[{"embeddable":true,"href":"https:\/\/www.greenpeace.org\/italy\/wp-json\/wp\/v2\/media\/13765"}],"wp:attachment":[{"href":"https:\/\/www.greenpeace.org\/italy\/wp-json\/wp\/v2\/media?parent=13764"}],"wp:term":[{"taxonomy":"category","embeddable":true,"href":"https:\/\/www.greenpeace.org\/italy\/wp-json\/wp\/v2\/categories?post=13764"},{"taxonomy":"post_tag","embeddable":true,"href":"https:\/\/www.greenpeace.org\/italy\/wp-json\/wp\/v2\/tags?post=13764"},{"taxonomy":"p4-page-type","embeddable":true,"href":"https:\/\/www.greenpeace.org\/italy\/wp-json\/wp\/v2\/p4-page-type?post=13764"}],"curies":[{"name":"wp","href":"https:\/\/api.w.org\/{rel}","templated":true}]}}