{"id":13962,"date":"2021-07-01T16:12:01","date_gmt":"2021-07-01T14:12:01","guid":{"rendered":"https:\/\/www.greenpeace.org\/italy\/?p=13962"},"modified":"2024-02-23T10:24:02","modified_gmt":"2024-02-23T09:24:02","slug":"recommon-e-greenpeace-finalmente-assicurazioni-generali-accoglie-le-nostre-richieste-e-adotta-un-piano-di-decarbonizzazione-robusto-e-coerente","status":"publish","type":"post","link":"https:\/\/www.greenpeace.org\/italy\/comunicato-stampa\/13962\/recommon-e-greenpeace-finalmente-assicurazioni-generali-accoglie-le-nostre-richieste-e-adotta-un-piano-di-decarbonizzazione-robusto-e-coerente\/","title":{"rendered":"ReCommon e Greenpeace: \u00abFinalmente Assicurazioni Generali accoglie le nostre richieste e adotta un piano di decarbonizzazione robusto e coerente\u00bb"},"content":{"rendered":"\n<p>Con la pubblicazione della nuova&nbsp;<a href=\"https:\/\/www.generali.com\/it\/media\/press-releases\/all\/2021\/Generali-updates-its-strategy-for-climate-protection\" target=\"_blank\" rel=\"noreferrer noopener\">\u201cStrategia del Gruppo Generali sul Cambiamento climatico\u201d<\/a>&nbsp;avvenuta ieri, Assicurazioni Generali accoglie finalmente le richieste di ReCommon e Greenpeace, adottando un piano di decarbonizzazione robusto e coerente. Le pressioni delle due associazioni per spingere il Leone di Trieste a interrompere il suo ostinato supporto al carbone sono durate pi\u00f9 di tre anni.<\/p>\n\n<p>\u00abGenerali compie finalmente un passo deciso nella lotta alla crisi climatica in corso, abbandonando in maniera sostanzialmente definitiva il carbone, oltre che il gas fossile e il petrolio estratti con le metodologie pi\u00f9 impattanti. Queste mosse devono per\u00f2 essere un punto di partenza, non di arrivo\u00bb, commentano ReCommon e Greenpeace. \u00abContinueremo a vigilare affinch\u00e9 Generali rispetti la propria strategia e gli obiettivi che si \u00e8 posta. Lavoreremo inoltre perch\u00e9 il Leone di Trieste abbandoni presto totalmente anche petrolio e gas fossile, senza eccezioni\u00bb.<\/p>\n\n<p>L\u2019elemento pi\u00f9 importante riguarda sicuramente l\u2019aver fissato una data certa per chiudere ogni copertura assicurativa per le societ\u00e0 carbonifere e i loro rispettivi&nbsp;<em>asset<\/em>, cio\u00e8 miniere e centrali a carbone: 2030 nei paesi OCSE e 2038 nel resto del mondo, in linea con quanto richiesto dalla comunit\u00e0 scientifica. Questo significa dover interrompere le relazioni con quei clienti che stanno rallentando la transizione energetica in Paesi ancora fortemente dipendenti dal pi\u00f9 inquinante dei combustibili fossili, cio\u00e8 Polonia e Repubblica Ceca. Paesi in cui Generali ha assicurato le attivit\u00e0 di killer climatici del calibro di PGE, \u010cEZ ed EPH.<\/p>\n\n<p>Per le organizzazioni ambientaliste \u00e8 inoltre importante che si sciolga il nodo relativo all\u2019eccezione menzionata nella strategia del colosso assicurativo relativa ai casi di modernizzazione di impianti e&nbsp;<em>retrofitting&nbsp;<\/em>per clienti esistenti: \u00e8 fondamentale che tale eccezione non diventi \u201cla regola\u201d, perch\u00e9 il modello energetico fondato sul carbone va abbandonato completamente, dato che non \u00e8 migliorabile in alcun modo.<\/p>\n\n<p>Cos\u00ec come accadr\u00e0 per le coperture assicurative, anche gli investimenti nelle societ\u00e0 carbonifere andranno a concludersi nel 2030 nei paesi OCSE e nel 2040 nel resto del mondo. C\u2019\u00e8 ancora il rischio che i criteri per arrivare a quota&nbsp;<em>zero<\/em>&nbsp;non siano abbastanza stringenti, dal momento che viene esplicitato come \u201cgli emittenti con strategie di decarbonizzazione o di graduale dismissione del carbone allineate con traiettorie che limitino l&#8217;aumento della temperatura globale a 1,5\u00b0C non saranno esclusi dal portafoglio\u201d. Greenpeace e Recommon si attendono che il colosso assicurativo non consideri positivamente i piani di aziende devastanti per il clima e l\u2019ambiente come PGE, \u010cEZ, RWE, Duke \u2013 solo per citare alcune delle societ\u00e0 carbonifere nelle quali Generali investe \u2013 che ancora non hanno fissato una data di uscita dal carbone compatibile con l\u2019Accordo di Parigi sul clima.<\/p>\n\n<p>Sicuramente positivo anche l\u2019obiettivo intermedio di ridurre del 25% nei prossimi cinque anni le emissioni di anidride carbonica dei portafogli di azioni e obbligazioni societari.<\/p>\n<div class=\"EmptyMessage\">Block content is empty. Check the block&#8217;s settings or remove it.<\/div>","protected":false},"excerpt":{"rendered":"<p>Con la pubblicazione della nuova&nbsp;\u201cStrategia del Gruppo Generali sul Cambiamento climatico\u201d&nbsp;avvenuta ieri, Assicurazioni Generali accoglie finalmente le richieste di ReCommon e Greenpeace, adottando un piano di decarbonizzazione robusto e coerente.&hellip;<\/p>\n","protected":false},"author":33,"featured_media":6310,"comment_status":"closed","ping_status":"open","sticky":false,"template":"","format":"standard","meta":{"ep_exclude_from_search":false,"p4_og_title":"","p4_og_description":"","p4_og_image":"","p4_og_image_id":"","p4_seo_canonical_url":"","p4_campaign_name":"not set","p4_local_project":"not set","p4_basket_name":"not set","p4_department":"","footnotes":""},"categories":[20,17],"tags":[29,32],"p4-page-type":[23],"class_list":["post-13962","post","type-post","status-publish","format-standard","has-post-thumbnail","hentry","category-denuncia","category-proteggi","tag-clima","tag-energia","p4-page-type-comunicato-stampa"],"_links":{"self":[{"href":"https:\/\/www.greenpeace.org\/italy\/wp-json\/wp\/v2\/posts\/13962","targetHints":{"allow":["GET"]}}],"collection":[{"href":"https:\/\/www.greenpeace.org\/italy\/wp-json\/wp\/v2\/posts"}],"about":[{"href":"https:\/\/www.greenpeace.org\/italy\/wp-json\/wp\/v2\/types\/post"}],"author":[{"embeddable":true,"href":"https:\/\/www.greenpeace.org\/italy\/wp-json\/wp\/v2\/users\/33"}],"replies":[{"embeddable":true,"href":"https:\/\/www.greenpeace.org\/italy\/wp-json\/wp\/v2\/comments?post=13962"}],"version-history":[{"count":2,"href":"https:\/\/www.greenpeace.org\/italy\/wp-json\/wp\/v2\/posts\/13962\/revisions"}],"predecessor-version":[{"id":14560,"href":"https:\/\/www.greenpeace.org\/italy\/wp-json\/wp\/v2\/posts\/13962\/revisions\/14560"}],"wp:featuredmedia":[{"embeddable":true,"href":"https:\/\/www.greenpeace.org\/italy\/wp-json\/wp\/v2\/media\/6310"}],"wp:attachment":[{"href":"https:\/\/www.greenpeace.org\/italy\/wp-json\/wp\/v2\/media?parent=13962"}],"wp:term":[{"taxonomy":"category","embeddable":true,"href":"https:\/\/www.greenpeace.org\/italy\/wp-json\/wp\/v2\/categories?post=13962"},{"taxonomy":"post_tag","embeddable":true,"href":"https:\/\/www.greenpeace.org\/italy\/wp-json\/wp\/v2\/tags?post=13962"},{"taxonomy":"p4-page-type","embeddable":true,"href":"https:\/\/www.greenpeace.org\/italy\/wp-json\/wp\/v2\/p4-page-type?post=13962"}],"curies":[{"name":"wp","href":"https:\/\/api.w.org\/{rel}","templated":true}]}}