{"id":14195,"date":"2021-09-20T13:24:52","date_gmt":"2021-09-20T11:24:52","guid":{"rendered":"https:\/\/www.greenpeace.org\/italy\/?p=14195"},"modified":"2023-03-29T11:50:49","modified_gmt":"2023-03-29T09:50:49","slug":"pfas-diffusa-contaminazione-negli-alimenti-coltivati-nella-zona-rossa-greenpeace-e-mamme-no-pfas-inaccettabile-inerzia-della-regione-veneto","status":"publish","type":"post","link":"https:\/\/www.greenpeace.org\/italy\/comunicato-stampa\/14195\/pfas-diffusa-contaminazione-negli-alimenti-coltivati-nella-zona-rossa-greenpeace-e-mamme-no-pfas-inaccettabile-inerzia-della-regione-veneto\/","title":{"rendered":"PFAS, diffusa contaminazione negli alimenti coltivati nella zona rossa, Greenpeace e Mamme NO PFAS: \u00abInaccettabile inerzia della Regione Veneto\u00bb"},"content":{"rendered":"\n<p>Le Mamme NO PFAS e Greenpeace diffondono oggi i risultati dei monitoraggi fatti dalla Regione Veneto sulla presenza di sostanze perfluoroalchiliche (PFAS) negli alimenti di origine vegetale e animale coltivati in zona rossa, l\u2019area del Veneto pi\u00f9 contaminata da queste sostanze chimiche pericolose. Si tratta di dati georeferenziati e mai diffusi in forma integrale dalle autorit\u00e0 competenti, ottenuti dalle Mamme NO PFAS e da Greenpeace dopo una lunga battaglia legale nei confronti della Regione, che per anni ha negato l\u2019accesso ai dati. Dalle elaborazioni emergono molte criticit\u00e0: numerosi alimenti risultano infatti contaminati non solo per la presenza di PFOA e PFOS, ma anche per tanti altri composti di pi\u00f9 recente applicazione industriale.&nbsp;<\/p>\n\n<p>\u00abNonostante i valori allarmanti, dal 2017 la Regione Veneto non ha effettuato ulteriori monitoraggi n\u00e9 intrapreso azioni risolutive per azzerare l\u2019inquinamento e ridurre, almeno progressivamente, la contaminazione delle acque non destinate all\u2019uso potabile. Inoltre, per quanto \u00e8 noto, risulta che la Regione ha finora ignorato il rischio per l\u2019intera comunit\u00e0 nazionale e non solo, visto che alcuni di questi alimenti potrebbero essere venduti anche all\u2019estero. Si tratta di mancanze intollerabili: chi \u00e8 responsabile della salute pubblica ha il dovere di fare tutto il possibile per affrontare concretamente un problema sanitario cos\u00ec rilevante\u00bb, dichiarano Mamme NO PFAS e Greenpeace.<\/p>\n\n<p>Nonostante nel 2020 l\u2019Agenzia europea per la sicurezza alimentare (EFSA) abbia ridotto di pi\u00f9 di quattro volte il limite massimo tollerabile di PSAS che possono essere assunti attraverso la dieta, la Regione non ha effettuato nuove valutazioni n\u00e9 messo in atto azioni concrete per tutelare la popolazione e le filiere agroalimentari e zootecniche. A ci\u00f2 si aggiungono alcuni limiti sul monitoraggio dell\u2019area geografica monitorata, che non include la zona arancione e altre aree toccate dalla contaminazione, nonch\u00e9 l\u2019insufficienza di analisi su importanti produzioni diffuse nelle zone interessate: spinaci e radicchio (un solo campionamento effettuato), kiwi, meloni, angurie, cereali (\u00e8 stato analizzato solo un campione di farro), soia e mele.<\/p>\n\n<p>Greenpeace e le Mamme NO PFAS chiedono alla Regione Veneto di avviare al pi\u00f9 presto un nuovo monitoraggio sugli alimenti prodotti in area rossa e arancione e, partendo dai dati del 2017, di adottare misure urgenti per ridurre i rischi per la salute delle persone. Infine, considerando che la valutazione degli effetti sanitari dei valori di contaminazione diffusi oggi \u00e8 molto complessa, Greenpeace e Mamme NO PFAS fanno un appello alla comunit\u00e0 scientifica affinch\u00e9 analizzi l\u2019intero set di dati, che pu\u00f2 essere richiesto a Greenpeace e a Mamme NO PFAS per condurre un\u2019analisi approfondita sui possibili rischi per la salute.<\/p>\n\n<p>SCARICA IL REPORT \u201c<a href=\"https:\/\/www.greenpeace.org\/italy\/rapporto\/14188\/pfas-negli-alimenti\/\" target=\"_blank\" rel=\"noreferrer noopener\">PFAS NEGLI ALIMENTI<\/a>\u201d<\/p>\n\n<p>CONSULTA LA <a href=\"https:\/\/www.mammenopfas.org\/\" target=\"_blank\" rel=\"noreferrer noopener\">MAPPA SUI DATI <\/a>&nbsp;<\/p>\n","protected":false},"excerpt":{"rendered":"<p>La Regione Veneto ha negato per anni l&#8217;accesso ai dati, ottenuti e diffusi oggi da Greenpeace e Mamme NO PFAS dopo una lunga battaglia legale.<\/p>\n","protected":false},"author":33,"featured_media":1615,"comment_status":"closed","ping_status":"open","sticky":false,"template":"","format":"standard","meta":{"ep_exclude_from_search":false,"p4_og_title":"","p4_og_description":"","p4_og_image":"","p4_og_image_id":"","p4_seo_canonical_url":"","p4_campaign_name":"not set","p4_local_project":"not set","p4_basket_name":"not set","p4_department":"","footnotes":""},"categories":[20,17],"tags":[21,30,43],"p4-page-type":[23],"class_list":["post-14195","post","type-post","status-publish","format-standard","has-post-thumbnail","hentry","category-denuncia","category-proteggi","tag-inquinamento","tag-salute","tag-pfas","p4-page-type-comunicato-stampa"],"_links":{"self":[{"href":"https:\/\/www.greenpeace.org\/italy\/wp-json\/wp\/v2\/posts\/14195","targetHints":{"allow":["GET"]}}],"collection":[{"href":"https:\/\/www.greenpeace.org\/italy\/wp-json\/wp\/v2\/posts"}],"about":[{"href":"https:\/\/www.greenpeace.org\/italy\/wp-json\/wp\/v2\/types\/post"}],"author":[{"embeddable":true,"href":"https:\/\/www.greenpeace.org\/italy\/wp-json\/wp\/v2\/users\/33"}],"replies":[{"embeddable":true,"href":"https:\/\/www.greenpeace.org\/italy\/wp-json\/wp\/v2\/comments?post=14195"}],"version-history":[{"count":1,"href":"https:\/\/www.greenpeace.org\/italy\/wp-json\/wp\/v2\/posts\/14195\/revisions"}],"predecessor-version":[{"id":14196,"href":"https:\/\/www.greenpeace.org\/italy\/wp-json\/wp\/v2\/posts\/14195\/revisions\/14196"}],"wp:featuredmedia":[{"embeddable":true,"href":"https:\/\/www.greenpeace.org\/italy\/wp-json\/wp\/v2\/media\/1615"}],"wp:attachment":[{"href":"https:\/\/www.greenpeace.org\/italy\/wp-json\/wp\/v2\/media?parent=14195"}],"wp:term":[{"taxonomy":"category","embeddable":true,"href":"https:\/\/www.greenpeace.org\/italy\/wp-json\/wp\/v2\/categories?post=14195"},{"taxonomy":"post_tag","embeddable":true,"href":"https:\/\/www.greenpeace.org\/italy\/wp-json\/wp\/v2\/tags?post=14195"},{"taxonomy":"p4-page-type","embeddable":true,"href":"https:\/\/www.greenpeace.org\/italy\/wp-json\/wp\/v2\/p4-page-type?post=14195"}],"curies":[{"name":"wp","href":"https:\/\/api.w.org\/{rel}","templated":true}]}}