{"id":1438,"date":"2016-04-27T00:00:00","date_gmt":"2016-04-27T00:00:00","guid":{"rendered":"https:\/\/www.greenpeace.org\/italy\/uncategorized\/1438\/lamazzonia-e-a-rischio\/"},"modified":"2019-11-06T09:53:43","modified_gmt":"2019-11-06T08:53:43","slug":"lamazzonia-e-a-rischio","status":"publish","type":"post","link":"https:\/\/www.greenpeace.org\/italy\/storia\/1438\/lamazzonia-e-a-rischio\/","title":{"rendered":"L&#8217;Amazzonia \u00e8 a rischio!"},"content":{"rendered":"<p>Il <strong>Fiume Tapajos<\/strong>, che scorre lungo 800 chilometri <strong>nel cuore dell\u2019Amazzonia<\/strong>, \u00e8 garanzia di vita per 14.500 indigeni, oltre che per una quantit\u00e0 di specie animali e vegetali inestimabile.<br \/>\nOggi, per\u00f2, questo fiume \u00e8 in pericolo a causa di un folle progetto che prevede la costruzione di <strong>pi\u00f9 di 40 dighe. <\/strong><br \/>\nLa pi\u00f9 grande di queste dighe, quella di S\u00e3o Luiz do Tapaj\u00f3s, potrebbe sorgere nello stato del Par\u00e0 e sar\u00e0 alta 53 metri, lunga 7,6 chilometri e avr\u00e0 una capacit\u00e0 installata di ottomila megawatt.<\/p>\n<p><strong><img decoding=\"async\" style=\"margin: 5px;\" src=\"https:\/\/www.greenpeace.org\/static\/planet4-italy-stateless\/2018\/11\/d67bb315-d67bb315-amazzonia-a-rischio.jpg\" alt=\"Para marcar o Dia Internacional das Florestas (21 de mar\u00e7o), lideran\u00e7as Munduruku foram at\u00e9 um trecho do rio Tapaj\u00f3s considerado sagrado pelo povo para passar um recado para o mundo: \u201cMantenham o Rio Tapaj\u00f3s vivo\u201d. Segurando faixas em diversas l\u00ednguas, eles protestaram, ao lado de ativistas do Greenpeace, contra a constru\u00e7\u00e3o de barragens no rio que sustenta sua cultura e modo de vida. Ao todo, h\u00e1 43 grandes hidrel\u00e9tricas previstas para a bacia do Tapaj\u00f3s, sendo cinco j\u00e1 planejadas. A maior delas \u00e9 a de S\u00e3o Luiz do Tapaj\u00f3s, pr\u00f3xima a Itaituba, no Par\u00e1, que, se constru\u00edda, vai afetar a vida de povos ind\u00edgenas e ribeirinhos, al\u00e9m de destruir uma \u00e1rea de intensa biodiversidade na Amaz\u00f4nia. Terra Ind\u00edgena Sawr\u00e9 Muybu - Itaituba, Par\u00e1. 18\/03\/2016. Foto: Rog\u00e9rio Assis\/Greenpeace.Greenpeace Brazil activists have joined forces with Munduruku Indigenous leaders to protest the Brazilian government's plans to build a mega dam on the Tapaj\u00f3s river, in the heart of the Brazilian Amazon rainforest in the Par\u00e1 state.Using traditional canoes, activists have joined the Munduruku on a sacred part of the Tapaj\u00f3s River to send a clear message to the world: &quot;Damn the dam. Keep the Tapaj\u00f3s river alive&quot;. Together, they unfurled a 20X30 meter banner on the river demanding an end to the S\u00e3o Luiz do Tapaj\u00f3s dam. The protest celebrates the International Day of Forest, on March 21st. Sawr\u00e9 Muybu Indigenous Land - Itaituba, Par\u00e1, Brazil. 18\/03\/2016. Photo: Rog\u00e9rio Assis\/Greenpeace.\" width=\"100%\" height=\"401\" \/><\/strong><\/p>\n<p>Nel nostro rapporto \u201c<a href=\"https:\/\/www.greenpeace.org\/static\/planet4-italy-stateless\/2018\/11\/334a2f96-334a2f96-briefing-tapajos_2404.finale.pdf\">DAMNING THE AMAZON<\/a>\u201d mostriamo che, oltre a violare i diritti delle popolazioni locali ed indigene, questo megaprogetto provocher\u00e0 un notevole rilascio di metano, un gas serra molto pi\u00f9 potente della CO2.<br \/>\nInoltre, a causa dei <strong>cambiamenti climatici<\/strong>, la portata dei fiumi della regione amazzonica subir\u00e0 notevoli riduzioni, rendendo improbabile che le dighe riescano a produrre la quantit\u00e0 di energia prevista.<br \/>\n<strong>L\u2019alternativa<\/strong><br \/>\nSe il governo brasiliano decidesse di optare per l\u2019efficienza energetica ed investisse pi\u00f9 sulle energie realmente pulite, come il solare e l\u2019eolico, devastanti mega-progetti come quello di Belo Monte e S\u00e3o Luiz do Tapaj\u00f3s \u00a0non sarebbero pi\u00f9 necessari.<br \/>\nL\u2019alternativa migliore al megaprogetto idroelettrico sul fiume Tapaj\u00f3s sarebbe una <strong>combinazione di eolico, solare e biomasse<\/strong>, fattibile solo se il governo cambier\u00e0 gli indirizzi della sua politica energetica.<\/p>\n<p><img decoding=\"async\" style=\"margin: 5px;\" src=\"https:\/\/www.greenpeace.org\/static\/planet4-italy-stateless\/2018\/11\/48d066ce-48d066ce-gp0stppmq_medium_res.jpg\" alt=\"\" width=\"100%\" height=\"409\" \/><br \/>\n<strong>Non ancora al sicuro<\/strong><br \/>\nNonostante l\u2019IBAMA (<em>Istituto Brasiliano delle Risorse Naturali Rinnovabili e Ambientali<\/em>) abbia temporamente bloccato il progetto, la valle del Tapajos non pu\u00f2 considerarsi ancora al sicuro.<br \/>\nLa costruzione della <strong>devastante diga di Belo Monte<\/strong>, sempre nello Stato del Par\u00e0, in Amazzonia, \u00e8 infatti stata bloccata in diverse occasioni, ma \u00e8 ora in corso. Si tratta di un <strong>disastro ambientale e umanitario di dimensioni impressionanti,<\/strong> dietro il quale si celano corruzione e tangenti, adesso oggetto di processi in Brasile.<br \/>\nIntanto, sono varie le <strong>Compagnie interessate<\/strong> e che potrebbero giocare un ruolo rilevante nella costruzione del mega progetto. Tra queste vi era inizialmente anche Enel, che per\u00f2 ora ha ritirato la sua proposta.<br \/>\n<strong>Greenpeace chiede ora che il megaprogetto venga definitivamente cancellato<\/strong> e il popolo Munduruku, che da sempre vive in questa regione, veda effettivamente riconosciuto il diritto costituzionale a rimanere nelle proprie terre tradizionali.<strong>Leggi il report<\/strong> (in inglese):\u00a0<a href=\"https:\/\/www.greenpeace.org\/static\/planet4-italy-stateless\/2018\/11\/4473cea3-4473cea3-greenpeace_damning_the_amazon-the_risky_business_of_hydropower_in_the_amazon-2016.pdf\" target=\"_blank\" rel=\"noopener noreferrer\">DAMNING THE AMAZON<\/a><\/p>\n<p><strong>Leggi il briefing<\/strong>\u00a0\u201cAmazzonia\u00a0sbarrata\u201d\u00a0(in italiano):\u00a0<a href=\"https:\/\/www.greenpeace.org\/static\/planet4-italy-stateless\/2018\/11\/334a2f96-334a2f96-briefing-tapajos_2404.finale.pdf\" target=\"_blank\" rel=\"noopener noreferrer\">\u201cAmazzonia\u00a0sbarrata\u201d<\/a><\/p>\n<p>&nbsp;<\/p>\n","protected":false},"excerpt":{"rendered":"<p>Il folle progetto di una mega-diga sul fiume Tapajos mette in pericolo biodiversit\u00e0 e diritti umani nel cuore dell\u2019Amazzonia<\/p>\n","protected":false},"author":33,"featured_media":1439,"comment_status":"closed","ping_status":"open","sticky":false,"template":"","format":"standard","meta":{"ep_exclude_from_search":false,"p4_og_title":"","p4_og_description":"","p4_og_image":"","p4_og_image_id":"","p4_seo_canonical_url":"","p4_campaign_name":"","p4_local_project":"","p4_basket_name":"","p4_department":"","footnotes":""},"categories":[17],"tags":[36],"p4-page-type":[19],"class_list":["post-1438","post","type-post","status-publish","format-standard","has-post-thumbnail","hentry","category-proteggi","tag-foreste","p4-page-type-storia"],"_links":{"self":[{"href":"https:\/\/www.greenpeace.org\/italy\/wp-json\/wp\/v2\/posts\/1438","targetHints":{"allow":["GET"]}}],"collection":[{"href":"https:\/\/www.greenpeace.org\/italy\/wp-json\/wp\/v2\/posts"}],"about":[{"href":"https:\/\/www.greenpeace.org\/italy\/wp-json\/wp\/v2\/types\/post"}],"author":[{"embeddable":true,"href":"https:\/\/www.greenpeace.org\/italy\/wp-json\/wp\/v2\/users\/33"}],"replies":[{"embeddable":true,"href":"https:\/\/www.greenpeace.org\/italy\/wp-json\/wp\/v2\/comments?post=1438"}],"version-history":[{"count":4,"href":"https:\/\/www.greenpeace.org\/italy\/wp-json\/wp\/v2\/posts\/1438\/revisions"}],"predecessor-version":[{"id":6509,"href":"https:\/\/www.greenpeace.org\/italy\/wp-json\/wp\/v2\/posts\/1438\/revisions\/6509"}],"wp:featuredmedia":[{"embeddable":true,"href":"https:\/\/www.greenpeace.org\/italy\/wp-json\/wp\/v2\/media\/1439"}],"wp:attachment":[{"href":"https:\/\/www.greenpeace.org\/italy\/wp-json\/wp\/v2\/media?parent=1438"}],"wp:term":[{"taxonomy":"category","embeddable":true,"href":"https:\/\/www.greenpeace.org\/italy\/wp-json\/wp\/v2\/categories?post=1438"},{"taxonomy":"post_tag","embeddable":true,"href":"https:\/\/www.greenpeace.org\/italy\/wp-json\/wp\/v2\/tags?post=1438"},{"taxonomy":"p4-page-type","embeddable":true,"href":"https:\/\/www.greenpeace.org\/italy\/wp-json\/wp\/v2\/p4-page-type?post=1438"}],"curies":[{"name":"wp","href":"https:\/\/api.w.org\/{rel}","templated":true}]}}